{"id":455918,"date":"2026-04-23T09:03:23","date_gmt":"2026-04-23T12:03:23","guid":{"rendered":"https:\/\/portaltela.pt\/noticias\/2026\/04\/23\/ex-fc-porto-e-sp-braga-assina-contrato-profissional-com-o-gil-vicente\/"},"modified":"2026-04-23T09:03:23","modified_gmt":"2026-04-23T12:03:23","slug":"ex-fc-porto-e-sp-braga-assina-contrato-profissional-com-o-gil-vicente","status":"publish","type":"post","link":"https:\/\/portaltela.pt\/desporto\/futebol\/2026\/04\/23\/ex-fc-porto-e-sp-braga-assina-contrato-profissional-com-o-gil-vicente\/","title":{"rendered":"Ex-FC Porto e Sp. Braga assina contrato profissional com o Gil Vicente"},"content":{"rendered":"<p>O Gil Vicente comunicou a assinatura de um contrato profissional com Manu Teixeira, lateral-direito de 18 anos, refor\u00e7ando assim a aposta do clube na forma\u00e7\u00e3o de jovens talentos. O defesa-direito, tamb\u00e9m utiliz\u00e1vel como extremo, tem sido chamado com regularidade aos treinos da equipa principal por C\u00e9sar Peixoto.<\/p>\n<p>Ao servi\u00e7o das camadas jovens, Manu Teixeira soma 21 jogos pelos sub-23 e oito pelos sub-19, temporada em que marcou um golo. Iniciou a carreira no FC Porto e integrou os escal\u00f5es de forma\u00e7\u00e3o, seguindo depois para o Sp. Braga, onde foi uma figura relevante dos sub-19 na \u00e9poca passada.<\/p>\n<p>Agora a primeira experi\u00eancia de Man\u00fa Teixeira em Barcelos coloca-o numa linha de continuidade do projeto de promo\u00e7\u00e3o de jovens ao plantel principal, sob orienta\u00e7\u00e3o de C\u00e9sar Peixoto, que j\u00e1 promoveu outros valores da forma\u00e7\u00e3o, como Diogo Costa, Rodrigo Rodrigues, Gil Martins e Gon\u00e7alo Maia. Arthur Tchaptchet j\u00e1 esteve no banco de suplentes em diversas ocasi\u00f5es.<\/p>\n<h3>Perfil de Manu Teixeira<\/h3>\n<ul>\n<li><strong>Elemento<\/strong>: lateral-direito com versatilidade para jogar tamb\u00e9m a extremo<\/li>\n<li><strong>Idade<\/strong>: 18 anos<\/li>\n<li><strong>Trajeto<\/strong>: FC Porto (forma\u00e7\u00e3o) \u2192 Sp. Braga (sub-19) \u2192 Gil Vicente (profissional)<\/li>\n<li><strong>Quadro atual<\/strong>: aposta na continuidade de forma\u00e7\u00e3o integrada no plantel principal<\/li>\n<\/ul>\n","protected":false},"excerpt":{"rendered":"<ul>\n<li>O Gil Vicente assinou contrato profissional com o lateral-direito Manu Teixeira, de 18 anos.<\/li>\n<li>O jogador, que tamb\u00e9m pode atuar a extremo, tem sido chamado regularmente pelo t\u00e9cnico C\u00e9sar Peixoto para treinos da equipa principal.<\/li>\n<li>Nesta \u00e9poca j\u00e1 soma 21 jogos pelos sub-23 e 8 pelos sub-19, onde marcou um golo.<\/li>\n<li>Manu Teixeira come\u00e7ou a carreira no FC Porto, seguiu para o Sp. Braga e destacou-se nos sub-19 na temporada anterior.<\/li>\n<li>A aposta do clube na forma\u00e7\u00e3o mant\u00e9m\u2011se, com outros jovens da cantera j\u00e1 integrados ou a caminho da equipa principal.<\/li>\n<\/ul>\n","protected":false},"author":2,"featured_media":455927,"comment_status":"closed","ping_status":"closed","sticky":false,"template":"","format":"standard","meta":{"footnotes":""},"categories":[21,24],"tags":[2028,1290,32,1829,2844,2070],"class_list":["post-455918","post","type-post","status-publish","format-standard","has-post-thumbnail","hentry","category-desporto","category-futebol","tag-fc-porto","tag-formacao","tag-futebol","tag-gil-vicente","tag-jovens","tag-sp-braga"],"yoast_head":"<!-- This site is optimized with the Yoast SEO plugin v27.2 - https:\/\/yoast.com\/product\/yoast-seo-wordpress\/ -->\n<title>Ex-FC Porto e Sp. Braga assina contrato profissional com o Gil Vicente - Portal Tela Portugal<\/title>\n<meta name=\"robots\" content=\"index, follow, max-snippet:-1, max-image-preview:large, max-video-preview:-1\" \/>\n<meta property=\"og:locale\" content=\"pt_PT\" \/>\n<meta property=\"og:type\" content=\"article\" \/>\n<meta property=\"og:title\" content=\"Ex-FC Porto e Sp. Braga assina contrato profissional com o Gil Vicente - Portal Tela Portugal\" \/>\n<meta property=\"og:description\" content=\"O Gil Vicente assinou contrato profissional com o lateral-direito Manu Teixeira, de 18 anos. O jogador, que tamb\u00e9m pode atuar a extremo, tem sido chamado regularmente pelo t\u00e9cnico C\u00e9sar Peixoto para treinos da equipa principal. Nesta \u00e9poca j\u00e1 soma 21 jogos pelos sub-23 e 8 pelos sub-19, onde marcou um golo. Manu Teixeira come\u00e7ou a carreira no FC Porto, seguiu para o Sp. Braga e destacou-se nos sub-19 na temporada anterior. A aposta do clube na forma\u00e7\u00e3o mant\u00e9m\u2011se, com outros jovens da cantera j\u00e1 integrados ou a caminho da equipa principal.\" \/>\n<meta property=\"og:url\" content=\"https:\/\/portaltela.pt\/noticias\/2026\/04\/23\/ex-fc-porto-e-sp-braga-assina-contrato-profissional-com-o-gil-vicente\/\" \/>\n<meta property=\"og:site_name\" content=\"Portal Tela Portugal\" \/>\n<meta property=\"article:published_time\" content=\"2026-04-23T12:03:23+00:00\" \/>\n<meta name=\"author\" content=\"Telinha\" \/>\n<meta name=\"twitter:card\" content=\"summary_large_image\" \/>\n<meta name=\"twitter:label1\" content=\"Escrito por\" \/>\n\t<meta name=\"twitter:data1\" content=\"Telinha\" \/>\n\t<meta name=\"twitter:label2\" content=\"Tempo estimado de leitura\" \/>\n\t<meta name=\"twitter:data2\" content=\"1 minuto\" \/>\n<script type=\"application\/ld+json\" class=\"yoast-schema-graph\">{\"@context\":\"https:\/\/schema.org\",\"@graph\":[{\"@type\":\"Article\",\"@id\":\"https:\/\/portaltela.pt\/noticias\/2026\/04\/23\/ex-fc-porto-e-sp-braga-assina-contrato-profissional-com-o-gil-vicente\/#article\",\"isPartOf\":{\"@id\":\"https:\/\/portaltela.pt\/noticias\/2026\/04\/23\/ex-fc-porto-e-sp-braga-assina-contrato-profissional-com-o-gil-vicente\/\"},\"author\":{\"name\":\"Telinha\",\"@id\":\"https:\/\/portaltela.pt\/#\/schema\/person\/c4278d4a6028830caff9ee44b42d32ed\"},\"headline\":\"Ex-FC Porto e Sp. Braga assina contrato profissional com o Gil Vicente\",\"datePublished\":\"2026-04-23T12:03:23+00:00\",\"mainEntityOfPage\":{\"@id\":\"https:\/\/portaltela.pt\/noticias\/2026\/04\/23\/ex-fc-porto-e-sp-braga-assina-contrato-profissional-com-o-gil-vicente\/\"},\"wordCount\":217,\"image\":{\"@id\":\"https:\/\/portaltela.pt\/noticias\/2026\/04\/23\/ex-fc-porto-e-sp-braga-assina-contrato-profissional-com-o-gil-vicente\/#primaryimage\"},\"thumbnailUrl\":\"https:\/\/portaltela.pt\/s.01k8rhncp4jt1\/2026\/04\/img_920x518uu2026-04-23-12-18-30-2434847-im-639125435453262215.jpg\",\"keywords\":[\"FC Porto\",\"forma\u00e7\u00e3o\",\"futebol\",\"Gil Vicente\",\"jovens\",\"Sp. Braga\"],\"articleSection\":[\"Desporto\",\"Futebol\"],\"inLanguage\":\"pt-PT\"},{\"@type\":\"WebPage\",\"@id\":\"https:\/\/portaltela.pt\/noticias\/2026\/04\/23\/ex-fc-porto-e-sp-braga-assina-contrato-profissional-com-o-gil-vicente\/\",\"url\":\"https:\/\/portaltela.pt\/noticias\/2026\/04\/23\/ex-fc-porto-e-sp-braga-assina-contrato-profissional-com-o-gil-vicente\/\",\"name\":\"Ex-FC Porto e Sp. Braga assina contrato profissional com o Gil Vicente - Portal Tela Portugal\",\"isPartOf\":{\"@id\":\"https:\/\/portaltela.pt\/#website\"},\"primaryImageOfPage\":{\"@id\":\"https:\/\/portaltela.pt\/noticias\/2026\/04\/23\/ex-fc-porto-e-sp-braga-assina-contrato-profissional-com-o-gil-vicente\/#primaryimage\"},\"image\":{\"@id\":\"https:\/\/portaltela.pt\/noticias\/2026\/04\/23\/ex-fc-porto-e-sp-braga-assina-contrato-profissional-com-o-gil-vicente\/#primaryimage\"},\"thumbnailUrl\":\"https:\/\/portaltela.pt\/s.01k8rhncp4jt1\/2026\/04\/img_920x518uu2026-04-23-12-18-30-2434847-im-639125435453262215.jpg\",\"datePublished\":\"2026-04-23T12:03:23+00:00\",\"author\":{\"@id\":\"https:\/\/portaltela.pt\/#\/schema\/person\/c4278d4a6028830caff9ee44b42d32ed\"},\"breadcrumb\":{\"@id\":\"https:\/\/portaltela.pt\/noticias\/2026\/04\/23\/ex-fc-porto-e-sp-braga-assina-contrato-profissional-com-o-gil-vicente\/#breadcrumb\"},\"inLanguage\":\"pt-PT\",\"potentialAction\":[{\"@type\":\"ReadAction\",\"target\":[\"https:\/\/portaltela.pt\/noticias\/2026\/04\/23\/ex-fc-porto-e-sp-braga-assina-contrato-profissional-com-o-gil-vicente\/\"]}]},{\"@type\":\"ImageObject\",\"inLanguage\":\"pt-PT\",\"@id\":\"https:\/\/portaltela.pt\/noticias\/2026\/04\/23\/ex-fc-porto-e-sp-braga-assina-contrato-profissional-com-o-gil-vicente\/#primaryimage\",\"url\":\"https:\/\/portaltela.pt\/s.01k8rhncp4jt1\/2026\/04\/img_920x518uu2026-04-23-12-18-30-2434847-im-639125435453262215.jpg\",\"contentUrl\":\"https:\/\/portaltela.pt\/s.01k8rhncp4jt1\/2026\/04\/img_920x518uu2026-04-23-12-18-30-2434847-im-639125435453262215.jpg\",\"width\":796,\"height\":448,\"caption\":\"Manu Teixeira, ex-FC Porto e Sp. Braga, assina contrato profissional com o Gil Vicente\"},{\"@type\":\"BreadcrumbList\",\"@id\":\"https:\/\/portaltela.pt\/noticias\/2026\/04\/23\/ex-fc-porto-e-sp-braga-assina-contrato-profissional-com-o-gil-vicente\/#breadcrumb\",\"itemListElement\":[{\"@type\":\"ListItem\",\"position\":1,\"name\":\"In\u00edcio\",\"item\":\"https:\/\/portaltela.pt\/\"},{\"@type\":\"ListItem\",\"position\":2,\"name\":\"Ex-FC Porto e Sp. Braga assina contrato profissional com o Gil Vicente\"}]},{\"@type\":\"WebSite\",\"@id\":\"https:\/\/portaltela.pt\/#website\",\"url\":\"https:\/\/portaltela.pt\/\",\"name\":\"Portal Tela Portugal\",\"description\":\"\",\"potentialAction\":[{\"@type\":\"SearchAction\",\"target\":{\"@type\":\"EntryPoint\",\"urlTemplate\":\"https:\/\/portaltela.pt\/?s={search_term_string}\"},\"query-input\":{\"@type\":\"PropertyValueSpecification\",\"valueRequired\":true,\"valueName\":\"search_term_string\"}}],\"inLanguage\":\"pt-PT\"},{\"@type\":\"Person\",\"@id\":\"https:\/\/portaltela.pt\/#\/schema\/person\/c4278d4a6028830caff9ee44b42d32ed\",\"name\":\"Telinha\",\"image\":{\"@type\":\"ImageObject\",\"inLanguage\":\"pt-PT\",\"@id\":\"https:\/\/portaltela.pt\/s.01k8rhncp4jt1\/2025\/11\/talking-bot-125x125.png\",\"url\":\"https:\/\/portaltela.pt\/s.01k8rhncp4jt1\/2025\/11\/talking-bot-125x125.png\",\"contentUrl\":\"https:\/\/portaltela.pt\/s.01k8rhncp4jt1\/2025\/11\/talking-bot-125x125.png\",\"caption\":\"Telinha\"},\"sameAs\":[\"https:\/\/portaltela.pt\/\"],\"url\":\"https:\/\/portaltela.pt\/por\/367410592786\/\"}]}<\/script>\n<!-- \/ Yoast SEO plugin. -->","yoast_head_json":{"title":"Ex-FC Porto e Sp. Braga assina contrato profissional com o Gil Vicente - Portal Tela Portugal","robots":{"index":"index","follow":"follow","max-snippet":"max-snippet:-1","max-image-preview":"max-image-preview:large","max-video-preview":"max-video-preview:-1"},"og_locale":"pt_PT","og_type":"article","og_title":"Ex-FC Porto e Sp. Braga assina contrato profissional com o Gil Vicente - Portal Tela Portugal","og_description":"O Gil Vicente assinou contrato profissional com o lateral-direito Manu Teixeira, de 18 anos. O jogador, que tamb\u00e9m pode atuar a extremo, tem sido chamado regularmente pelo t\u00e9cnico C\u00e9sar Peixoto para treinos da equipa principal. Nesta \u00e9poca j\u00e1 soma 21 jogos pelos sub-23 e 8 pelos sub-19, onde marcou um golo. Manu Teixeira come\u00e7ou a carreira no FC Porto, seguiu para o Sp. Braga e destacou-se nos sub-19 na temporada anterior. A aposta do clube na forma\u00e7\u00e3o mant\u00e9m\u2011se, com outros jovens da cantera j\u00e1 integrados ou a caminho da equipa principal.","og_url":"https:\/\/portaltela.pt\/noticias\/2026\/04\/23\/ex-fc-porto-e-sp-braga-assina-contrato-profissional-com-o-gil-vicente\/","og_site_name":"Portal Tela Portugal","article_published_time":"2026-04-23T12:03:23+00:00","author":"Telinha","twitter_card":"summary_large_image","twitter_misc":{"Escrito por":"Telinha","Tempo estimado de leitura":"1 minuto"},"schema":{"@context":"https:\/\/schema.org","@graph":[{"@type":"Article","@id":"https:\/\/portaltela.pt\/noticias\/2026\/04\/23\/ex-fc-porto-e-sp-braga-assina-contrato-profissional-com-o-gil-vicente\/#article","isPartOf":{"@id":"https:\/\/portaltela.pt\/noticias\/2026\/04\/23\/ex-fc-porto-e-sp-braga-assina-contrato-profissional-com-o-gil-vicente\/"},"author":{"name":"Telinha","@id":"https:\/\/portaltela.pt\/#\/schema\/person\/c4278d4a6028830caff9ee44b42d32ed"},"headline":"Ex-FC Porto e Sp. Braga assina contrato profissional com o Gil Vicente","datePublished":"2026-04-23T12:03:23+00:00","mainEntityOfPage":{"@id":"https:\/\/portaltela.pt\/noticias\/2026\/04\/23\/ex-fc-porto-e-sp-braga-assina-contrato-profissional-com-o-gil-vicente\/"},"wordCount":217,"image":{"@id":"https:\/\/portaltela.pt\/noticias\/2026\/04\/23\/ex-fc-porto-e-sp-braga-assina-contrato-profissional-com-o-gil-vicente\/#primaryimage"},"thumbnailUrl":"https:\/\/portaltela.pt\/s.01k8rhncp4jt1\/2026\/04\/img_920x518uu2026-04-23-12-18-30-2434847-im-639125435453262215.jpg","keywords":["FC Porto","forma\u00e7\u00e3o","futebol","Gil Vicente","jovens","Sp. Braga"],"articleSection":["Desporto","Futebol"],"inLanguage":"pt-PT"},{"@type":"WebPage","@id":"https:\/\/portaltela.pt\/noticias\/2026\/04\/23\/ex-fc-porto-e-sp-braga-assina-contrato-profissional-com-o-gil-vicente\/","url":"https:\/\/portaltela.pt\/noticias\/2026\/04\/23\/ex-fc-porto-e-sp-braga-assina-contrato-profissional-com-o-gil-vicente\/","name":"Ex-FC Porto e Sp. Braga assina contrato profissional com o Gil Vicente - Portal Tela Portugal","isPartOf":{"@id":"https:\/\/portaltela.pt\/#website"},"primaryImageOfPage":{"@id":"https:\/\/portaltela.pt\/noticias\/2026\/04\/23\/ex-fc-porto-e-sp-braga-assina-contrato-profissional-com-o-gil-vicente\/#primaryimage"},"image":{"@id":"https:\/\/portaltela.pt\/noticias\/2026\/04\/23\/ex-fc-porto-e-sp-braga-assina-contrato-profissional-com-o-gil-vicente\/#primaryimage"},"thumbnailUrl":"https:\/\/portaltela.pt\/s.01k8rhncp4jt1\/2026\/04\/img_920x518uu2026-04-23-12-18-30-2434847-im-639125435453262215.jpg","datePublished":"2026-04-23T12:03:23+00:00","author":{"@id":"https:\/\/portaltela.pt\/#\/schema\/person\/c4278d4a6028830caff9ee44b42d32ed"},"breadcrumb":{"@id":"https:\/\/portaltela.pt\/noticias\/2026\/04\/23\/ex-fc-porto-e-sp-braga-assina-contrato-profissional-com-o-gil-vicente\/#breadcrumb"},"inLanguage":"pt-PT","potentialAction":[{"@type":"ReadAction","target":["https:\/\/portaltela.pt\/noticias\/2026\/04\/23\/ex-fc-porto-e-sp-braga-assina-contrato-profissional-com-o-gil-vicente\/"]}]},{"@type":"ImageObject","inLanguage":"pt-PT","@id":"https:\/\/portaltela.pt\/noticias\/2026\/04\/23\/ex-fc-porto-e-sp-braga-assina-contrato-profissional-com-o-gil-vicente\/#primaryimage","url":"https:\/\/portaltela.pt\/s.01k8rhncp4jt1\/2026\/04\/img_920x518uu2026-04-23-12-18-30-2434847-im-639125435453262215.jpg","contentUrl":"https:\/\/portaltela.pt\/s.01k8rhncp4jt1\/2026\/04\/img_920x518uu2026-04-23-12-18-30-2434847-im-639125435453262215.jpg","width":796,"height":448,"caption":"Manu Teixeira, ex-FC Porto e Sp. Braga, assina contrato profissional com o Gil Vicente"},{"@type":"BreadcrumbList","@id":"https:\/\/portaltela.pt\/noticias\/2026\/04\/23\/ex-fc-porto-e-sp-braga-assina-contrato-profissional-com-o-gil-vicente\/#breadcrumb","itemListElement":[{"@type":"ListItem","position":1,"name":"In\u00edcio","item":"https:\/\/portaltela.pt\/"},{"@type":"ListItem","position":2,"name":"Ex-FC Porto e Sp. Braga assina contrato profissional com o Gil Vicente"}]},{"@type":"WebSite","@id":"https:\/\/portaltela.pt\/#website","url":"https:\/\/portaltela.pt\/","name":"Portal Tela Portugal","description":"","potentialAction":[{"@type":"SearchAction","target":{"@type":"EntryPoint","urlTemplate":"https:\/\/portaltela.pt\/?s={search_term_string}"},"query-input":{"@type":"PropertyValueSpecification","valueRequired":true,"valueName":"search_term_string"}}],"inLanguage":"pt-PT"},{"@type":"Person","@id":"https:\/\/portaltela.pt\/#\/schema\/person\/c4278d4a6028830caff9ee44b42d32ed","name":"Telinha","image":{"@type":"ImageObject","inLanguage":"pt-PT","@id":"https:\/\/portaltela.pt\/s.01k8rhncp4jt1\/2025\/11\/talking-bot-125x125.png","url":"https:\/\/portaltela.pt\/s.01k8rhncp4jt1\/2025\/11\/talking-bot-125x125.png","contentUrl":"https:\/\/portaltela.pt\/s.01k8rhncp4jt1\/2025\/11\/talking-bot-125x125.png","caption":"Telinha"},"sameAs":["https:\/\/portaltela.pt\/"],"url":"https:\/\/portaltela.pt\/por\/367410592786\/"}]}},"_links":{"self":[{"href":"https:\/\/portaltela.pt\/api\/wp\/v2\/posts\/455918","targetHints":{"allow":["GET"]}}],"collection":[{"href":"https:\/\/portaltela.pt\/api\/wp\/v2\/posts"}],"about":[{"href":"https:\/\/portaltela.pt\/api\/wp\/v2\/types\/post"}],"author":[{"embeddable":true,"href":"https:\/\/portaltela.pt\/api\/wp\/v2\/users\/2"}],"replies":[{"embeddable":true,"href":"https:\/\/portaltela.pt\/api\/wp\/v2\/comments?post=455918"}],"version-history":[{"count":0,"href":"https:\/\/portaltela.pt\/api\/wp\/v2\/posts\/455918\/revisions"}],"wp:featuredmedia":[{"embeddable":true,"href":"https:\/\/portaltela.pt\/api\/wp\/v2\/media\/455927"}],"wp:attachment":[{"href":"https:\/\/portaltela.pt\/api\/wp\/v2\/media?parent=455918"}],"wp:term":[{"taxonomy":"category","embeddable":true,"href":"https:\/\/portaltela.pt\/api\/wp\/v2\/categories?post=455918"},{"taxonomy":"post_tag","embeddable":true,"href":"https:\/\/portaltela.pt\/api\/wp\/v2\/tags?post=455918"}],"curies":[{"name":"wp","href":"https:\/\/api.w.org\/{rel}","templated":true}]}}