{"id":455833,"date":"2026-04-23T08:18:47","date_gmt":"2026-04-23T11:18:47","guid":{"rendered":"https:\/\/portaltela.pt\/noticias\/2026\/04\/23\/pinto-brasil-critica-gestao-de-cardoso-e-diz-estar-do-lado-da-solucao\/"},"modified":"2026-04-23T08:18:47","modified_gmt":"2026-04-23T11:18:47","slug":"pinto-brasil-critica-gestao-de-cardoso-e-diz-estar-do-lado-da-solucao","status":"publish","type":"post","link":"https:\/\/portaltela.pt\/desporto\/futebol\/2026\/04\/23\/pinto-brasil-critica-gestao-de-cardoso-e-diz-estar-do-lado-da-solucao\/","title":{"rendered":"Pinto Brasil critica gest\u00e3o de Cardoso e diz estar do lado da solu\u00e7\u00e3o"},"content":{"rendered":"<p>Manuel Pinto Brasil, antigo candidato \u00e0 presid\u00eancia do Vit\u00f3ria SC, criticou a gest\u00e3o de Ant\u00f3nio Miguel Cardoso e a demiss\u00e3o do l\u00edder demission\u00e1rio. Afirmou que a demiss\u00e3o foi consequ\u00eancia de uma gest\u00e3o financeira deficit\u00e1ria e que o clube atravessa um \u201cpo\u00e7o sem fundo\u201d.<\/p>\n<p>Pinto Brasil diz que Cardoso fugiu perante o cen\u00e1rio calamitoso e que, se houvesse honra na palavra, deveria ter apresentado-se a elei\u00e7\u00f5es para ser escrutinado pelos s\u00f3cios. N\u00e3o divulgou se ir\u00e1 recandidatar no pr\u00f3ximo acto eleitoral.<\/p>\n<p>O ex-candidato garantiu estar do lado da solu\u00e7\u00e3o, sem confirmar uma poss\u00edvel candidatura \u00e0s elei\u00e7\u00f5es de 13 de junho. Apelou aos s\u00f3cios para ponderarem entre esta solu\u00e7\u00e3o e o que chamou de aventureirismo e ilusionismo.<\/p>\n<h3>Contexto recente<\/h3>\n<p>A carta aberta de Pinto Brasil, apresentada aos s\u00f3cios, descreve o estado financeiro do Vit\u00f3ria SC como depauperado e acusa uma gest\u00e3o que levou o clube a uma classifica\u00e7\u00e3o negativa na Liga. O texto tamb\u00e9m critica a venda de 46% da SAD \u00e0 V Sports e a instabilidade diretiva ao longo dos \u00faltimos anos.<\/p>\n<p>O antigo candidato recorda promessas e advert\u00eancias feitas desde 2022 sobre o rumo do clube, defendendo que o tempo mostrou a necessidade de uma lideran\u00e7a com credibilidade. O apelo \u00e9 para uma estrat\u00e9gia de recupera\u00e7\u00e3o financeira e desportiva, com foco na centraliza\u00e7\u00e3o dos direitos televisivos a partir de 2028\/29.<\/p>\n","protected":false},"excerpt":{"rendered":"<ul>\n<li>Manuel Pinto Brasil, antigo candidato \u00e0 presid\u00eancia do Vit\u00f3ria SC, acusa a gest\u00e3o de Ant\u00f3nio Miguel Cardoso de ter colocado o clube num \u201cpo\u00e7o sem fundo\u201d e de Cardoso ter fugido ap\u00f3s a demiss\u00e3o.<\/li>\n<li>Afirma que a demiss\u00e3o n\u00e3o ocorreria se o clube tivesseHealth financeira e sugere elei\u00e7\u00f5es para ser escrutinado pelos s\u00f3cios, caso se mantenha a honra da palavra.<\/li>\n<li>Diz que estar\u00e1 \u201cdo lado da solu\u00e7\u00e3o\u201d e n\u00e3o confirma se vai disputar as elei\u00e7\u00f5es de 13 de junho.<\/li>\n<li>Acusa falhas na gest\u00e3o, como oculta\u00e7\u00e3o do estado financeiro, pior posi\u00e7\u00e3o na Liga e uma sequ\u00eancia de treinadores, al\u00e9m da venda de jogadores da forma\u00e7\u00e3o e elimina\u00e7\u00e3o na Ta\u00e7a de Portugal.<\/li>\n<li>Exige avalia\u00e7\u00e3o do estado financeiro da SAD do Vit\u00f3ria SC, cria\u00e7\u00e3o de um plano de salva\u00e7\u00e3o e elei\u00e7\u00e3o de um l\u00edder cred\u00edvel para guiar o clube a partir de 2028\/29, defendendo tamb\u00e9m a centraliza\u00e7\u00e3o dos direitos televisivos.<\/li>\n<\/ul>\n","protected":false},"author":2,"featured_media":455845,"comment_status":"closed","ping_status":"closed","sticky":false,"template":"","format":"standard","meta":{"footnotes":""},"categories":[21,24],"tags":[2939,68,32,2415,4014,2229],"class_list":["post-455833","post","type-post","status-publish","format-standard","has-post-thumbnail","hentry","category-desporto","category-futebol","tag-direcao","tag-eleicoes","tag-futebol","tag-gestao","tag-sad","tag-vitoria-sc"],"yoast_head":"<!-- This site is optimized with the Yoast SEO plugin v27.2 - https:\/\/yoast.com\/product\/yoast-seo-wordpress\/ -->\n<title>Pinto Brasil critica gest\u00e3o de Cardoso e diz estar do lado da solu\u00e7\u00e3o - Portal Tela Portugal<\/title>\n<meta name=\"robots\" content=\"index, follow, max-snippet:-1, max-image-preview:large, max-video-preview:-1\" \/>\n<meta property=\"og:locale\" content=\"pt_PT\" \/>\n<meta property=\"og:type\" content=\"article\" \/>\n<meta property=\"og:title\" content=\"Pinto Brasil critica gest\u00e3o de Cardoso e diz estar do lado da solu\u00e7\u00e3o - Portal Tela Portugal\" \/>\n<meta property=\"og:description\" content=\"Manuel Pinto Brasil, antigo candidato \u00e0 presid\u00eancia do Vit\u00f3ria SC, acusa a gest\u00e3o de Ant\u00f3nio Miguel Cardoso de ter colocado o clube num \u201cpo\u00e7o sem fundo\u201d e de Cardoso ter fugido ap\u00f3s a demiss\u00e3o. Afirma que a demiss\u00e3o n\u00e3o ocorreria se o clube tivesseHealth financeira e sugere elei\u00e7\u00f5es para ser escrutinado pelos s\u00f3cios, caso se mantenha a honra da palavra. Diz que estar\u00e1 \u201cdo lado da solu\u00e7\u00e3o\u201d e n\u00e3o confirma se vai disputar as elei\u00e7\u00f5es de 13 de junho. Acusa falhas na gest\u00e3o, como oculta\u00e7\u00e3o do estado financeiro, pior posi\u00e7\u00e3o na Liga e uma sequ\u00eancia de treinadores, al\u00e9m da venda de jogadores da forma\u00e7\u00e3o e elimina\u00e7\u00e3o na Ta\u00e7a de Portugal. Exige avalia\u00e7\u00e3o do estado financeiro da SAD do Vit\u00f3ria SC, cria\u00e7\u00e3o de um plano de salva\u00e7\u00e3o e elei\u00e7\u00e3o de um l\u00edder cred\u00edvel para guiar o clube a partir de 2028\/29, defendendo tamb\u00e9m a centraliza\u00e7\u00e3o dos direitos televisivos.\" \/>\n<meta property=\"og:url\" content=\"https:\/\/portaltela.pt\/noticias\/2026\/04\/23\/pinto-brasil-critica-gestao-de-cardoso-e-diz-estar-do-lado-da-solucao\/\" \/>\n<meta property=\"og:site_name\" content=\"Portal Tela Portugal\" \/>\n<meta property=\"article:published_time\" content=\"2026-04-23T11:18:47+00:00\" \/>\n<meta name=\"author\" content=\"Telinha\" \/>\n<meta name=\"twitter:card\" content=\"summary_large_image\" \/>\n<meta name=\"twitter:label1\" content=\"Escrito por\" \/>\n\t<meta name=\"twitter:data1\" content=\"Telinha\" \/>\n\t<meta name=\"twitter:label2\" content=\"Tempo estimado de leitura\" \/>\n\t<meta name=\"twitter:data2\" content=\"1 minuto\" \/>\n<script type=\"application\/ld+json\" class=\"yoast-schema-graph\">{\"@context\":\"https:\/\/schema.org\",\"@graph\":[{\"@type\":\"Article\",\"@id\":\"https:\/\/portaltela.pt\/noticias\/2026\/04\/23\/pinto-brasil-critica-gestao-de-cardoso-e-diz-estar-do-lado-da-solucao\/#article\",\"isPartOf\":{\"@id\":\"https:\/\/portaltela.pt\/noticias\/2026\/04\/23\/pinto-brasil-critica-gestao-de-cardoso-e-diz-estar-do-lado-da-solucao\/\"},\"author\":{\"name\":\"Telinha\",\"@id\":\"https:\/\/portaltela.pt\/#\/schema\/person\/c4278d4a6028830caff9ee44b42d32ed\"},\"headline\":\"Pinto Brasil critica gest\u00e3o de Cardoso e diz estar do lado da solu\u00e7\u00e3o\",\"datePublished\":\"2026-04-23T11:18:47+00:00\",\"mainEntityOfPage\":{\"@id\":\"https:\/\/portaltela.pt\/noticias\/2026\/04\/23\/pinto-brasil-critica-gestao-de-cardoso-e-diz-estar-do-lado-da-solucao\/\"},\"wordCount\":259,\"image\":{\"@id\":\"https:\/\/portaltela.pt\/noticias\/2026\/04\/23\/pinto-brasil-critica-gestao-de-cardoso-e-diz-estar-do-lado-da-solucao\/#primaryimage\"},\"thumbnailUrl\":\"https:\/\/portaltela.pt\/s.01k8rhncp4jt1\/2026\/04\/img_920x518uu2026-04-23-12-03-53-2434845-im-639125426612270517.jpg\",\"keywords\":[\"Dire\u00e7\u00e3o\",\"elei\u00e7\u00f5es\",\"futebol\",\"gest\u00e3o\",\"SAD\",\"Vit\u00f3ria SC\"],\"articleSection\":[\"Desporto\",\"Futebol\"],\"inLanguage\":\"pt-PT\"},{\"@type\":\"WebPage\",\"@id\":\"https:\/\/portaltela.pt\/noticias\/2026\/04\/23\/pinto-brasil-critica-gestao-de-cardoso-e-diz-estar-do-lado-da-solucao\/\",\"url\":\"https:\/\/portaltela.pt\/noticias\/2026\/04\/23\/pinto-brasil-critica-gestao-de-cardoso-e-diz-estar-do-lado-da-solucao\/\",\"name\":\"Pinto Brasil critica gest\u00e3o de Cardoso e diz estar do lado da solu\u00e7\u00e3o - Portal Tela Portugal\",\"isPartOf\":{\"@id\":\"https:\/\/portaltela.pt\/#website\"},\"primaryImageOfPage\":{\"@id\":\"https:\/\/portaltela.pt\/noticias\/2026\/04\/23\/pinto-brasil-critica-gestao-de-cardoso-e-diz-estar-do-lado-da-solucao\/#primaryimage\"},\"image\":{\"@id\":\"https:\/\/portaltela.pt\/noticias\/2026\/04\/23\/pinto-brasil-critica-gestao-de-cardoso-e-diz-estar-do-lado-da-solucao\/#primaryimage\"},\"thumbnailUrl\":\"https:\/\/portaltela.pt\/s.01k8rhncp4jt1\/2026\/04\/img_920x518uu2026-04-23-12-03-53-2434845-im-639125426612270517.jpg\",\"datePublished\":\"2026-04-23T11:18:47+00:00\",\"author\":{\"@id\":\"https:\/\/portaltela.pt\/#\/schema\/person\/c4278d4a6028830caff9ee44b42d32ed\"},\"breadcrumb\":{\"@id\":\"https:\/\/portaltela.pt\/noticias\/2026\/04\/23\/pinto-brasil-critica-gestao-de-cardoso-e-diz-estar-do-lado-da-solucao\/#breadcrumb\"},\"inLanguage\":\"pt-PT\",\"potentialAction\":[{\"@type\":\"ReadAction\",\"target\":[\"https:\/\/portaltela.pt\/noticias\/2026\/04\/23\/pinto-brasil-critica-gestao-de-cardoso-e-diz-estar-do-lado-da-solucao\/\"]}]},{\"@type\":\"ImageObject\",\"inLanguage\":\"pt-PT\",\"@id\":\"https:\/\/portaltela.pt\/noticias\/2026\/04\/23\/pinto-brasil-critica-gestao-de-cardoso-e-diz-estar-do-lado-da-solucao\/#primaryimage\",\"url\":\"https:\/\/portaltela.pt\/s.01k8rhncp4jt1\/2026\/04\/img_920x518uu2026-04-23-12-03-53-2434845-im-639125426612270517.jpg\",\"contentUrl\":\"https:\/\/portaltela.pt\/s.01k8rhncp4jt1\/2026\/04\/img_920x518uu2026-04-23-12-03-53-2434845-im-639125426612270517.jpg\",\"width\":796,\"height\":448,\"caption\":\"Pinto Brasil\"},{\"@type\":\"BreadcrumbList\",\"@id\":\"https:\/\/portaltela.pt\/noticias\/2026\/04\/23\/pinto-brasil-critica-gestao-de-cardoso-e-diz-estar-do-lado-da-solucao\/#breadcrumb\",\"itemListElement\":[{\"@type\":\"ListItem\",\"position\":1,\"name\":\"In\u00edcio\",\"item\":\"https:\/\/portaltela.pt\/\"},{\"@type\":\"ListItem\",\"position\":2,\"name\":\"Pinto Brasil critica gest\u00e3o de Cardoso e diz estar do lado da solu\u00e7\u00e3o\"}]},{\"@type\":\"WebSite\",\"@id\":\"https:\/\/portaltela.pt\/#website\",\"url\":\"https:\/\/portaltela.pt\/\",\"name\":\"Portal Tela Portugal\",\"description\":\"\",\"potentialAction\":[{\"@type\":\"SearchAction\",\"target\":{\"@type\":\"EntryPoint\",\"urlTemplate\":\"https:\/\/portaltela.pt\/?s={search_term_string}\"},\"query-input\":{\"@type\":\"PropertyValueSpecification\",\"valueRequired\":true,\"valueName\":\"search_term_string\"}}],\"inLanguage\":\"pt-PT\"},{\"@type\":\"Person\",\"@id\":\"https:\/\/portaltela.pt\/#\/schema\/person\/c4278d4a6028830caff9ee44b42d32ed\",\"name\":\"Telinha\",\"image\":{\"@type\":\"ImageObject\",\"inLanguage\":\"pt-PT\",\"@id\":\"https:\/\/portaltela.pt\/s.01k8rhncp4jt1\/2025\/11\/talking-bot-125x125.png\",\"url\":\"https:\/\/portaltela.pt\/s.01k8rhncp4jt1\/2025\/11\/talking-bot-125x125.png\",\"contentUrl\":\"https:\/\/portaltela.pt\/s.01k8rhncp4jt1\/2025\/11\/talking-bot-125x125.png\",\"caption\":\"Telinha\"},\"sameAs\":[\"https:\/\/portaltela.pt\/\"],\"url\":\"https:\/\/portaltela.pt\/por\/367410592786\/\"}]}<\/script>\n<!-- \/ Yoast SEO plugin. -->","yoast_head_json":{"title":"Pinto Brasil critica gest\u00e3o de Cardoso e diz estar do lado da solu\u00e7\u00e3o - Portal Tela Portugal","robots":{"index":"index","follow":"follow","max-snippet":"max-snippet:-1","max-image-preview":"max-image-preview:large","max-video-preview":"max-video-preview:-1"},"og_locale":"pt_PT","og_type":"article","og_title":"Pinto Brasil critica gest\u00e3o de Cardoso e diz estar do lado da solu\u00e7\u00e3o - Portal Tela Portugal","og_description":"Manuel Pinto Brasil, antigo candidato \u00e0 presid\u00eancia do Vit\u00f3ria SC, acusa a gest\u00e3o de Ant\u00f3nio Miguel Cardoso de ter colocado o clube num \u201cpo\u00e7o sem fundo\u201d e de Cardoso ter fugido ap\u00f3s a demiss\u00e3o. Afirma que a demiss\u00e3o n\u00e3o ocorreria se o clube tivesseHealth financeira e sugere elei\u00e7\u00f5es para ser escrutinado pelos s\u00f3cios, caso se mantenha a honra da palavra. Diz que estar\u00e1 \u201cdo lado da solu\u00e7\u00e3o\u201d e n\u00e3o confirma se vai disputar as elei\u00e7\u00f5es de 13 de junho. Acusa falhas na gest\u00e3o, como oculta\u00e7\u00e3o do estado financeiro, pior posi\u00e7\u00e3o na Liga e uma sequ\u00eancia de treinadores, al\u00e9m da venda de jogadores da forma\u00e7\u00e3o e elimina\u00e7\u00e3o na Ta\u00e7a de Portugal. Exige avalia\u00e7\u00e3o do estado financeiro da SAD do Vit\u00f3ria SC, cria\u00e7\u00e3o de um plano de salva\u00e7\u00e3o e elei\u00e7\u00e3o de um l\u00edder cred\u00edvel para guiar o clube a partir de 2028\/29, defendendo tamb\u00e9m a centraliza\u00e7\u00e3o dos direitos televisivos.","og_url":"https:\/\/portaltela.pt\/noticias\/2026\/04\/23\/pinto-brasil-critica-gestao-de-cardoso-e-diz-estar-do-lado-da-solucao\/","og_site_name":"Portal Tela Portugal","article_published_time":"2026-04-23T11:18:47+00:00","author":"Telinha","twitter_card":"summary_large_image","twitter_misc":{"Escrito por":"Telinha","Tempo estimado de leitura":"1 minuto"},"schema":{"@context":"https:\/\/schema.org","@graph":[{"@type":"Article","@id":"https:\/\/portaltela.pt\/noticias\/2026\/04\/23\/pinto-brasil-critica-gestao-de-cardoso-e-diz-estar-do-lado-da-solucao\/#article","isPartOf":{"@id":"https:\/\/portaltela.pt\/noticias\/2026\/04\/23\/pinto-brasil-critica-gestao-de-cardoso-e-diz-estar-do-lado-da-solucao\/"},"author":{"name":"Telinha","@id":"https:\/\/portaltela.pt\/#\/schema\/person\/c4278d4a6028830caff9ee44b42d32ed"},"headline":"Pinto Brasil critica gest\u00e3o de Cardoso e diz estar do lado da solu\u00e7\u00e3o","datePublished":"2026-04-23T11:18:47+00:00","mainEntityOfPage":{"@id":"https:\/\/portaltela.pt\/noticias\/2026\/04\/23\/pinto-brasil-critica-gestao-de-cardoso-e-diz-estar-do-lado-da-solucao\/"},"wordCount":259,"image":{"@id":"https:\/\/portaltela.pt\/noticias\/2026\/04\/23\/pinto-brasil-critica-gestao-de-cardoso-e-diz-estar-do-lado-da-solucao\/#primaryimage"},"thumbnailUrl":"https:\/\/portaltela.pt\/s.01k8rhncp4jt1\/2026\/04\/img_920x518uu2026-04-23-12-03-53-2434845-im-639125426612270517.jpg","keywords":["Dire\u00e7\u00e3o","elei\u00e7\u00f5es","futebol","gest\u00e3o","SAD","Vit\u00f3ria SC"],"articleSection":["Desporto","Futebol"],"inLanguage":"pt-PT"},{"@type":"WebPage","@id":"https:\/\/portaltela.pt\/noticias\/2026\/04\/23\/pinto-brasil-critica-gestao-de-cardoso-e-diz-estar-do-lado-da-solucao\/","url":"https:\/\/portaltela.pt\/noticias\/2026\/04\/23\/pinto-brasil-critica-gestao-de-cardoso-e-diz-estar-do-lado-da-solucao\/","name":"Pinto Brasil critica gest\u00e3o de Cardoso e diz estar do lado da solu\u00e7\u00e3o - Portal Tela Portugal","isPartOf":{"@id":"https:\/\/portaltela.pt\/#website"},"primaryImageOfPage":{"@id":"https:\/\/portaltela.pt\/noticias\/2026\/04\/23\/pinto-brasil-critica-gestao-de-cardoso-e-diz-estar-do-lado-da-solucao\/#primaryimage"},"image":{"@id":"https:\/\/portaltela.pt\/noticias\/2026\/04\/23\/pinto-brasil-critica-gestao-de-cardoso-e-diz-estar-do-lado-da-solucao\/#primaryimage"},"thumbnailUrl":"https:\/\/portaltela.pt\/s.01k8rhncp4jt1\/2026\/04\/img_920x518uu2026-04-23-12-03-53-2434845-im-639125426612270517.jpg","datePublished":"2026-04-23T11:18:47+00:00","author":{"@id":"https:\/\/portaltela.pt\/#\/schema\/person\/c4278d4a6028830caff9ee44b42d32ed"},"breadcrumb":{"@id":"https:\/\/portaltela.pt\/noticias\/2026\/04\/23\/pinto-brasil-critica-gestao-de-cardoso-e-diz-estar-do-lado-da-solucao\/#breadcrumb"},"inLanguage":"pt-PT","potentialAction":[{"@type":"ReadAction","target":["https:\/\/portaltela.pt\/noticias\/2026\/04\/23\/pinto-brasil-critica-gestao-de-cardoso-e-diz-estar-do-lado-da-solucao\/"]}]},{"@type":"ImageObject","inLanguage":"pt-PT","@id":"https:\/\/portaltela.pt\/noticias\/2026\/04\/23\/pinto-brasil-critica-gestao-de-cardoso-e-diz-estar-do-lado-da-solucao\/#primaryimage","url":"https:\/\/portaltela.pt\/s.01k8rhncp4jt1\/2026\/04\/img_920x518uu2026-04-23-12-03-53-2434845-im-639125426612270517.jpg","contentUrl":"https:\/\/portaltela.pt\/s.01k8rhncp4jt1\/2026\/04\/img_920x518uu2026-04-23-12-03-53-2434845-im-639125426612270517.jpg","width":796,"height":448,"caption":"Pinto Brasil"},{"@type":"BreadcrumbList","@id":"https:\/\/portaltela.pt\/noticias\/2026\/04\/23\/pinto-brasil-critica-gestao-de-cardoso-e-diz-estar-do-lado-da-solucao\/#breadcrumb","itemListElement":[{"@type":"ListItem","position":1,"name":"In\u00edcio","item":"https:\/\/portaltela.pt\/"},{"@type":"ListItem","position":2,"name":"Pinto Brasil critica gest\u00e3o de Cardoso e diz estar do lado da solu\u00e7\u00e3o"}]},{"@type":"WebSite","@id":"https:\/\/portaltela.pt\/#website","url":"https:\/\/portaltela.pt\/","name":"Portal Tela Portugal","description":"","potentialAction":[{"@type":"SearchAction","target":{"@type":"EntryPoint","urlTemplate":"https:\/\/portaltela.pt\/?s={search_term_string}"},"query-input":{"@type":"PropertyValueSpecification","valueRequired":true,"valueName":"search_term_string"}}],"inLanguage":"pt-PT"},{"@type":"Person","@id":"https:\/\/portaltela.pt\/#\/schema\/person\/c4278d4a6028830caff9ee44b42d32ed","name":"Telinha","image":{"@type":"ImageObject","inLanguage":"pt-PT","@id":"https:\/\/portaltela.pt\/s.01k8rhncp4jt1\/2025\/11\/talking-bot-125x125.png","url":"https:\/\/portaltela.pt\/s.01k8rhncp4jt1\/2025\/11\/talking-bot-125x125.png","contentUrl":"https:\/\/portaltela.pt\/s.01k8rhncp4jt1\/2025\/11\/talking-bot-125x125.png","caption":"Telinha"},"sameAs":["https:\/\/portaltela.pt\/"],"url":"https:\/\/portaltela.pt\/por\/367410592786\/"}]}},"_links":{"self":[{"href":"https:\/\/portaltela.pt\/api\/wp\/v2\/posts\/455833","targetHints":{"allow":["GET"]}}],"collection":[{"href":"https:\/\/portaltela.pt\/api\/wp\/v2\/posts"}],"about":[{"href":"https:\/\/portaltela.pt\/api\/wp\/v2\/types\/post"}],"author":[{"embeddable":true,"href":"https:\/\/portaltela.pt\/api\/wp\/v2\/users\/2"}],"replies":[{"embeddable":true,"href":"https:\/\/portaltela.pt\/api\/wp\/v2\/comments?post=455833"}],"version-history":[{"count":0,"href":"https:\/\/portaltela.pt\/api\/wp\/v2\/posts\/455833\/revisions"}],"wp:featuredmedia":[{"embeddable":true,"href":"https:\/\/portaltela.pt\/api\/wp\/v2\/media\/455845"}],"wp:attachment":[{"href":"https:\/\/portaltela.pt\/api\/wp\/v2\/media?parent=455833"}],"wp:term":[{"taxonomy":"category","embeddable":true,"href":"https:\/\/portaltela.pt\/api\/wp\/v2\/categories?post=455833"},{"taxonomy":"post_tag","embeddable":true,"href":"https:\/\/portaltela.pt\/api\/wp\/v2\/tags?post=455833"}],"curies":[{"name":"wp","href":"https:\/\/api.w.org\/{rel}","templated":true}]}}