{"id":455780,"date":"2026-04-23T07:48:06","date_gmt":"2026-04-23T10:48:06","guid":{"rendered":"https:\/\/portaltela.pt\/noticias\/2026\/04\/23\/ue-pretende-reforcar-seguranca-economica-em-tempos-turbulentos-do-comercio\/"},"modified":"2026-04-23T07:48:06","modified_gmt":"2026-04-23T10:48:06","slug":"ue-pretende-reforcar-seguranca-economica-em-tempos-turbulentos-do-comercio","status":"publish","type":"post","link":"https:\/\/portaltela.pt\/noticias\/economia\/2026\/04\/23\/ue-pretende-reforcar-seguranca-economica-em-tempos-turbulentos-do-comercio\/","title":{"rendered":"UE pretende refor\u00e7ar seguran\u00e7a econ\u00f3mica em tempos turbulentos do com\u00e9rcio"},"content":{"rendered":"<p>Um alto funcion\u00e1rio da Comiss\u00e3o Europeia defende, em Lisboa, a necessidade de refor\u00e7ar a seguran\u00e7a econ\u00f3mica da Uni\u00e3o Europeia face a um contexto internacional turbulento. A interven\u00e7\u00e3o ocorreu durante uma sess\u00e3o na representa\u00e7\u00e3o da Comiss\u00e3o em Portugal.<\/p>\n<p>O respons\u00e1vel explicou que o cen\u00e1rio global, marcado pela guerra na Ucr\u00e2nia, pela rivalidade com a China e pela incerteza nas rela\u00e7\u00f5es com os Estados Unidos, exige adapta\u00e7\u00e3o da pol\u00edtica comercial e industrial da UE. A previsibilidade para os neg\u00f3cios est\u00e1 a diminuir.<\/p>\n<p>O objetivo \u00e9 manter a UE capaz de agir de forma aut\u00f3noma, aumentando a resili\u00eancia interna, a lideran\u00e7a tecnol\u00f3gica e a capacidade de responder a press\u00f5es externas, dizem os respons\u00e1veis.<\/p>\n<h3>Contexto global<\/h3>\n<p>Entre os grandes desafios identificados est\u00e1 a depend\u00eancia de mat\u00e9rias-primas cr\u00edticas, muitas das quais processadas na China, bem como disrup\u00e7\u00f5es nas cadeias de abastecimento. O uso de instrumentos econ\u00f3micos como press\u00e3o geopol\u00edtica tamb\u00e9m foi apontado.<\/p>\n<p>A Comiss\u00e3o Europeia tem desenvolvido instrumentos para mitigar estes riscos, incluindo o refor\u00e7o do mecanismo de controlo de investimento direto estrangeiro. Em Portugal, prev\u00ea-se um sistema de pr\u00e9-avalia\u00e7\u00e3o obrigat\u00f3ria de investimentos por raz\u00f5es de seguran\u00e7a e ordem p\u00fablica.<\/p>\n<p>A maioria dos casos avaliados no \u00e2mbito deste mecanismo \u00e9 resolvida rapidamente, sem necessidade de medidas adicionais, enquanto uma pequena fra\u00e7\u00e3o levanta preocupa\u00e7\u00f5es.<\/p>\n<h3>Medidas em curso<\/h3>\n<p>A estrat\u00e9gia europeia assenta em tr\u00eas pilares: promo\u00e7\u00e3o, prote\u00e7\u00e3o e parceria. Promover consiste em investir em setores estrat\u00e9gicos como semicondutores e energia limpa; proteger abrange controlos de exporta\u00e7\u00e3o e mecanismos anti-coer\u00e7\u00e3o; e a parceria envolve coopera\u00e7\u00e3o com parceiros internacionais.<\/p>\n<p>A UE procura manter-se aberta ao com\u00e9rcio, com cerca de 80% das trocas comerciais ainda sob regras multilaterais, ainda que reconhe\u00e7a que nem todos os grandes atores as seguem plenamente.<\/p>\n<p>Para as empresas, a seguran\u00e7a econ\u00f3mica traduz-se em desafios pr\u00e1ticos como interrup\u00e7\u00f5es log\u00edsticas, san\u00e7\u00f5es ou restri\u00e7\u00f5es tecnol\u00f3gicas, que exigem respostas r\u00e1pidas das autoridades.<\/p>\n","protected":false},"excerpt":{"rendered":"<ul>\n<li>A Uni\u00e3o Europeia pretende refor\u00e7ar a seguran\u00e7a econ\u00f3mica diante de tempos turbulentos no com\u00e9rcio global, com tens\u00f5es geopol\u00edticas e imprevisibilidade nas rela\u00e7\u00f5es comerciais.<\/li>\n<li>Um alto funcion\u00e1rio europeu disse que o cen\u00e1rio atual, influenciado pela guerra na Ucr\u00e2nia, pela rivalidade com a China e pela incerteza nas rela\u00e7\u00f5es com os EUA, exige ajustar a pol\u00edtica comercial e industrial.<\/li>\n<li>A estrat\u00e9gia de seguran\u00e7a econ\u00f3mica parte de tr\u00eas pilares \u2014 promo\u00e7\u00e3o, prote\u00e7\u00e3o e parceria \u2014 visando autonomia, resili\u00eancia, lideran\u00e7a tecnol\u00f3gica e resposta a press\u00f5es externas.<\/li>\n<li>Medidas incluem o refor\u00e7o do controlo de investimento direto estrangeiro; em Portugal, est\u00e1 prevista uma pr\u00e9-avalia\u00e7\u00e3o obrigat\u00f3ria de investimentos por motivos de seguran\u00e7a e ordem p\u00fablica.<\/li>\n<li>Cerca de 80% do com\u00e9rcio continua a decorrer sob regras multilaterais; h\u00e1 foco em setores estrat\u00e9gicos como semicondutores e energia limpa, com aten\u00e7\u00e3o a interrup\u00e7\u00f5es log\u00edsticas e san\u00e7\u00f5es.<\/li>\n<\/ul>\n","protected":false},"author":2,"featured_media":455788,"comment_status":"closed","ping_status":"closed","sticky":false,"template":"","format":"standard","meta":{"footnotes":""},"categories":[2,6814],"tags":[7470,3368,28,3861,2134,2055],"class_list":["post-455780","post","type-post","status-publish","format-standard","has-post-thumbnail","hentry","category-economia","category-geopolitica","tag-china","tag-comercio-internacional","tag-economia","tag-economia-internacional","tag-ucrania","tag-uniao-europeia"],"yoast_head":"<!-- This site is optimized with the Yoast SEO plugin v27.2 - https:\/\/yoast.com\/product\/yoast-seo-wordpress\/ -->\n<title>UE pretende refor\u00e7ar seguran\u00e7a econ\u00f3mica em tempos turbulentos do com\u00e9rcio - Portal Tela Portugal<\/title>\n<meta name=\"robots\" content=\"index, follow, max-snippet:-1, max-image-preview:large, max-video-preview:-1\" \/>\n<meta property=\"og:locale\" content=\"pt_PT\" \/>\n<meta property=\"og:type\" content=\"article\" \/>\n<meta property=\"og:title\" content=\"UE pretende refor\u00e7ar seguran\u00e7a econ\u00f3mica em tempos turbulentos do com\u00e9rcio - Portal Tela Portugal\" \/>\n<meta property=\"og:description\" content=\"A Uni\u00e3o Europeia pretende refor\u00e7ar a seguran\u00e7a econ\u00f3mica diante de tempos turbulentos no com\u00e9rcio global, com tens\u00f5es geopol\u00edticas e imprevisibilidade nas rela\u00e7\u00f5es comerciais. Um alto funcion\u00e1rio europeu disse que o cen\u00e1rio atual, influenciado pela guerra na Ucr\u00e2nia, pela rivalidade com a China e pela incerteza nas rela\u00e7\u00f5es com os EUA, exige ajustar a pol\u00edtica comercial e industrial. A estrat\u00e9gia de seguran\u00e7a econ\u00f3mica parte de tr\u00eas pilares \u2014 promo\u00e7\u00e3o, prote\u00e7\u00e3o e parceria \u2014 visando autonomia, resili\u00eancia, lideran\u00e7a tecnol\u00f3gica e resposta a press\u00f5es externas. Medidas incluem o refor\u00e7o do controlo de investimento direto estrangeiro; em Portugal, est\u00e1 prevista uma pr\u00e9-avalia\u00e7\u00e3o obrigat\u00f3ria de investimentos por motivos de seguran\u00e7a e ordem p\u00fablica. Cerca de 80% do com\u00e9rcio continua a decorrer sob regras multilaterais; h\u00e1 foco em setores estrat\u00e9gicos como semicondutores e energia limpa, com aten\u00e7\u00e3o a interrup\u00e7\u00f5es log\u00edsticas e san\u00e7\u00f5es.\" \/>\n<meta property=\"og:url\" content=\"https:\/\/portaltela.pt\/noticias\/2026\/04\/23\/ue-pretende-reforcar-seguranca-economica-em-tempos-turbulentos-do-comercio\/\" \/>\n<meta property=\"og:site_name\" content=\"Portal Tela Portugal\" \/>\n<meta property=\"article:published_time\" content=\"2026-04-23T10:48:06+00:00\" \/>\n<meta name=\"author\" content=\"Telinha\" \/>\n<meta name=\"twitter:card\" content=\"summary_large_image\" \/>\n<meta name=\"twitter:label1\" content=\"Escrito por\" \/>\n\t<meta name=\"twitter:data1\" content=\"Telinha\" \/>\n\t<meta name=\"twitter:label2\" content=\"Tempo estimado de leitura\" \/>\n\t<meta name=\"twitter:data2\" content=\"2 minutos\" \/>\n<script type=\"application\/ld+json\" class=\"yoast-schema-graph\">{\"@context\":\"https:\/\/schema.org\",\"@graph\":[{\"@type\":\"Article\",\"@id\":\"https:\/\/portaltela.pt\/noticias\/2026\/04\/23\/ue-pretende-reforcar-seguranca-economica-em-tempos-turbulentos-do-comercio\/#article\",\"isPartOf\":{\"@id\":\"https:\/\/portaltela.pt\/noticias\/2026\/04\/23\/ue-pretende-reforcar-seguranca-economica-em-tempos-turbulentos-do-comercio\/\"},\"author\":{\"name\":\"Telinha\",\"@id\":\"https:\/\/portaltela.pt\/#\/schema\/person\/c4278d4a6028830caff9ee44b42d32ed\"},\"headline\":\"UE pretende refor\u00e7ar seguran\u00e7a econ\u00f3mica em tempos turbulentos do com\u00e9rcio\",\"datePublished\":\"2026-04-23T10:48:06+00:00\",\"mainEntityOfPage\":{\"@id\":\"https:\/\/portaltela.pt\/noticias\/2026\/04\/23\/ue-pretende-reforcar-seguranca-economica-em-tempos-turbulentos-do-comercio\/\"},\"wordCount\":375,\"image\":{\"@id\":\"https:\/\/portaltela.pt\/noticias\/2026\/04\/23\/ue-pretende-reforcar-seguranca-economica-em-tempos-turbulentos-do-comercio\/#primaryimage\"},\"thumbnailUrl\":\"https:\/\/portaltela.pt\/s.01k8rhncp4jt1\/2026\/04\/img_1280x721uu2016-11-17-12-59-00-576487.jpg\",\"keywords\":[\"China\",\"com\u00e9rcio internacional\",\"economia\",\"economia internacional\",\"Ucr\u00e2nia\",\"Uni\u00e3o Europeia\"],\"articleSection\":[\"Economia\",\"Geopol\u00edtica\"],\"inLanguage\":\"pt-PT\"},{\"@type\":\"WebPage\",\"@id\":\"https:\/\/portaltela.pt\/noticias\/2026\/04\/23\/ue-pretende-reforcar-seguranca-economica-em-tempos-turbulentos-do-comercio\/\",\"url\":\"https:\/\/portaltela.pt\/noticias\/2026\/04\/23\/ue-pretende-reforcar-seguranca-economica-em-tempos-turbulentos-do-comercio\/\",\"name\":\"UE pretende refor\u00e7ar seguran\u00e7a econ\u00f3mica em tempos turbulentos do com\u00e9rcio - Portal Tela Portugal\",\"isPartOf\":{\"@id\":\"https:\/\/portaltela.pt\/#website\"},\"primaryImageOfPage\":{\"@id\":\"https:\/\/portaltela.pt\/noticias\/2026\/04\/23\/ue-pretende-reforcar-seguranca-economica-em-tempos-turbulentos-do-comercio\/#primaryimage\"},\"image\":{\"@id\":\"https:\/\/portaltela.pt\/noticias\/2026\/04\/23\/ue-pretende-reforcar-seguranca-economica-em-tempos-turbulentos-do-comercio\/#primaryimage\"},\"thumbnailUrl\":\"https:\/\/portaltela.pt\/s.01k8rhncp4jt1\/2026\/04\/img_1280x721uu2016-11-17-12-59-00-576487.jpg\",\"datePublished\":\"2026-04-23T10:48:06+00:00\",\"author\":{\"@id\":\"https:\/\/portaltela.pt\/#\/schema\/person\/c4278d4a6028830caff9ee44b42d32ed\"},\"breadcrumb\":{\"@id\":\"https:\/\/portaltela.pt\/noticias\/2026\/04\/23\/ue-pretende-reforcar-seguranca-economica-em-tempos-turbulentos-do-comercio\/#breadcrumb\"},\"inLanguage\":\"pt-PT\",\"potentialAction\":[{\"@type\":\"ReadAction\",\"target\":[\"https:\/\/portaltela.pt\/noticias\/2026\/04\/23\/ue-pretende-reforcar-seguranca-economica-em-tempos-turbulentos-do-comercio\/\"]}]},{\"@type\":\"ImageObject\",\"inLanguage\":\"pt-PT\",\"@id\":\"https:\/\/portaltela.pt\/noticias\/2026\/04\/23\/ue-pretende-reforcar-seguranca-economica-em-tempos-turbulentos-do-comercio\/#primaryimage\",\"url\":\"https:\/\/portaltela.pt\/s.01k8rhncp4jt1\/2026\/04\/img_1280x721uu2016-11-17-12-59-00-576487.jpg\",\"contentUrl\":\"https:\/\/portaltela.pt\/s.01k8rhncp4jt1\/2026\/04\/img_1280x721uu2016-11-17-12-59-00-576487.jpg\",\"width\":796,\"height\":448,\"caption\":\"Uni\u00e3o Europeia\"},{\"@type\":\"BreadcrumbList\",\"@id\":\"https:\/\/portaltela.pt\/noticias\/2026\/04\/23\/ue-pretende-reforcar-seguranca-economica-em-tempos-turbulentos-do-comercio\/#breadcrumb\",\"itemListElement\":[{\"@type\":\"ListItem\",\"position\":1,\"name\":\"In\u00edcio\",\"item\":\"https:\/\/portaltela.pt\/\"},{\"@type\":\"ListItem\",\"position\":2,\"name\":\"UE pretende refor\u00e7ar seguran\u00e7a econ\u00f3mica em tempos turbulentos do com\u00e9rcio\"}]},{\"@type\":\"WebSite\",\"@id\":\"https:\/\/portaltela.pt\/#website\",\"url\":\"https:\/\/portaltela.pt\/\",\"name\":\"Portal Tela Portugal\",\"description\":\"\",\"potentialAction\":[{\"@type\":\"SearchAction\",\"target\":{\"@type\":\"EntryPoint\",\"urlTemplate\":\"https:\/\/portaltela.pt\/?s={search_term_string}\"},\"query-input\":{\"@type\":\"PropertyValueSpecification\",\"valueRequired\":true,\"valueName\":\"search_term_string\"}}],\"inLanguage\":\"pt-PT\"},{\"@type\":\"Person\",\"@id\":\"https:\/\/portaltela.pt\/#\/schema\/person\/c4278d4a6028830caff9ee44b42d32ed\",\"name\":\"Telinha\",\"image\":{\"@type\":\"ImageObject\",\"inLanguage\":\"pt-PT\",\"@id\":\"https:\/\/portaltela.pt\/s.01k8rhncp4jt1\/2025\/11\/talking-bot-125x125.png\",\"url\":\"https:\/\/portaltela.pt\/s.01k8rhncp4jt1\/2025\/11\/talking-bot-125x125.png\",\"contentUrl\":\"https:\/\/portaltela.pt\/s.01k8rhncp4jt1\/2025\/11\/talking-bot-125x125.png\",\"caption\":\"Telinha\"},\"sameAs\":[\"https:\/\/portaltela.pt\/\"],\"url\":\"https:\/\/portaltela.pt\/por\/367410592786\/\"}]}<\/script>\n<!-- \/ Yoast SEO plugin. -->","yoast_head_json":{"title":"UE pretende refor\u00e7ar seguran\u00e7a econ\u00f3mica em tempos turbulentos do com\u00e9rcio - Portal Tela Portugal","robots":{"index":"index","follow":"follow","max-snippet":"max-snippet:-1","max-image-preview":"max-image-preview:large","max-video-preview":"max-video-preview:-1"},"og_locale":"pt_PT","og_type":"article","og_title":"UE pretende refor\u00e7ar seguran\u00e7a econ\u00f3mica em tempos turbulentos do com\u00e9rcio - Portal Tela Portugal","og_description":"A Uni\u00e3o Europeia pretende refor\u00e7ar a seguran\u00e7a econ\u00f3mica diante de tempos turbulentos no com\u00e9rcio global, com tens\u00f5es geopol\u00edticas e imprevisibilidade nas rela\u00e7\u00f5es comerciais. Um alto funcion\u00e1rio europeu disse que o cen\u00e1rio atual, influenciado pela guerra na Ucr\u00e2nia, pela rivalidade com a China e pela incerteza nas rela\u00e7\u00f5es com os EUA, exige ajustar a pol\u00edtica comercial e industrial. A estrat\u00e9gia de seguran\u00e7a econ\u00f3mica parte de tr\u00eas pilares \u2014 promo\u00e7\u00e3o, prote\u00e7\u00e3o e parceria \u2014 visando autonomia, resili\u00eancia, lideran\u00e7a tecnol\u00f3gica e resposta a press\u00f5es externas. Medidas incluem o refor\u00e7o do controlo de investimento direto estrangeiro; em Portugal, est\u00e1 prevista uma pr\u00e9-avalia\u00e7\u00e3o obrigat\u00f3ria de investimentos por motivos de seguran\u00e7a e ordem p\u00fablica. Cerca de 80% do com\u00e9rcio continua a decorrer sob regras multilaterais; h\u00e1 foco em setores estrat\u00e9gicos como semicondutores e energia limpa, com aten\u00e7\u00e3o a interrup\u00e7\u00f5es log\u00edsticas e san\u00e7\u00f5es.","og_url":"https:\/\/portaltela.pt\/noticias\/2026\/04\/23\/ue-pretende-reforcar-seguranca-economica-em-tempos-turbulentos-do-comercio\/","og_site_name":"Portal Tela Portugal","article_published_time":"2026-04-23T10:48:06+00:00","author":"Telinha","twitter_card":"summary_large_image","twitter_misc":{"Escrito por":"Telinha","Tempo estimado de leitura":"2 minutos"},"schema":{"@context":"https:\/\/schema.org","@graph":[{"@type":"Article","@id":"https:\/\/portaltela.pt\/noticias\/2026\/04\/23\/ue-pretende-reforcar-seguranca-economica-em-tempos-turbulentos-do-comercio\/#article","isPartOf":{"@id":"https:\/\/portaltela.pt\/noticias\/2026\/04\/23\/ue-pretende-reforcar-seguranca-economica-em-tempos-turbulentos-do-comercio\/"},"author":{"name":"Telinha","@id":"https:\/\/portaltela.pt\/#\/schema\/person\/c4278d4a6028830caff9ee44b42d32ed"},"headline":"UE pretende refor\u00e7ar seguran\u00e7a econ\u00f3mica em tempos turbulentos do com\u00e9rcio","datePublished":"2026-04-23T10:48:06+00:00","mainEntityOfPage":{"@id":"https:\/\/portaltela.pt\/noticias\/2026\/04\/23\/ue-pretende-reforcar-seguranca-economica-em-tempos-turbulentos-do-comercio\/"},"wordCount":375,"image":{"@id":"https:\/\/portaltela.pt\/noticias\/2026\/04\/23\/ue-pretende-reforcar-seguranca-economica-em-tempos-turbulentos-do-comercio\/#primaryimage"},"thumbnailUrl":"https:\/\/portaltela.pt\/s.01k8rhncp4jt1\/2026\/04\/img_1280x721uu2016-11-17-12-59-00-576487.jpg","keywords":["China","com\u00e9rcio internacional","economia","economia internacional","Ucr\u00e2nia","Uni\u00e3o Europeia"],"articleSection":["Economia","Geopol\u00edtica"],"inLanguage":"pt-PT"},{"@type":"WebPage","@id":"https:\/\/portaltela.pt\/noticias\/2026\/04\/23\/ue-pretende-reforcar-seguranca-economica-em-tempos-turbulentos-do-comercio\/","url":"https:\/\/portaltela.pt\/noticias\/2026\/04\/23\/ue-pretende-reforcar-seguranca-economica-em-tempos-turbulentos-do-comercio\/","name":"UE pretende refor\u00e7ar seguran\u00e7a econ\u00f3mica em tempos turbulentos do com\u00e9rcio - Portal Tela Portugal","isPartOf":{"@id":"https:\/\/portaltela.pt\/#website"},"primaryImageOfPage":{"@id":"https:\/\/portaltela.pt\/noticias\/2026\/04\/23\/ue-pretende-reforcar-seguranca-economica-em-tempos-turbulentos-do-comercio\/#primaryimage"},"image":{"@id":"https:\/\/portaltela.pt\/noticias\/2026\/04\/23\/ue-pretende-reforcar-seguranca-economica-em-tempos-turbulentos-do-comercio\/#primaryimage"},"thumbnailUrl":"https:\/\/portaltela.pt\/s.01k8rhncp4jt1\/2026\/04\/img_1280x721uu2016-11-17-12-59-00-576487.jpg","datePublished":"2026-04-23T10:48:06+00:00","author":{"@id":"https:\/\/portaltela.pt\/#\/schema\/person\/c4278d4a6028830caff9ee44b42d32ed"},"breadcrumb":{"@id":"https:\/\/portaltela.pt\/noticias\/2026\/04\/23\/ue-pretende-reforcar-seguranca-economica-em-tempos-turbulentos-do-comercio\/#breadcrumb"},"inLanguage":"pt-PT","potentialAction":[{"@type":"ReadAction","target":["https:\/\/portaltela.pt\/noticias\/2026\/04\/23\/ue-pretende-reforcar-seguranca-economica-em-tempos-turbulentos-do-comercio\/"]}]},{"@type":"ImageObject","inLanguage":"pt-PT","@id":"https:\/\/portaltela.pt\/noticias\/2026\/04\/23\/ue-pretende-reforcar-seguranca-economica-em-tempos-turbulentos-do-comercio\/#primaryimage","url":"https:\/\/portaltela.pt\/s.01k8rhncp4jt1\/2026\/04\/img_1280x721uu2016-11-17-12-59-00-576487.jpg","contentUrl":"https:\/\/portaltela.pt\/s.01k8rhncp4jt1\/2026\/04\/img_1280x721uu2016-11-17-12-59-00-576487.jpg","width":796,"height":448,"caption":"Uni\u00e3o Europeia"},{"@type":"BreadcrumbList","@id":"https:\/\/portaltela.pt\/noticias\/2026\/04\/23\/ue-pretende-reforcar-seguranca-economica-em-tempos-turbulentos-do-comercio\/#breadcrumb","itemListElement":[{"@type":"ListItem","position":1,"name":"In\u00edcio","item":"https:\/\/portaltela.pt\/"},{"@type":"ListItem","position":2,"name":"UE pretende refor\u00e7ar seguran\u00e7a econ\u00f3mica em tempos turbulentos do com\u00e9rcio"}]},{"@type":"WebSite","@id":"https:\/\/portaltela.pt\/#website","url":"https:\/\/portaltela.pt\/","name":"Portal Tela Portugal","description":"","potentialAction":[{"@type":"SearchAction","target":{"@type":"EntryPoint","urlTemplate":"https:\/\/portaltela.pt\/?s={search_term_string}"},"query-input":{"@type":"PropertyValueSpecification","valueRequired":true,"valueName":"search_term_string"}}],"inLanguage":"pt-PT"},{"@type":"Person","@id":"https:\/\/portaltela.pt\/#\/schema\/person\/c4278d4a6028830caff9ee44b42d32ed","name":"Telinha","image":{"@type":"ImageObject","inLanguage":"pt-PT","@id":"https:\/\/portaltela.pt\/s.01k8rhncp4jt1\/2025\/11\/talking-bot-125x125.png","url":"https:\/\/portaltela.pt\/s.01k8rhncp4jt1\/2025\/11\/talking-bot-125x125.png","contentUrl":"https:\/\/portaltela.pt\/s.01k8rhncp4jt1\/2025\/11\/talking-bot-125x125.png","caption":"Telinha"},"sameAs":["https:\/\/portaltela.pt\/"],"url":"https:\/\/portaltela.pt\/por\/367410592786\/"}]}},"_links":{"self":[{"href":"https:\/\/portaltela.pt\/api\/wp\/v2\/posts\/455780","targetHints":{"allow":["GET"]}}],"collection":[{"href":"https:\/\/portaltela.pt\/api\/wp\/v2\/posts"}],"about":[{"href":"https:\/\/portaltela.pt\/api\/wp\/v2\/types\/post"}],"author":[{"embeddable":true,"href":"https:\/\/portaltela.pt\/api\/wp\/v2\/users\/2"}],"replies":[{"embeddable":true,"href":"https:\/\/portaltela.pt\/api\/wp\/v2\/comments?post=455780"}],"version-history":[{"count":0,"href":"https:\/\/portaltela.pt\/api\/wp\/v2\/posts\/455780\/revisions"}],"wp:featuredmedia":[{"embeddable":true,"href":"https:\/\/portaltela.pt\/api\/wp\/v2\/media\/455788"}],"wp:attachment":[{"href":"https:\/\/portaltela.pt\/api\/wp\/v2\/media?parent=455780"}],"wp:term":[{"taxonomy":"category","embeddable":true,"href":"https:\/\/portaltela.pt\/api\/wp\/v2\/categories?post=455780"},{"taxonomy":"post_tag","embeddable":true,"href":"https:\/\/portaltela.pt\/api\/wp\/v2\/tags?post=455780"}],"curies":[{"name":"wp","href":"https:\/\/api.w.org\/{rel}","templated":true}]}}