{"id":455778,"date":"2026-04-23T07:48:05","date_gmt":"2026-04-23T10:48:05","guid":{"rendered":"https:\/\/portaltela.pt\/noticias\/2026\/04\/23\/imagens-do-irgc-mostram-interceptacao-de-navios-no-estreito-de-ormuz\/"},"modified":"2026-04-23T07:48:05","modified_gmt":"2026-04-23T10:48:05","slug":"imagens-do-irgc-mostram-interceptacao-de-navios-no-estreito-de-ormuz","status":"publish","type":"post","link":"https:\/\/portaltela.pt\/geopolitica\/2026\/04\/23\/imagens-do-irgc-mostram-interceptacao-de-navios-no-estreito-de-ormuz\/","title":{"rendered":"Imagens do IRGC mostram intercepta\u00e7\u00e3o de navios no Estreito de Ormuz"},"content":{"rendered":"<p>Imagens divulgadas pela Guarda Revolucion\u00e1ria iraniana mostram soldados a interceptar navios no Estreito de Ormuz, segundo a ag\u00eancia. As imagens chegam num momento em que o Presidente dos EUA, Donald Trump, prorrogou indefinidamente o cessar-fogo com o Ir\u00e3o, que expirava na quarta-feira.<\/p>\n<p>O v\u00eddeo institucionaliza uma leitura de tens\u00e3o entre as for\u00e7as iranianas e navios de v\u00e1rias nacionalidades que circulam na \u00e1rea estrat\u00e9gica. N\u00e3o h\u00e1 confirma\u00e7\u00e3o oficial de incidentes adicionais, apenas a divulga\u00e7\u00e3o das imagens pela guarda, sem detalhes sobre alvos ou consequ\u00eancias imediatas.<\/p>\n<p>Contexto internacional<\/p>\n<p>A prorroga\u00e7\u00e3o do cessar-fogo cria um quadro de incerteza para a regi\u00e3o. Observadores ressaltam que o Estreito de Ormuz continua a ser uma rota crucial para o fornecimento mundial de petr\u00f3leo, o que pode impactar negocia\u00e7\u00f5es diplom\u00e1ticas em curso. Autoridades iranianas n\u00e3o emitiram comment\u00e1rios aos relatos apresentados pela guarda.<\/p>\n<p>As imagens chegam num momento de estreita vigil\u00e2ncia entre Washington e Teer\u00e3o, com diversos pa\u00edses a acompanhar poss\u00edveis desdobramentos. N\u00e3o foram divulgados dados operacionais que determinem o tipo de navios interceptados ou as a\u00e7\u00f5es concretas tomadas pelas for\u00e7as iranianas.<\/p>\n","protected":false},"excerpt":{"rendered":"<ul>\n<li>Imagens divulgadas pela Guarda Revolucion\u00e1ria iraniana mostram soldados a intercetarem navios no Estreito de Ormuz.<\/li>\n<li>O intercetamento ocorre depois de o presidente dos Estados Unidos, Donald Trump, prorrogar indefinidamente o cessar-fogo com o Ir\u00e3o, que expirava na quarta-feira.<\/li>\n<li>A not\u00edcia n\u00e3o especifica o n\u00famero ou a nacionalidade dos navios envolvidos.<\/li>\n<li>A divulga\u00e7\u00e3o das imagens refor\u00e7a a tens\u00e3o na regi\u00e3o e o atual acompanhamento das rela\u00e7\u00f5es entre Estados Unidos e Ir\u00e3o.<\/li>\n<\/ul>\n","protected":false},"author":2,"featured_media":455787,"comment_status":"closed","ping_status":"closed","sticky":false,"template":"","format":"standard","meta":{"footnotes":""},"categories":[6790,6814],"tags":[3368,38,3153,4556,27,4222],"class_list":["post-455778","post","type-post","status-publish","format-standard","has-post-thumbnail","hentry","category-conflitos","category-geopolitica","tag-comercio-internacional","tag-conflitos","tag-ira","tag-navios","tag-relacoes-internacionais","tag-seguranca-internacional"],"yoast_head":"<!-- This site is optimized with the Yoast SEO plugin v27.2 - https:\/\/yoast.com\/product\/yoast-seo-wordpress\/ -->\n<title>Imagens do IRGC mostram intercepta\u00e7\u00e3o de navios no Estreito de Ormuz - Portal Tela Portugal<\/title>\n<meta name=\"robots\" content=\"index, follow, max-snippet:-1, max-image-preview:large, max-video-preview:-1\" \/>\n<meta property=\"og:locale\" content=\"pt_PT\" \/>\n<meta property=\"og:type\" content=\"article\" \/>\n<meta property=\"og:title\" content=\"Imagens do IRGC mostram intercepta\u00e7\u00e3o de navios no Estreito de Ormuz - Portal Tela Portugal\" \/>\n<meta property=\"og:description\" content=\"Imagens divulgadas pela Guarda Revolucion\u00e1ria iraniana mostram soldados a intercetarem navios no Estreito de Ormuz. O intercetamento ocorre depois de o presidente dos Estados Unidos, Donald Trump, prorrogar indefinidamente o cessar-fogo com o Ir\u00e3o, que expirava na quarta-feira. A not\u00edcia n\u00e3o especifica o n\u00famero ou a nacionalidade dos navios envolvidos. A divulga\u00e7\u00e3o das imagens refor\u00e7a a tens\u00e3o na regi\u00e3o e o atual acompanhamento das rela\u00e7\u00f5es entre Estados Unidos e Ir\u00e3o.\" \/>\n<meta property=\"og:url\" content=\"https:\/\/portaltela.pt\/noticias\/2026\/04\/23\/imagens-do-irgc-mostram-interceptacao-de-navios-no-estreito-de-ormuz\/\" \/>\n<meta property=\"og:site_name\" content=\"Portal Tela Portugal\" \/>\n<meta property=\"article:published_time\" content=\"2026-04-23T10:48:05+00:00\" \/>\n<meta name=\"author\" content=\"Telinha\" \/>\n<meta name=\"twitter:card\" content=\"summary_large_image\" \/>\n<meta name=\"twitter:label1\" content=\"Escrito por\" \/>\n\t<meta name=\"twitter:data1\" content=\"Telinha\" \/>\n\t<meta name=\"twitter:label2\" content=\"Tempo estimado de leitura\" \/>\n\t<meta name=\"twitter:data2\" content=\"1 minuto\" \/>\n<script type=\"application\/ld+json\" class=\"yoast-schema-graph\">{\"@context\":\"https:\/\/schema.org\",\"@graph\":[{\"@type\":\"Article\",\"@id\":\"https:\/\/portaltela.pt\/noticias\/2026\/04\/23\/imagens-do-irgc-mostram-interceptacao-de-navios-no-estreito-de-ormuz\/#article\",\"isPartOf\":{\"@id\":\"https:\/\/portaltela.pt\/noticias\/2026\/04\/23\/imagens-do-irgc-mostram-interceptacao-de-navios-no-estreito-de-ormuz\/\"},\"author\":{\"name\":\"Telinha\",\"@id\":\"https:\/\/portaltela.pt\/#\/schema\/person\/c4278d4a6028830caff9ee44b42d32ed\"},\"headline\":\"Imagens do IRGC mostram intercepta\u00e7\u00e3o de navios no Estreito de Ormuz\",\"datePublished\":\"2026-04-23T10:48:05+00:00\",\"mainEntityOfPage\":{\"@id\":\"https:\/\/portaltela.pt\/noticias\/2026\/04\/23\/imagens-do-irgc-mostram-interceptacao-de-navios-no-estreito-de-ormuz\/\"},\"wordCount\":212,\"image\":{\"@id\":\"https:\/\/portaltela.pt\/noticias\/2026\/04\/23\/imagens-do-irgc-mostram-interceptacao-de-navios-no-estreito-de-ormuz\/#primaryimage\"},\"thumbnailUrl\":\"https:\/\/portaltela.pt\/s.01k8rhncp4jt1\/2026\/04\/img_1280x722uu2026-04-23-11-41-32-2280492.jpg\",\"keywords\":[\"com\u00e9rcio internacional\",\"conflitos\",\"Ir\u00e3\",\"navios\",\"rela\u00e7\u00f5es internacionais\",\"seguran\u00e7a internacional\"],\"articleSection\":[\"Conflitos\",\"Geopol\u00edtica\"],\"inLanguage\":\"pt-PT\"},{\"@type\":\"WebPage\",\"@id\":\"https:\/\/portaltela.pt\/noticias\/2026\/04\/23\/imagens-do-irgc-mostram-interceptacao-de-navios-no-estreito-de-ormuz\/\",\"url\":\"https:\/\/portaltela.pt\/noticias\/2026\/04\/23\/imagens-do-irgc-mostram-interceptacao-de-navios-no-estreito-de-ormuz\/\",\"name\":\"Imagens do IRGC mostram intercepta\u00e7\u00e3o de navios no Estreito de Ormuz - Portal Tela Portugal\",\"isPartOf\":{\"@id\":\"https:\/\/portaltela.pt\/#website\"},\"primaryImageOfPage\":{\"@id\":\"https:\/\/portaltela.pt\/noticias\/2026\/04\/23\/imagens-do-irgc-mostram-interceptacao-de-navios-no-estreito-de-ormuz\/#primaryimage\"},\"image\":{\"@id\":\"https:\/\/portaltela.pt\/noticias\/2026\/04\/23\/imagens-do-irgc-mostram-interceptacao-de-navios-no-estreito-de-ormuz\/#primaryimage\"},\"thumbnailUrl\":\"https:\/\/portaltela.pt\/s.01k8rhncp4jt1\/2026\/04\/img_1280x722uu2026-04-23-11-41-32-2280492.jpg\",\"datePublished\":\"2026-04-23T10:48:05+00:00\",\"author\":{\"@id\":\"https:\/\/portaltela.pt\/#\/schema\/person\/c4278d4a6028830caff9ee44b42d32ed\"},\"breadcrumb\":{\"@id\":\"https:\/\/portaltela.pt\/noticias\/2026\/04\/23\/imagens-do-irgc-mostram-interceptacao-de-navios-no-estreito-de-ormuz\/#breadcrumb\"},\"inLanguage\":\"pt-PT\",\"potentialAction\":[{\"@type\":\"ReadAction\",\"target\":[\"https:\/\/portaltela.pt\/noticias\/2026\/04\/23\/imagens-do-irgc-mostram-interceptacao-de-navios-no-estreito-de-ormuz\/\"]}]},{\"@type\":\"ImageObject\",\"inLanguage\":\"pt-PT\",\"@id\":\"https:\/\/portaltela.pt\/noticias\/2026\/04\/23\/imagens-do-irgc-mostram-interceptacao-de-navios-no-estreito-de-ormuz\/#primaryimage\",\"url\":\"https:\/\/portaltela.pt\/s.01k8rhncp4jt1\/2026\/04\/img_1280x722uu2026-04-23-11-41-32-2280492.jpg\",\"contentUrl\":\"https:\/\/portaltela.pt\/s.01k8rhncp4jt1\/2026\/04\/img_1280x722uu2026-04-23-11-41-32-2280492.jpg\",\"width\":796,\"height\":448,\"caption\":\"Imagens divulgadas pela Guarda Revolucion\u00e1ria iraniana mostram soldados a intercetarem navios no Estreito de Ormuz\"},{\"@type\":\"BreadcrumbList\",\"@id\":\"https:\/\/portaltela.pt\/noticias\/2026\/04\/23\/imagens-do-irgc-mostram-interceptacao-de-navios-no-estreito-de-ormuz\/#breadcrumb\",\"itemListElement\":[{\"@type\":\"ListItem\",\"position\":1,\"name\":\"In\u00edcio\",\"item\":\"https:\/\/portaltela.pt\/\"},{\"@type\":\"ListItem\",\"position\":2,\"name\":\"Imagens do IRGC mostram intercepta\u00e7\u00e3o de navios no Estreito de Ormuz\"}]},{\"@type\":\"WebSite\",\"@id\":\"https:\/\/portaltela.pt\/#website\",\"url\":\"https:\/\/portaltela.pt\/\",\"name\":\"Portal Tela Portugal\",\"description\":\"\",\"potentialAction\":[{\"@type\":\"SearchAction\",\"target\":{\"@type\":\"EntryPoint\",\"urlTemplate\":\"https:\/\/portaltela.pt\/?s={search_term_string}\"},\"query-input\":{\"@type\":\"PropertyValueSpecification\",\"valueRequired\":true,\"valueName\":\"search_term_string\"}}],\"inLanguage\":\"pt-PT\"},{\"@type\":\"Person\",\"@id\":\"https:\/\/portaltela.pt\/#\/schema\/person\/c4278d4a6028830caff9ee44b42d32ed\",\"name\":\"Telinha\",\"image\":{\"@type\":\"ImageObject\",\"inLanguage\":\"pt-PT\",\"@id\":\"https:\/\/portaltela.pt\/s.01k8rhncp4jt1\/2025\/11\/talking-bot-125x125.png\",\"url\":\"https:\/\/portaltela.pt\/s.01k8rhncp4jt1\/2025\/11\/talking-bot-125x125.png\",\"contentUrl\":\"https:\/\/portaltela.pt\/s.01k8rhncp4jt1\/2025\/11\/talking-bot-125x125.png\",\"caption\":\"Telinha\"},\"sameAs\":[\"https:\/\/portaltela.pt\/\"],\"url\":\"https:\/\/portaltela.pt\/por\/367410592786\/\"}]}<\/script>\n<!-- \/ Yoast SEO plugin. -->","yoast_head_json":{"title":"Imagens do IRGC mostram intercepta\u00e7\u00e3o de navios no Estreito de Ormuz - Portal Tela Portugal","robots":{"index":"index","follow":"follow","max-snippet":"max-snippet:-1","max-image-preview":"max-image-preview:large","max-video-preview":"max-video-preview:-1"},"og_locale":"pt_PT","og_type":"article","og_title":"Imagens do IRGC mostram intercepta\u00e7\u00e3o de navios no Estreito de Ormuz - Portal Tela Portugal","og_description":"Imagens divulgadas pela Guarda Revolucion\u00e1ria iraniana mostram soldados a intercetarem navios no Estreito de Ormuz. O intercetamento ocorre depois de o presidente dos Estados Unidos, Donald Trump, prorrogar indefinidamente o cessar-fogo com o Ir\u00e3o, que expirava na quarta-feira. A not\u00edcia n\u00e3o especifica o n\u00famero ou a nacionalidade dos navios envolvidos. A divulga\u00e7\u00e3o das imagens refor\u00e7a a tens\u00e3o na regi\u00e3o e o atual acompanhamento das rela\u00e7\u00f5es entre Estados Unidos e Ir\u00e3o.","og_url":"https:\/\/portaltela.pt\/noticias\/2026\/04\/23\/imagens-do-irgc-mostram-interceptacao-de-navios-no-estreito-de-ormuz\/","og_site_name":"Portal Tela Portugal","article_published_time":"2026-04-23T10:48:05+00:00","author":"Telinha","twitter_card":"summary_large_image","twitter_misc":{"Escrito por":"Telinha","Tempo estimado de leitura":"1 minuto"},"schema":{"@context":"https:\/\/schema.org","@graph":[{"@type":"Article","@id":"https:\/\/portaltela.pt\/noticias\/2026\/04\/23\/imagens-do-irgc-mostram-interceptacao-de-navios-no-estreito-de-ormuz\/#article","isPartOf":{"@id":"https:\/\/portaltela.pt\/noticias\/2026\/04\/23\/imagens-do-irgc-mostram-interceptacao-de-navios-no-estreito-de-ormuz\/"},"author":{"name":"Telinha","@id":"https:\/\/portaltela.pt\/#\/schema\/person\/c4278d4a6028830caff9ee44b42d32ed"},"headline":"Imagens do IRGC mostram intercepta\u00e7\u00e3o de navios no Estreito de Ormuz","datePublished":"2026-04-23T10:48:05+00:00","mainEntityOfPage":{"@id":"https:\/\/portaltela.pt\/noticias\/2026\/04\/23\/imagens-do-irgc-mostram-interceptacao-de-navios-no-estreito-de-ormuz\/"},"wordCount":212,"image":{"@id":"https:\/\/portaltela.pt\/noticias\/2026\/04\/23\/imagens-do-irgc-mostram-interceptacao-de-navios-no-estreito-de-ormuz\/#primaryimage"},"thumbnailUrl":"https:\/\/portaltela.pt\/s.01k8rhncp4jt1\/2026\/04\/img_1280x722uu2026-04-23-11-41-32-2280492.jpg","keywords":["com\u00e9rcio internacional","conflitos","Ir\u00e3","navios","rela\u00e7\u00f5es internacionais","seguran\u00e7a internacional"],"articleSection":["Conflitos","Geopol\u00edtica"],"inLanguage":"pt-PT"},{"@type":"WebPage","@id":"https:\/\/portaltela.pt\/noticias\/2026\/04\/23\/imagens-do-irgc-mostram-interceptacao-de-navios-no-estreito-de-ormuz\/","url":"https:\/\/portaltela.pt\/noticias\/2026\/04\/23\/imagens-do-irgc-mostram-interceptacao-de-navios-no-estreito-de-ormuz\/","name":"Imagens do IRGC mostram intercepta\u00e7\u00e3o de navios no Estreito de Ormuz - Portal Tela Portugal","isPartOf":{"@id":"https:\/\/portaltela.pt\/#website"},"primaryImageOfPage":{"@id":"https:\/\/portaltela.pt\/noticias\/2026\/04\/23\/imagens-do-irgc-mostram-interceptacao-de-navios-no-estreito-de-ormuz\/#primaryimage"},"image":{"@id":"https:\/\/portaltela.pt\/noticias\/2026\/04\/23\/imagens-do-irgc-mostram-interceptacao-de-navios-no-estreito-de-ormuz\/#primaryimage"},"thumbnailUrl":"https:\/\/portaltela.pt\/s.01k8rhncp4jt1\/2026\/04\/img_1280x722uu2026-04-23-11-41-32-2280492.jpg","datePublished":"2026-04-23T10:48:05+00:00","author":{"@id":"https:\/\/portaltela.pt\/#\/schema\/person\/c4278d4a6028830caff9ee44b42d32ed"},"breadcrumb":{"@id":"https:\/\/portaltela.pt\/noticias\/2026\/04\/23\/imagens-do-irgc-mostram-interceptacao-de-navios-no-estreito-de-ormuz\/#breadcrumb"},"inLanguage":"pt-PT","potentialAction":[{"@type":"ReadAction","target":["https:\/\/portaltela.pt\/noticias\/2026\/04\/23\/imagens-do-irgc-mostram-interceptacao-de-navios-no-estreito-de-ormuz\/"]}]},{"@type":"ImageObject","inLanguage":"pt-PT","@id":"https:\/\/portaltela.pt\/noticias\/2026\/04\/23\/imagens-do-irgc-mostram-interceptacao-de-navios-no-estreito-de-ormuz\/#primaryimage","url":"https:\/\/portaltela.pt\/s.01k8rhncp4jt1\/2026\/04\/img_1280x722uu2026-04-23-11-41-32-2280492.jpg","contentUrl":"https:\/\/portaltela.pt\/s.01k8rhncp4jt1\/2026\/04\/img_1280x722uu2026-04-23-11-41-32-2280492.jpg","width":796,"height":448,"caption":"Imagens divulgadas pela Guarda Revolucion\u00e1ria iraniana mostram soldados a intercetarem navios no Estreito de Ormuz"},{"@type":"BreadcrumbList","@id":"https:\/\/portaltela.pt\/noticias\/2026\/04\/23\/imagens-do-irgc-mostram-interceptacao-de-navios-no-estreito-de-ormuz\/#breadcrumb","itemListElement":[{"@type":"ListItem","position":1,"name":"In\u00edcio","item":"https:\/\/portaltela.pt\/"},{"@type":"ListItem","position":2,"name":"Imagens do IRGC mostram intercepta\u00e7\u00e3o de navios no Estreito de Ormuz"}]},{"@type":"WebSite","@id":"https:\/\/portaltela.pt\/#website","url":"https:\/\/portaltela.pt\/","name":"Portal Tela Portugal","description":"","potentialAction":[{"@type":"SearchAction","target":{"@type":"EntryPoint","urlTemplate":"https:\/\/portaltela.pt\/?s={search_term_string}"},"query-input":{"@type":"PropertyValueSpecification","valueRequired":true,"valueName":"search_term_string"}}],"inLanguage":"pt-PT"},{"@type":"Person","@id":"https:\/\/portaltela.pt\/#\/schema\/person\/c4278d4a6028830caff9ee44b42d32ed","name":"Telinha","image":{"@type":"ImageObject","inLanguage":"pt-PT","@id":"https:\/\/portaltela.pt\/s.01k8rhncp4jt1\/2025\/11\/talking-bot-125x125.png","url":"https:\/\/portaltela.pt\/s.01k8rhncp4jt1\/2025\/11\/talking-bot-125x125.png","contentUrl":"https:\/\/portaltela.pt\/s.01k8rhncp4jt1\/2025\/11\/talking-bot-125x125.png","caption":"Telinha"},"sameAs":["https:\/\/portaltela.pt\/"],"url":"https:\/\/portaltela.pt\/por\/367410592786\/"}]}},"_links":{"self":[{"href":"https:\/\/portaltela.pt\/api\/wp\/v2\/posts\/455778","targetHints":{"allow":["GET"]}}],"collection":[{"href":"https:\/\/portaltela.pt\/api\/wp\/v2\/posts"}],"about":[{"href":"https:\/\/portaltela.pt\/api\/wp\/v2\/types\/post"}],"author":[{"embeddable":true,"href":"https:\/\/portaltela.pt\/api\/wp\/v2\/users\/2"}],"replies":[{"embeddable":true,"href":"https:\/\/portaltela.pt\/api\/wp\/v2\/comments?post=455778"}],"version-history":[{"count":0,"href":"https:\/\/portaltela.pt\/api\/wp\/v2\/posts\/455778\/revisions"}],"wp:featuredmedia":[{"embeddable":true,"href":"https:\/\/portaltela.pt\/api\/wp\/v2\/media\/455787"}],"wp:attachment":[{"href":"https:\/\/portaltela.pt\/api\/wp\/v2\/media?parent=455778"}],"wp:term":[{"taxonomy":"category","embeddable":true,"href":"https:\/\/portaltela.pt\/api\/wp\/v2\/categories?post=455778"},{"taxonomy":"post_tag","embeddable":true,"href":"https:\/\/portaltela.pt\/api\/wp\/v2\/tags?post=455778"}],"curies":[{"name":"wp","href":"https:\/\/api.w.org\/{rel}","templated":true}]}}