{"id":455767,"date":"2026-04-23T06:57:00","date_gmt":"2026-04-23T09:57:00","guid":{"rendered":"https:\/\/portaltela.pt\/noticias\/2026\/04\/23\/tjue-confirma-anulacao-de-apoios-a-lufthansa\/"},"modified":"2026-04-23T06:57:00","modified_gmt":"2026-04-23T09:57:00","slug":"tjue-confirma-anulacao-de-apoios-a-lufthansa","status":"publish","type":"post","link":"https:\/\/portaltela.pt\/noticias\/economia\/2026\/04\/23\/tjue-confirma-anulacao-de-apoios-a-lufthansa\/","title":{"rendered":"TJUE confirma anula\u00e7\u00e3o de apoios \u00e0 Lufthansa"},"content":{"rendered":"<p>O Tribunal de Justi\u00e7a da Uni\u00e3o Europeia confirmou a anula\u00e7\u00e3o de ajudas \u00e0 Lufthansa, num caso que envolve alega\u00e7\u00f5es de tratamento preferencial de apoios estatais. A decis\u00e3o foi comunicada pela institui\u00e7\u00e3o europeia, sem indicar novos detalhes operacionais no momento inicial.<\/p>\n<p>O veredito tem impacto direto sobre as pol\u00edticas de financiamento p\u00fablico associadas \u00e0 operadora alem\u00e3, colocando em causa medidas previamente aprovadas ou concedidas pelo Estado. A comunica\u00e7\u00e3o oficial n\u00e3o detalha montantes nem condi\u00e7\u00f5es espec\u00edficas.<\/p>\n<p>At\u00e9 ao momento, n\u00e3o foram divulgados dados adicionais sobre o valor das ajudas, nem sobre prazos de revers\u00e3o ou reembolso. As informa\u00e7\u00f5es dispon\u00edveis publicamente s\u00e3o limitadas e n\u00e3o incluem documentos completos da decis\u00e3o.<\/p>\n","protected":false},"excerpt":{"rendered":"<ul>\n<li>O Tribunal de Justi\u00e7a da Uni\u00e3o Europeia confirmou a anula\u00e7\u00e3o de ajudas \u00e0 Lufthansa.<\/li>\n<li>A not\u00edcia est\u00e1 acess\u00edvel apenas para subscritores, com indica\u00e7\u00e3o de entrada.<\/li>\n<li>A decis\u00e3o envolve apoios estatais concedidos \u00e0 Lufthansa.<\/li>\n<li>O trecho recebido n\u00e3o fornece datas ou detalhes adicionais do veredicto.<\/li>\n<li>O conte\u00fado completo pode exigir login para leitura integral.<\/li>\n<\/ul>\n","protected":false},"author":2,"featured_media":455768,"comment_status":"closed","ping_status":"closed","sticky":false,"template":"","format":"standard","meta":{"footnotes":""},"categories":[2,6735],"tags":[7910,9470,8502,8004,8829,8056],"class_list":["post-455767","post","type-post","status-publish","format-standard","has-post-thumbnail","hentry","category-economia","category-negocios","tag-_a-aeronautica","tag-_apoio-publico","tag-_aviacao","tag-_europa","tag-_financiamento","tag-_uniao-europeia"],"yoast_head":"<!-- This site is optimized with the Yoast SEO plugin v27.2 - https:\/\/yoast.com\/product\/yoast-seo-wordpress\/ -->\n<title>TJUE confirma anula\u00e7\u00e3o de apoios \u00e0 Lufthansa - Portal Tela Portugal<\/title>\n<meta name=\"robots\" content=\"index, follow, max-snippet:-1, max-image-preview:large, max-video-preview:-1\" \/>\n<meta property=\"og:locale\" content=\"pt_PT\" \/>\n<meta property=\"og:type\" content=\"article\" \/>\n<meta property=\"og:title\" content=\"TJUE confirma anula\u00e7\u00e3o de apoios \u00e0 Lufthansa - Portal Tela Portugal\" \/>\n<meta property=\"og:description\" content=\"O Tribunal de Justi\u00e7a da Uni\u00e3o Europeia confirmou a anula\u00e7\u00e3o de ajudas \u00e0 Lufthansa. A not\u00edcia est\u00e1 acess\u00edvel apenas para subscritores, com indica\u00e7\u00e3o de entrada. A decis\u00e3o envolve apoios estatais concedidos \u00e0 Lufthansa. O trecho recebido n\u00e3o fornece datas ou detalhes adicionais do veredicto. O conte\u00fado completo pode exigir login para leitura integral.\" \/>\n<meta property=\"og:url\" content=\"https:\/\/portaltela.pt\/noticias\/2026\/04\/23\/tjue-confirma-anulacao-de-apoios-a-lufthansa\/\" \/>\n<meta property=\"og:site_name\" content=\"Portal Tela Portugal\" \/>\n<meta property=\"article:published_time\" content=\"2026-04-23T09:57:00+00:00\" \/>\n<meta name=\"author\" content=\"Telinha\" \/>\n<meta name=\"twitter:card\" content=\"summary_large_image\" \/>\n<meta name=\"twitter:label1\" content=\"Escrito por\" \/>\n\t<meta name=\"twitter:data1\" content=\"Telinha\" \/>\n\t<meta name=\"twitter:label2\" content=\"Tempo estimado de leitura\" \/>\n\t<meta name=\"twitter:data2\" content=\"1 minuto\" \/>\n<script type=\"application\/ld+json\" class=\"yoast-schema-graph\">{\"@context\":\"https:\/\/schema.org\",\"@graph\":[{\"@type\":\"Article\",\"@id\":\"https:\/\/portaltela.pt\/noticias\/2026\/04\/23\/tjue-confirma-anulacao-de-apoios-a-lufthansa\/#article\",\"isPartOf\":{\"@id\":\"https:\/\/portaltela.pt\/noticias\/2026\/04\/23\/tjue-confirma-anulacao-de-apoios-a-lufthansa\/\"},\"author\":{\"name\":\"Telinha\",\"@id\":\"https:\/\/portaltela.pt\/#\/schema\/person\/c4278d4a6028830caff9ee44b42d32ed\"},\"headline\":\"TJUE confirma anula\u00e7\u00e3o de apoios \u00e0 Lufthansa\",\"datePublished\":\"2026-04-23T09:57:00+00:00\",\"mainEntityOfPage\":{\"@id\":\"https:\/\/portaltela.pt\/noticias\/2026\/04\/23\/tjue-confirma-anulacao-de-apoios-a-lufthansa\/\"},\"wordCount\":131,\"image\":{\"@id\":\"https:\/\/portaltela.pt\/noticias\/2026\/04\/23\/tjue-confirma-anulacao-de-apoios-a-lufthansa\/#primaryimage\"},\"thumbnailUrl\":\"https:\/\/portaltela.pt\/s.01k8rhncp4jt1\/2026\/04\/CACHE_780X1200_ANALOG_WATERMARKED_46935341_172589618132632-1.jpg\",\"keywords\":[\"_a aeron\u00e1utica\",\"_apoio p\u00fablico\",\"_avia\u00e7\u00e3o\",\"_Europa\",\"_financiamento\",\"_Uni\u00e3o Europeia\"],\"articleSection\":[\"Economia\",\"Neg\u00f3cios\"],\"inLanguage\":\"pt-PT\"},{\"@type\":\"WebPage\",\"@id\":\"https:\/\/portaltela.pt\/noticias\/2026\/04\/23\/tjue-confirma-anulacao-de-apoios-a-lufthansa\/\",\"url\":\"https:\/\/portaltela.pt\/noticias\/2026\/04\/23\/tjue-confirma-anulacao-de-apoios-a-lufthansa\/\",\"name\":\"TJUE confirma anula\u00e7\u00e3o de apoios \u00e0 Lufthansa - Portal Tela Portugal\",\"isPartOf\":{\"@id\":\"https:\/\/portaltela.pt\/#website\"},\"primaryImageOfPage\":{\"@id\":\"https:\/\/portaltela.pt\/noticias\/2026\/04\/23\/tjue-confirma-anulacao-de-apoios-a-lufthansa\/#primaryimage\"},\"image\":{\"@id\":\"https:\/\/portaltela.pt\/noticias\/2026\/04\/23\/tjue-confirma-anulacao-de-apoios-a-lufthansa\/#primaryimage\"},\"thumbnailUrl\":\"https:\/\/portaltela.pt\/s.01k8rhncp4jt1\/2026\/04\/CACHE_780X1200_ANALOG_WATERMARKED_46935341_172589618132632-1.jpg\",\"datePublished\":\"2026-04-23T09:57:00+00:00\",\"author\":{\"@id\":\"https:\/\/portaltela.pt\/#\/schema\/person\/c4278d4a6028830caff9ee44b42d32ed\"},\"breadcrumb\":{\"@id\":\"https:\/\/portaltela.pt\/noticias\/2026\/04\/23\/tjue-confirma-anulacao-de-apoios-a-lufthansa\/#breadcrumb\"},\"inLanguage\":\"pt-PT\",\"potentialAction\":[{\"@type\":\"ReadAction\",\"target\":[\"https:\/\/portaltela.pt\/noticias\/2026\/04\/23\/tjue-confirma-anulacao-de-apoios-a-lufthansa\/\"]}]},{\"@type\":\"ImageObject\",\"inLanguage\":\"pt-PT\",\"@id\":\"https:\/\/portaltela.pt\/noticias\/2026\/04\/23\/tjue-confirma-anulacao-de-apoios-a-lufthansa\/#primaryimage\",\"url\":\"https:\/\/portaltela.pt\/s.01k8rhncp4jt1\/2026\/04\/CACHE_780X1200_ANALOG_WATERMARKED_46935341_172589618132632-1.jpg\",\"contentUrl\":\"https:\/\/portaltela.pt\/s.01k8rhncp4jt1\/2026\/04\/CACHE_780X1200_ANALOG_WATERMARKED_46935341_172589618132632-1.jpg\",\"width\":768,\"height\":512,\"caption\":\"Photo\"},{\"@type\":\"BreadcrumbList\",\"@id\":\"https:\/\/portaltela.pt\/noticias\/2026\/04\/23\/tjue-confirma-anulacao-de-apoios-a-lufthansa\/#breadcrumb\",\"itemListElement\":[{\"@type\":\"ListItem\",\"position\":1,\"name\":\"In\u00edcio\",\"item\":\"https:\/\/portaltela.pt\/\"},{\"@type\":\"ListItem\",\"position\":2,\"name\":\"TJUE confirma anula\u00e7\u00e3o de apoios \u00e0 Lufthansa\"}]},{\"@type\":\"WebSite\",\"@id\":\"https:\/\/portaltela.pt\/#website\",\"url\":\"https:\/\/portaltela.pt\/\",\"name\":\"Portal Tela Portugal\",\"description\":\"\",\"potentialAction\":[{\"@type\":\"SearchAction\",\"target\":{\"@type\":\"EntryPoint\",\"urlTemplate\":\"https:\/\/portaltela.pt\/?s={search_term_string}\"},\"query-input\":{\"@type\":\"PropertyValueSpecification\",\"valueRequired\":true,\"valueName\":\"search_term_string\"}}],\"inLanguage\":\"pt-PT\"},{\"@type\":\"Person\",\"@id\":\"https:\/\/portaltela.pt\/#\/schema\/person\/c4278d4a6028830caff9ee44b42d32ed\",\"name\":\"Telinha\",\"image\":{\"@type\":\"ImageObject\",\"inLanguage\":\"pt-PT\",\"@id\":\"https:\/\/portaltela.pt\/s.01k8rhncp4jt1\/2025\/11\/talking-bot-125x125.png\",\"url\":\"https:\/\/portaltela.pt\/s.01k8rhncp4jt1\/2025\/11\/talking-bot-125x125.png\",\"contentUrl\":\"https:\/\/portaltela.pt\/s.01k8rhncp4jt1\/2025\/11\/talking-bot-125x125.png\",\"caption\":\"Telinha\"},\"sameAs\":[\"https:\/\/portaltela.pt\/\"],\"url\":\"https:\/\/portaltela.pt\/por\/367410592786\/\"}]}<\/script>\n<!-- \/ Yoast SEO plugin. -->","yoast_head_json":{"title":"TJUE confirma anula\u00e7\u00e3o de apoios \u00e0 Lufthansa - Portal Tela Portugal","robots":{"index":"index","follow":"follow","max-snippet":"max-snippet:-1","max-image-preview":"max-image-preview:large","max-video-preview":"max-video-preview:-1"},"og_locale":"pt_PT","og_type":"article","og_title":"TJUE confirma anula\u00e7\u00e3o de apoios \u00e0 Lufthansa - Portal Tela Portugal","og_description":"O Tribunal de Justi\u00e7a da Uni\u00e3o Europeia confirmou a anula\u00e7\u00e3o de ajudas \u00e0 Lufthansa. A not\u00edcia est\u00e1 acess\u00edvel apenas para subscritores, com indica\u00e7\u00e3o de entrada. A decis\u00e3o envolve apoios estatais concedidos \u00e0 Lufthansa. O trecho recebido n\u00e3o fornece datas ou detalhes adicionais do veredicto. O conte\u00fado completo pode exigir login para leitura integral.","og_url":"https:\/\/portaltela.pt\/noticias\/2026\/04\/23\/tjue-confirma-anulacao-de-apoios-a-lufthansa\/","og_site_name":"Portal Tela Portugal","article_published_time":"2026-04-23T09:57:00+00:00","author":"Telinha","twitter_card":"summary_large_image","twitter_misc":{"Escrito por":"Telinha","Tempo estimado de leitura":"1 minuto"},"schema":{"@context":"https:\/\/schema.org","@graph":[{"@type":"Article","@id":"https:\/\/portaltela.pt\/noticias\/2026\/04\/23\/tjue-confirma-anulacao-de-apoios-a-lufthansa\/#article","isPartOf":{"@id":"https:\/\/portaltela.pt\/noticias\/2026\/04\/23\/tjue-confirma-anulacao-de-apoios-a-lufthansa\/"},"author":{"name":"Telinha","@id":"https:\/\/portaltela.pt\/#\/schema\/person\/c4278d4a6028830caff9ee44b42d32ed"},"headline":"TJUE confirma anula\u00e7\u00e3o de apoios \u00e0 Lufthansa","datePublished":"2026-04-23T09:57:00+00:00","mainEntityOfPage":{"@id":"https:\/\/portaltela.pt\/noticias\/2026\/04\/23\/tjue-confirma-anulacao-de-apoios-a-lufthansa\/"},"wordCount":131,"image":{"@id":"https:\/\/portaltela.pt\/noticias\/2026\/04\/23\/tjue-confirma-anulacao-de-apoios-a-lufthansa\/#primaryimage"},"thumbnailUrl":"https:\/\/portaltela.pt\/s.01k8rhncp4jt1\/2026\/04\/CACHE_780X1200_ANALOG_WATERMARKED_46935341_172589618132632-1.jpg","keywords":["_a aeron\u00e1utica","_apoio p\u00fablico","_avia\u00e7\u00e3o","_Europa","_financiamento","_Uni\u00e3o Europeia"],"articleSection":["Economia","Neg\u00f3cios"],"inLanguage":"pt-PT"},{"@type":"WebPage","@id":"https:\/\/portaltela.pt\/noticias\/2026\/04\/23\/tjue-confirma-anulacao-de-apoios-a-lufthansa\/","url":"https:\/\/portaltela.pt\/noticias\/2026\/04\/23\/tjue-confirma-anulacao-de-apoios-a-lufthansa\/","name":"TJUE confirma anula\u00e7\u00e3o de apoios \u00e0 Lufthansa - Portal Tela Portugal","isPartOf":{"@id":"https:\/\/portaltela.pt\/#website"},"primaryImageOfPage":{"@id":"https:\/\/portaltela.pt\/noticias\/2026\/04\/23\/tjue-confirma-anulacao-de-apoios-a-lufthansa\/#primaryimage"},"image":{"@id":"https:\/\/portaltela.pt\/noticias\/2026\/04\/23\/tjue-confirma-anulacao-de-apoios-a-lufthansa\/#primaryimage"},"thumbnailUrl":"https:\/\/portaltela.pt\/s.01k8rhncp4jt1\/2026\/04\/CACHE_780X1200_ANALOG_WATERMARKED_46935341_172589618132632-1.jpg","datePublished":"2026-04-23T09:57:00+00:00","author":{"@id":"https:\/\/portaltela.pt\/#\/schema\/person\/c4278d4a6028830caff9ee44b42d32ed"},"breadcrumb":{"@id":"https:\/\/portaltela.pt\/noticias\/2026\/04\/23\/tjue-confirma-anulacao-de-apoios-a-lufthansa\/#breadcrumb"},"inLanguage":"pt-PT","potentialAction":[{"@type":"ReadAction","target":["https:\/\/portaltela.pt\/noticias\/2026\/04\/23\/tjue-confirma-anulacao-de-apoios-a-lufthansa\/"]}]},{"@type":"ImageObject","inLanguage":"pt-PT","@id":"https:\/\/portaltela.pt\/noticias\/2026\/04\/23\/tjue-confirma-anulacao-de-apoios-a-lufthansa\/#primaryimage","url":"https:\/\/portaltela.pt\/s.01k8rhncp4jt1\/2026\/04\/CACHE_780X1200_ANALOG_WATERMARKED_46935341_172589618132632-1.jpg","contentUrl":"https:\/\/portaltela.pt\/s.01k8rhncp4jt1\/2026\/04\/CACHE_780X1200_ANALOG_WATERMARKED_46935341_172589618132632-1.jpg","width":768,"height":512,"caption":"Photo"},{"@type":"BreadcrumbList","@id":"https:\/\/portaltela.pt\/noticias\/2026\/04\/23\/tjue-confirma-anulacao-de-apoios-a-lufthansa\/#breadcrumb","itemListElement":[{"@type":"ListItem","position":1,"name":"In\u00edcio","item":"https:\/\/portaltela.pt\/"},{"@type":"ListItem","position":2,"name":"TJUE confirma anula\u00e7\u00e3o de apoios \u00e0 Lufthansa"}]},{"@type":"WebSite","@id":"https:\/\/portaltela.pt\/#website","url":"https:\/\/portaltela.pt\/","name":"Portal Tela Portugal","description":"","potentialAction":[{"@type":"SearchAction","target":{"@type":"EntryPoint","urlTemplate":"https:\/\/portaltela.pt\/?s={search_term_string}"},"query-input":{"@type":"PropertyValueSpecification","valueRequired":true,"valueName":"search_term_string"}}],"inLanguage":"pt-PT"},{"@type":"Person","@id":"https:\/\/portaltela.pt\/#\/schema\/person\/c4278d4a6028830caff9ee44b42d32ed","name":"Telinha","image":{"@type":"ImageObject","inLanguage":"pt-PT","@id":"https:\/\/portaltela.pt\/s.01k8rhncp4jt1\/2025\/11\/talking-bot-125x125.png","url":"https:\/\/portaltela.pt\/s.01k8rhncp4jt1\/2025\/11\/talking-bot-125x125.png","contentUrl":"https:\/\/portaltela.pt\/s.01k8rhncp4jt1\/2025\/11\/talking-bot-125x125.png","caption":"Telinha"},"sameAs":["https:\/\/portaltela.pt\/"],"url":"https:\/\/portaltela.pt\/por\/367410592786\/"}]}},"_links":{"self":[{"href":"https:\/\/portaltela.pt\/api\/wp\/v2\/posts\/455767","targetHints":{"allow":["GET"]}}],"collection":[{"href":"https:\/\/portaltela.pt\/api\/wp\/v2\/posts"}],"about":[{"href":"https:\/\/portaltela.pt\/api\/wp\/v2\/types\/post"}],"author":[{"embeddable":true,"href":"https:\/\/portaltela.pt\/api\/wp\/v2\/users\/2"}],"replies":[{"embeddable":true,"href":"https:\/\/portaltela.pt\/api\/wp\/v2\/comments?post=455767"}],"version-history":[{"count":0,"href":"https:\/\/portaltela.pt\/api\/wp\/v2\/posts\/455767\/revisions"}],"wp:featuredmedia":[{"embeddable":true,"href":"https:\/\/portaltela.pt\/api\/wp\/v2\/media\/455768"}],"wp:attachment":[{"href":"https:\/\/portaltela.pt\/api\/wp\/v2\/media?parent=455767"}],"wp:term":[{"taxonomy":"category","embeddable":true,"href":"https:\/\/portaltela.pt\/api\/wp\/v2\/categories?post=455767"},{"taxonomy":"post_tag","embeddable":true,"href":"https:\/\/portaltela.pt\/api\/wp\/v2\/tags?post=455767"}],"curies":[{"name":"wp","href":"https:\/\/api.w.org\/{rel}","templated":true}]}}