{"id":455691,"date":"2026-04-23T06:48:13","date_gmt":"2026-04-23T09:48:13","guid":{"rendered":"https:\/\/portaltela.pt\/noticias\/2026\/04\/23\/daniel-nascimento-diz-que-decisao-nao-e-definitiva-apos-goucha-perder-com-o-fisco\/"},"modified":"2026-04-23T06:48:13","modified_gmt":"2026-04-23T09:48:13","slug":"daniel-nascimento-diz-que-decisao-nao-e-definitiva-apos-goucha-perder-com-o-fisco","status":"publish","type":"post","link":"https:\/\/portaltela.pt\/celebridades\/2026\/04\/23\/daniel-nascimento-diz-que-decisao-nao-e-definitiva-apos-goucha-perder-com-o-fisco\/","title":{"rendered":"Daniel Nascimento diz que decis\u00e3o n\u00e3o \u00e9 definitiva ap\u00f3s Goucha perder com o Fisco"},"content":{"rendered":"<p>Daniel Nascimento afirmou n\u00e3o ver a decis\u00e3o do Fisco como definitiva, ap\u00f3s Goucha ter perdido a disputa fiscal. A manchete ganhou relevo pela pr\u00f3pria cobertura da imprensa.<\/p>\n<p>Na emiss\u00e3o Noite das Estrelas, comentadores analisam o caso relacionado com a empresa criada por Manuel Lu\u00eds Goucha para imputar rendimentos, sugerindo que a estrat\u00e9gia adotada poder\u00e1 ter corrido mal.<\/p>\n<p>A discuss\u00e3o envolve ainda o papel da sociedade criada pelo apresentador, com analistas a questionarem a viabilidade da t\u00e1tica utilizada para imputar rendimentos, sem avan\u00e7ar com detalhes adicionais. A situa\u00e7\u00e3o permanece em an\u00e1lise pelas autoridades competentes.<\/p>\n","protected":false},"excerpt":{"rendered":"<ul>\n<li>Daniel Nascimento comenta que n\u00e3o v\u00ea a decis\u00e3o como definitiva, ap\u00f3s Goucha perder disputa com o Fisco.<\/li>\n<li>A not\u00edcia sustenta que a empresa criada por Manuel Lu\u00eds Goucha para imputar rendimentos pode ter sido a estrat\u00e9gia adotada.<\/li>\n<li>Comentadores da Noite das Estrelas sugerem que essa estrat\u00e9gia \u201ccorreu mal\u201d.<\/li>\n<li>O foco \u00e9 a disputa fiscal envolvendo Manuel Lu\u00eds Goucha e a sua empresa.<\/li>\n<li>A mat\u00e9ria n\u00e3o oferece ju\u00edzos de valor e mant\u00e9m o tom informativo e objetivo.<\/li>\n<\/ul>\n","protected":false},"author":2,"featured_media":455694,"comment_status":"closed","ping_status":"closed","sticky":false,"template":"","format":"standard","meta":{"footnotes":""},"categories":[6675],"tags":[5804,5326,3613,156,2318,6313],"class_list":["post-455691","post","type-post","status-publish","format-standard","has-post-thumbnail","hentry","category-celebridades","tag-comunicacao-institucional","tag-comunicacao-social","tag-impostos","tag-rendimentos","tag-sociedade","tag-sociedade-civil"],"yoast_head":"<!-- This site is optimized with the Yoast SEO plugin v27.2 - https:\/\/yoast.com\/product\/yoast-seo-wordpress\/ -->\n<title>Daniel Nascimento diz que decis\u00e3o n\u00e3o \u00e9 definitiva ap\u00f3s Goucha perder com o Fisco - Portal Tela Portugal<\/title>\n<meta name=\"robots\" content=\"index, follow, max-snippet:-1, max-image-preview:large, max-video-preview:-1\" \/>\n<meta property=\"og:locale\" content=\"pt_PT\" \/>\n<meta property=\"og:type\" content=\"article\" \/>\n<meta property=\"og:title\" content=\"Daniel Nascimento diz que decis\u00e3o n\u00e3o \u00e9 definitiva ap\u00f3s Goucha perder com o Fisco - Portal Tela Portugal\" \/>\n<meta property=\"og:description\" content=\"Daniel Nascimento comenta que n\u00e3o v\u00ea a decis\u00e3o como definitiva, ap\u00f3s Goucha perder disputa com o Fisco. A not\u00edcia sustenta que a empresa criada por Manuel Lu\u00eds Goucha para imputar rendimentos pode ter sido a estrat\u00e9gia adotada. Comentadores da Noite das Estrelas sugerem que essa estrat\u00e9gia \u201ccorreu mal\u201d. O foco \u00e9 a disputa fiscal envolvendo Manuel Lu\u00eds Goucha e a sua empresa. A mat\u00e9ria n\u00e3o oferece ju\u00edzos de valor e mant\u00e9m o tom informativo e objetivo.\" \/>\n<meta property=\"og:url\" content=\"https:\/\/portaltela.pt\/noticias\/2026\/04\/23\/daniel-nascimento-diz-que-decisao-nao-e-definitiva-apos-goucha-perder-com-o-fisco\/\" \/>\n<meta property=\"og:site_name\" content=\"Portal Tela Portugal\" \/>\n<meta property=\"article:published_time\" content=\"2026-04-23T09:48:13+00:00\" \/>\n<meta name=\"author\" content=\"Telinha\" \/>\n<meta name=\"twitter:card\" content=\"summary_large_image\" \/>\n<meta name=\"twitter:label1\" content=\"Escrito por\" \/>\n\t<meta name=\"twitter:data1\" content=\"Telinha\" \/>\n\t<meta name=\"twitter:label2\" content=\"Tempo estimado de leitura\" \/>\n\t<meta name=\"twitter:data2\" content=\"1 minuto\" \/>\n<script type=\"application\/ld+json\" class=\"yoast-schema-graph\">{\"@context\":\"https:\/\/schema.org\",\"@graph\":[{\"@type\":\"Article\",\"@id\":\"https:\/\/portaltela.pt\/noticias\/2026\/04\/23\/daniel-nascimento-diz-que-decisao-nao-e-definitiva-apos-goucha-perder-com-o-fisco\/#article\",\"isPartOf\":{\"@id\":\"https:\/\/portaltela.pt\/noticias\/2026\/04\/23\/daniel-nascimento-diz-que-decisao-nao-e-definitiva-apos-goucha-perder-com-o-fisco\/\"},\"author\":{\"name\":\"Telinha\",\"@id\":\"https:\/\/portaltela.pt\/#\/schema\/person\/c4278d4a6028830caff9ee44b42d32ed\"},\"headline\":\"Daniel Nascimento diz que decis\u00e3o n\u00e3o \u00e9 definitiva ap\u00f3s Goucha perder com o Fisco\",\"datePublished\":\"2026-04-23T09:48:13+00:00\",\"mainEntityOfPage\":{\"@id\":\"https:\/\/portaltela.pt\/noticias\/2026\/04\/23\/daniel-nascimento-diz-que-decisao-nao-e-definitiva-apos-goucha-perder-com-o-fisco\/\"},\"wordCount\":121,\"image\":{\"@id\":\"https:\/\/portaltela.pt\/noticias\/2026\/04\/23\/daniel-nascimento-diz-que-decisao-nao-e-definitiva-apos-goucha-perder-com-o-fisco\/#primaryimage\"},\"thumbnailUrl\":\"https:\/\/portaltela.pt\/s.01k8rhncp4jt1\/2026\/04\/img_1280x722uu2026-04-23-10-37-01-2280478.jpg\",\"keywords\":[\"comunica\u00e7\u00e3o institucional\",\"comunica\u00e7\u00e3o social\",\"impostos\",\"rendimentos\",\"sociedade\",\"sociedade civil\"],\"articleSection\":[\"Celebridades\"],\"inLanguage\":\"pt-PT\"},{\"@type\":\"WebPage\",\"@id\":\"https:\/\/portaltela.pt\/noticias\/2026\/04\/23\/daniel-nascimento-diz-que-decisao-nao-e-definitiva-apos-goucha-perder-com-o-fisco\/\",\"url\":\"https:\/\/portaltela.pt\/noticias\/2026\/04\/23\/daniel-nascimento-diz-que-decisao-nao-e-definitiva-apos-goucha-perder-com-o-fisco\/\",\"name\":\"Daniel Nascimento diz que decis\u00e3o n\u00e3o \u00e9 definitiva ap\u00f3s Goucha perder com o Fisco - Portal Tela Portugal\",\"isPartOf\":{\"@id\":\"https:\/\/portaltela.pt\/#website\"},\"primaryImageOfPage\":{\"@id\":\"https:\/\/portaltela.pt\/noticias\/2026\/04\/23\/daniel-nascimento-diz-que-decisao-nao-e-definitiva-apos-goucha-perder-com-o-fisco\/#primaryimage\"},\"image\":{\"@id\":\"https:\/\/portaltela.pt\/noticias\/2026\/04\/23\/daniel-nascimento-diz-que-decisao-nao-e-definitiva-apos-goucha-perder-com-o-fisco\/#primaryimage\"},\"thumbnailUrl\":\"https:\/\/portaltela.pt\/s.01k8rhncp4jt1\/2026\/04\/img_1280x722uu2026-04-23-10-37-01-2280478.jpg\",\"datePublished\":\"2026-04-23T09:48:13+00:00\",\"author\":{\"@id\":\"https:\/\/portaltela.pt\/#\/schema\/person\/c4278d4a6028830caff9ee44b42d32ed\"},\"breadcrumb\":{\"@id\":\"https:\/\/portaltela.pt\/noticias\/2026\/04\/23\/daniel-nascimento-diz-que-decisao-nao-e-definitiva-apos-goucha-perder-com-o-fisco\/#breadcrumb\"},\"inLanguage\":\"pt-PT\",\"potentialAction\":[{\"@type\":\"ReadAction\",\"target\":[\"https:\/\/portaltela.pt\/noticias\/2026\/04\/23\/daniel-nascimento-diz-que-decisao-nao-e-definitiva-apos-goucha-perder-com-o-fisco\/\"]}]},{\"@type\":\"ImageObject\",\"inLanguage\":\"pt-PT\",\"@id\":\"https:\/\/portaltela.pt\/noticias\/2026\/04\/23\/daniel-nascimento-diz-que-decisao-nao-e-definitiva-apos-goucha-perder-com-o-fisco\/#primaryimage\",\"url\":\"https:\/\/portaltela.pt\/s.01k8rhncp4jt1\/2026\/04\/img_1280x722uu2026-04-23-10-37-01-2280478.jpg\",\"contentUrl\":\"https:\/\/portaltela.pt\/s.01k8rhncp4jt1\/2026\/04\/img_1280x722uu2026-04-23-10-37-01-2280478.jpg\",\"width\":796,\"height\":448,\"caption\":\"Photo\"},{\"@type\":\"BreadcrumbList\",\"@id\":\"https:\/\/portaltela.pt\/noticias\/2026\/04\/23\/daniel-nascimento-diz-que-decisao-nao-e-definitiva-apos-goucha-perder-com-o-fisco\/#breadcrumb\",\"itemListElement\":[{\"@type\":\"ListItem\",\"position\":1,\"name\":\"In\u00edcio\",\"item\":\"https:\/\/portaltela.pt\/\"},{\"@type\":\"ListItem\",\"position\":2,\"name\":\"Daniel Nascimento diz que decis\u00e3o n\u00e3o \u00e9 definitiva ap\u00f3s Goucha perder com o Fisco\"}]},{\"@type\":\"WebSite\",\"@id\":\"https:\/\/portaltela.pt\/#website\",\"url\":\"https:\/\/portaltela.pt\/\",\"name\":\"Portal Tela Portugal\",\"description\":\"\",\"potentialAction\":[{\"@type\":\"SearchAction\",\"target\":{\"@type\":\"EntryPoint\",\"urlTemplate\":\"https:\/\/portaltela.pt\/?s={search_term_string}\"},\"query-input\":{\"@type\":\"PropertyValueSpecification\",\"valueRequired\":true,\"valueName\":\"search_term_string\"}}],\"inLanguage\":\"pt-PT\"},{\"@type\":\"Person\",\"@id\":\"https:\/\/portaltela.pt\/#\/schema\/person\/c4278d4a6028830caff9ee44b42d32ed\",\"name\":\"Telinha\",\"image\":{\"@type\":\"ImageObject\",\"inLanguage\":\"pt-PT\",\"@id\":\"https:\/\/portaltela.pt\/s.01k8rhncp4jt1\/2025\/11\/talking-bot-125x125.png\",\"url\":\"https:\/\/portaltela.pt\/s.01k8rhncp4jt1\/2025\/11\/talking-bot-125x125.png\",\"contentUrl\":\"https:\/\/portaltela.pt\/s.01k8rhncp4jt1\/2025\/11\/talking-bot-125x125.png\",\"caption\":\"Telinha\"},\"sameAs\":[\"https:\/\/portaltela.pt\/\"],\"url\":\"https:\/\/portaltela.pt\/por\/367410592786\/\"}]}<\/script>\n<!-- \/ Yoast SEO plugin. -->","yoast_head_json":{"title":"Daniel Nascimento diz que decis\u00e3o n\u00e3o \u00e9 definitiva ap\u00f3s Goucha perder com o Fisco - Portal Tela Portugal","robots":{"index":"index","follow":"follow","max-snippet":"max-snippet:-1","max-image-preview":"max-image-preview:large","max-video-preview":"max-video-preview:-1"},"og_locale":"pt_PT","og_type":"article","og_title":"Daniel Nascimento diz que decis\u00e3o n\u00e3o \u00e9 definitiva ap\u00f3s Goucha perder com o Fisco - Portal Tela Portugal","og_description":"Daniel Nascimento comenta que n\u00e3o v\u00ea a decis\u00e3o como definitiva, ap\u00f3s Goucha perder disputa com o Fisco. A not\u00edcia sustenta que a empresa criada por Manuel Lu\u00eds Goucha para imputar rendimentos pode ter sido a estrat\u00e9gia adotada. Comentadores da Noite das Estrelas sugerem que essa estrat\u00e9gia \u201ccorreu mal\u201d. O foco \u00e9 a disputa fiscal envolvendo Manuel Lu\u00eds Goucha e a sua empresa. A mat\u00e9ria n\u00e3o oferece ju\u00edzos de valor e mant\u00e9m o tom informativo e objetivo.","og_url":"https:\/\/portaltela.pt\/noticias\/2026\/04\/23\/daniel-nascimento-diz-que-decisao-nao-e-definitiva-apos-goucha-perder-com-o-fisco\/","og_site_name":"Portal Tela Portugal","article_published_time":"2026-04-23T09:48:13+00:00","author":"Telinha","twitter_card":"summary_large_image","twitter_misc":{"Escrito por":"Telinha","Tempo estimado de leitura":"1 minuto"},"schema":{"@context":"https:\/\/schema.org","@graph":[{"@type":"Article","@id":"https:\/\/portaltela.pt\/noticias\/2026\/04\/23\/daniel-nascimento-diz-que-decisao-nao-e-definitiva-apos-goucha-perder-com-o-fisco\/#article","isPartOf":{"@id":"https:\/\/portaltela.pt\/noticias\/2026\/04\/23\/daniel-nascimento-diz-que-decisao-nao-e-definitiva-apos-goucha-perder-com-o-fisco\/"},"author":{"name":"Telinha","@id":"https:\/\/portaltela.pt\/#\/schema\/person\/c4278d4a6028830caff9ee44b42d32ed"},"headline":"Daniel Nascimento diz que decis\u00e3o n\u00e3o \u00e9 definitiva ap\u00f3s Goucha perder com o Fisco","datePublished":"2026-04-23T09:48:13+00:00","mainEntityOfPage":{"@id":"https:\/\/portaltela.pt\/noticias\/2026\/04\/23\/daniel-nascimento-diz-que-decisao-nao-e-definitiva-apos-goucha-perder-com-o-fisco\/"},"wordCount":121,"image":{"@id":"https:\/\/portaltela.pt\/noticias\/2026\/04\/23\/daniel-nascimento-diz-que-decisao-nao-e-definitiva-apos-goucha-perder-com-o-fisco\/#primaryimage"},"thumbnailUrl":"https:\/\/portaltela.pt\/s.01k8rhncp4jt1\/2026\/04\/img_1280x722uu2026-04-23-10-37-01-2280478.jpg","keywords":["comunica\u00e7\u00e3o institucional","comunica\u00e7\u00e3o social","impostos","rendimentos","sociedade","sociedade civil"],"articleSection":["Celebridades"],"inLanguage":"pt-PT"},{"@type":"WebPage","@id":"https:\/\/portaltela.pt\/noticias\/2026\/04\/23\/daniel-nascimento-diz-que-decisao-nao-e-definitiva-apos-goucha-perder-com-o-fisco\/","url":"https:\/\/portaltela.pt\/noticias\/2026\/04\/23\/daniel-nascimento-diz-que-decisao-nao-e-definitiva-apos-goucha-perder-com-o-fisco\/","name":"Daniel Nascimento diz que decis\u00e3o n\u00e3o \u00e9 definitiva ap\u00f3s Goucha perder com o Fisco - Portal Tela Portugal","isPartOf":{"@id":"https:\/\/portaltela.pt\/#website"},"primaryImageOfPage":{"@id":"https:\/\/portaltela.pt\/noticias\/2026\/04\/23\/daniel-nascimento-diz-que-decisao-nao-e-definitiva-apos-goucha-perder-com-o-fisco\/#primaryimage"},"image":{"@id":"https:\/\/portaltela.pt\/noticias\/2026\/04\/23\/daniel-nascimento-diz-que-decisao-nao-e-definitiva-apos-goucha-perder-com-o-fisco\/#primaryimage"},"thumbnailUrl":"https:\/\/portaltela.pt\/s.01k8rhncp4jt1\/2026\/04\/img_1280x722uu2026-04-23-10-37-01-2280478.jpg","datePublished":"2026-04-23T09:48:13+00:00","author":{"@id":"https:\/\/portaltela.pt\/#\/schema\/person\/c4278d4a6028830caff9ee44b42d32ed"},"breadcrumb":{"@id":"https:\/\/portaltela.pt\/noticias\/2026\/04\/23\/daniel-nascimento-diz-que-decisao-nao-e-definitiva-apos-goucha-perder-com-o-fisco\/#breadcrumb"},"inLanguage":"pt-PT","potentialAction":[{"@type":"ReadAction","target":["https:\/\/portaltela.pt\/noticias\/2026\/04\/23\/daniel-nascimento-diz-que-decisao-nao-e-definitiva-apos-goucha-perder-com-o-fisco\/"]}]},{"@type":"ImageObject","inLanguage":"pt-PT","@id":"https:\/\/portaltela.pt\/noticias\/2026\/04\/23\/daniel-nascimento-diz-que-decisao-nao-e-definitiva-apos-goucha-perder-com-o-fisco\/#primaryimage","url":"https:\/\/portaltela.pt\/s.01k8rhncp4jt1\/2026\/04\/img_1280x722uu2026-04-23-10-37-01-2280478.jpg","contentUrl":"https:\/\/portaltela.pt\/s.01k8rhncp4jt1\/2026\/04\/img_1280x722uu2026-04-23-10-37-01-2280478.jpg","width":796,"height":448,"caption":"Photo"},{"@type":"BreadcrumbList","@id":"https:\/\/portaltela.pt\/noticias\/2026\/04\/23\/daniel-nascimento-diz-que-decisao-nao-e-definitiva-apos-goucha-perder-com-o-fisco\/#breadcrumb","itemListElement":[{"@type":"ListItem","position":1,"name":"In\u00edcio","item":"https:\/\/portaltela.pt\/"},{"@type":"ListItem","position":2,"name":"Daniel Nascimento diz que decis\u00e3o n\u00e3o \u00e9 definitiva ap\u00f3s Goucha perder com o Fisco"}]},{"@type":"WebSite","@id":"https:\/\/portaltela.pt\/#website","url":"https:\/\/portaltela.pt\/","name":"Portal Tela Portugal","description":"","potentialAction":[{"@type":"SearchAction","target":{"@type":"EntryPoint","urlTemplate":"https:\/\/portaltela.pt\/?s={search_term_string}"},"query-input":{"@type":"PropertyValueSpecification","valueRequired":true,"valueName":"search_term_string"}}],"inLanguage":"pt-PT"},{"@type":"Person","@id":"https:\/\/portaltela.pt\/#\/schema\/person\/c4278d4a6028830caff9ee44b42d32ed","name":"Telinha","image":{"@type":"ImageObject","inLanguage":"pt-PT","@id":"https:\/\/portaltela.pt\/s.01k8rhncp4jt1\/2025\/11\/talking-bot-125x125.png","url":"https:\/\/portaltela.pt\/s.01k8rhncp4jt1\/2025\/11\/talking-bot-125x125.png","contentUrl":"https:\/\/portaltela.pt\/s.01k8rhncp4jt1\/2025\/11\/talking-bot-125x125.png","caption":"Telinha"},"sameAs":["https:\/\/portaltela.pt\/"],"url":"https:\/\/portaltela.pt\/por\/367410592786\/"}]}},"_links":{"self":[{"href":"https:\/\/portaltela.pt\/api\/wp\/v2\/posts\/455691","targetHints":{"allow":["GET"]}}],"collection":[{"href":"https:\/\/portaltela.pt\/api\/wp\/v2\/posts"}],"about":[{"href":"https:\/\/portaltela.pt\/api\/wp\/v2\/types\/post"}],"author":[{"embeddable":true,"href":"https:\/\/portaltela.pt\/api\/wp\/v2\/users\/2"}],"replies":[{"embeddable":true,"href":"https:\/\/portaltela.pt\/api\/wp\/v2\/comments?post=455691"}],"version-history":[{"count":0,"href":"https:\/\/portaltela.pt\/api\/wp\/v2\/posts\/455691\/revisions"}],"wp:featuredmedia":[{"embeddable":true,"href":"https:\/\/portaltela.pt\/api\/wp\/v2\/media\/455694"}],"wp:attachment":[{"href":"https:\/\/portaltela.pt\/api\/wp\/v2\/media?parent=455691"}],"wp:term":[{"taxonomy":"category","embeddable":true,"href":"https:\/\/portaltela.pt\/api\/wp\/v2\/categories?post=455691"},{"taxonomy":"post_tag","embeddable":true,"href":"https:\/\/portaltela.pt\/api\/wp\/v2\/tags?post=455691"}],"curies":[{"name":"wp","href":"https:\/\/api.w.org\/{rel}","templated":true}]}}