{"id":455666,"date":"2026-04-23T05:51:00","date_gmt":"2026-04-23T08:51:00","guid":{"rendered":"https:\/\/portaltela.pt\/noticias\/2026\/04\/23\/estreias-desta-semana-incluem-projecto-global-e-a-rapariga-que-sabia-demais\/"},"modified":"2026-04-23T05:51:00","modified_gmt":"2026-04-23T08:51:00","slug":"estreias-desta-semana-incluem-projecto-global-e-a-rapariga-que-sabia-demais","status":"publish","type":"post","link":"https:\/\/portaltela.pt\/noticias\/2026\/04\/23\/estreias-desta-semana-incluem-projecto-global-e-a-rapariga-que-sabia-demais\/","title":{"rendered":"Estreias desta semana incluem Projecto Global e A Rapariga Que Sabia Demais"},"content":{"rendered":"<p>Projecto Global, A Rapariga Que Sabia Demais e outras estreias marcam a semana nas salas nacionais. A programa\u00e7\u00e3o inclui cinebiografia de Michael Jackson, al\u00e9m de My Way, sobre a origem da can\u00e7\u00e3o imortalizada por Frank Sinatra. A sele\u00e7\u00e3o mistura fic\u00e7\u00e3o, document\u00e1rio e cinema hist\u00f3rico, com debate sobre privacidade, fam\u00edlia e arte.<\/p>\n<p>Em Projecto Global, passamos para 1980, Portugal. FP-25 permanece clandestina e visa uma cr\u00edtica \u00e0 democracia, ap\u00f3s atentados e assaltos. O realizador Ivo M. Ferreira assina a direc\u00e7\u00e3o e o gui\u00e3o com H\u00e9lder Beja, com apoio do historiador Francisco Bairr\u00e3o Ruivo. O filme integra o festival de Roterd\u00e3o e ter\u00e1 vers\u00e3o para televis\u00e3o.<\/p>\n<p>A Rapariga Que Sabia Demais acompanha uma fam\u00edlia sob stress. Marielle ganha a faculdade de perceber pensamentos alheios dos pais Julia e Tobias, criando tens\u00e3o entre todos. O filme compete no Festival de Berlim, recebendo uma men\u00e7\u00e3o especial do J\u00fari do Pr\u00e9mio Guild.<\/p>\n<h3>Aprender<\/h3>\n<p>Claire Simon observa um ano letivo numa escola de primeiro ciclo nos sub\u00farbios de Paris. O document\u00e1rio foca a coopera\u00e7\u00e3o entre professores, alunos e familiares, destacando a aprendizagem como processo humano. O filme exp\u00f5e o valor da intera\u00e7\u00e3o positiva no espa\u00e7o escolar.<\/p>\n<h3>A Mulher Mais Rica do Mundo<\/h3>\n<p>Marianne Farr\u00e8re, interpretada por Isabelle Huppert, \u00e9 uma das pessoas mais ricas do mundo. A rela\u00e7\u00e3o com o fot\u00f3grafo Pierre-Alain Fantin revela depend\u00eancia econ\u00f3mica e emocional. A filha Fr\u00e9d\u00e9rique age para impedir abusos legais, num filme inspirado em Liliane Bettencourt.<\/p>\n<p>Michael<\/p>\n<p>Jaafar Jackson d\u00e1 rosto ao \u00edcone Michael Jackson, explorando a inf\u00e2ncia, a ascens\u00e3o com os Jackson 5 e a carreira solo na d\u00e9cada de 1980. O filme aborda a luta entre brilho p\u00fablico e privacidade, com constela\u00e7\u00e3o de actores como Colman Domingo e Nia Long.<\/p>\n<p>My Way &#8211; A Hist\u00f3ria de Uma Can\u00e7\u00e3o<\/p>\n<p>Narrado por Jane Fonda, o filme explica a g\u00eanese de Comme d\u2019habitude, adaptada por Paul Anka para My Way. Cannes apresenta a obra fora de competi\u00e7\u00e3o, com realiza\u00e7\u00e3o de Lisa Azuelos e Thierry Teston. A narrativa tra\u00e7a a influ\u00eancia da can\u00e7\u00e3o na cultura pop.<\/p>\n<p>Cherchez la Femme<\/p>\n<p>Lisboa e Paris inauguram a hist\u00f3ria de L\u00facio Vaz e Ricardo de Loureiro, dois amigos transformados pelo amor de Marta. O filme, finalizado postumamente por Pandora da Cunha Telles, junta-se a um universo de S\u00e1-Carneiro e modernismo portugu\u00eas.<\/p>\n<p>Ch\u00e3o Verde de P\u00e1ssaros Escritos<\/p>\n<p>Luandino Vieira, figura-chave da literatura angolana, revisita o Tarrafal. Tra\u00e7ando uma vida marcada pela pris\u00e3o e pela resist\u00eancia, o filme junta Vieira a Sandra In\u00eas Cruz e Daniel Silva para olhar ao passado colonial. A produ\u00e7\u00e3o discute mem\u00f3ria, coragem e liberta\u00e7\u00e3o.<\/p>\n<p>Este conjunto de estreias oferece uma vis\u00e3o ampla do cinema atual, com foco na identidade, na hist\u00f3ria e no impacto social. As informa\u00e7\u00f5es de salas e hor\u00e1rios est\u00e3o dispon\u00edveis nos canais habituais das plataformas de cinema.<\/p>\n","protected":false},"excerpt":{"rendered":"<ul>\n<li>Projecto Global transporta-nos a Portugal, 1980, onde, seis anos ap\u00f3s a Revolu\u00e7\u00e3o dos Cravos, for\u00e7as clandestinas como as For\u00e7as Populares 25 de Abril continuam perseguidas; o filme \u00e9 da produ\u00e7\u00e3o de Sandro Aguilar e Lu\u00eds Urbano, realizado por Ivo M. Ferreira, com vers\u00e3o para s\u00e9rie de televis\u00e3o e sele\u00e7\u00e3o para Roterd\u00e3o.<\/li>\n<li>A Rapariga Que Sabia Demais acompanha Marielle, que ganha a capacidade de ver e ouvir o que Julia e Tobias, os pais, fazem; no Festival de Berlim recebe uma men\u00e7\u00e3o especial do J\u00fari do Pr\u00e9mio Guild.<\/li>\n<li>Aprender acompanha, ao longo de um ano letivo, o quotidiano numa escola de primeiro ciclo dos sub\u00farbios de Paris, destacando a import\u00e2ncia da intera\u00e7\u00e3o entre todos os intervenientes na constru\u00e7\u00e3o da aprendizagem.<\/li>\n<li>A Mulher Mais Rica do Mundo foca-se em Marianne Farr\u00e8re, milion\u00e1ria contida cuja rela\u00e7\u00e3o com o fot\u00f3grafo Pierre-Alain Fantin levanta quest\u00f5es \u00e9ticas; inspirado no caso Liliane Bettencourt, com elenco de peso e ongoing drama legal.<\/li>\n<li>Michael apresenta a vida de Michael Jackson, desde a inf\u00e2ncia aos The Jackson 5 at\u00e9 \u00e0 carreira solo, num biogr\u00e1fico realizado por Antoine Fuqua, com Jaafar Jackson no papel principal e elenco destacado.<\/li>\n<\/ul>\n","protected":false},"author":2,"featured_media":455668,"comment_status":"closed","ping_status":"closed","sticky":false,"template":"","format":"standard","meta":{"footnotes":""},"categories":[7375,1],"tags":[1158,112,145,196,5242,1014],"class_list":["post-455666","post","type-post","status-publish","format-standard","has-post-thumbnail","hentry","category-cultura","category-noticias","tag-berlim","tag-cinema","tag-cultura","tag-documentarios","tag-filmes","tag-portugal"],"yoast_head":"<!-- This site is optimized with the Yoast SEO plugin v27.2 - https:\/\/yoast.com\/product\/yoast-seo-wordpress\/ -->\n<title>Estreias desta semana incluem Projecto Global e A Rapariga Que Sabia Demais - Portal Tela Portugal<\/title>\n<meta name=\"robots\" content=\"index, follow, max-snippet:-1, max-image-preview:large, max-video-preview:-1\" \/>\n<meta property=\"og:locale\" content=\"pt_PT\" \/>\n<meta property=\"og:type\" content=\"article\" \/>\n<meta property=\"og:title\" content=\"Estreias desta semana incluem Projecto Global e A Rapariga Que Sabia Demais - Portal Tela Portugal\" \/>\n<meta property=\"og:description\" content=\"Projecto Global transporta-nos a Portugal, 1980, onde, seis anos ap\u00f3s a Revolu\u00e7\u00e3o dos Cravos, for\u00e7as clandestinas como as For\u00e7as Populares 25 de Abril continuam perseguidas; o filme \u00e9 da produ\u00e7\u00e3o de Sandro Aguilar e Lu\u00eds Urbano, realizado por Ivo M. Ferreira, com vers\u00e3o para s\u00e9rie de televis\u00e3o e sele\u00e7\u00e3o para Roterd\u00e3o. A Rapariga Que Sabia Demais acompanha Marielle, que ganha a capacidade de ver e ouvir o que Julia e Tobias, os pais, fazem; no Festival de Berlim recebe uma men\u00e7\u00e3o especial do J\u00fari do Pr\u00e9mio Guild. Aprender acompanha, ao longo de um ano letivo, o quotidiano numa escola de primeiro ciclo dos sub\u00farbios de Paris, destacando a import\u00e2ncia da intera\u00e7\u00e3o entre todos os intervenientes na constru\u00e7\u00e3o da aprendizagem. A Mulher Mais Rica do Mundo foca-se em Marianne Farr\u00e8re, milion\u00e1ria contida cuja rela\u00e7\u00e3o com o fot\u00f3grafo Pierre-Alain Fantin levanta quest\u00f5es \u00e9ticas; inspirado no caso Liliane Bettencourt, com elenco de peso e ongoing drama legal. Michael apresenta a vida de Michael Jackson, desde a inf\u00e2ncia aos The Jackson 5 at\u00e9 \u00e0 carreira solo, num biogr\u00e1fico realizado por Antoine Fuqua, com Jaafar Jackson no papel principal e elenco destacado.\" \/>\n<meta property=\"og:url\" content=\"https:\/\/portaltela.pt\/noticias\/2026\/04\/23\/estreias-desta-semana-incluem-projecto-global-e-a-rapariga-que-sabia-demais\/\" \/>\n<meta property=\"og:site_name\" content=\"Portal Tela Portugal\" \/>\n<meta property=\"article:published_time\" content=\"2026-04-23T08:51:00+00:00\" \/>\n<meta name=\"author\" content=\"Telinha\" \/>\n<meta name=\"twitter:card\" content=\"summary_large_image\" \/>\n<meta name=\"twitter:label1\" content=\"Escrito por\" \/>\n\t<meta name=\"twitter:data1\" content=\"Telinha\" \/>\n\t<meta name=\"twitter:label2\" content=\"Tempo estimado de leitura\" \/>\n\t<meta name=\"twitter:data2\" content=\"3 minutos\" \/>\n<script type=\"application\/ld+json\" class=\"yoast-schema-graph\">{\"@context\":\"https:\/\/schema.org\",\"@graph\":[{\"@type\":\"Article\",\"@id\":\"https:\/\/portaltela.pt\/noticias\/2026\/04\/23\/estreias-desta-semana-incluem-projecto-global-e-a-rapariga-que-sabia-demais\/#article\",\"isPartOf\":{\"@id\":\"https:\/\/portaltela.pt\/noticias\/2026\/04\/23\/estreias-desta-semana-incluem-projecto-global-e-a-rapariga-que-sabia-demais\/\"},\"author\":{\"name\":\"Telinha\",\"@id\":\"https:\/\/portaltela.pt\/#\/schema\/person\/c4278d4a6028830caff9ee44b42d32ed\"},\"headline\":\"Estreias desta semana incluem Projecto Global e A Rapariga Que Sabia Demais\",\"datePublished\":\"2026-04-23T08:51:00+00:00\",\"mainEntityOfPage\":{\"@id\":\"https:\/\/portaltela.pt\/noticias\/2026\/04\/23\/estreias-desta-semana-incluem-projecto-global-e-a-rapariga-que-sabia-demais\/\"},\"wordCount\":532,\"image\":{\"@id\":\"https:\/\/portaltela.pt\/noticias\/2026\/04\/23\/estreias-desta-semana-incluem-projecto-global-e-a-rapariga-que-sabia-demais\/#primaryimage\"},\"thumbnailUrl\":\"https:\/\/portaltela.pt\/s.01k8rhncp4jt1\/2026\/04\/2082630.jpg\",\"keywords\":[\"Berlim\",\"cinema\",\"cultura\",\"document\u00e1rios\",\"filmes\",\"Portugal\"],\"articleSection\":[\"Cultura\",\"Not\u00edcias\"],\"inLanguage\":\"pt-PT\"},{\"@type\":\"WebPage\",\"@id\":\"https:\/\/portaltela.pt\/noticias\/2026\/04\/23\/estreias-desta-semana-incluem-projecto-global-e-a-rapariga-que-sabia-demais\/\",\"url\":\"https:\/\/portaltela.pt\/noticias\/2026\/04\/23\/estreias-desta-semana-incluem-projecto-global-e-a-rapariga-que-sabia-demais\/\",\"name\":\"Estreias desta semana incluem Projecto Global e A Rapariga Que Sabia Demais - Portal Tela Portugal\",\"isPartOf\":{\"@id\":\"https:\/\/portaltela.pt\/#website\"},\"primaryImageOfPage\":{\"@id\":\"https:\/\/portaltela.pt\/noticias\/2026\/04\/23\/estreias-desta-semana-incluem-projecto-global-e-a-rapariga-que-sabia-demais\/#primaryimage\"},\"image\":{\"@id\":\"https:\/\/portaltela.pt\/noticias\/2026\/04\/23\/estreias-desta-semana-incluem-projecto-global-e-a-rapariga-que-sabia-demais\/#primaryimage\"},\"thumbnailUrl\":\"https:\/\/portaltela.pt\/s.01k8rhncp4jt1\/2026\/04\/2082630.jpg\",\"datePublished\":\"2026-04-23T08:51:00+00:00\",\"author\":{\"@id\":\"https:\/\/portaltela.pt\/#\/schema\/person\/c4278d4a6028830caff9ee44b42d32ed\"},\"breadcrumb\":{\"@id\":\"https:\/\/portaltela.pt\/noticias\/2026\/04\/23\/estreias-desta-semana-incluem-projecto-global-e-a-rapariga-que-sabia-demais\/#breadcrumb\"},\"inLanguage\":\"pt-PT\",\"potentialAction\":[{\"@type\":\"ReadAction\",\"target\":[\"https:\/\/portaltela.pt\/noticias\/2026\/04\/23\/estreias-desta-semana-incluem-projecto-global-e-a-rapariga-que-sabia-demais\/\"]}]},{\"@type\":\"ImageObject\",\"inLanguage\":\"pt-PT\",\"@id\":\"https:\/\/portaltela.pt\/noticias\/2026\/04\/23\/estreias-desta-semana-incluem-projecto-global-e-a-rapariga-que-sabia-demais\/#primaryimage\",\"url\":\"https:\/\/portaltela.pt\/s.01k8rhncp4jt1\/2026\/04\/2082630.jpg\",\"contentUrl\":\"https:\/\/portaltela.pt\/s.01k8rhncp4jt1\/2026\/04\/2082630.jpg\",\"width\":796,\"height\":448,\"caption\":\"Projecto Global\"},{\"@type\":\"BreadcrumbList\",\"@id\":\"https:\/\/portaltela.pt\/noticias\/2026\/04\/23\/estreias-desta-semana-incluem-projecto-global-e-a-rapariga-que-sabia-demais\/#breadcrumb\",\"itemListElement\":[{\"@type\":\"ListItem\",\"position\":1,\"name\":\"In\u00edcio\",\"item\":\"https:\/\/portaltela.pt\/\"},{\"@type\":\"ListItem\",\"position\":2,\"name\":\"Estreias desta semana incluem Projecto Global e A Rapariga Que Sabia Demais\"}]},{\"@type\":\"WebSite\",\"@id\":\"https:\/\/portaltela.pt\/#website\",\"url\":\"https:\/\/portaltela.pt\/\",\"name\":\"Portal Tela Portugal\",\"description\":\"\",\"potentialAction\":[{\"@type\":\"SearchAction\",\"target\":{\"@type\":\"EntryPoint\",\"urlTemplate\":\"https:\/\/portaltela.pt\/?s={search_term_string}\"},\"query-input\":{\"@type\":\"PropertyValueSpecification\",\"valueRequired\":true,\"valueName\":\"search_term_string\"}}],\"inLanguage\":\"pt-PT\"},{\"@type\":\"Person\",\"@id\":\"https:\/\/portaltela.pt\/#\/schema\/person\/c4278d4a6028830caff9ee44b42d32ed\",\"name\":\"Telinha\",\"image\":{\"@type\":\"ImageObject\",\"inLanguage\":\"pt-PT\",\"@id\":\"https:\/\/portaltela.pt\/s.01k8rhncp4jt1\/2025\/11\/talking-bot-125x125.png\",\"url\":\"https:\/\/portaltela.pt\/s.01k8rhncp4jt1\/2025\/11\/talking-bot-125x125.png\",\"contentUrl\":\"https:\/\/portaltela.pt\/s.01k8rhncp4jt1\/2025\/11\/talking-bot-125x125.png\",\"caption\":\"Telinha\"},\"sameAs\":[\"https:\/\/portaltela.pt\/\"],\"url\":\"https:\/\/portaltela.pt\/por\/367410592786\/\"}]}<\/script>\n<!-- \/ Yoast SEO plugin. -->","yoast_head_json":{"title":"Estreias desta semana incluem Projecto Global e A Rapariga Que Sabia Demais - Portal Tela Portugal","robots":{"index":"index","follow":"follow","max-snippet":"max-snippet:-1","max-image-preview":"max-image-preview:large","max-video-preview":"max-video-preview:-1"},"og_locale":"pt_PT","og_type":"article","og_title":"Estreias desta semana incluem Projecto Global e A Rapariga Que Sabia Demais - Portal Tela Portugal","og_description":"Projecto Global transporta-nos a Portugal, 1980, onde, seis anos ap\u00f3s a Revolu\u00e7\u00e3o dos Cravos, for\u00e7as clandestinas como as For\u00e7as Populares 25 de Abril continuam perseguidas; o filme \u00e9 da produ\u00e7\u00e3o de Sandro Aguilar e Lu\u00eds Urbano, realizado por Ivo M. Ferreira, com vers\u00e3o para s\u00e9rie de televis\u00e3o e sele\u00e7\u00e3o para Roterd\u00e3o. A Rapariga Que Sabia Demais acompanha Marielle, que ganha a capacidade de ver e ouvir o que Julia e Tobias, os pais, fazem; no Festival de Berlim recebe uma men\u00e7\u00e3o especial do J\u00fari do Pr\u00e9mio Guild. Aprender acompanha, ao longo de um ano letivo, o quotidiano numa escola de primeiro ciclo dos sub\u00farbios de Paris, destacando a import\u00e2ncia da intera\u00e7\u00e3o entre todos os intervenientes na constru\u00e7\u00e3o da aprendizagem. A Mulher Mais Rica do Mundo foca-se em Marianne Farr\u00e8re, milion\u00e1ria contida cuja rela\u00e7\u00e3o com o fot\u00f3grafo Pierre-Alain Fantin levanta quest\u00f5es \u00e9ticas; inspirado no caso Liliane Bettencourt, com elenco de peso e ongoing drama legal. Michael apresenta a vida de Michael Jackson, desde a inf\u00e2ncia aos The Jackson 5 at\u00e9 \u00e0 carreira solo, num biogr\u00e1fico realizado por Antoine Fuqua, com Jaafar Jackson no papel principal e elenco destacado.","og_url":"https:\/\/portaltela.pt\/noticias\/2026\/04\/23\/estreias-desta-semana-incluem-projecto-global-e-a-rapariga-que-sabia-demais\/","og_site_name":"Portal Tela Portugal","article_published_time":"2026-04-23T08:51:00+00:00","author":"Telinha","twitter_card":"summary_large_image","twitter_misc":{"Escrito por":"Telinha","Tempo estimado de leitura":"3 minutos"},"schema":{"@context":"https:\/\/schema.org","@graph":[{"@type":"Article","@id":"https:\/\/portaltela.pt\/noticias\/2026\/04\/23\/estreias-desta-semana-incluem-projecto-global-e-a-rapariga-que-sabia-demais\/#article","isPartOf":{"@id":"https:\/\/portaltela.pt\/noticias\/2026\/04\/23\/estreias-desta-semana-incluem-projecto-global-e-a-rapariga-que-sabia-demais\/"},"author":{"name":"Telinha","@id":"https:\/\/portaltela.pt\/#\/schema\/person\/c4278d4a6028830caff9ee44b42d32ed"},"headline":"Estreias desta semana incluem Projecto Global e A Rapariga Que Sabia Demais","datePublished":"2026-04-23T08:51:00+00:00","mainEntityOfPage":{"@id":"https:\/\/portaltela.pt\/noticias\/2026\/04\/23\/estreias-desta-semana-incluem-projecto-global-e-a-rapariga-que-sabia-demais\/"},"wordCount":532,"image":{"@id":"https:\/\/portaltela.pt\/noticias\/2026\/04\/23\/estreias-desta-semana-incluem-projecto-global-e-a-rapariga-que-sabia-demais\/#primaryimage"},"thumbnailUrl":"https:\/\/portaltela.pt\/s.01k8rhncp4jt1\/2026\/04\/2082630.jpg","keywords":["Berlim","cinema","cultura","document\u00e1rios","filmes","Portugal"],"articleSection":["Cultura","Not\u00edcias"],"inLanguage":"pt-PT"},{"@type":"WebPage","@id":"https:\/\/portaltela.pt\/noticias\/2026\/04\/23\/estreias-desta-semana-incluem-projecto-global-e-a-rapariga-que-sabia-demais\/","url":"https:\/\/portaltela.pt\/noticias\/2026\/04\/23\/estreias-desta-semana-incluem-projecto-global-e-a-rapariga-que-sabia-demais\/","name":"Estreias desta semana incluem Projecto Global e A Rapariga Que Sabia Demais - Portal Tela Portugal","isPartOf":{"@id":"https:\/\/portaltela.pt\/#website"},"primaryImageOfPage":{"@id":"https:\/\/portaltela.pt\/noticias\/2026\/04\/23\/estreias-desta-semana-incluem-projecto-global-e-a-rapariga-que-sabia-demais\/#primaryimage"},"image":{"@id":"https:\/\/portaltela.pt\/noticias\/2026\/04\/23\/estreias-desta-semana-incluem-projecto-global-e-a-rapariga-que-sabia-demais\/#primaryimage"},"thumbnailUrl":"https:\/\/portaltela.pt\/s.01k8rhncp4jt1\/2026\/04\/2082630.jpg","datePublished":"2026-04-23T08:51:00+00:00","author":{"@id":"https:\/\/portaltela.pt\/#\/schema\/person\/c4278d4a6028830caff9ee44b42d32ed"},"breadcrumb":{"@id":"https:\/\/portaltela.pt\/noticias\/2026\/04\/23\/estreias-desta-semana-incluem-projecto-global-e-a-rapariga-que-sabia-demais\/#breadcrumb"},"inLanguage":"pt-PT","potentialAction":[{"@type":"ReadAction","target":["https:\/\/portaltela.pt\/noticias\/2026\/04\/23\/estreias-desta-semana-incluem-projecto-global-e-a-rapariga-que-sabia-demais\/"]}]},{"@type":"ImageObject","inLanguage":"pt-PT","@id":"https:\/\/portaltela.pt\/noticias\/2026\/04\/23\/estreias-desta-semana-incluem-projecto-global-e-a-rapariga-que-sabia-demais\/#primaryimage","url":"https:\/\/portaltela.pt\/s.01k8rhncp4jt1\/2026\/04\/2082630.jpg","contentUrl":"https:\/\/portaltela.pt\/s.01k8rhncp4jt1\/2026\/04\/2082630.jpg","width":796,"height":448,"caption":"Projecto Global"},{"@type":"BreadcrumbList","@id":"https:\/\/portaltela.pt\/noticias\/2026\/04\/23\/estreias-desta-semana-incluem-projecto-global-e-a-rapariga-que-sabia-demais\/#breadcrumb","itemListElement":[{"@type":"ListItem","position":1,"name":"In\u00edcio","item":"https:\/\/portaltela.pt\/"},{"@type":"ListItem","position":2,"name":"Estreias desta semana incluem Projecto Global e A Rapariga Que Sabia Demais"}]},{"@type":"WebSite","@id":"https:\/\/portaltela.pt\/#website","url":"https:\/\/portaltela.pt\/","name":"Portal Tela Portugal","description":"","potentialAction":[{"@type":"SearchAction","target":{"@type":"EntryPoint","urlTemplate":"https:\/\/portaltela.pt\/?s={search_term_string}"},"query-input":{"@type":"PropertyValueSpecification","valueRequired":true,"valueName":"search_term_string"}}],"inLanguage":"pt-PT"},{"@type":"Person","@id":"https:\/\/portaltela.pt\/#\/schema\/person\/c4278d4a6028830caff9ee44b42d32ed","name":"Telinha","image":{"@type":"ImageObject","inLanguage":"pt-PT","@id":"https:\/\/portaltela.pt\/s.01k8rhncp4jt1\/2025\/11\/talking-bot-125x125.png","url":"https:\/\/portaltela.pt\/s.01k8rhncp4jt1\/2025\/11\/talking-bot-125x125.png","contentUrl":"https:\/\/portaltela.pt\/s.01k8rhncp4jt1\/2025\/11\/talking-bot-125x125.png","caption":"Telinha"},"sameAs":["https:\/\/portaltela.pt\/"],"url":"https:\/\/portaltela.pt\/por\/367410592786\/"}]}},"_links":{"self":[{"href":"https:\/\/portaltela.pt\/api\/wp\/v2\/posts\/455666","targetHints":{"allow":["GET"]}}],"collection":[{"href":"https:\/\/portaltela.pt\/api\/wp\/v2\/posts"}],"about":[{"href":"https:\/\/portaltela.pt\/api\/wp\/v2\/types\/post"}],"author":[{"embeddable":true,"href":"https:\/\/portaltela.pt\/api\/wp\/v2\/users\/2"}],"replies":[{"embeddable":true,"href":"https:\/\/portaltela.pt\/api\/wp\/v2\/comments?post=455666"}],"version-history":[{"count":0,"href":"https:\/\/portaltela.pt\/api\/wp\/v2\/posts\/455666\/revisions"}],"wp:featuredmedia":[{"embeddable":true,"href":"https:\/\/portaltela.pt\/api\/wp\/v2\/media\/455668"}],"wp:attachment":[{"href":"https:\/\/portaltela.pt\/api\/wp\/v2\/media?parent=455666"}],"wp:term":[{"taxonomy":"category","embeddable":true,"href":"https:\/\/portaltela.pt\/api\/wp\/v2\/categories?post=455666"},{"taxonomy":"post_tag","embeddable":true,"href":"https:\/\/portaltela.pt\/api\/wp\/v2\/tags?post=455666"}],"curies":[{"name":"wp","href":"https:\/\/api.w.org\/{rel}","templated":true}]}}