{"id":455663,"date":"2026-04-23T06:18:12","date_gmt":"2026-04-23T09:18:12","guid":{"rendered":"https:\/\/portaltela.pt\/noticias\/2026\/04\/23\/adeptos-do-sporting-aplaudem-a-equipa-apos-o-classico-no-dragao\/"},"modified":"2026-04-23T06:18:12","modified_gmt":"2026-04-23T09:18:12","slug":"adeptos-do-sporting-aplaudem-a-equipa-apos-o-classico-no-dragao","status":"publish","type":"post","link":"https:\/\/portaltela.pt\/desporto\/futebol\/2026\/04\/23\/adeptos-do-sporting-aplaudem-a-equipa-apos-o-classico-no-dragao\/","title":{"rendered":"Adeptos do Sporting aplaudem a equipa ap\u00f3s o cl\u00e1ssico no Drag\u00e3o"},"content":{"rendered":"<p>Ap\u00f3s o empate 0-0 entre FC Porto e Sporting no Drag\u00e3o, a equipa verde-e-branca garantiu a presen\u00e7a na final da Ta\u00e7a de Portugal. O resultado permite aos Le\u00f5es disputar o Jamor frente ao vencedor do encontro entre Torreense e Fafe. A decis\u00e3o fica marcada para o pr\u00f3ximo est\u00e1gio da competi\u00e7\u00e3o.<\/p>\n<p>A partida realizou-se no Est\u00e1dio do Drag\u00e3o e teve como principal consequ\u00eancia a chegada do Sporting \u00e0 final da Ta\u00e7a. Os jogadores do Sporting receberam aplausos da bancada ap\u00f3s o apito final, em sinal de apoio pela qualifica\u00e7\u00e3o conseguida.<\/p>\n<p>No fecho do encontro, muitos adeptos combinaram c\u00e2nticos de apoio aos jogadores nos instantes a seguir ao apito. Entre as m\u00fasicas entoadas, destacou-se uma adapta\u00e7\u00e3o de uma can\u00e7\u00e3o de Bad Bunny, que transmite entusiasmo pela final que se aproxima.<\/p>\n<p>A equipa de arbitragem foi liderada por Miguel Nogueira, que apitou o desenlace do encontro. O v\u00eddeo com o momento de celebra\u00e7\u00e3o junto aos adeptos chegou a circular nas redes, com registo de imagem de utilizadores da credita\u00e7\u00e3o X\/@geracoessusp.<\/p>\n","protected":false},"excerpt":{"rendered":"<ul>\n<li>O Sporting empatou 0-0 com o FC Porto no Drag\u00e3o, garantindo a presen\u00e7a na final da Ta\u00e7a de Portugal.<\/li>\n<li>A equipa vai medir for\u00e7as na final contra Torreense ou Fafe no Jamor.<\/li>\n<li>Ap\u00f3s o apito final, muitos adeptos ficaram nas bancadas para apoiar os jogadores com c\u00e2nticos.<\/li>\n<li>Um dos c\u00e2nticos inclu\u00eda uma adapta\u00e7\u00e3o de uma m\u00fasica de Bad Bunny: \u201cDe manh\u00e3 caf\u00e9, pela tarde rum, leva-me ao Jamor, ver o meu amor\u201d.<\/li>\n<\/ul>\n","protected":false},"author":2,"featured_media":455667,"comment_status":"closed","ping_status":"closed","sticky":false,"template":"","format":"standard","meta":{"footnotes":""},"categories":[21,24],"tags":[2533,1289,32,982,1652,1266],"class_list":["post-455663","post","type-post","status-publish","format-standard","has-post-thumbnail","hentry","category-desporto","category-futebol","tag-adeptos","tag-arbitragem","tag-futebol","tag-porto","tag-sporting","tag-taca-de-portugal"],"yoast_head":"<!-- This site is optimized with the Yoast SEO plugin v27.2 - https:\/\/yoast.com\/product\/yoast-seo-wordpress\/ -->\n<title>Adeptos do Sporting aplaudem a equipa ap\u00f3s o cl\u00e1ssico no Drag\u00e3o - Portal Tela Portugal<\/title>\n<meta name=\"robots\" content=\"index, follow, max-snippet:-1, max-image-preview:large, max-video-preview:-1\" \/>\n<meta property=\"og:locale\" content=\"pt_PT\" \/>\n<meta property=\"og:type\" content=\"article\" \/>\n<meta property=\"og:title\" content=\"Adeptos do Sporting aplaudem a equipa ap\u00f3s o cl\u00e1ssico no Drag\u00e3o - Portal Tela Portugal\" \/>\n<meta property=\"og:description\" content=\"O Sporting empatou 0-0 com o FC Porto no Drag\u00e3o, garantindo a presen\u00e7a na final da Ta\u00e7a de Portugal. A equipa vai medir for\u00e7as na final contra Torreense ou Fafe no Jamor. Ap\u00f3s o apito final, muitos adeptos ficaram nas bancadas para apoiar os jogadores com c\u00e2nticos. Um dos c\u00e2nticos inclu\u00eda uma adapta\u00e7\u00e3o de uma m\u00fasica de Bad Bunny: \u201cDe manh\u00e3 caf\u00e9, pela tarde rum, leva-me ao Jamor, ver o meu amor\u201d.\" \/>\n<meta property=\"og:url\" content=\"https:\/\/portaltela.pt\/noticias\/2026\/04\/23\/adeptos-do-sporting-aplaudem-a-equipa-apos-o-classico-no-dragao\/\" \/>\n<meta property=\"og:site_name\" content=\"Portal Tela Portugal\" \/>\n<meta property=\"article:published_time\" content=\"2026-04-23T09:18:12+00:00\" \/>\n<meta name=\"author\" content=\"Telinha\" \/>\n<meta name=\"twitter:card\" content=\"summary_large_image\" \/>\n<meta name=\"twitter:label1\" content=\"Escrito por\" \/>\n\t<meta name=\"twitter:data1\" content=\"Telinha\" \/>\n\t<meta name=\"twitter:label2\" content=\"Tempo estimado de leitura\" \/>\n\t<meta name=\"twitter:data2\" content=\"1 minuto\" \/>\n<script type=\"application\/ld+json\" class=\"yoast-schema-graph\">{\"@context\":\"https:\/\/schema.org\",\"@graph\":[{\"@type\":\"Article\",\"@id\":\"https:\/\/portaltela.pt\/noticias\/2026\/04\/23\/adeptos-do-sporting-aplaudem-a-equipa-apos-o-classico-no-dragao\/#article\",\"isPartOf\":{\"@id\":\"https:\/\/portaltela.pt\/noticias\/2026\/04\/23\/adeptos-do-sporting-aplaudem-a-equipa-apos-o-classico-no-dragao\/\"},\"author\":{\"name\":\"Telinha\",\"@id\":\"https:\/\/portaltela.pt\/#\/schema\/person\/c4278d4a6028830caff9ee44b42d32ed\"},\"headline\":\"Adeptos do Sporting aplaudem a equipa ap\u00f3s o cl\u00e1ssico no Drag\u00e3o\",\"datePublished\":\"2026-04-23T09:18:12+00:00\",\"mainEntityOfPage\":{\"@id\":\"https:\/\/portaltela.pt\/noticias\/2026\/04\/23\/adeptos-do-sporting-aplaudem-a-equipa-apos-o-classico-no-dragao\/\"},\"wordCount\":203,\"image\":{\"@id\":\"https:\/\/portaltela.pt\/noticias\/2026\/04\/23\/adeptos-do-sporting-aplaudem-a-equipa-apos-o-classico-no-dragao\/#primaryimage\"},\"thumbnailUrl\":\"https:\/\/portaltela.pt\/s.01k8rhncp4jt1\/2026\/04\/img_1200x721uu2026-04-23-10-00-07-2434831.jpg\",\"keywords\":[\"adeptos\",\"arbitragem\",\"futebol\",\"Porto\",\"Sporting\",\"Ta\u00e7a de Portugal\"],\"articleSection\":[\"Desporto\",\"Futebol\"],\"inLanguage\":\"pt-PT\"},{\"@type\":\"WebPage\",\"@id\":\"https:\/\/portaltela.pt\/noticias\/2026\/04\/23\/adeptos-do-sporting-aplaudem-a-equipa-apos-o-classico-no-dragao\/\",\"url\":\"https:\/\/portaltela.pt\/noticias\/2026\/04\/23\/adeptos-do-sporting-aplaudem-a-equipa-apos-o-classico-no-dragao\/\",\"name\":\"Adeptos do Sporting aplaudem a equipa ap\u00f3s o cl\u00e1ssico no Drag\u00e3o - Portal Tela Portugal\",\"isPartOf\":{\"@id\":\"https:\/\/portaltela.pt\/#website\"},\"primaryImageOfPage\":{\"@id\":\"https:\/\/portaltela.pt\/noticias\/2026\/04\/23\/adeptos-do-sporting-aplaudem-a-equipa-apos-o-classico-no-dragao\/#primaryimage\"},\"image\":{\"@id\":\"https:\/\/portaltela.pt\/noticias\/2026\/04\/23\/adeptos-do-sporting-aplaudem-a-equipa-apos-o-classico-no-dragao\/#primaryimage\"},\"thumbnailUrl\":\"https:\/\/portaltela.pt\/s.01k8rhncp4jt1\/2026\/04\/img_1200x721uu2026-04-23-10-00-07-2434831.jpg\",\"datePublished\":\"2026-04-23T09:18:12+00:00\",\"author\":{\"@id\":\"https:\/\/portaltela.pt\/#\/schema\/person\/c4278d4a6028830caff9ee44b42d32ed\"},\"breadcrumb\":{\"@id\":\"https:\/\/portaltela.pt\/noticias\/2026\/04\/23\/adeptos-do-sporting-aplaudem-a-equipa-apos-o-classico-no-dragao\/#breadcrumb\"},\"inLanguage\":\"pt-PT\",\"potentialAction\":[{\"@type\":\"ReadAction\",\"target\":[\"https:\/\/portaltela.pt\/noticias\/2026\/04\/23\/adeptos-do-sporting-aplaudem-a-equipa-apos-o-classico-no-dragao\/\"]}]},{\"@type\":\"ImageObject\",\"inLanguage\":\"pt-PT\",\"@id\":\"https:\/\/portaltela.pt\/noticias\/2026\/04\/23\/adeptos-do-sporting-aplaudem-a-equipa-apos-o-classico-no-dragao\/#primaryimage\",\"url\":\"https:\/\/portaltela.pt\/s.01k8rhncp4jt1\/2026\/04\/img_1200x721uu2026-04-23-10-00-07-2434831.jpg\",\"contentUrl\":\"https:\/\/portaltela.pt\/s.01k8rhncp4jt1\/2026\/04\/img_1200x721uu2026-04-23-10-00-07-2434831.jpg\",\"width\":796,\"height\":448,\"caption\":\"\u00abDe manh\u00e3 caf\u00e9, pela tarde rum...\u00bb: adeptos do Sporting aplaudiram a equipa ap\u00f3s o cl\u00e1ssico no Drag\u00e3o\"},{\"@type\":\"BreadcrumbList\",\"@id\":\"https:\/\/portaltela.pt\/noticias\/2026\/04\/23\/adeptos-do-sporting-aplaudem-a-equipa-apos-o-classico-no-dragao\/#breadcrumb\",\"itemListElement\":[{\"@type\":\"ListItem\",\"position\":1,\"name\":\"In\u00edcio\",\"item\":\"https:\/\/portaltela.pt\/\"},{\"@type\":\"ListItem\",\"position\":2,\"name\":\"Adeptos do Sporting aplaudem a equipa ap\u00f3s o cl\u00e1ssico no Drag\u00e3o\"}]},{\"@type\":\"WebSite\",\"@id\":\"https:\/\/portaltela.pt\/#website\",\"url\":\"https:\/\/portaltela.pt\/\",\"name\":\"Portal Tela Portugal\",\"description\":\"\",\"potentialAction\":[{\"@type\":\"SearchAction\",\"target\":{\"@type\":\"EntryPoint\",\"urlTemplate\":\"https:\/\/portaltela.pt\/?s={search_term_string}\"},\"query-input\":{\"@type\":\"PropertyValueSpecification\",\"valueRequired\":true,\"valueName\":\"search_term_string\"}}],\"inLanguage\":\"pt-PT\"},{\"@type\":\"Person\",\"@id\":\"https:\/\/portaltela.pt\/#\/schema\/person\/c4278d4a6028830caff9ee44b42d32ed\",\"name\":\"Telinha\",\"image\":{\"@type\":\"ImageObject\",\"inLanguage\":\"pt-PT\",\"@id\":\"https:\/\/portaltela.pt\/s.01k8rhncp4jt1\/2025\/11\/talking-bot-125x125.png\",\"url\":\"https:\/\/portaltela.pt\/s.01k8rhncp4jt1\/2025\/11\/talking-bot-125x125.png\",\"contentUrl\":\"https:\/\/portaltela.pt\/s.01k8rhncp4jt1\/2025\/11\/talking-bot-125x125.png\",\"caption\":\"Telinha\"},\"sameAs\":[\"https:\/\/portaltela.pt\/\"],\"url\":\"https:\/\/portaltela.pt\/por\/367410592786\/\"}]}<\/script>\n<!-- \/ Yoast SEO plugin. -->","yoast_head_json":{"title":"Adeptos do Sporting aplaudem a equipa ap\u00f3s o cl\u00e1ssico no Drag\u00e3o - Portal Tela Portugal","robots":{"index":"index","follow":"follow","max-snippet":"max-snippet:-1","max-image-preview":"max-image-preview:large","max-video-preview":"max-video-preview:-1"},"og_locale":"pt_PT","og_type":"article","og_title":"Adeptos do Sporting aplaudem a equipa ap\u00f3s o cl\u00e1ssico no Drag\u00e3o - Portal Tela Portugal","og_description":"O Sporting empatou 0-0 com o FC Porto no Drag\u00e3o, garantindo a presen\u00e7a na final da Ta\u00e7a de Portugal. A equipa vai medir for\u00e7as na final contra Torreense ou Fafe no Jamor. Ap\u00f3s o apito final, muitos adeptos ficaram nas bancadas para apoiar os jogadores com c\u00e2nticos. Um dos c\u00e2nticos inclu\u00eda uma adapta\u00e7\u00e3o de uma m\u00fasica de Bad Bunny: \u201cDe manh\u00e3 caf\u00e9, pela tarde rum, leva-me ao Jamor, ver o meu amor\u201d.","og_url":"https:\/\/portaltela.pt\/noticias\/2026\/04\/23\/adeptos-do-sporting-aplaudem-a-equipa-apos-o-classico-no-dragao\/","og_site_name":"Portal Tela Portugal","article_published_time":"2026-04-23T09:18:12+00:00","author":"Telinha","twitter_card":"summary_large_image","twitter_misc":{"Escrito por":"Telinha","Tempo estimado de leitura":"1 minuto"},"schema":{"@context":"https:\/\/schema.org","@graph":[{"@type":"Article","@id":"https:\/\/portaltela.pt\/noticias\/2026\/04\/23\/adeptos-do-sporting-aplaudem-a-equipa-apos-o-classico-no-dragao\/#article","isPartOf":{"@id":"https:\/\/portaltela.pt\/noticias\/2026\/04\/23\/adeptos-do-sporting-aplaudem-a-equipa-apos-o-classico-no-dragao\/"},"author":{"name":"Telinha","@id":"https:\/\/portaltela.pt\/#\/schema\/person\/c4278d4a6028830caff9ee44b42d32ed"},"headline":"Adeptos do Sporting aplaudem a equipa ap\u00f3s o cl\u00e1ssico no Drag\u00e3o","datePublished":"2026-04-23T09:18:12+00:00","mainEntityOfPage":{"@id":"https:\/\/portaltela.pt\/noticias\/2026\/04\/23\/adeptos-do-sporting-aplaudem-a-equipa-apos-o-classico-no-dragao\/"},"wordCount":203,"image":{"@id":"https:\/\/portaltela.pt\/noticias\/2026\/04\/23\/adeptos-do-sporting-aplaudem-a-equipa-apos-o-classico-no-dragao\/#primaryimage"},"thumbnailUrl":"https:\/\/portaltela.pt\/s.01k8rhncp4jt1\/2026\/04\/img_1200x721uu2026-04-23-10-00-07-2434831.jpg","keywords":["adeptos","arbitragem","futebol","Porto","Sporting","Ta\u00e7a de Portugal"],"articleSection":["Desporto","Futebol"],"inLanguage":"pt-PT"},{"@type":"WebPage","@id":"https:\/\/portaltela.pt\/noticias\/2026\/04\/23\/adeptos-do-sporting-aplaudem-a-equipa-apos-o-classico-no-dragao\/","url":"https:\/\/portaltela.pt\/noticias\/2026\/04\/23\/adeptos-do-sporting-aplaudem-a-equipa-apos-o-classico-no-dragao\/","name":"Adeptos do Sporting aplaudem a equipa ap\u00f3s o cl\u00e1ssico no Drag\u00e3o - Portal Tela Portugal","isPartOf":{"@id":"https:\/\/portaltela.pt\/#website"},"primaryImageOfPage":{"@id":"https:\/\/portaltela.pt\/noticias\/2026\/04\/23\/adeptos-do-sporting-aplaudem-a-equipa-apos-o-classico-no-dragao\/#primaryimage"},"image":{"@id":"https:\/\/portaltela.pt\/noticias\/2026\/04\/23\/adeptos-do-sporting-aplaudem-a-equipa-apos-o-classico-no-dragao\/#primaryimage"},"thumbnailUrl":"https:\/\/portaltela.pt\/s.01k8rhncp4jt1\/2026\/04\/img_1200x721uu2026-04-23-10-00-07-2434831.jpg","datePublished":"2026-04-23T09:18:12+00:00","author":{"@id":"https:\/\/portaltela.pt\/#\/schema\/person\/c4278d4a6028830caff9ee44b42d32ed"},"breadcrumb":{"@id":"https:\/\/portaltela.pt\/noticias\/2026\/04\/23\/adeptos-do-sporting-aplaudem-a-equipa-apos-o-classico-no-dragao\/#breadcrumb"},"inLanguage":"pt-PT","potentialAction":[{"@type":"ReadAction","target":["https:\/\/portaltela.pt\/noticias\/2026\/04\/23\/adeptos-do-sporting-aplaudem-a-equipa-apos-o-classico-no-dragao\/"]}]},{"@type":"ImageObject","inLanguage":"pt-PT","@id":"https:\/\/portaltela.pt\/noticias\/2026\/04\/23\/adeptos-do-sporting-aplaudem-a-equipa-apos-o-classico-no-dragao\/#primaryimage","url":"https:\/\/portaltela.pt\/s.01k8rhncp4jt1\/2026\/04\/img_1200x721uu2026-04-23-10-00-07-2434831.jpg","contentUrl":"https:\/\/portaltela.pt\/s.01k8rhncp4jt1\/2026\/04\/img_1200x721uu2026-04-23-10-00-07-2434831.jpg","width":796,"height":448,"caption":"\u00abDe manh\u00e3 caf\u00e9, pela tarde rum...\u00bb: adeptos do Sporting aplaudiram a equipa ap\u00f3s o cl\u00e1ssico no Drag\u00e3o"},{"@type":"BreadcrumbList","@id":"https:\/\/portaltela.pt\/noticias\/2026\/04\/23\/adeptos-do-sporting-aplaudem-a-equipa-apos-o-classico-no-dragao\/#breadcrumb","itemListElement":[{"@type":"ListItem","position":1,"name":"In\u00edcio","item":"https:\/\/portaltela.pt\/"},{"@type":"ListItem","position":2,"name":"Adeptos do Sporting aplaudem a equipa ap\u00f3s o cl\u00e1ssico no Drag\u00e3o"}]},{"@type":"WebSite","@id":"https:\/\/portaltela.pt\/#website","url":"https:\/\/portaltela.pt\/","name":"Portal Tela Portugal","description":"","potentialAction":[{"@type":"SearchAction","target":{"@type":"EntryPoint","urlTemplate":"https:\/\/portaltela.pt\/?s={search_term_string}"},"query-input":{"@type":"PropertyValueSpecification","valueRequired":true,"valueName":"search_term_string"}}],"inLanguage":"pt-PT"},{"@type":"Person","@id":"https:\/\/portaltela.pt\/#\/schema\/person\/c4278d4a6028830caff9ee44b42d32ed","name":"Telinha","image":{"@type":"ImageObject","inLanguage":"pt-PT","@id":"https:\/\/portaltela.pt\/s.01k8rhncp4jt1\/2025\/11\/talking-bot-125x125.png","url":"https:\/\/portaltela.pt\/s.01k8rhncp4jt1\/2025\/11\/talking-bot-125x125.png","contentUrl":"https:\/\/portaltela.pt\/s.01k8rhncp4jt1\/2025\/11\/talking-bot-125x125.png","caption":"Telinha"},"sameAs":["https:\/\/portaltela.pt\/"],"url":"https:\/\/portaltela.pt\/por\/367410592786\/"}]}},"_links":{"self":[{"href":"https:\/\/portaltela.pt\/api\/wp\/v2\/posts\/455663","targetHints":{"allow":["GET"]}}],"collection":[{"href":"https:\/\/portaltela.pt\/api\/wp\/v2\/posts"}],"about":[{"href":"https:\/\/portaltela.pt\/api\/wp\/v2\/types\/post"}],"author":[{"embeddable":true,"href":"https:\/\/portaltela.pt\/api\/wp\/v2\/users\/2"}],"replies":[{"embeddable":true,"href":"https:\/\/portaltela.pt\/api\/wp\/v2\/comments?post=455663"}],"version-history":[{"count":0,"href":"https:\/\/portaltela.pt\/api\/wp\/v2\/posts\/455663\/revisions"}],"wp:featuredmedia":[{"embeddable":true,"href":"https:\/\/portaltela.pt\/api\/wp\/v2\/media\/455667"}],"wp:attachment":[{"href":"https:\/\/portaltela.pt\/api\/wp\/v2\/media?parent=455663"}],"wp:term":[{"taxonomy":"category","embeddable":true,"href":"https:\/\/portaltela.pt\/api\/wp\/v2\/categories?post=455663"},{"taxonomy":"post_tag","embeddable":true,"href":"https:\/\/portaltela.pt\/api\/wp\/v2\/tags?post=455663"}],"curies":[{"name":"wp","href":"https:\/\/api.w.org\/{rel}","templated":true}]}}