{"id":455635,"date":"2026-04-23T05:44:00","date_gmt":"2026-04-23T08:44:00","guid":{"rendered":"https:\/\/portaltela.pt\/noticias\/2026\/04\/23\/regulacao-digital-equilibrada-entre-proibicao-e-fascinio-tecnologico\/"},"modified":"2026-04-23T05:44:00","modified_gmt":"2026-04-23T08:44:00","slug":"regulacao-digital-equilibrada-entre-proibicao-e-fascinio-tecnologico","status":"publish","type":"post","link":"https:\/\/portaltela.pt\/sociedade\/2026\/04\/23\/regulacao-digital-equilibrada-entre-proibicao-e-fascinio-tecnologico\/","title":{"rendered":"Regula\u00e7\u00e3o digital equilibrada entre proibi\u00e7\u00e3o e fasc\u00ednio tecnol\u00f3gico"},"content":{"rendered":"<p>O debate sobre tecnologia na escola vive um momento de reavalia\u00e7\u00e3o. Analistas questionam a l\u00f3gica bin\u00e1ria entre telem\u00f3veis dentro ou fora da escola e entre os ecr\u00e3s como solu\u00e7\u00e3o ou amea\u00e7a. O tema permanece central para pol\u00edticas educativas.<\/p>\n<p>Especialistas apontam que a discuss\u00e3o n\u00e3o pode reduzir-se a um sim ou n\u00e3o \u00e0 tecnologia. Defendem menor simplifica\u00e7\u00e3o e maior foco na pr\u00e1tica pedag\u00f3gica e na intelig\u00eancia por tr\u00e1s das escolhas curriculares.<\/p>\n<p>Segundo o discurso corrente, \u00e9 preciso alinhar tecnologia a objetivos educativos claros. O objetivo \u00e9 evitar que a criatividade dos alunos se torne apenas mais um indicador de desigualdade social.<\/p>\n<p>Dados do PISA 2022 s\u00e3o trazidos como refer\u00eancia para enriquecer o debate. O relat\u00f3rio indica que a realidade educativa \u00e9 mais complexa do que slogans simples sugerem.<\/p>\n<h3>Dados do PISA 2022<\/h3>\n<p>O estudo destaca a diversidade de fatores que influenciam o sucesso escolar. Reflete a necessidade de estrat\u00e9gias pedag\u00f3gicas deliberadas e uma implementa\u00e7\u00e3o tecnol\u00f3gica bem planeada nas escolas.<\/p>\n","protected":false},"excerpt":{"rendered":"<ul>\n<li>O texto critica o debate sobre tecnologia na escola, que continua a enfrentar quest\u00f5es simplistas como telem\u00f3veis dentro ou fora da escola e ecr\u00e3s como solu\u00e7\u00e3o ou amea\u00e7a.<\/li>\n<li>Afirma que n\u00e3o basta celebrar a criatividade dos alunos; \u00e9 preciso assegurar que a criatividade n\u00e3o aumente desigualdades sociais.<\/li>\n<li>Observa que muitos debates p\u00fablicos sobre educa\u00e7\u00e3o envelhecem quando ficam presos a perguntas inadequadas.<\/li>\n<li>Recorda dados do PISA 2022 que mostram que a realidade educativa \u00e9 mais exigente do que os slogans.<\/li>\n<li>Conclui que a escola precisa de menos simplifica\u00e7\u00e3o e mais intelig\u00eancia e intencionalidade pedag\u00f3gica.<\/li>\n<\/ul>\n","protected":false},"author":2,"featured_media":455641,"comment_status":"closed","ping_status":"closed","sticky":false,"template":"","format":"standard","meta":{"footnotes":""},"categories":[6871],"tags":[163,2917,2443,51,2629,153],"class_list":["post-455635","post","type-post","status-publish","format-standard","has-post-thumbnail","hentry","category-sociedade","tag-educacao","tag-educacao-digital","tag-educacao-publica","tag-inteligencia-artificial","tag-literacia-digital","tag-tecnologia"],"yoast_head":"<!-- This site is optimized with the Yoast SEO plugin v27.2 - https:\/\/yoast.com\/product\/yoast-seo-wordpress\/ -->\n<title>Regula\u00e7\u00e3o digital equilibrada entre proibi\u00e7\u00e3o e fasc\u00ednio tecnol\u00f3gico - Portal Tela Portugal<\/title>\n<meta name=\"robots\" content=\"index, follow, max-snippet:-1, max-image-preview:large, max-video-preview:-1\" \/>\n<meta property=\"og:locale\" content=\"pt_PT\" \/>\n<meta property=\"og:type\" content=\"article\" \/>\n<meta property=\"og:title\" content=\"Regula\u00e7\u00e3o digital equilibrada entre proibi\u00e7\u00e3o e fasc\u00ednio tecnol\u00f3gico - Portal Tela Portugal\" \/>\n<meta property=\"og:description\" content=\"O texto critica o debate sobre tecnologia na escola, que continua a enfrentar quest\u00f5es simplistas como telem\u00f3veis dentro ou fora da escola e ecr\u00e3s como solu\u00e7\u00e3o ou amea\u00e7a. Afirma que n\u00e3o basta celebrar a criatividade dos alunos; \u00e9 preciso assegurar que a criatividade n\u00e3o aumente desigualdades sociais. Observa que muitos debates p\u00fablicos sobre educa\u00e7\u00e3o envelhecem quando ficam presos a perguntas inadequadas. Recorda dados do PISA 2022 que mostram que a realidade educativa \u00e9 mais exigente do que os slogans. Conclui que a escola precisa de menos simplifica\u00e7\u00e3o e mais intelig\u00eancia e intencionalidade pedag\u00f3gica.\" \/>\n<meta property=\"og:url\" content=\"https:\/\/portaltela.pt\/noticias\/2026\/04\/23\/regulacao-digital-equilibrada-entre-proibicao-e-fascinio-tecnologico\/\" \/>\n<meta property=\"og:site_name\" content=\"Portal Tela Portugal\" \/>\n<meta property=\"article:published_time\" content=\"2026-04-23T08:44:00+00:00\" \/>\n<meta name=\"author\" content=\"Telinha\" \/>\n<meta name=\"twitter:card\" content=\"summary_large_image\" \/>\n<meta name=\"twitter:label1\" content=\"Escrito por\" \/>\n\t<meta name=\"twitter:data1\" content=\"Telinha\" \/>\n\t<meta name=\"twitter:label2\" content=\"Tempo estimado de leitura\" \/>\n\t<meta name=\"twitter:data2\" content=\"1 minuto\" \/>\n<script type=\"application\/ld+json\" class=\"yoast-schema-graph\">{\"@context\":\"https:\/\/schema.org\",\"@graph\":[{\"@type\":\"Article\",\"@id\":\"https:\/\/portaltela.pt\/noticias\/2026\/04\/23\/regulacao-digital-equilibrada-entre-proibicao-e-fascinio-tecnologico\/#article\",\"isPartOf\":{\"@id\":\"https:\/\/portaltela.pt\/noticias\/2026\/04\/23\/regulacao-digital-equilibrada-entre-proibicao-e-fascinio-tecnologico\/\"},\"author\":{\"name\":\"Telinha\",\"@id\":\"https:\/\/portaltela.pt\/#\/schema\/person\/c4278d4a6028830caff9ee44b42d32ed\"},\"headline\":\"Regula\u00e7\u00e3o digital equilibrada entre proibi\u00e7\u00e3o e fasc\u00ednio tecnol\u00f3gico\",\"datePublished\":\"2026-04-23T08:44:00+00:00\",\"mainEntityOfPage\":{\"@id\":\"https:\/\/portaltela.pt\/noticias\/2026\/04\/23\/regulacao-digital-equilibrada-entre-proibicao-e-fascinio-tecnologico\/\"},\"wordCount\":187,\"image\":{\"@id\":\"https:\/\/portaltela.pt\/noticias\/2026\/04\/23\/regulacao-digital-equilibrada-entre-proibicao-e-fascinio-tecnologico\/#primaryimage\"},\"thumbnailUrl\":\"https:\/\/portaltela.pt\/s.01k8rhncp4jt1\/2026\/04\/2083271.jpg\",\"keywords\":[\"educa\u00e7\u00e3o\",\"educa\u00e7\u00e3o digital\",\"educa\u00e7\u00e3o p\u00fablica\",\"intelig\u00eancia artificial\",\"literacia digital\",\"tecnologia\"],\"articleSection\":[\"Sociedade\"],\"inLanguage\":\"pt-PT\"},{\"@type\":\"WebPage\",\"@id\":\"https:\/\/portaltela.pt\/noticias\/2026\/04\/23\/regulacao-digital-equilibrada-entre-proibicao-e-fascinio-tecnologico\/\",\"url\":\"https:\/\/portaltela.pt\/noticias\/2026\/04\/23\/regulacao-digital-equilibrada-entre-proibicao-e-fascinio-tecnologico\/\",\"name\":\"Regula\u00e7\u00e3o digital equilibrada entre proibi\u00e7\u00e3o e fasc\u00ednio tecnol\u00f3gico - Portal Tela Portugal\",\"isPartOf\":{\"@id\":\"https:\/\/portaltela.pt\/#website\"},\"primaryImageOfPage\":{\"@id\":\"https:\/\/portaltela.pt\/noticias\/2026\/04\/23\/regulacao-digital-equilibrada-entre-proibicao-e-fascinio-tecnologico\/#primaryimage\"},\"image\":{\"@id\":\"https:\/\/portaltela.pt\/noticias\/2026\/04\/23\/regulacao-digital-equilibrada-entre-proibicao-e-fascinio-tecnologico\/#primaryimage\"},\"thumbnailUrl\":\"https:\/\/portaltela.pt\/s.01k8rhncp4jt1\/2026\/04\/2083271.jpg\",\"datePublished\":\"2026-04-23T08:44:00+00:00\",\"author\":{\"@id\":\"https:\/\/portaltela.pt\/#\/schema\/person\/c4278d4a6028830caff9ee44b42d32ed\"},\"breadcrumb\":{\"@id\":\"https:\/\/portaltela.pt\/noticias\/2026\/04\/23\/regulacao-digital-equilibrada-entre-proibicao-e-fascinio-tecnologico\/#breadcrumb\"},\"inLanguage\":\"pt-PT\",\"potentialAction\":[{\"@type\":\"ReadAction\",\"target\":[\"https:\/\/portaltela.pt\/noticias\/2026\/04\/23\/regulacao-digital-equilibrada-entre-proibicao-e-fascinio-tecnologico\/\"]}]},{\"@type\":\"ImageObject\",\"inLanguage\":\"pt-PT\",\"@id\":\"https:\/\/portaltela.pt\/noticias\/2026\/04\/23\/regulacao-digital-equilibrada-entre-proibicao-e-fascinio-tecnologico\/#primaryimage\",\"url\":\"https:\/\/portaltela.pt\/s.01k8rhncp4jt1\/2026\/04\/2083271.jpg\",\"contentUrl\":\"https:\/\/portaltela.pt\/s.01k8rhncp4jt1\/2026\/04\/2083271.jpg\",\"width\":796,\"height\":448,\"caption\":\"A escola precisa de pol\u00edticas educativas que n\u00e3o confundam inova\u00e7\u00e3o com moderniza\u00e7\u00e3o cosm\u00e9tica\"},{\"@type\":\"BreadcrumbList\",\"@id\":\"https:\/\/portaltela.pt\/noticias\/2026\/04\/23\/regulacao-digital-equilibrada-entre-proibicao-e-fascinio-tecnologico\/#breadcrumb\",\"itemListElement\":[{\"@type\":\"ListItem\",\"position\":1,\"name\":\"In\u00edcio\",\"item\":\"https:\/\/portaltela.pt\/\"},{\"@type\":\"ListItem\",\"position\":2,\"name\":\"Regula\u00e7\u00e3o digital equilibrada entre proibi\u00e7\u00e3o e fasc\u00ednio tecnol\u00f3gico\"}]},{\"@type\":\"WebSite\",\"@id\":\"https:\/\/portaltela.pt\/#website\",\"url\":\"https:\/\/portaltela.pt\/\",\"name\":\"Portal Tela Portugal\",\"description\":\"\",\"potentialAction\":[{\"@type\":\"SearchAction\",\"target\":{\"@type\":\"EntryPoint\",\"urlTemplate\":\"https:\/\/portaltela.pt\/?s={search_term_string}\"},\"query-input\":{\"@type\":\"PropertyValueSpecification\",\"valueRequired\":true,\"valueName\":\"search_term_string\"}}],\"inLanguage\":\"pt-PT\"},{\"@type\":\"Person\",\"@id\":\"https:\/\/portaltela.pt\/#\/schema\/person\/c4278d4a6028830caff9ee44b42d32ed\",\"name\":\"Telinha\",\"image\":{\"@type\":\"ImageObject\",\"inLanguage\":\"pt-PT\",\"@id\":\"https:\/\/portaltela.pt\/s.01k8rhncp4jt1\/2025\/11\/talking-bot-125x125.png\",\"url\":\"https:\/\/portaltela.pt\/s.01k8rhncp4jt1\/2025\/11\/talking-bot-125x125.png\",\"contentUrl\":\"https:\/\/portaltela.pt\/s.01k8rhncp4jt1\/2025\/11\/talking-bot-125x125.png\",\"caption\":\"Telinha\"},\"sameAs\":[\"https:\/\/portaltela.pt\/\"],\"url\":\"https:\/\/portaltela.pt\/por\/367410592786\/\"}]}<\/script>\n<!-- \/ Yoast SEO plugin. -->","yoast_head_json":{"title":"Regula\u00e7\u00e3o digital equilibrada entre proibi\u00e7\u00e3o e fasc\u00ednio tecnol\u00f3gico - Portal Tela Portugal","robots":{"index":"index","follow":"follow","max-snippet":"max-snippet:-1","max-image-preview":"max-image-preview:large","max-video-preview":"max-video-preview:-1"},"og_locale":"pt_PT","og_type":"article","og_title":"Regula\u00e7\u00e3o digital equilibrada entre proibi\u00e7\u00e3o e fasc\u00ednio tecnol\u00f3gico - Portal Tela Portugal","og_description":"O texto critica o debate sobre tecnologia na escola, que continua a enfrentar quest\u00f5es simplistas como telem\u00f3veis dentro ou fora da escola e ecr\u00e3s como solu\u00e7\u00e3o ou amea\u00e7a. Afirma que n\u00e3o basta celebrar a criatividade dos alunos; \u00e9 preciso assegurar que a criatividade n\u00e3o aumente desigualdades sociais. Observa que muitos debates p\u00fablicos sobre educa\u00e7\u00e3o envelhecem quando ficam presos a perguntas inadequadas. Recorda dados do PISA 2022 que mostram que a realidade educativa \u00e9 mais exigente do que os slogans. Conclui que a escola precisa de menos simplifica\u00e7\u00e3o e mais intelig\u00eancia e intencionalidade pedag\u00f3gica.","og_url":"https:\/\/portaltela.pt\/noticias\/2026\/04\/23\/regulacao-digital-equilibrada-entre-proibicao-e-fascinio-tecnologico\/","og_site_name":"Portal Tela Portugal","article_published_time":"2026-04-23T08:44:00+00:00","author":"Telinha","twitter_card":"summary_large_image","twitter_misc":{"Escrito por":"Telinha","Tempo estimado de leitura":"1 minuto"},"schema":{"@context":"https:\/\/schema.org","@graph":[{"@type":"Article","@id":"https:\/\/portaltela.pt\/noticias\/2026\/04\/23\/regulacao-digital-equilibrada-entre-proibicao-e-fascinio-tecnologico\/#article","isPartOf":{"@id":"https:\/\/portaltela.pt\/noticias\/2026\/04\/23\/regulacao-digital-equilibrada-entre-proibicao-e-fascinio-tecnologico\/"},"author":{"name":"Telinha","@id":"https:\/\/portaltela.pt\/#\/schema\/person\/c4278d4a6028830caff9ee44b42d32ed"},"headline":"Regula\u00e7\u00e3o digital equilibrada entre proibi\u00e7\u00e3o e fasc\u00ednio tecnol\u00f3gico","datePublished":"2026-04-23T08:44:00+00:00","mainEntityOfPage":{"@id":"https:\/\/portaltela.pt\/noticias\/2026\/04\/23\/regulacao-digital-equilibrada-entre-proibicao-e-fascinio-tecnologico\/"},"wordCount":187,"image":{"@id":"https:\/\/portaltela.pt\/noticias\/2026\/04\/23\/regulacao-digital-equilibrada-entre-proibicao-e-fascinio-tecnologico\/#primaryimage"},"thumbnailUrl":"https:\/\/portaltela.pt\/s.01k8rhncp4jt1\/2026\/04\/2083271.jpg","keywords":["educa\u00e7\u00e3o","educa\u00e7\u00e3o digital","educa\u00e7\u00e3o p\u00fablica","intelig\u00eancia artificial","literacia digital","tecnologia"],"articleSection":["Sociedade"],"inLanguage":"pt-PT"},{"@type":"WebPage","@id":"https:\/\/portaltela.pt\/noticias\/2026\/04\/23\/regulacao-digital-equilibrada-entre-proibicao-e-fascinio-tecnologico\/","url":"https:\/\/portaltela.pt\/noticias\/2026\/04\/23\/regulacao-digital-equilibrada-entre-proibicao-e-fascinio-tecnologico\/","name":"Regula\u00e7\u00e3o digital equilibrada entre proibi\u00e7\u00e3o e fasc\u00ednio tecnol\u00f3gico - Portal Tela Portugal","isPartOf":{"@id":"https:\/\/portaltela.pt\/#website"},"primaryImageOfPage":{"@id":"https:\/\/portaltela.pt\/noticias\/2026\/04\/23\/regulacao-digital-equilibrada-entre-proibicao-e-fascinio-tecnologico\/#primaryimage"},"image":{"@id":"https:\/\/portaltela.pt\/noticias\/2026\/04\/23\/regulacao-digital-equilibrada-entre-proibicao-e-fascinio-tecnologico\/#primaryimage"},"thumbnailUrl":"https:\/\/portaltela.pt\/s.01k8rhncp4jt1\/2026\/04\/2083271.jpg","datePublished":"2026-04-23T08:44:00+00:00","author":{"@id":"https:\/\/portaltela.pt\/#\/schema\/person\/c4278d4a6028830caff9ee44b42d32ed"},"breadcrumb":{"@id":"https:\/\/portaltela.pt\/noticias\/2026\/04\/23\/regulacao-digital-equilibrada-entre-proibicao-e-fascinio-tecnologico\/#breadcrumb"},"inLanguage":"pt-PT","potentialAction":[{"@type":"ReadAction","target":["https:\/\/portaltela.pt\/noticias\/2026\/04\/23\/regulacao-digital-equilibrada-entre-proibicao-e-fascinio-tecnologico\/"]}]},{"@type":"ImageObject","inLanguage":"pt-PT","@id":"https:\/\/portaltela.pt\/noticias\/2026\/04\/23\/regulacao-digital-equilibrada-entre-proibicao-e-fascinio-tecnologico\/#primaryimage","url":"https:\/\/portaltela.pt\/s.01k8rhncp4jt1\/2026\/04\/2083271.jpg","contentUrl":"https:\/\/portaltela.pt\/s.01k8rhncp4jt1\/2026\/04\/2083271.jpg","width":796,"height":448,"caption":"A escola precisa de pol\u00edticas educativas que n\u00e3o confundam inova\u00e7\u00e3o com moderniza\u00e7\u00e3o cosm\u00e9tica"},{"@type":"BreadcrumbList","@id":"https:\/\/portaltela.pt\/noticias\/2026\/04\/23\/regulacao-digital-equilibrada-entre-proibicao-e-fascinio-tecnologico\/#breadcrumb","itemListElement":[{"@type":"ListItem","position":1,"name":"In\u00edcio","item":"https:\/\/portaltela.pt\/"},{"@type":"ListItem","position":2,"name":"Regula\u00e7\u00e3o digital equilibrada entre proibi\u00e7\u00e3o e fasc\u00ednio tecnol\u00f3gico"}]},{"@type":"WebSite","@id":"https:\/\/portaltela.pt\/#website","url":"https:\/\/portaltela.pt\/","name":"Portal Tela Portugal","description":"","potentialAction":[{"@type":"SearchAction","target":{"@type":"EntryPoint","urlTemplate":"https:\/\/portaltela.pt\/?s={search_term_string}"},"query-input":{"@type":"PropertyValueSpecification","valueRequired":true,"valueName":"search_term_string"}}],"inLanguage":"pt-PT"},{"@type":"Person","@id":"https:\/\/portaltela.pt\/#\/schema\/person\/c4278d4a6028830caff9ee44b42d32ed","name":"Telinha","image":{"@type":"ImageObject","inLanguage":"pt-PT","@id":"https:\/\/portaltela.pt\/s.01k8rhncp4jt1\/2025\/11\/talking-bot-125x125.png","url":"https:\/\/portaltela.pt\/s.01k8rhncp4jt1\/2025\/11\/talking-bot-125x125.png","contentUrl":"https:\/\/portaltela.pt\/s.01k8rhncp4jt1\/2025\/11\/talking-bot-125x125.png","caption":"Telinha"},"sameAs":["https:\/\/portaltela.pt\/"],"url":"https:\/\/portaltela.pt\/por\/367410592786\/"}]}},"_links":{"self":[{"href":"https:\/\/portaltela.pt\/api\/wp\/v2\/posts\/455635","targetHints":{"allow":["GET"]}}],"collection":[{"href":"https:\/\/portaltela.pt\/api\/wp\/v2\/posts"}],"about":[{"href":"https:\/\/portaltela.pt\/api\/wp\/v2\/types\/post"}],"author":[{"embeddable":true,"href":"https:\/\/portaltela.pt\/api\/wp\/v2\/users\/2"}],"replies":[{"embeddable":true,"href":"https:\/\/portaltela.pt\/api\/wp\/v2\/comments?post=455635"}],"version-history":[{"count":0,"href":"https:\/\/portaltela.pt\/api\/wp\/v2\/posts\/455635\/revisions"}],"wp:featuredmedia":[{"embeddable":true,"href":"https:\/\/portaltela.pt\/api\/wp\/v2\/media\/455641"}],"wp:attachment":[{"href":"https:\/\/portaltela.pt\/api\/wp\/v2\/media?parent=455635"}],"wp:term":[{"taxonomy":"category","embeddable":true,"href":"https:\/\/portaltela.pt\/api\/wp\/v2\/categories?post=455635"},{"taxonomy":"post_tag","embeddable":true,"href":"https:\/\/portaltela.pt\/api\/wp\/v2\/tags?post=455635"}],"curies":[{"name":"wp","href":"https:\/\/api.w.org\/{rel}","templated":true}]}}