{"id":455602,"date":"2026-04-23T05:47:55","date_gmt":"2026-04-23T08:47:55","guid":{"rendered":"https:\/\/portaltela.pt\/noticias\/2026\/04\/23\/homem-tenta-matar-a-facada-na-feira-do-cavalo-da-golega\/"},"modified":"2026-04-23T05:47:55","modified_gmt":"2026-04-23T08:47:55","slug":"homem-tenta-matar-a-facada-na-feira-do-cavalo-da-golega","status":"publish","type":"post","link":"https:\/\/portaltela.pt\/policia\/2026\/04\/23\/homem-tenta-matar-a-facada-na-feira-do-cavalo-da-golega\/","title":{"rendered":"Homem tenta matar \u00e0 facada na Feira do Cavalo da Goleg\u00e3"},"content":{"rendered":"<p>Um incidente na Feira do Cavalo, em Goleg\u00e3, resultou na tentativa de homic\u00eddio com arma branca. O caso ocorreu ap\u00f3s um desentendimento entre dois homens que terminou com uma esfaqueamento, ainda no m\u00eas de novembro. Um dos intervenientes ficou ferido e recebeu apoio m\u00e9dico no local.<\/p>\n<p>A viol\u00eancia aconteceu no contexto da tradicional feira, promovida na vila de Goleg\u00e3, no distrito de Santar\u00e9m. As circunst\u00e2ncias do desentendimento n\u00e3o foram detalhadas pelas autoridades, cabendo \u00e0 investiga\u00e7\u00e3o apurar a motiva\u00e7\u00e3o e as circunst\u00e2ncias que conduziram ao ataque.<\/p>\n<h3>Deten\u00e7\u00e3o pela PJ<\/h3>\n<p>A Pol\u00edcia Judici\u00e1ria anunciou a deten\u00e7\u00e3o do suspeito, no \u00e2mbito da investiga\u00e7\u00e3o em curso. N\u00e3o s\u00e3o avan\u00e7ados valores ou identidades, mantendo o sigilo processual. O caso permanece em an\u00e1lise pelas autoridades competentes, com dilig\u00eancias a decorrer para esclarecer o sucedido e identificar outras poss\u00edveis pessoas associadas.<\/p>\n","protected":false},"excerpt":{"rendered":"<ul>\n<li>Homem tentou matar \u00e0 facada na Feira do Cavalo na Goleg\u00e3, ap\u00f3s um desentendimento entre dois homens que ocorreu em novembro.<\/li>\n<li>O suspeito foi detido pela Pol\u00edcia Judici\u00e1ria (PJ) recentemente.<\/li>\n<li>a not\u00edcia foi publicada em 23 de abril de 2026 \u00e0s 09:45.<\/li>\n<li>n\u00e3o foram divulgados detalhes adicionais sobre o desfecho do incidente.<\/li>\n<li>as fontes n\u00e3o discutem opini\u00f5es ou julgamentos, limitando-se a fatos verificados.<\/li>\n<\/ul>\n","protected":false},"author":2,"featured_media":455606,"comment_status":"closed","ping_status":"closed","sticky":false,"template":"","format":"standard","meta":{"footnotes":""},"categories":[6907,6781],"tags":[147,1345,1802,898,5445,939],"class_list":["post-455602","post","type-post","status-publish","format-standard","has-post-thumbnail","hentry","category-crime","category-policia","tag-crime","tag-homicidio","tag-policia-judiciaria","tag-santarem","tag-tentativa-de-homicidio","tag-violencia"],"yoast_head":"<!-- This site is optimized with the Yoast SEO plugin v27.2 - https:\/\/yoast.com\/product\/yoast-seo-wordpress\/ -->\n<title>Homem tenta matar \u00e0 facada na Feira do Cavalo da Goleg\u00e3 - Portal Tela Portugal<\/title>\n<meta name=\"robots\" content=\"index, follow, max-snippet:-1, max-image-preview:large, max-video-preview:-1\" \/>\n<meta property=\"og:locale\" content=\"pt_PT\" \/>\n<meta property=\"og:type\" content=\"article\" \/>\n<meta property=\"og:title\" content=\"Homem tenta matar \u00e0 facada na Feira do Cavalo da Goleg\u00e3 - Portal Tela Portugal\" \/>\n<meta property=\"og:description\" content=\"Homem tentou matar \u00e0 facada na Feira do Cavalo na Goleg\u00e3, ap\u00f3s um desentendimento entre dois homens que ocorreu em novembro. O suspeito foi detido pela Pol\u00edcia Judici\u00e1ria (PJ) recentemente. a not\u00edcia foi publicada em 23 de abril de 2026 \u00e0s 09:45. n\u00e3o foram divulgados detalhes adicionais sobre o desfecho do incidente. as fontes n\u00e3o discutem opini\u00f5es ou julgamentos, limitando-se a fatos verificados.\" \/>\n<meta property=\"og:url\" content=\"https:\/\/portaltela.pt\/noticias\/2026\/04\/23\/homem-tenta-matar-a-facada-na-feira-do-cavalo-da-golega\/\" \/>\n<meta property=\"og:site_name\" content=\"Portal Tela Portugal\" \/>\n<meta property=\"article:published_time\" content=\"2026-04-23T08:47:55+00:00\" \/>\n<meta name=\"author\" content=\"Telinha\" \/>\n<meta name=\"twitter:card\" content=\"summary_large_image\" \/>\n<meta name=\"twitter:label1\" content=\"Escrito por\" \/>\n\t<meta name=\"twitter:data1\" content=\"Telinha\" \/>\n\t<meta name=\"twitter:label2\" content=\"Tempo estimado de leitura\" \/>\n\t<meta name=\"twitter:data2\" content=\"1 minuto\" \/>\n<script type=\"application\/ld+json\" class=\"yoast-schema-graph\">{\"@context\":\"https:\/\/schema.org\",\"@graph\":[{\"@type\":\"Article\",\"@id\":\"https:\/\/portaltela.pt\/noticias\/2026\/04\/23\/homem-tenta-matar-a-facada-na-feira-do-cavalo-da-golega\/#article\",\"isPartOf\":{\"@id\":\"https:\/\/portaltela.pt\/noticias\/2026\/04\/23\/homem-tenta-matar-a-facada-na-feira-do-cavalo-da-golega\/\"},\"author\":{\"name\":\"Telinha\",\"@id\":\"https:\/\/portaltela.pt\/#\/schema\/person\/c4278d4a6028830caff9ee44b42d32ed\"},\"headline\":\"Homem tenta matar \u00e0 facada na Feira do Cavalo da Goleg\u00e3\",\"datePublished\":\"2026-04-23T08:47:55+00:00\",\"mainEntityOfPage\":{\"@id\":\"https:\/\/portaltela.pt\/noticias\/2026\/04\/23\/homem-tenta-matar-a-facada-na-feira-do-cavalo-da-golega\/\"},\"wordCount\":165,\"image\":{\"@id\":\"https:\/\/portaltela.pt\/noticias\/2026\/04\/23\/homem-tenta-matar-a-facada-na-feira-do-cavalo-da-golega\/#primaryimage\"},\"thumbnailUrl\":\"https:\/\/portaltela.pt\/s.01k8rhncp4jt1\/2026\/04\/img_1280x722uu2023-06-21-22-37-00-1377776.jpg\",\"keywords\":[\"crime\",\"homic\u00eddio\",\"Pol\u00edcia Judici\u00e1ria\",\"Santar\u00e9m\",\"tentativa de homic\u00eddio\",\"viol\u00eancia\"],\"articleSection\":[\"Crime\",\"Pol\u00edcia\"],\"inLanguage\":\"pt-PT\"},{\"@type\":\"WebPage\",\"@id\":\"https:\/\/portaltela.pt\/noticias\/2026\/04\/23\/homem-tenta-matar-a-facada-na-feira-do-cavalo-da-golega\/\",\"url\":\"https:\/\/portaltela.pt\/noticias\/2026\/04\/23\/homem-tenta-matar-a-facada-na-feira-do-cavalo-da-golega\/\",\"name\":\"Homem tenta matar \u00e0 facada na Feira do Cavalo da Goleg\u00e3 - Portal Tela Portugal\",\"isPartOf\":{\"@id\":\"https:\/\/portaltela.pt\/#website\"},\"primaryImageOfPage\":{\"@id\":\"https:\/\/portaltela.pt\/noticias\/2026\/04\/23\/homem-tenta-matar-a-facada-na-feira-do-cavalo-da-golega\/#primaryimage\"},\"image\":{\"@id\":\"https:\/\/portaltela.pt\/noticias\/2026\/04\/23\/homem-tenta-matar-a-facada-na-feira-do-cavalo-da-golega\/#primaryimage\"},\"thumbnailUrl\":\"https:\/\/portaltela.pt\/s.01k8rhncp4jt1\/2026\/04\/img_1280x722uu2023-06-21-22-37-00-1377776.jpg\",\"datePublished\":\"2026-04-23T08:47:55+00:00\",\"author\":{\"@id\":\"https:\/\/portaltela.pt\/#\/schema\/person\/c4278d4a6028830caff9ee44b42d32ed\"},\"breadcrumb\":{\"@id\":\"https:\/\/portaltela.pt\/noticias\/2026\/04\/23\/homem-tenta-matar-a-facada-na-feira-do-cavalo-da-golega\/#breadcrumb\"},\"inLanguage\":\"pt-PT\",\"potentialAction\":[{\"@type\":\"ReadAction\",\"target\":[\"https:\/\/portaltela.pt\/noticias\/2026\/04\/23\/homem-tenta-matar-a-facada-na-feira-do-cavalo-da-golega\/\"]}]},{\"@type\":\"ImageObject\",\"inLanguage\":\"pt-PT\",\"@id\":\"https:\/\/portaltela.pt\/noticias\/2026\/04\/23\/homem-tenta-matar-a-facada-na-feira-do-cavalo-da-golega\/#primaryimage\",\"url\":\"https:\/\/portaltela.pt\/s.01k8rhncp4jt1\/2026\/04\/img_1280x722uu2023-06-21-22-37-00-1377776.jpg\",\"contentUrl\":\"https:\/\/portaltela.pt\/s.01k8rhncp4jt1\/2026\/04\/img_1280x722uu2023-06-21-22-37-00-1377776.jpg\",\"width\":796,\"height\":448,\"caption\":\"Homem tenta matar \u00e0 facada na Feira do Cavalo na Goleg\u00e3\"},{\"@type\":\"BreadcrumbList\",\"@id\":\"https:\/\/portaltela.pt\/noticias\/2026\/04\/23\/homem-tenta-matar-a-facada-na-feira-do-cavalo-da-golega\/#breadcrumb\",\"itemListElement\":[{\"@type\":\"ListItem\",\"position\":1,\"name\":\"In\u00edcio\",\"item\":\"https:\/\/portaltela.pt\/\"},{\"@type\":\"ListItem\",\"position\":2,\"name\":\"Homem tenta matar \u00e0 facada na Feira do Cavalo da Goleg\u00e3\"}]},{\"@type\":\"WebSite\",\"@id\":\"https:\/\/portaltela.pt\/#website\",\"url\":\"https:\/\/portaltela.pt\/\",\"name\":\"Portal Tela Portugal\",\"description\":\"\",\"potentialAction\":[{\"@type\":\"SearchAction\",\"target\":{\"@type\":\"EntryPoint\",\"urlTemplate\":\"https:\/\/portaltela.pt\/?s={search_term_string}\"},\"query-input\":{\"@type\":\"PropertyValueSpecification\",\"valueRequired\":true,\"valueName\":\"search_term_string\"}}],\"inLanguage\":\"pt-PT\"},{\"@type\":\"Person\",\"@id\":\"https:\/\/portaltela.pt\/#\/schema\/person\/c4278d4a6028830caff9ee44b42d32ed\",\"name\":\"Telinha\",\"image\":{\"@type\":\"ImageObject\",\"inLanguage\":\"pt-PT\",\"@id\":\"https:\/\/portaltela.pt\/s.01k8rhncp4jt1\/2025\/11\/talking-bot-125x125.png\",\"url\":\"https:\/\/portaltela.pt\/s.01k8rhncp4jt1\/2025\/11\/talking-bot-125x125.png\",\"contentUrl\":\"https:\/\/portaltela.pt\/s.01k8rhncp4jt1\/2025\/11\/talking-bot-125x125.png\",\"caption\":\"Telinha\"},\"sameAs\":[\"https:\/\/portaltela.pt\/\"],\"url\":\"https:\/\/portaltela.pt\/por\/367410592786\/\"}]}<\/script>\n<!-- \/ Yoast SEO plugin. -->","yoast_head_json":{"title":"Homem tenta matar \u00e0 facada na Feira do Cavalo da Goleg\u00e3 - Portal Tela Portugal","robots":{"index":"index","follow":"follow","max-snippet":"max-snippet:-1","max-image-preview":"max-image-preview:large","max-video-preview":"max-video-preview:-1"},"og_locale":"pt_PT","og_type":"article","og_title":"Homem tenta matar \u00e0 facada na Feira do Cavalo da Goleg\u00e3 - Portal Tela Portugal","og_description":"Homem tentou matar \u00e0 facada na Feira do Cavalo na Goleg\u00e3, ap\u00f3s um desentendimento entre dois homens que ocorreu em novembro. O suspeito foi detido pela Pol\u00edcia Judici\u00e1ria (PJ) recentemente. a not\u00edcia foi publicada em 23 de abril de 2026 \u00e0s 09:45. n\u00e3o foram divulgados detalhes adicionais sobre o desfecho do incidente. as fontes n\u00e3o discutem opini\u00f5es ou julgamentos, limitando-se a fatos verificados.","og_url":"https:\/\/portaltela.pt\/noticias\/2026\/04\/23\/homem-tenta-matar-a-facada-na-feira-do-cavalo-da-golega\/","og_site_name":"Portal Tela Portugal","article_published_time":"2026-04-23T08:47:55+00:00","author":"Telinha","twitter_card":"summary_large_image","twitter_misc":{"Escrito por":"Telinha","Tempo estimado de leitura":"1 minuto"},"schema":{"@context":"https:\/\/schema.org","@graph":[{"@type":"Article","@id":"https:\/\/portaltela.pt\/noticias\/2026\/04\/23\/homem-tenta-matar-a-facada-na-feira-do-cavalo-da-golega\/#article","isPartOf":{"@id":"https:\/\/portaltela.pt\/noticias\/2026\/04\/23\/homem-tenta-matar-a-facada-na-feira-do-cavalo-da-golega\/"},"author":{"name":"Telinha","@id":"https:\/\/portaltela.pt\/#\/schema\/person\/c4278d4a6028830caff9ee44b42d32ed"},"headline":"Homem tenta matar \u00e0 facada na Feira do Cavalo da Goleg\u00e3","datePublished":"2026-04-23T08:47:55+00:00","mainEntityOfPage":{"@id":"https:\/\/portaltela.pt\/noticias\/2026\/04\/23\/homem-tenta-matar-a-facada-na-feira-do-cavalo-da-golega\/"},"wordCount":165,"image":{"@id":"https:\/\/portaltela.pt\/noticias\/2026\/04\/23\/homem-tenta-matar-a-facada-na-feira-do-cavalo-da-golega\/#primaryimage"},"thumbnailUrl":"https:\/\/portaltela.pt\/s.01k8rhncp4jt1\/2026\/04\/img_1280x722uu2023-06-21-22-37-00-1377776.jpg","keywords":["crime","homic\u00eddio","Pol\u00edcia Judici\u00e1ria","Santar\u00e9m","tentativa de homic\u00eddio","viol\u00eancia"],"articleSection":["Crime","Pol\u00edcia"],"inLanguage":"pt-PT"},{"@type":"WebPage","@id":"https:\/\/portaltela.pt\/noticias\/2026\/04\/23\/homem-tenta-matar-a-facada-na-feira-do-cavalo-da-golega\/","url":"https:\/\/portaltela.pt\/noticias\/2026\/04\/23\/homem-tenta-matar-a-facada-na-feira-do-cavalo-da-golega\/","name":"Homem tenta matar \u00e0 facada na Feira do Cavalo da Goleg\u00e3 - Portal Tela Portugal","isPartOf":{"@id":"https:\/\/portaltela.pt\/#website"},"primaryImageOfPage":{"@id":"https:\/\/portaltela.pt\/noticias\/2026\/04\/23\/homem-tenta-matar-a-facada-na-feira-do-cavalo-da-golega\/#primaryimage"},"image":{"@id":"https:\/\/portaltela.pt\/noticias\/2026\/04\/23\/homem-tenta-matar-a-facada-na-feira-do-cavalo-da-golega\/#primaryimage"},"thumbnailUrl":"https:\/\/portaltela.pt\/s.01k8rhncp4jt1\/2026\/04\/img_1280x722uu2023-06-21-22-37-00-1377776.jpg","datePublished":"2026-04-23T08:47:55+00:00","author":{"@id":"https:\/\/portaltela.pt\/#\/schema\/person\/c4278d4a6028830caff9ee44b42d32ed"},"breadcrumb":{"@id":"https:\/\/portaltela.pt\/noticias\/2026\/04\/23\/homem-tenta-matar-a-facada-na-feira-do-cavalo-da-golega\/#breadcrumb"},"inLanguage":"pt-PT","potentialAction":[{"@type":"ReadAction","target":["https:\/\/portaltela.pt\/noticias\/2026\/04\/23\/homem-tenta-matar-a-facada-na-feira-do-cavalo-da-golega\/"]}]},{"@type":"ImageObject","inLanguage":"pt-PT","@id":"https:\/\/portaltela.pt\/noticias\/2026\/04\/23\/homem-tenta-matar-a-facada-na-feira-do-cavalo-da-golega\/#primaryimage","url":"https:\/\/portaltela.pt\/s.01k8rhncp4jt1\/2026\/04\/img_1280x722uu2023-06-21-22-37-00-1377776.jpg","contentUrl":"https:\/\/portaltela.pt\/s.01k8rhncp4jt1\/2026\/04\/img_1280x722uu2023-06-21-22-37-00-1377776.jpg","width":796,"height":448,"caption":"Homem tenta matar \u00e0 facada na Feira do Cavalo na Goleg\u00e3"},{"@type":"BreadcrumbList","@id":"https:\/\/portaltela.pt\/noticias\/2026\/04\/23\/homem-tenta-matar-a-facada-na-feira-do-cavalo-da-golega\/#breadcrumb","itemListElement":[{"@type":"ListItem","position":1,"name":"In\u00edcio","item":"https:\/\/portaltela.pt\/"},{"@type":"ListItem","position":2,"name":"Homem tenta matar \u00e0 facada na Feira do Cavalo da Goleg\u00e3"}]},{"@type":"WebSite","@id":"https:\/\/portaltela.pt\/#website","url":"https:\/\/portaltela.pt\/","name":"Portal Tela Portugal","description":"","potentialAction":[{"@type":"SearchAction","target":{"@type":"EntryPoint","urlTemplate":"https:\/\/portaltela.pt\/?s={search_term_string}"},"query-input":{"@type":"PropertyValueSpecification","valueRequired":true,"valueName":"search_term_string"}}],"inLanguage":"pt-PT"},{"@type":"Person","@id":"https:\/\/portaltela.pt\/#\/schema\/person\/c4278d4a6028830caff9ee44b42d32ed","name":"Telinha","image":{"@type":"ImageObject","inLanguage":"pt-PT","@id":"https:\/\/portaltela.pt\/s.01k8rhncp4jt1\/2025\/11\/talking-bot-125x125.png","url":"https:\/\/portaltela.pt\/s.01k8rhncp4jt1\/2025\/11\/talking-bot-125x125.png","contentUrl":"https:\/\/portaltela.pt\/s.01k8rhncp4jt1\/2025\/11\/talking-bot-125x125.png","caption":"Telinha"},"sameAs":["https:\/\/portaltela.pt\/"],"url":"https:\/\/portaltela.pt\/por\/367410592786\/"}]}},"_links":{"self":[{"href":"https:\/\/portaltela.pt\/api\/wp\/v2\/posts\/455602","targetHints":{"allow":["GET"]}}],"collection":[{"href":"https:\/\/portaltela.pt\/api\/wp\/v2\/posts"}],"about":[{"href":"https:\/\/portaltela.pt\/api\/wp\/v2\/types\/post"}],"author":[{"embeddable":true,"href":"https:\/\/portaltela.pt\/api\/wp\/v2\/users\/2"}],"replies":[{"embeddable":true,"href":"https:\/\/portaltela.pt\/api\/wp\/v2\/comments?post=455602"}],"version-history":[{"count":0,"href":"https:\/\/portaltela.pt\/api\/wp\/v2\/posts\/455602\/revisions"}],"wp:featuredmedia":[{"embeddable":true,"href":"https:\/\/portaltela.pt\/api\/wp\/v2\/media\/455606"}],"wp:attachment":[{"href":"https:\/\/portaltela.pt\/api\/wp\/v2\/media?parent=455602"}],"wp:term":[{"taxonomy":"category","embeddable":true,"href":"https:\/\/portaltela.pt\/api\/wp\/v2\/categories?post=455602"},{"taxonomy":"post_tag","embeddable":true,"href":"https:\/\/portaltela.pt\/api\/wp\/v2\/tags?post=455602"}],"curies":[{"name":"wp","href":"https:\/\/api.w.org\/{rel}","templated":true}]}}