{"id":455557,"date":"2026-04-23T04:47:38","date_gmt":"2026-04-23T07:47:38","guid":{"rendered":"https:\/\/portaltela.pt\/noticias\/2026\/04\/23\/cumprimento-frio-entre-florentino-perez-e-vinicius-junior-antes-do-madrid-alaves\/"},"modified":"2026-04-23T04:47:38","modified_gmt":"2026-04-23T07:47:38","slug":"cumprimento-frio-entre-florentino-perez-e-vinicius-junior-antes-do-madrid-alaves","status":"publish","type":"post","link":"https:\/\/portaltela.pt\/desporto\/futebol\/2026\/04\/23\/cumprimento-frio-entre-florentino-perez-e-vinicius-junior-antes-do-madrid-alaves\/","title":{"rendered":"Cumprimento frio entre Florentino P\u00e9rez e Vin\u00edcius J\u00fanior antes do Madrid-Alav\u00e9s"},"content":{"rendered":"<p>O jornalismo desportivo analisa a tens\u00e3o no balne\u00e1rio do Real Madrid que ganhou destaque nos \u00faltimos dias, ap\u00f3s a vit\u00f3ria frente ao Alav\u00e9s por 2-1. Antes do apito inicial, observou-se um cumprimento frio entre Florentino P\u00e9rez e Vin\u00edcius J\u00fanior.<\/p>\n<p>Segundo a imprensa espanhola, o epis\u00f3dio contrastou com o encontro entre o presidente madridista e Kylian Mbapp\u00e9, que houve de forma cordial. O momento foi captado em imagens difundidas por programas de televis\u00e3o desportivo.<\/p>\n<p>A dire\u00e7\u00e3o do clube e o plantel mant\u00eam o tema sob escrut\u00ednio, com diferentes leituras sobre o impacto no ambiente de treino e na rela\u00e7\u00e3o entre jogadores e dirigentes. A situa\u00e7\u00e3o passou a compor o debate p\u00fablico sobre a equipa.<\/p>\n<p>O epis\u00f3dio ocorreu antes da partida frente ao Alav\u00e9s, no contexto da agenda do Real Madrid na Liga. N\u00e3o houve confirma\u00e7\u00e3o oficial de mensagens ou consequ\u00eancias diretas para o clube ou para Vin\u00edcius J\u00fanior.<\/p>\n","protected":false},"excerpt":{"rendered":"<ul>\n<li>A tens\u00e3o no balne\u00e1rio do Real Madrid voltou a ser tema de debate na imprensa espanhola ap\u00f3s a vit\u00f3ria frente ao Alav\u00e9s, por 2-1.<\/li>\n<li>Antes do apito inicial, verificou-se um cumprimento frio entre Florentino P\u00e9rez e Vin\u00edcius J\u00fanior.<\/li>\n<li>O momento contrasta com o que aconteceu com Kylian Mbapp\u00e9, que abra\u00e7ou o presidente do clube.<\/li>\n<li>A not\u00edcia foi amplificada por v\u00eddeos do programa El Chiringuito.<\/li>\n<li>O debate sobre a rela\u00e7\u00e3o entre jogadores e dire\u00e7\u00e3o continua a marcar o foco medi\u00e1tico no clube.<\/li>\n<\/ul>\n","protected":false},"author":2,"featured_media":455560,"comment_status":"closed","ping_status":"closed","sticky":false,"template":"","format":"standard","meta":{"footnotes":""},"categories":[21,24],"tags":[32,3338,3553,1789,2714,2265],"class_list":["post-455557","post","type-post","status-publish","format-standard","has-post-thumbnail","hentry","category-desporto","category-futebol","tag-futebol","tag-futebol-internacional","tag-kylian-mbappe","tag-la-liga","tag-real-madrid","tag-vinicius-junior"],"yoast_head":"<!-- This site is optimized with the Yoast SEO plugin v27.2 - https:\/\/yoast.com\/product\/yoast-seo-wordpress\/ -->\n<title>Cumprimento frio entre Florentino P\u00e9rez e Vin\u00edcius J\u00fanior antes do Madrid-Alav\u00e9s - Portal Tela Portugal<\/title>\n<meta name=\"robots\" content=\"index, follow, max-snippet:-1, max-image-preview:large, max-video-preview:-1\" \/>\n<meta property=\"og:locale\" content=\"pt_PT\" \/>\n<meta property=\"og:type\" content=\"article\" \/>\n<meta property=\"og:title\" content=\"Cumprimento frio entre Florentino P\u00e9rez e Vin\u00edcius J\u00fanior antes do Madrid-Alav\u00e9s - Portal Tela Portugal\" \/>\n<meta property=\"og:description\" content=\"A tens\u00e3o no balne\u00e1rio do Real Madrid voltou a ser tema de debate na imprensa espanhola ap\u00f3s a vit\u00f3ria frente ao Alav\u00e9s, por 2-1. Antes do apito inicial, verificou-se um cumprimento frio entre Florentino P\u00e9rez e Vin\u00edcius J\u00fanior. O momento contrasta com o que aconteceu com Kylian Mbapp\u00e9, que abra\u00e7ou o presidente do clube. A not\u00edcia foi amplificada por v\u00eddeos do programa El Chiringuito. O debate sobre a rela\u00e7\u00e3o entre jogadores e dire\u00e7\u00e3o continua a marcar o foco medi\u00e1tico no clube.\" \/>\n<meta property=\"og:url\" content=\"https:\/\/portaltela.pt\/noticias\/2026\/04\/23\/cumprimento-frio-entre-florentino-perez-e-vinicius-junior-antes-do-madrid-alaves\/\" \/>\n<meta property=\"og:site_name\" content=\"Portal Tela Portugal\" \/>\n<meta property=\"article:published_time\" content=\"2026-04-23T07:47:38+00:00\" \/>\n<meta name=\"author\" content=\"Telinha\" \/>\n<meta name=\"twitter:card\" content=\"summary_large_image\" \/>\n<meta name=\"twitter:label1\" content=\"Escrito por\" \/>\n\t<meta name=\"twitter:data1\" content=\"Telinha\" \/>\n\t<meta name=\"twitter:label2\" content=\"Tempo estimado de leitura\" \/>\n\t<meta name=\"twitter:data2\" content=\"1 minuto\" \/>\n<script type=\"application\/ld+json\" class=\"yoast-schema-graph\">{\"@context\":\"https:\/\/schema.org\",\"@graph\":[{\"@type\":\"Article\",\"@id\":\"https:\/\/portaltela.pt\/noticias\/2026\/04\/23\/cumprimento-frio-entre-florentino-perez-e-vinicius-junior-antes-do-madrid-alaves\/#article\",\"isPartOf\":{\"@id\":\"https:\/\/portaltela.pt\/noticias\/2026\/04\/23\/cumprimento-frio-entre-florentino-perez-e-vinicius-junior-antes-do-madrid-alaves\/\"},\"author\":{\"name\":\"Telinha\",\"@id\":\"https:\/\/portaltela.pt\/#\/schema\/person\/c4278d4a6028830caff9ee44b42d32ed\"},\"headline\":\"Cumprimento frio entre Florentino P\u00e9rez e Vin\u00edcius J\u00fanior antes do Madrid-Alav\u00e9s\",\"datePublished\":\"2026-04-23T07:47:38+00:00\",\"mainEntityOfPage\":{\"@id\":\"https:\/\/portaltela.pt\/noticias\/2026\/04\/23\/cumprimento-frio-entre-florentino-perez-e-vinicius-junior-antes-do-madrid-alaves\/\"},\"wordCount\":185,\"image\":{\"@id\":\"https:\/\/portaltela.pt\/noticias\/2026\/04\/23\/cumprimento-frio-entre-florentino-perez-e-vinicius-junior-antes-do-madrid-alaves\/#primaryimage\"},\"thumbnailUrl\":\"https:\/\/portaltela.pt\/s.01k8rhncp4jt1\/2026\/04\/img_1200x721uu2026-04-23-08-34-30-2434826.jpg\",\"keywords\":[\"futebol\",\"futebol internacional\",\"Kylian Mbapp\u00e9\",\"La Liga\",\"Real Madrid\",\"Vin\u00edcius J\u00fanior\"],\"articleSection\":[\"Desporto\",\"Futebol\"],\"inLanguage\":\"pt-PT\"},{\"@type\":\"WebPage\",\"@id\":\"https:\/\/portaltela.pt\/noticias\/2026\/04\/23\/cumprimento-frio-entre-florentino-perez-e-vinicius-junior-antes-do-madrid-alaves\/\",\"url\":\"https:\/\/portaltela.pt\/noticias\/2026\/04\/23\/cumprimento-frio-entre-florentino-perez-e-vinicius-junior-antes-do-madrid-alaves\/\",\"name\":\"Cumprimento frio entre Florentino P\u00e9rez e Vin\u00edcius J\u00fanior antes do Madrid-Alav\u00e9s - Portal Tela Portugal\",\"isPartOf\":{\"@id\":\"https:\/\/portaltela.pt\/#website\"},\"primaryImageOfPage\":{\"@id\":\"https:\/\/portaltela.pt\/noticias\/2026\/04\/23\/cumprimento-frio-entre-florentino-perez-e-vinicius-junior-antes-do-madrid-alaves\/#primaryimage\"},\"image\":{\"@id\":\"https:\/\/portaltela.pt\/noticias\/2026\/04\/23\/cumprimento-frio-entre-florentino-perez-e-vinicius-junior-antes-do-madrid-alaves\/#primaryimage\"},\"thumbnailUrl\":\"https:\/\/portaltela.pt\/s.01k8rhncp4jt1\/2026\/04\/img_1200x721uu2026-04-23-08-34-30-2434826.jpg\",\"datePublished\":\"2026-04-23T07:47:38+00:00\",\"author\":{\"@id\":\"https:\/\/portaltela.pt\/#\/schema\/person\/c4278d4a6028830caff9ee44b42d32ed\"},\"breadcrumb\":{\"@id\":\"https:\/\/portaltela.pt\/noticias\/2026\/04\/23\/cumprimento-frio-entre-florentino-perez-e-vinicius-junior-antes-do-madrid-alaves\/#breadcrumb\"},\"inLanguage\":\"pt-PT\",\"potentialAction\":[{\"@type\":\"ReadAction\",\"target\":[\"https:\/\/portaltela.pt\/noticias\/2026\/04\/23\/cumprimento-frio-entre-florentino-perez-e-vinicius-junior-antes-do-madrid-alaves\/\"]}]},{\"@type\":\"ImageObject\",\"inLanguage\":\"pt-PT\",\"@id\":\"https:\/\/portaltela.pt\/noticias\/2026\/04\/23\/cumprimento-frio-entre-florentino-perez-e-vinicius-junior-antes-do-madrid-alaves\/#primaryimage\",\"url\":\"https:\/\/portaltela.pt\/s.01k8rhncp4jt1\/2026\/04\/img_1200x721uu2026-04-23-08-34-30-2434826.jpg\",\"contentUrl\":\"https:\/\/portaltela.pt\/s.01k8rhncp4jt1\/2026\/04\/img_1200x721uu2026-04-23-08-34-30-2434826.jpg\",\"width\":796,\"height\":448,\"caption\":\"Clima pesado? O cumprimento frio entre Florentino P\u00e9rez e Vin\u00edcius J\u00fanior antes do Real Madrid-Alav\u00e9s\"},{\"@type\":\"BreadcrumbList\",\"@id\":\"https:\/\/portaltela.pt\/noticias\/2026\/04\/23\/cumprimento-frio-entre-florentino-perez-e-vinicius-junior-antes-do-madrid-alaves\/#breadcrumb\",\"itemListElement\":[{\"@type\":\"ListItem\",\"position\":1,\"name\":\"In\u00edcio\",\"item\":\"https:\/\/portaltela.pt\/\"},{\"@type\":\"ListItem\",\"position\":2,\"name\":\"Cumprimento frio entre Florentino P\u00e9rez e Vin\u00edcius J\u00fanior antes do Madrid-Alav\u00e9s\"}]},{\"@type\":\"WebSite\",\"@id\":\"https:\/\/portaltela.pt\/#website\",\"url\":\"https:\/\/portaltela.pt\/\",\"name\":\"Portal Tela Portugal\",\"description\":\"\",\"potentialAction\":[{\"@type\":\"SearchAction\",\"target\":{\"@type\":\"EntryPoint\",\"urlTemplate\":\"https:\/\/portaltela.pt\/?s={search_term_string}\"},\"query-input\":{\"@type\":\"PropertyValueSpecification\",\"valueRequired\":true,\"valueName\":\"search_term_string\"}}],\"inLanguage\":\"pt-PT\"},{\"@type\":\"Person\",\"@id\":\"https:\/\/portaltela.pt\/#\/schema\/person\/c4278d4a6028830caff9ee44b42d32ed\",\"name\":\"Telinha\",\"image\":{\"@type\":\"ImageObject\",\"inLanguage\":\"pt-PT\",\"@id\":\"https:\/\/portaltela.pt\/s.01k8rhncp4jt1\/2025\/11\/talking-bot-125x125.png\",\"url\":\"https:\/\/portaltela.pt\/s.01k8rhncp4jt1\/2025\/11\/talking-bot-125x125.png\",\"contentUrl\":\"https:\/\/portaltela.pt\/s.01k8rhncp4jt1\/2025\/11\/talking-bot-125x125.png\",\"caption\":\"Telinha\"},\"sameAs\":[\"https:\/\/portaltela.pt\/\"],\"url\":\"https:\/\/portaltela.pt\/por\/367410592786\/\"}]}<\/script>\n<!-- \/ Yoast SEO plugin. -->","yoast_head_json":{"title":"Cumprimento frio entre Florentino P\u00e9rez e Vin\u00edcius J\u00fanior antes do Madrid-Alav\u00e9s - Portal Tela Portugal","robots":{"index":"index","follow":"follow","max-snippet":"max-snippet:-1","max-image-preview":"max-image-preview:large","max-video-preview":"max-video-preview:-1"},"og_locale":"pt_PT","og_type":"article","og_title":"Cumprimento frio entre Florentino P\u00e9rez e Vin\u00edcius J\u00fanior antes do Madrid-Alav\u00e9s - Portal Tela Portugal","og_description":"A tens\u00e3o no balne\u00e1rio do Real Madrid voltou a ser tema de debate na imprensa espanhola ap\u00f3s a vit\u00f3ria frente ao Alav\u00e9s, por 2-1. Antes do apito inicial, verificou-se um cumprimento frio entre Florentino P\u00e9rez e Vin\u00edcius J\u00fanior. O momento contrasta com o que aconteceu com Kylian Mbapp\u00e9, que abra\u00e7ou o presidente do clube. A not\u00edcia foi amplificada por v\u00eddeos do programa El Chiringuito. O debate sobre a rela\u00e7\u00e3o entre jogadores e dire\u00e7\u00e3o continua a marcar o foco medi\u00e1tico no clube.","og_url":"https:\/\/portaltela.pt\/noticias\/2026\/04\/23\/cumprimento-frio-entre-florentino-perez-e-vinicius-junior-antes-do-madrid-alaves\/","og_site_name":"Portal Tela Portugal","article_published_time":"2026-04-23T07:47:38+00:00","author":"Telinha","twitter_card":"summary_large_image","twitter_misc":{"Escrito por":"Telinha","Tempo estimado de leitura":"1 minuto"},"schema":{"@context":"https:\/\/schema.org","@graph":[{"@type":"Article","@id":"https:\/\/portaltela.pt\/noticias\/2026\/04\/23\/cumprimento-frio-entre-florentino-perez-e-vinicius-junior-antes-do-madrid-alaves\/#article","isPartOf":{"@id":"https:\/\/portaltela.pt\/noticias\/2026\/04\/23\/cumprimento-frio-entre-florentino-perez-e-vinicius-junior-antes-do-madrid-alaves\/"},"author":{"name":"Telinha","@id":"https:\/\/portaltela.pt\/#\/schema\/person\/c4278d4a6028830caff9ee44b42d32ed"},"headline":"Cumprimento frio entre Florentino P\u00e9rez e Vin\u00edcius J\u00fanior antes do Madrid-Alav\u00e9s","datePublished":"2026-04-23T07:47:38+00:00","mainEntityOfPage":{"@id":"https:\/\/portaltela.pt\/noticias\/2026\/04\/23\/cumprimento-frio-entre-florentino-perez-e-vinicius-junior-antes-do-madrid-alaves\/"},"wordCount":185,"image":{"@id":"https:\/\/portaltela.pt\/noticias\/2026\/04\/23\/cumprimento-frio-entre-florentino-perez-e-vinicius-junior-antes-do-madrid-alaves\/#primaryimage"},"thumbnailUrl":"https:\/\/portaltela.pt\/s.01k8rhncp4jt1\/2026\/04\/img_1200x721uu2026-04-23-08-34-30-2434826.jpg","keywords":["futebol","futebol internacional","Kylian Mbapp\u00e9","La Liga","Real Madrid","Vin\u00edcius J\u00fanior"],"articleSection":["Desporto","Futebol"],"inLanguage":"pt-PT"},{"@type":"WebPage","@id":"https:\/\/portaltela.pt\/noticias\/2026\/04\/23\/cumprimento-frio-entre-florentino-perez-e-vinicius-junior-antes-do-madrid-alaves\/","url":"https:\/\/portaltela.pt\/noticias\/2026\/04\/23\/cumprimento-frio-entre-florentino-perez-e-vinicius-junior-antes-do-madrid-alaves\/","name":"Cumprimento frio entre Florentino P\u00e9rez e Vin\u00edcius J\u00fanior antes do Madrid-Alav\u00e9s - Portal Tela Portugal","isPartOf":{"@id":"https:\/\/portaltela.pt\/#website"},"primaryImageOfPage":{"@id":"https:\/\/portaltela.pt\/noticias\/2026\/04\/23\/cumprimento-frio-entre-florentino-perez-e-vinicius-junior-antes-do-madrid-alaves\/#primaryimage"},"image":{"@id":"https:\/\/portaltela.pt\/noticias\/2026\/04\/23\/cumprimento-frio-entre-florentino-perez-e-vinicius-junior-antes-do-madrid-alaves\/#primaryimage"},"thumbnailUrl":"https:\/\/portaltela.pt\/s.01k8rhncp4jt1\/2026\/04\/img_1200x721uu2026-04-23-08-34-30-2434826.jpg","datePublished":"2026-04-23T07:47:38+00:00","author":{"@id":"https:\/\/portaltela.pt\/#\/schema\/person\/c4278d4a6028830caff9ee44b42d32ed"},"breadcrumb":{"@id":"https:\/\/portaltela.pt\/noticias\/2026\/04\/23\/cumprimento-frio-entre-florentino-perez-e-vinicius-junior-antes-do-madrid-alaves\/#breadcrumb"},"inLanguage":"pt-PT","potentialAction":[{"@type":"ReadAction","target":["https:\/\/portaltela.pt\/noticias\/2026\/04\/23\/cumprimento-frio-entre-florentino-perez-e-vinicius-junior-antes-do-madrid-alaves\/"]}]},{"@type":"ImageObject","inLanguage":"pt-PT","@id":"https:\/\/portaltela.pt\/noticias\/2026\/04\/23\/cumprimento-frio-entre-florentino-perez-e-vinicius-junior-antes-do-madrid-alaves\/#primaryimage","url":"https:\/\/portaltela.pt\/s.01k8rhncp4jt1\/2026\/04\/img_1200x721uu2026-04-23-08-34-30-2434826.jpg","contentUrl":"https:\/\/portaltela.pt\/s.01k8rhncp4jt1\/2026\/04\/img_1200x721uu2026-04-23-08-34-30-2434826.jpg","width":796,"height":448,"caption":"Clima pesado? O cumprimento frio entre Florentino P\u00e9rez e Vin\u00edcius J\u00fanior antes do Real Madrid-Alav\u00e9s"},{"@type":"BreadcrumbList","@id":"https:\/\/portaltela.pt\/noticias\/2026\/04\/23\/cumprimento-frio-entre-florentino-perez-e-vinicius-junior-antes-do-madrid-alaves\/#breadcrumb","itemListElement":[{"@type":"ListItem","position":1,"name":"In\u00edcio","item":"https:\/\/portaltela.pt\/"},{"@type":"ListItem","position":2,"name":"Cumprimento frio entre Florentino P\u00e9rez e Vin\u00edcius J\u00fanior antes do Madrid-Alav\u00e9s"}]},{"@type":"WebSite","@id":"https:\/\/portaltela.pt\/#website","url":"https:\/\/portaltela.pt\/","name":"Portal Tela Portugal","description":"","potentialAction":[{"@type":"SearchAction","target":{"@type":"EntryPoint","urlTemplate":"https:\/\/portaltela.pt\/?s={search_term_string}"},"query-input":{"@type":"PropertyValueSpecification","valueRequired":true,"valueName":"search_term_string"}}],"inLanguage":"pt-PT"},{"@type":"Person","@id":"https:\/\/portaltela.pt\/#\/schema\/person\/c4278d4a6028830caff9ee44b42d32ed","name":"Telinha","image":{"@type":"ImageObject","inLanguage":"pt-PT","@id":"https:\/\/portaltela.pt\/s.01k8rhncp4jt1\/2025\/11\/talking-bot-125x125.png","url":"https:\/\/portaltela.pt\/s.01k8rhncp4jt1\/2025\/11\/talking-bot-125x125.png","contentUrl":"https:\/\/portaltela.pt\/s.01k8rhncp4jt1\/2025\/11\/talking-bot-125x125.png","caption":"Telinha"},"sameAs":["https:\/\/portaltela.pt\/"],"url":"https:\/\/portaltela.pt\/por\/367410592786\/"}]}},"_links":{"self":[{"href":"https:\/\/portaltela.pt\/api\/wp\/v2\/posts\/455557","targetHints":{"allow":["GET"]}}],"collection":[{"href":"https:\/\/portaltela.pt\/api\/wp\/v2\/posts"}],"about":[{"href":"https:\/\/portaltela.pt\/api\/wp\/v2\/types\/post"}],"author":[{"embeddable":true,"href":"https:\/\/portaltela.pt\/api\/wp\/v2\/users\/2"}],"replies":[{"embeddable":true,"href":"https:\/\/portaltela.pt\/api\/wp\/v2\/comments?post=455557"}],"version-history":[{"count":0,"href":"https:\/\/portaltela.pt\/api\/wp\/v2\/posts\/455557\/revisions"}],"wp:featuredmedia":[{"embeddable":true,"href":"https:\/\/portaltela.pt\/api\/wp\/v2\/media\/455560"}],"wp:attachment":[{"href":"https:\/\/portaltela.pt\/api\/wp\/v2\/media?parent=455557"}],"wp:term":[{"taxonomy":"category","embeddable":true,"href":"https:\/\/portaltela.pt\/api\/wp\/v2\/categories?post=455557"},{"taxonomy":"post_tag","embeddable":true,"href":"https:\/\/portaltela.pt\/api\/wp\/v2\/tags?post=455557"}],"curies":[{"name":"wp","href":"https:\/\/api.w.org\/{rel}","templated":true}]}}