{"id":455555,"date":"2026-04-23T04:47:36","date_gmt":"2026-04-23T07:47:36","guid":{"rendered":"https:\/\/portaltela.pt\/noticias\/2026\/04\/23\/mundial-de-triatlo-inicia-com-los-angeles-no-horizonte-e-vilaca-entre-favoritos\/"},"modified":"2026-04-23T04:47:36","modified_gmt":"2026-04-23T07:47:36","slug":"mundial-de-triatlo-inicia-com-los-angeles-no-horizonte-e-vilaca-entre-favoritos","status":"publish","type":"post","link":"https:\/\/portaltela.pt\/desporto\/copa-do-mundo\/2026\/04\/23\/mundial-de-triatlo-inicia-com-los-angeles-no-horizonte-e-vilaca-entre-favoritos\/","title":{"rendered":"Mundial de triatlo inicia com Los Angeles no horizonte e Vila\u00e7a entre favoritos"},"content":{"rendered":"<p>O Campeonato do Mundo de triatlo de 2026 inicia este s\u00e1bado em Samarcanda, Uzbequist\u00e3o, com Vasco Vila\u00e7a em evid\u00eancia entre os atletas portugueses. O evento marca tamb\u00e9m o come\u00e7o da qualifica\u00e7\u00e3o ol\u00edmpica para Los Angeles 2028.<\/p>\n<p>Al\u00e9m do Vila\u00e7a, Portugal ter\u00e1 representa\u00e7\u00e3o com Ricardo Batista, Miguel Tiago Silva e Jo\u00e3o Nuno Batista. Maria Tom\u00e9 comp\u00f5e a guarda portuguesa no setor feminino. O pa\u00eds soma quatro atletas no top 25 do ranking mundial.<\/p>\n<p>Portugal entra numa prova de grande alcance, com nove etapas, destacando-se a abertura em Abu Dhabi, que acabou adiada devido ao conflito no M\u00e9dio Oriente. A contagem oficial mant\u00e9m-se apenas a partir da terceira etapa, em Alghero, It\u00e1lia.<\/p>\n<h3>Calend\u00e1rio e formato<\/h3>\n<p>A temporada passa por Jap\u00e3o, It\u00e1lia, Fran\u00e7a, Alemanha, Inglaterra, China e Rep\u00fablica Checa, antes da Grande Final em Pontevedra, Espanha, de 24 a 27 de setembro. A final tem pontua\u00e7\u00e3o bonificada e vale apenas os cinco melhores resultados globais.<\/p>\n<p>A prova de estafetas ocorre em quatro das nove etapas, enquanto o campe\u00e3o mundial de paratriatlo \u00e9 decidido numa prova \u00fanica, no encerramento da \u00e9poca, tamb\u00e9m em Pontevedra. O Mundial de 2026 \u00e9 a 18\u00aa edi\u00e7\u00e3o da divis\u00e3o de elite da World Triathlon.<\/p>\n<h3>Import\u00e2ncia ol\u00edmpica e contexto atual<\/h3>\n<p>O desempenho neste Mundial assume especial relev\u00e2ncia para a qualifica\u00e7\u00e3o para Los Angeles 2028, ainda que as primeiras duas etapas n\u00e3o contem para a classifica\u00e7\u00e3o. A competi\u00e7\u00e3o come\u00e7a j\u00e1 com a ambi\u00e7\u00e3o de garantir lugares para a equipa de Portugal no ciclo ol\u00edmpico.<\/p>\n","protected":false},"excerpt":{"rendered":"<ul>\n<li>O Campeonato do Mundo de triatlo de 2026 come\u00e7a este s\u00e1bado em Samarcanda, no Uzbequist\u00e3o, com Vasco Vila\u00e7a entre os favoritos entre os atletas portugueses.<\/li>\n<li>Portugal ter\u00e1 ainda Ricardo Batista, Miguel Tiago Silva, Jo\u00e3o Nuno Batista e, no feminino, Maria Tom\u00e9, numa \u00e9poca em que Vila\u00e7a \u00e9 o terceiro no ranking mundial.<\/li>\n<li>O circuito passa por Jap\u00e3o, It\u00e1lia, Fran\u00e7a, Alemanha, Inglaterra, China e Rep\u00fablica Checa, at\u00e9 a final de 24 a 27 de setembro em Pontevedra, Espanha.<\/li>\n<li>O Mundial marca o in\u00edcio da qualifica\u00e7\u00e3o ol\u00edmpica para Los Angeles 2028, embora as duas primeiras etapas n\u00e3o contem; s\u00f3 a partir da terceira, em Alghero, It\u00e1lia, entram as contas.<\/li>\n<li>Est\u00e3o previstas nove etapas, tendo a abertura sido adiada em Abu Dhabi por causa da instabilidade no M\u00e9dio Oriente.<\/li>\n<\/ul>\n","protected":false},"author":2,"featured_media":455558,"comment_status":"closed","ping_status":"closed","sticky":false,"template":"","format":"standard","meta":{"footnotes":""},"categories":[6695,21],"tags":[2463,152,81,466,1014,6610],"class_list":["post-455555","post","type-post","status-publish","format-standard","has-post-thumbnail","hentry","category-copa-do-mundo","category-desporto","tag-competicao-internacional","tag-desporto","tag-internacionais","tag-organizacao-internacional","tag-portugal","tag-ranking-internacional"],"yoast_head":"<!-- This site is optimized with the Yoast SEO plugin v27.2 - https:\/\/yoast.com\/product\/yoast-seo-wordpress\/ -->\n<title>Mundial de triatlo inicia com Los Angeles no horizonte e Vila\u00e7a entre favoritos - Portal Tela Portugal<\/title>\n<meta name=\"robots\" content=\"index, follow, max-snippet:-1, max-image-preview:large, max-video-preview:-1\" \/>\n<meta property=\"og:locale\" content=\"pt_PT\" \/>\n<meta property=\"og:type\" content=\"article\" \/>\n<meta property=\"og:title\" content=\"Mundial de triatlo inicia com Los Angeles no horizonte e Vila\u00e7a entre favoritos - Portal Tela Portugal\" \/>\n<meta property=\"og:description\" content=\"O Campeonato do Mundo de triatlo de 2026 come\u00e7a este s\u00e1bado em Samarcanda, no Uzbequist\u00e3o, com Vasco Vila\u00e7a entre os favoritos entre os atletas portugueses. Portugal ter\u00e1 ainda Ricardo Batista, Miguel Tiago Silva, Jo\u00e3o Nuno Batista e, no feminino, Maria Tom\u00e9, numa \u00e9poca em que Vila\u00e7a \u00e9 o terceiro no ranking mundial. O circuito passa por Jap\u00e3o, It\u00e1lia, Fran\u00e7a, Alemanha, Inglaterra, China e Rep\u00fablica Checa, at\u00e9 a final de 24 a 27 de setembro em Pontevedra, Espanha. O Mundial marca o in\u00edcio da qualifica\u00e7\u00e3o ol\u00edmpica para Los Angeles 2028, embora as duas primeiras etapas n\u00e3o contem; s\u00f3 a partir da terceira, em Alghero, It\u00e1lia, entram as contas. Est\u00e3o previstas nove etapas, tendo a abertura sido adiada em Abu Dhabi por causa da instabilidade no M\u00e9dio Oriente.\" \/>\n<meta property=\"og:url\" content=\"https:\/\/portaltela.pt\/noticias\/2026\/04\/23\/mundial-de-triatlo-inicia-com-los-angeles-no-horizonte-e-vilaca-entre-favoritos\/\" \/>\n<meta property=\"og:site_name\" content=\"Portal Tela Portugal\" \/>\n<meta property=\"article:published_time\" content=\"2026-04-23T07:47:36+00:00\" \/>\n<meta name=\"author\" content=\"Telinha\" \/>\n<meta name=\"twitter:card\" content=\"summary_large_image\" \/>\n<meta name=\"twitter:label1\" content=\"Escrito por\" \/>\n\t<meta name=\"twitter:data1\" content=\"Telinha\" \/>\n\t<meta name=\"twitter:label2\" content=\"Tempo estimado de leitura\" \/>\n\t<meta name=\"twitter:data2\" content=\"1 minuto\" \/>\n<script type=\"application\/ld+json\" class=\"yoast-schema-graph\">{\"@context\":\"https:\/\/schema.org\",\"@graph\":[{\"@type\":\"Article\",\"@id\":\"https:\/\/portaltela.pt\/noticias\/2026\/04\/23\/mundial-de-triatlo-inicia-com-los-angeles-no-horizonte-e-vilaca-entre-favoritos\/#article\",\"isPartOf\":{\"@id\":\"https:\/\/portaltela.pt\/noticias\/2026\/04\/23\/mundial-de-triatlo-inicia-com-los-angeles-no-horizonte-e-vilaca-entre-favoritos\/\"},\"author\":{\"name\":\"Telinha\",\"@id\":\"https:\/\/portaltela.pt\/#\/schema\/person\/c4278d4a6028830caff9ee44b42d32ed\"},\"headline\":\"Mundial de triatlo inicia com Los Angeles no horizonte e Vila\u00e7a entre favoritos\",\"datePublished\":\"2026-04-23T07:47:36+00:00\",\"mainEntityOfPage\":{\"@id\":\"https:\/\/portaltela.pt\/noticias\/2026\/04\/23\/mundial-de-triatlo-inicia-com-los-angeles-no-horizonte-e-vilaca-entre-favoritos\/\"},\"wordCount\":284,\"image\":{\"@id\":\"https:\/\/portaltela.pt\/noticias\/2026\/04\/23\/mundial-de-triatlo-inicia-com-los-angeles-no-horizonte-e-vilaca-entre-favoritos\/#primaryimage\"},\"thumbnailUrl\":\"https:\/\/portaltela.pt\/s.01k8rhncp4jt1\/2026\/04\/img_1280x721uu2026-04-23-08-45-38-2280462.jpg\",\"keywords\":[\"competi\u00e7\u00e3o internacional\",\"desporto\",\"internacionais\",\"organiza\u00e7\u00e3o internacional\",\"Portugal\",\"ranking internacional\"],\"articleSection\":[\"Copa do Mundo\",\"Desporto\"],\"inLanguage\":\"pt-PT\"},{\"@type\":\"WebPage\",\"@id\":\"https:\/\/portaltela.pt\/noticias\/2026\/04\/23\/mundial-de-triatlo-inicia-com-los-angeles-no-horizonte-e-vilaca-entre-favoritos\/\",\"url\":\"https:\/\/portaltela.pt\/noticias\/2026\/04\/23\/mundial-de-triatlo-inicia-com-los-angeles-no-horizonte-e-vilaca-entre-favoritos\/\",\"name\":\"Mundial de triatlo inicia com Los Angeles no horizonte e Vila\u00e7a entre favoritos - Portal Tela Portugal\",\"isPartOf\":{\"@id\":\"https:\/\/portaltela.pt\/#website\"},\"primaryImageOfPage\":{\"@id\":\"https:\/\/portaltela.pt\/noticias\/2026\/04\/23\/mundial-de-triatlo-inicia-com-los-angeles-no-horizonte-e-vilaca-entre-favoritos\/#primaryimage\"},\"image\":{\"@id\":\"https:\/\/portaltela.pt\/noticias\/2026\/04\/23\/mundial-de-triatlo-inicia-com-los-angeles-no-horizonte-e-vilaca-entre-favoritos\/#primaryimage\"},\"thumbnailUrl\":\"https:\/\/portaltela.pt\/s.01k8rhncp4jt1\/2026\/04\/img_1280x721uu2026-04-23-08-45-38-2280462.jpg\",\"datePublished\":\"2026-04-23T07:47:36+00:00\",\"author\":{\"@id\":\"https:\/\/portaltela.pt\/#\/schema\/person\/c4278d4a6028830caff9ee44b42d32ed\"},\"breadcrumb\":{\"@id\":\"https:\/\/portaltela.pt\/noticias\/2026\/04\/23\/mundial-de-triatlo-inicia-com-los-angeles-no-horizonte-e-vilaca-entre-favoritos\/#breadcrumb\"},\"inLanguage\":\"pt-PT\",\"potentialAction\":[{\"@type\":\"ReadAction\",\"target\":[\"https:\/\/portaltela.pt\/noticias\/2026\/04\/23\/mundial-de-triatlo-inicia-com-los-angeles-no-horizonte-e-vilaca-entre-favoritos\/\"]}]},{\"@type\":\"ImageObject\",\"inLanguage\":\"pt-PT\",\"@id\":\"https:\/\/portaltela.pt\/noticias\/2026\/04\/23\/mundial-de-triatlo-inicia-com-los-angeles-no-horizonte-e-vilaca-entre-favoritos\/#primaryimage\",\"url\":\"https:\/\/portaltela.pt\/s.01k8rhncp4jt1\/2026\/04\/img_1280x721uu2026-04-23-08-45-38-2280462.jpg\",\"contentUrl\":\"https:\/\/portaltela.pt\/s.01k8rhncp4jt1\/2026\/04\/img_1280x721uu2026-04-23-08-45-38-2280462.jpg\",\"width\":796,\"height\":448,\"caption\":\"Aos 26 anos, Vasco Vila\u00e7a \u00e9 o porta-estandarte da modalidade que re\u00fane tr\u00eas desportos\"},{\"@type\":\"BreadcrumbList\",\"@id\":\"https:\/\/portaltela.pt\/noticias\/2026\/04\/23\/mundial-de-triatlo-inicia-com-los-angeles-no-horizonte-e-vilaca-entre-favoritos\/#breadcrumb\",\"itemListElement\":[{\"@type\":\"ListItem\",\"position\":1,\"name\":\"In\u00edcio\",\"item\":\"https:\/\/portaltela.pt\/\"},{\"@type\":\"ListItem\",\"position\":2,\"name\":\"Mundial de triatlo inicia com Los Angeles no horizonte e Vila\u00e7a entre favoritos\"}]},{\"@type\":\"WebSite\",\"@id\":\"https:\/\/portaltela.pt\/#website\",\"url\":\"https:\/\/portaltela.pt\/\",\"name\":\"Portal Tela Portugal\",\"description\":\"\",\"potentialAction\":[{\"@type\":\"SearchAction\",\"target\":{\"@type\":\"EntryPoint\",\"urlTemplate\":\"https:\/\/portaltela.pt\/?s={search_term_string}\"},\"query-input\":{\"@type\":\"PropertyValueSpecification\",\"valueRequired\":true,\"valueName\":\"search_term_string\"}}],\"inLanguage\":\"pt-PT\"},{\"@type\":\"Person\",\"@id\":\"https:\/\/portaltela.pt\/#\/schema\/person\/c4278d4a6028830caff9ee44b42d32ed\",\"name\":\"Telinha\",\"image\":{\"@type\":\"ImageObject\",\"inLanguage\":\"pt-PT\",\"@id\":\"https:\/\/portaltela.pt\/s.01k8rhncp4jt1\/2025\/11\/talking-bot-125x125.png\",\"url\":\"https:\/\/portaltela.pt\/s.01k8rhncp4jt1\/2025\/11\/talking-bot-125x125.png\",\"contentUrl\":\"https:\/\/portaltela.pt\/s.01k8rhncp4jt1\/2025\/11\/talking-bot-125x125.png\",\"caption\":\"Telinha\"},\"sameAs\":[\"https:\/\/portaltela.pt\/\"],\"url\":\"https:\/\/portaltela.pt\/por\/367410592786\/\"}]}<\/script>\n<!-- \/ Yoast SEO plugin. -->","yoast_head_json":{"title":"Mundial de triatlo inicia com Los Angeles no horizonte e Vila\u00e7a entre favoritos - Portal Tela Portugal","robots":{"index":"index","follow":"follow","max-snippet":"max-snippet:-1","max-image-preview":"max-image-preview:large","max-video-preview":"max-video-preview:-1"},"og_locale":"pt_PT","og_type":"article","og_title":"Mundial de triatlo inicia com Los Angeles no horizonte e Vila\u00e7a entre favoritos - Portal Tela Portugal","og_description":"O Campeonato do Mundo de triatlo de 2026 come\u00e7a este s\u00e1bado em Samarcanda, no Uzbequist\u00e3o, com Vasco Vila\u00e7a entre os favoritos entre os atletas portugueses. Portugal ter\u00e1 ainda Ricardo Batista, Miguel Tiago Silva, Jo\u00e3o Nuno Batista e, no feminino, Maria Tom\u00e9, numa \u00e9poca em que Vila\u00e7a \u00e9 o terceiro no ranking mundial. O circuito passa por Jap\u00e3o, It\u00e1lia, Fran\u00e7a, Alemanha, Inglaterra, China e Rep\u00fablica Checa, at\u00e9 a final de 24 a 27 de setembro em Pontevedra, Espanha. O Mundial marca o in\u00edcio da qualifica\u00e7\u00e3o ol\u00edmpica para Los Angeles 2028, embora as duas primeiras etapas n\u00e3o contem; s\u00f3 a partir da terceira, em Alghero, It\u00e1lia, entram as contas. Est\u00e3o previstas nove etapas, tendo a abertura sido adiada em Abu Dhabi por causa da instabilidade no M\u00e9dio Oriente.","og_url":"https:\/\/portaltela.pt\/noticias\/2026\/04\/23\/mundial-de-triatlo-inicia-com-los-angeles-no-horizonte-e-vilaca-entre-favoritos\/","og_site_name":"Portal Tela Portugal","article_published_time":"2026-04-23T07:47:36+00:00","author":"Telinha","twitter_card":"summary_large_image","twitter_misc":{"Escrito por":"Telinha","Tempo estimado de leitura":"1 minuto"},"schema":{"@context":"https:\/\/schema.org","@graph":[{"@type":"Article","@id":"https:\/\/portaltela.pt\/noticias\/2026\/04\/23\/mundial-de-triatlo-inicia-com-los-angeles-no-horizonte-e-vilaca-entre-favoritos\/#article","isPartOf":{"@id":"https:\/\/portaltela.pt\/noticias\/2026\/04\/23\/mundial-de-triatlo-inicia-com-los-angeles-no-horizonte-e-vilaca-entre-favoritos\/"},"author":{"name":"Telinha","@id":"https:\/\/portaltela.pt\/#\/schema\/person\/c4278d4a6028830caff9ee44b42d32ed"},"headline":"Mundial de triatlo inicia com Los Angeles no horizonte e Vila\u00e7a entre favoritos","datePublished":"2026-04-23T07:47:36+00:00","mainEntityOfPage":{"@id":"https:\/\/portaltela.pt\/noticias\/2026\/04\/23\/mundial-de-triatlo-inicia-com-los-angeles-no-horizonte-e-vilaca-entre-favoritos\/"},"wordCount":284,"image":{"@id":"https:\/\/portaltela.pt\/noticias\/2026\/04\/23\/mundial-de-triatlo-inicia-com-los-angeles-no-horizonte-e-vilaca-entre-favoritos\/#primaryimage"},"thumbnailUrl":"https:\/\/portaltela.pt\/s.01k8rhncp4jt1\/2026\/04\/img_1280x721uu2026-04-23-08-45-38-2280462.jpg","keywords":["competi\u00e7\u00e3o internacional","desporto","internacionais","organiza\u00e7\u00e3o internacional","Portugal","ranking internacional"],"articleSection":["Copa do Mundo","Desporto"],"inLanguage":"pt-PT"},{"@type":"WebPage","@id":"https:\/\/portaltela.pt\/noticias\/2026\/04\/23\/mundial-de-triatlo-inicia-com-los-angeles-no-horizonte-e-vilaca-entre-favoritos\/","url":"https:\/\/portaltela.pt\/noticias\/2026\/04\/23\/mundial-de-triatlo-inicia-com-los-angeles-no-horizonte-e-vilaca-entre-favoritos\/","name":"Mundial de triatlo inicia com Los Angeles no horizonte e Vila\u00e7a entre favoritos - Portal Tela Portugal","isPartOf":{"@id":"https:\/\/portaltela.pt\/#website"},"primaryImageOfPage":{"@id":"https:\/\/portaltela.pt\/noticias\/2026\/04\/23\/mundial-de-triatlo-inicia-com-los-angeles-no-horizonte-e-vilaca-entre-favoritos\/#primaryimage"},"image":{"@id":"https:\/\/portaltela.pt\/noticias\/2026\/04\/23\/mundial-de-triatlo-inicia-com-los-angeles-no-horizonte-e-vilaca-entre-favoritos\/#primaryimage"},"thumbnailUrl":"https:\/\/portaltela.pt\/s.01k8rhncp4jt1\/2026\/04\/img_1280x721uu2026-04-23-08-45-38-2280462.jpg","datePublished":"2026-04-23T07:47:36+00:00","author":{"@id":"https:\/\/portaltela.pt\/#\/schema\/person\/c4278d4a6028830caff9ee44b42d32ed"},"breadcrumb":{"@id":"https:\/\/portaltela.pt\/noticias\/2026\/04\/23\/mundial-de-triatlo-inicia-com-los-angeles-no-horizonte-e-vilaca-entre-favoritos\/#breadcrumb"},"inLanguage":"pt-PT","potentialAction":[{"@type":"ReadAction","target":["https:\/\/portaltela.pt\/noticias\/2026\/04\/23\/mundial-de-triatlo-inicia-com-los-angeles-no-horizonte-e-vilaca-entre-favoritos\/"]}]},{"@type":"ImageObject","inLanguage":"pt-PT","@id":"https:\/\/portaltela.pt\/noticias\/2026\/04\/23\/mundial-de-triatlo-inicia-com-los-angeles-no-horizonte-e-vilaca-entre-favoritos\/#primaryimage","url":"https:\/\/portaltela.pt\/s.01k8rhncp4jt1\/2026\/04\/img_1280x721uu2026-04-23-08-45-38-2280462.jpg","contentUrl":"https:\/\/portaltela.pt\/s.01k8rhncp4jt1\/2026\/04\/img_1280x721uu2026-04-23-08-45-38-2280462.jpg","width":796,"height":448,"caption":"Aos 26 anos, Vasco Vila\u00e7a \u00e9 o porta-estandarte da modalidade que re\u00fane tr\u00eas desportos"},{"@type":"BreadcrumbList","@id":"https:\/\/portaltela.pt\/noticias\/2026\/04\/23\/mundial-de-triatlo-inicia-com-los-angeles-no-horizonte-e-vilaca-entre-favoritos\/#breadcrumb","itemListElement":[{"@type":"ListItem","position":1,"name":"In\u00edcio","item":"https:\/\/portaltela.pt\/"},{"@type":"ListItem","position":2,"name":"Mundial de triatlo inicia com Los Angeles no horizonte e Vila\u00e7a entre favoritos"}]},{"@type":"WebSite","@id":"https:\/\/portaltela.pt\/#website","url":"https:\/\/portaltela.pt\/","name":"Portal Tela Portugal","description":"","potentialAction":[{"@type":"SearchAction","target":{"@type":"EntryPoint","urlTemplate":"https:\/\/portaltela.pt\/?s={search_term_string}"},"query-input":{"@type":"PropertyValueSpecification","valueRequired":true,"valueName":"search_term_string"}}],"inLanguage":"pt-PT"},{"@type":"Person","@id":"https:\/\/portaltela.pt\/#\/schema\/person\/c4278d4a6028830caff9ee44b42d32ed","name":"Telinha","image":{"@type":"ImageObject","inLanguage":"pt-PT","@id":"https:\/\/portaltela.pt\/s.01k8rhncp4jt1\/2025\/11\/talking-bot-125x125.png","url":"https:\/\/portaltela.pt\/s.01k8rhncp4jt1\/2025\/11\/talking-bot-125x125.png","contentUrl":"https:\/\/portaltela.pt\/s.01k8rhncp4jt1\/2025\/11\/talking-bot-125x125.png","caption":"Telinha"},"sameAs":["https:\/\/portaltela.pt\/"],"url":"https:\/\/portaltela.pt\/por\/367410592786\/"}]}},"_links":{"self":[{"href":"https:\/\/portaltela.pt\/api\/wp\/v2\/posts\/455555","targetHints":{"allow":["GET"]}}],"collection":[{"href":"https:\/\/portaltela.pt\/api\/wp\/v2\/posts"}],"about":[{"href":"https:\/\/portaltela.pt\/api\/wp\/v2\/types\/post"}],"author":[{"embeddable":true,"href":"https:\/\/portaltela.pt\/api\/wp\/v2\/users\/2"}],"replies":[{"embeddable":true,"href":"https:\/\/portaltela.pt\/api\/wp\/v2\/comments?post=455555"}],"version-history":[{"count":0,"href":"https:\/\/portaltela.pt\/api\/wp\/v2\/posts\/455555\/revisions"}],"wp:featuredmedia":[{"embeddable":true,"href":"https:\/\/portaltela.pt\/api\/wp\/v2\/media\/455558"}],"wp:attachment":[{"href":"https:\/\/portaltela.pt\/api\/wp\/v2\/media?parent=455555"}],"wp:term":[{"taxonomy":"category","embeddable":true,"href":"https:\/\/portaltela.pt\/api\/wp\/v2\/categories?post=455555"},{"taxonomy":"post_tag","embeddable":true,"href":"https:\/\/portaltela.pt\/api\/wp\/v2\/tags?post=455555"}],"curies":[{"name":"wp","href":"https:\/\/api.w.org\/{rel}","templated":true}]}}