{"id":455553,"date":"2026-04-23T04:33:11","date_gmt":"2026-04-23T07:33:11","guid":{"rendered":"https:\/\/portaltela.pt\/noticias\/2026\/04\/23\/enviado-especial-de-trump-pede-a-italia-que-substitua-o-irao-no-mundial-2026\/"},"modified":"2026-04-23T04:33:11","modified_gmt":"2026-04-23T07:33:11","slug":"enviado-especial-de-trump-pede-a-italia-que-substitua-o-irao-no-mundial-2026","status":"publish","type":"post","link":"https:\/\/portaltela.pt\/desporto\/copa-do-mundo\/2026\/04\/23\/enviado-especial-de-trump-pede-a-italia-que-substitua-o-irao-no-mundial-2026\/","title":{"rendered":"Enviado especial de Trump pede \u00e0 It\u00e1lia que substitua o Ir\u00e3o no Mundial 2026"},"content":{"rendered":"<p>Um enviado especial do Presidente dos EUA, Donald Trump, pediu \u00e0 FIFA que It\u00e1lia substitu\u00edsse o Ir\u00e3o no Mundial de 2026. A proposta foi apresentada ao presidente da FIFA, Gianni Infantino, e divulgada pelo Financial Times. It\u00e1lia ficou de fora do torneio ap\u00f3s a derrota na repescagem contra a B\u00f3snia-Herzegovina, em mar\u00e7o.<\/p>\n<p>O objetivo, segundo o emiss\u00e1rio Paolo Zampolli, \u00e9 restabelecer rela\u00e7\u00f5es entre Trump e a primeira-ministra italiana, Giorgia Meloni, num contexto de defesa de participa\u00e7\u00e3o italiana num evento organizado nos EUA. Zampolli \u00e9 italiano de nascimento e v\u00ea a presen\u00e7a da Azzurra como um contributo hist\u00f3rico.<\/p>\n<p>O Ir\u00e3o garantiu a qualifica\u00e7\u00e3o, embora tenha pedido a transfer\u00eancia de jogos para fora do territ\u00f3rio norte-americano ap\u00f3s o in\u00edcio de conflitos na regi\u00e3o. O regulamento da FIFA permite substituir uma federa\u00e7\u00e3o que desista ou seja exclu\u00edda, a crit\u00e9rio da organiza\u00e7\u00e3o.<\/p>\n<h3>Regulamento da substitui\u00e7\u00e3o<\/h3>\n<p>Se uma federa\u00e7\u00e3o desiste, a FIFA pode designar um substituto \u00e0 sua aprova\u00e7\u00e3o. A possibilidade de trocar o Ir\u00e3o por uma sele\u00e7\u00e3o fora da AFC depende de decis\u00f5es futuras e de considera\u00e7\u00f5es t\u00e9cnicas da FIFA.<\/p>\n<h3>Contexto do Mundial 2026<\/h3>\n<p>O Mundial decorre nos EUA, M\u00e9xico e Canad\u00e1, e come\u00e7a a 11 de junho. O Ir\u00e3o disputar\u00e1 o primeiro jogo a 15 de junho, em Los Angeles, contra a Nova Zel\u00e2ndia. A participa\u00e7\u00e3o de It\u00e1lia est\u00e1 dependente de avan\u00e7os na pol\u00edtica desportiva internacional.<\/p>\n","protected":false},"excerpt":{"rendered":"<ul>\n<li>A It\u00e1lia ficou de fora do Mundial 2026 ap\u00f3s perder a repescagem contra a B\u00f3snia-Herzegovina, marcando a terceira aus\u00eancia consecutiva na fase final.<\/li>\n<li>Um enviado especial do presidente dos Estados Unidos, Donald Trump, Paolo Zampolli, pediu \u00e0 FIFA que a It\u00e1lia substitu\u00edsse o Ir\u00e3o no torneio.<\/li>\n<li>A proposta foi apresentada a Gianni Infantino, presidente da FIFA, e surge numa tentativa de reaproximar Trump da primeira-ministra italiana, Giorgia Meloni.<\/li>\n<li>O Ir\u00e3o qualificou-se para o Mundial, mas solicitou a transfer\u00eancia dos jogos da fase de grupos para fora dos Estados Unidos devido ao conflito na regi\u00e3o.<\/li>\n<li>O Mundial realiza-se nos Estados Unidos, M\u00e9xico e Canad\u00e1, com in\u00edcio a 11 de junho; o Ir\u00e3o joga o primeiro jogo a 15 de junho, em Los Angeles, frente \u00e0 Nova Zel\u00e2ndia.<\/li>\n<\/ul>\n","protected":false},"author":2,"featured_media":455554,"comment_status":"closed","ping_status":"closed","sticky":false,"template":"","format":"standard","meta":{"footnotes":""},"categories":[6695,21],"tags":[1600,32,3338,3327,1857,2057],"class_list":["post-455553","post","type-post","status-publish","format-standard","has-post-thumbnail","hentry","category-copa-do-mundo","category-desporto","tag-estados-unidos","tag-futebol","tag-futebol-internacional","tag-iran","tag-italia","tag-selecao-nacional"],"yoast_head":"<!-- This site is optimized with the Yoast SEO plugin v27.2 - https:\/\/yoast.com\/product\/yoast-seo-wordpress\/ -->\n<title>Enviado especial de Trump pede \u00e0 It\u00e1lia que substitua o Ir\u00e3o no Mundial 2026 - Portal Tela Portugal<\/title>\n<meta name=\"robots\" content=\"index, follow, max-snippet:-1, max-image-preview:large, max-video-preview:-1\" \/>\n<meta property=\"og:locale\" content=\"pt_PT\" \/>\n<meta property=\"og:type\" content=\"article\" \/>\n<meta property=\"og:title\" content=\"Enviado especial de Trump pede \u00e0 It\u00e1lia que substitua o Ir\u00e3o no Mundial 2026 - Portal Tela Portugal\" \/>\n<meta property=\"og:description\" content=\"A It\u00e1lia ficou de fora do Mundial 2026 ap\u00f3s perder a repescagem contra a B\u00f3snia-Herzegovina, marcando a terceira aus\u00eancia consecutiva na fase final. Um enviado especial do presidente dos Estados Unidos, Donald Trump, Paolo Zampolli, pediu \u00e0 FIFA que a It\u00e1lia substitu\u00edsse o Ir\u00e3o no torneio. A proposta foi apresentada a Gianni Infantino, presidente da FIFA, e surge numa tentativa de reaproximar Trump da primeira-ministra italiana, Giorgia Meloni. O Ir\u00e3o qualificou-se para o Mundial, mas solicitou a transfer\u00eancia dos jogos da fase de grupos para fora dos Estados Unidos devido ao conflito na regi\u00e3o. O Mundial realiza-se nos Estados Unidos, M\u00e9xico e Canad\u00e1, com in\u00edcio a 11 de junho; o Ir\u00e3o joga o primeiro jogo a 15 de junho, em Los Angeles, frente \u00e0 Nova Zel\u00e2ndia.\" \/>\n<meta property=\"og:url\" content=\"https:\/\/portaltela.pt\/noticias\/2026\/04\/23\/enviado-especial-de-trump-pede-a-italia-que-substitua-o-irao-no-mundial-2026\/\" \/>\n<meta property=\"og:site_name\" content=\"Portal Tela Portugal\" \/>\n<meta property=\"article:published_time\" content=\"2026-04-23T07:33:11+00:00\" \/>\n<meta name=\"author\" content=\"Telinha\" \/>\n<meta name=\"twitter:card\" content=\"summary_large_image\" \/>\n<meta name=\"twitter:label1\" content=\"Escrito por\" \/>\n\t<meta name=\"twitter:data1\" content=\"Telinha\" \/>\n\t<meta name=\"twitter:label2\" content=\"Tempo estimado de leitura\" \/>\n\t<meta name=\"twitter:data2\" content=\"1 minuto\" \/>\n<script type=\"application\/ld+json\" class=\"yoast-schema-graph\">{\"@context\":\"https:\/\/schema.org\",\"@graph\":[{\"@type\":\"Article\",\"@id\":\"https:\/\/portaltela.pt\/noticias\/2026\/04\/23\/enviado-especial-de-trump-pede-a-italia-que-substitua-o-irao-no-mundial-2026\/#article\",\"isPartOf\":{\"@id\":\"https:\/\/portaltela.pt\/noticias\/2026\/04\/23\/enviado-especial-de-trump-pede-a-italia-que-substitua-o-irao-no-mundial-2026\/\"},\"author\":{\"name\":\"Telinha\",\"@id\":\"https:\/\/portaltela.pt\/#\/schema\/person\/c4278d4a6028830caff9ee44b42d32ed\"},\"headline\":\"Enviado especial de Trump pede \u00e0 It\u00e1lia que substitua o Ir\u00e3o no Mundial 2026\",\"datePublished\":\"2026-04-23T07:33:11+00:00\",\"mainEntityOfPage\":{\"@id\":\"https:\/\/portaltela.pt\/noticias\/2026\/04\/23\/enviado-especial-de-trump-pede-a-italia-que-substitua-o-irao-no-mundial-2026\/\"},\"wordCount\":268,\"image\":{\"@id\":\"https:\/\/portaltela.pt\/noticias\/2026\/04\/23\/enviado-especial-de-trump-pede-a-italia-que-substitua-o-irao-no-mundial-2026\/#primaryimage\"},\"thumbnailUrl\":\"https:\/\/portaltela.pt\/s.01k8rhncp4jt1\/2026\/04\/img_1500x1000uu2026-04-23-08-20-48-2280461.jpg\",\"keywords\":[\"Estados Unidos\",\"futebol\",\"futebol internacional\",\"\u00cdr\u00e1n\",\"It\u00e1lia\",\"Sele\u00e7\u00e3o Nacional\"],\"articleSection\":[\"Copa do Mundo\",\"Desporto\"],\"inLanguage\":\"pt-PT\"},{\"@type\":\"WebPage\",\"@id\":\"https:\/\/portaltela.pt\/noticias\/2026\/04\/23\/enviado-especial-de-trump-pede-a-italia-que-substitua-o-irao-no-mundial-2026\/\",\"url\":\"https:\/\/portaltela.pt\/noticias\/2026\/04\/23\/enviado-especial-de-trump-pede-a-italia-que-substitua-o-irao-no-mundial-2026\/\",\"name\":\"Enviado especial de Trump pede \u00e0 It\u00e1lia que substitua o Ir\u00e3o no Mundial 2026 - Portal Tela Portugal\",\"isPartOf\":{\"@id\":\"https:\/\/portaltela.pt\/#website\"},\"primaryImageOfPage\":{\"@id\":\"https:\/\/portaltela.pt\/noticias\/2026\/04\/23\/enviado-especial-de-trump-pede-a-italia-que-substitua-o-irao-no-mundial-2026\/#primaryimage\"},\"image\":{\"@id\":\"https:\/\/portaltela.pt\/noticias\/2026\/04\/23\/enviado-especial-de-trump-pede-a-italia-que-substitua-o-irao-no-mundial-2026\/#primaryimage\"},\"thumbnailUrl\":\"https:\/\/portaltela.pt\/s.01k8rhncp4jt1\/2026\/04\/img_1500x1000uu2026-04-23-08-20-48-2280461.jpg\",\"datePublished\":\"2026-04-23T07:33:11+00:00\",\"author\":{\"@id\":\"https:\/\/portaltela.pt\/#\/schema\/person\/c4278d4a6028830caff9ee44b42d32ed\"},\"breadcrumb\":{\"@id\":\"https:\/\/portaltela.pt\/noticias\/2026\/04\/23\/enviado-especial-de-trump-pede-a-italia-que-substitua-o-irao-no-mundial-2026\/#breadcrumb\"},\"inLanguage\":\"pt-PT\",\"potentialAction\":[{\"@type\":\"ReadAction\",\"target\":[\"https:\/\/portaltela.pt\/noticias\/2026\/04\/23\/enviado-especial-de-trump-pede-a-italia-que-substitua-o-irao-no-mundial-2026\/\"]}]},{\"@type\":\"ImageObject\",\"inLanguage\":\"pt-PT\",\"@id\":\"https:\/\/portaltela.pt\/noticias\/2026\/04\/23\/enviado-especial-de-trump-pede-a-italia-que-substitua-o-irao-no-mundial-2026\/#primaryimage\",\"url\":\"https:\/\/portaltela.pt\/s.01k8rhncp4jt1\/2026\/04\/img_1500x1000uu2026-04-23-08-20-48-2280461.jpg\",\"contentUrl\":\"https:\/\/portaltela.pt\/s.01k8rhncp4jt1\/2026\/04\/img_1500x1000uu2026-04-23-08-20-48-2280461.jpg\",\"width\":796,\"height\":448,\"caption\":\"Enviado especial do Presidente dos Estados Unidos, Paolo Zampolli\"},{\"@type\":\"BreadcrumbList\",\"@id\":\"https:\/\/portaltela.pt\/noticias\/2026\/04\/23\/enviado-especial-de-trump-pede-a-italia-que-substitua-o-irao-no-mundial-2026\/#breadcrumb\",\"itemListElement\":[{\"@type\":\"ListItem\",\"position\":1,\"name\":\"In\u00edcio\",\"item\":\"https:\/\/portaltela.pt\/\"},{\"@type\":\"ListItem\",\"position\":2,\"name\":\"Enviado especial de Trump pede \u00e0 It\u00e1lia que substitua o Ir\u00e3o no Mundial 2026\"}]},{\"@type\":\"WebSite\",\"@id\":\"https:\/\/portaltela.pt\/#website\",\"url\":\"https:\/\/portaltela.pt\/\",\"name\":\"Portal Tela Portugal\",\"description\":\"\",\"potentialAction\":[{\"@type\":\"SearchAction\",\"target\":{\"@type\":\"EntryPoint\",\"urlTemplate\":\"https:\/\/portaltela.pt\/?s={search_term_string}\"},\"query-input\":{\"@type\":\"PropertyValueSpecification\",\"valueRequired\":true,\"valueName\":\"search_term_string\"}}],\"inLanguage\":\"pt-PT\"},{\"@type\":\"Person\",\"@id\":\"https:\/\/portaltela.pt\/#\/schema\/person\/c4278d4a6028830caff9ee44b42d32ed\",\"name\":\"Telinha\",\"image\":{\"@type\":\"ImageObject\",\"inLanguage\":\"pt-PT\",\"@id\":\"https:\/\/portaltela.pt\/s.01k8rhncp4jt1\/2025\/11\/talking-bot-125x125.png\",\"url\":\"https:\/\/portaltela.pt\/s.01k8rhncp4jt1\/2025\/11\/talking-bot-125x125.png\",\"contentUrl\":\"https:\/\/portaltela.pt\/s.01k8rhncp4jt1\/2025\/11\/talking-bot-125x125.png\",\"caption\":\"Telinha\"},\"sameAs\":[\"https:\/\/portaltela.pt\/\"],\"url\":\"https:\/\/portaltela.pt\/por\/367410592786\/\"}]}<\/script>\n<!-- \/ Yoast SEO plugin. -->","yoast_head_json":{"title":"Enviado especial de Trump pede \u00e0 It\u00e1lia que substitua o Ir\u00e3o no Mundial 2026 - Portal Tela Portugal","robots":{"index":"index","follow":"follow","max-snippet":"max-snippet:-1","max-image-preview":"max-image-preview:large","max-video-preview":"max-video-preview:-1"},"og_locale":"pt_PT","og_type":"article","og_title":"Enviado especial de Trump pede \u00e0 It\u00e1lia que substitua o Ir\u00e3o no Mundial 2026 - Portal Tela Portugal","og_description":"A It\u00e1lia ficou de fora do Mundial 2026 ap\u00f3s perder a repescagem contra a B\u00f3snia-Herzegovina, marcando a terceira aus\u00eancia consecutiva na fase final. Um enviado especial do presidente dos Estados Unidos, Donald Trump, Paolo Zampolli, pediu \u00e0 FIFA que a It\u00e1lia substitu\u00edsse o Ir\u00e3o no torneio. A proposta foi apresentada a Gianni Infantino, presidente da FIFA, e surge numa tentativa de reaproximar Trump da primeira-ministra italiana, Giorgia Meloni. O Ir\u00e3o qualificou-se para o Mundial, mas solicitou a transfer\u00eancia dos jogos da fase de grupos para fora dos Estados Unidos devido ao conflito na regi\u00e3o. O Mundial realiza-se nos Estados Unidos, M\u00e9xico e Canad\u00e1, com in\u00edcio a 11 de junho; o Ir\u00e3o joga o primeiro jogo a 15 de junho, em Los Angeles, frente \u00e0 Nova Zel\u00e2ndia.","og_url":"https:\/\/portaltela.pt\/noticias\/2026\/04\/23\/enviado-especial-de-trump-pede-a-italia-que-substitua-o-irao-no-mundial-2026\/","og_site_name":"Portal Tela Portugal","article_published_time":"2026-04-23T07:33:11+00:00","author":"Telinha","twitter_card":"summary_large_image","twitter_misc":{"Escrito por":"Telinha","Tempo estimado de leitura":"1 minuto"},"schema":{"@context":"https:\/\/schema.org","@graph":[{"@type":"Article","@id":"https:\/\/portaltela.pt\/noticias\/2026\/04\/23\/enviado-especial-de-trump-pede-a-italia-que-substitua-o-irao-no-mundial-2026\/#article","isPartOf":{"@id":"https:\/\/portaltela.pt\/noticias\/2026\/04\/23\/enviado-especial-de-trump-pede-a-italia-que-substitua-o-irao-no-mundial-2026\/"},"author":{"name":"Telinha","@id":"https:\/\/portaltela.pt\/#\/schema\/person\/c4278d4a6028830caff9ee44b42d32ed"},"headline":"Enviado especial de Trump pede \u00e0 It\u00e1lia que substitua o Ir\u00e3o no Mundial 2026","datePublished":"2026-04-23T07:33:11+00:00","mainEntityOfPage":{"@id":"https:\/\/portaltela.pt\/noticias\/2026\/04\/23\/enviado-especial-de-trump-pede-a-italia-que-substitua-o-irao-no-mundial-2026\/"},"wordCount":268,"image":{"@id":"https:\/\/portaltela.pt\/noticias\/2026\/04\/23\/enviado-especial-de-trump-pede-a-italia-que-substitua-o-irao-no-mundial-2026\/#primaryimage"},"thumbnailUrl":"https:\/\/portaltela.pt\/s.01k8rhncp4jt1\/2026\/04\/img_1500x1000uu2026-04-23-08-20-48-2280461.jpg","keywords":["Estados Unidos","futebol","futebol internacional","\u00cdr\u00e1n","It\u00e1lia","Sele\u00e7\u00e3o Nacional"],"articleSection":["Copa do Mundo","Desporto"],"inLanguage":"pt-PT"},{"@type":"WebPage","@id":"https:\/\/portaltela.pt\/noticias\/2026\/04\/23\/enviado-especial-de-trump-pede-a-italia-que-substitua-o-irao-no-mundial-2026\/","url":"https:\/\/portaltela.pt\/noticias\/2026\/04\/23\/enviado-especial-de-trump-pede-a-italia-que-substitua-o-irao-no-mundial-2026\/","name":"Enviado especial de Trump pede \u00e0 It\u00e1lia que substitua o Ir\u00e3o no Mundial 2026 - Portal Tela Portugal","isPartOf":{"@id":"https:\/\/portaltela.pt\/#website"},"primaryImageOfPage":{"@id":"https:\/\/portaltela.pt\/noticias\/2026\/04\/23\/enviado-especial-de-trump-pede-a-italia-que-substitua-o-irao-no-mundial-2026\/#primaryimage"},"image":{"@id":"https:\/\/portaltela.pt\/noticias\/2026\/04\/23\/enviado-especial-de-trump-pede-a-italia-que-substitua-o-irao-no-mundial-2026\/#primaryimage"},"thumbnailUrl":"https:\/\/portaltela.pt\/s.01k8rhncp4jt1\/2026\/04\/img_1500x1000uu2026-04-23-08-20-48-2280461.jpg","datePublished":"2026-04-23T07:33:11+00:00","author":{"@id":"https:\/\/portaltela.pt\/#\/schema\/person\/c4278d4a6028830caff9ee44b42d32ed"},"breadcrumb":{"@id":"https:\/\/portaltela.pt\/noticias\/2026\/04\/23\/enviado-especial-de-trump-pede-a-italia-que-substitua-o-irao-no-mundial-2026\/#breadcrumb"},"inLanguage":"pt-PT","potentialAction":[{"@type":"ReadAction","target":["https:\/\/portaltela.pt\/noticias\/2026\/04\/23\/enviado-especial-de-trump-pede-a-italia-que-substitua-o-irao-no-mundial-2026\/"]}]},{"@type":"ImageObject","inLanguage":"pt-PT","@id":"https:\/\/portaltela.pt\/noticias\/2026\/04\/23\/enviado-especial-de-trump-pede-a-italia-que-substitua-o-irao-no-mundial-2026\/#primaryimage","url":"https:\/\/portaltela.pt\/s.01k8rhncp4jt1\/2026\/04\/img_1500x1000uu2026-04-23-08-20-48-2280461.jpg","contentUrl":"https:\/\/portaltela.pt\/s.01k8rhncp4jt1\/2026\/04\/img_1500x1000uu2026-04-23-08-20-48-2280461.jpg","width":796,"height":448,"caption":"Enviado especial do Presidente dos Estados Unidos, Paolo Zampolli"},{"@type":"BreadcrumbList","@id":"https:\/\/portaltela.pt\/noticias\/2026\/04\/23\/enviado-especial-de-trump-pede-a-italia-que-substitua-o-irao-no-mundial-2026\/#breadcrumb","itemListElement":[{"@type":"ListItem","position":1,"name":"In\u00edcio","item":"https:\/\/portaltela.pt\/"},{"@type":"ListItem","position":2,"name":"Enviado especial de Trump pede \u00e0 It\u00e1lia que substitua o Ir\u00e3o no Mundial 2026"}]},{"@type":"WebSite","@id":"https:\/\/portaltela.pt\/#website","url":"https:\/\/portaltela.pt\/","name":"Portal Tela Portugal","description":"","potentialAction":[{"@type":"SearchAction","target":{"@type":"EntryPoint","urlTemplate":"https:\/\/portaltela.pt\/?s={search_term_string}"},"query-input":{"@type":"PropertyValueSpecification","valueRequired":true,"valueName":"search_term_string"}}],"inLanguage":"pt-PT"},{"@type":"Person","@id":"https:\/\/portaltela.pt\/#\/schema\/person\/c4278d4a6028830caff9ee44b42d32ed","name":"Telinha","image":{"@type":"ImageObject","inLanguage":"pt-PT","@id":"https:\/\/portaltela.pt\/s.01k8rhncp4jt1\/2025\/11\/talking-bot-125x125.png","url":"https:\/\/portaltela.pt\/s.01k8rhncp4jt1\/2025\/11\/talking-bot-125x125.png","contentUrl":"https:\/\/portaltela.pt\/s.01k8rhncp4jt1\/2025\/11\/talking-bot-125x125.png","caption":"Telinha"},"sameAs":["https:\/\/portaltela.pt\/"],"url":"https:\/\/portaltela.pt\/por\/367410592786\/"}]}},"_links":{"self":[{"href":"https:\/\/portaltela.pt\/api\/wp\/v2\/posts\/455553","targetHints":{"allow":["GET"]}}],"collection":[{"href":"https:\/\/portaltela.pt\/api\/wp\/v2\/posts"}],"about":[{"href":"https:\/\/portaltela.pt\/api\/wp\/v2\/types\/post"}],"author":[{"embeddable":true,"href":"https:\/\/portaltela.pt\/api\/wp\/v2\/users\/2"}],"replies":[{"embeddable":true,"href":"https:\/\/portaltela.pt\/api\/wp\/v2\/comments?post=455553"}],"version-history":[{"count":0,"href":"https:\/\/portaltela.pt\/api\/wp\/v2\/posts\/455553\/revisions"}],"wp:featuredmedia":[{"embeddable":true,"href":"https:\/\/portaltela.pt\/api\/wp\/v2\/media\/455554"}],"wp:attachment":[{"href":"https:\/\/portaltela.pt\/api\/wp\/v2\/media?parent=455553"}],"wp:term":[{"taxonomy":"category","embeddable":true,"href":"https:\/\/portaltela.pt\/api\/wp\/v2\/categories?post=455553"},{"taxonomy":"post_tag","embeddable":true,"href":"https:\/\/portaltela.pt\/api\/wp\/v2\/tags?post=455553"}],"curies":[{"name":"wp","href":"https:\/\/api.w.org\/{rel}","templated":true}]}}