{"id":455527,"date":"2026-04-23T04:17:56","date_gmt":"2026-04-23T07:17:56","guid":{"rendered":"https:\/\/portaltela.pt\/noticias\/2026\/04\/23\/aguia-procura-reforcar-o-eixo-central-no-mercado\/"},"modified":"2026-04-23T04:17:56","modified_gmt":"2026-04-23T07:17:56","slug":"aguia-procura-reforcar-o-eixo-central-no-mercado","status":"publish","type":"post","link":"https:\/\/portaltela.pt\/desporto\/futebol\/2026\/04\/23\/aguia-procura-reforcar-o-eixo-central-no-mercado\/","title":{"rendered":"\u00c1guia procura refor\u00e7ar o eixo central no mercado"},"content":{"rendered":"<p>O Benfica prepara refor\u00e7os para o eixo central da defesa, com o objetivo de fortalecer a estrutura na pr\u00f3xima \u00e9poca. A SAD estuda solu\u00e7\u00f5es para 2026\/27, face a inc\u00f3gnitas sobre o futuro de alguns futebolistas, nomeadamente Otamendi e Ant\u00f3nio Silva, e a necessidade de alternativas a Tom\u00e1s Ara\u00fajo.<\/p>\n<p>As avalia\u00e7\u00f5es internas apontam d\u00favidas sobre a continuidade de Otamendi e de Ant\u00f3nio Silva no plantel, o que pode levar a mudan\u00e7as no eixo da defesa. Paralelamente, h\u00e1 reconhecimento de que Tom\u00e1s Ara\u00fajo, jovem central, tem apresentado irregularidade competitiva e tem sofrido com problemas f\u00edsicos.<\/p>\n<h3>Contexto atual<\/h3>\n<p>Segundo apuramento, a dire\u00e7\u00e3o analisa op\u00e7\u00f5es de mercado para refor\u00e7ar o eixo central, sem divulgar nomes. A prioridade \u00e9 encontrar op\u00e7\u00f5es que garantam profundidade e experi\u00eancia para responder a diferentes formas de jogo e competi\u00e7\u00f5es.<\/p>\n<h3>Perspetivas para o pr\u00f3ximo ver\u00e3o<\/h3>\n<p>A dire\u00e7\u00e3o mant\u00e9m a orienta\u00e7\u00e3o de refor\u00e7ar o centro da defesa, com foco em solu\u00e7\u00f5es que possam entrar rapidamente na equipa. N\u00e3o h\u00e1 confirma\u00e7\u00e3o de sa\u00eddas oficiais nem de portf\u00f3lios de alvos, que devem ser definidos ap\u00f3s avalia\u00e7\u00f5es t\u00e9cnicas.<\/p>\n","protected":false},"excerpt":{"rendered":"<ul>\n<li>A sociedade desportiva (SAD) do Benfica planeia refor\u00e7ar o eixo central da defesa no mercado de ver\u00e3o de 2026\/27.<\/li>\n<li>Existem d\u00favidas sobre o futuro de Otamendi e de Ant\u00f3nio Silva.<\/li>\n<li>A dire\u00e7\u00e3o avalia solu\u00e7\u00f5es para melhorar o n\u00facleo defensivo.<\/li>\n<li>Tom\u00e1s Ara\u00fajo \u00e9 uma aposta promissora, mas enfrenta irregularidade competitiva e problemas f\u00edsicos.<\/li>\n<li>O objetivo \u00e9 dotar a defesa de alternativas face \u00e0 incerteza atual.<\/li>\n<\/ul>\n","protected":false},"author":2,"featured_media":455536,"comment_status":"closed","ping_status":"closed","sticky":false,"template":"","format":"standard","meta":{"footnotes":""},"categories":[21,24],"tags":[6568,1946,2219,32,6502,4117],"class_list":["post-455527","post","type-post","status-publish","format-standard","has-post-thumbnail","hentry","category-desporto","category-futebol","tag-antonio-silva","tag-benfica","tag-contratacoes","tag-futebol","tag-mercados","tag-otamendi"],"yoast_head":"<!-- This site is optimized with the Yoast SEO plugin v27.2 - https:\/\/yoast.com\/product\/yoast-seo-wordpress\/ -->\n<title>\u00c1guia procura refor\u00e7ar o eixo central no mercado - Portal Tela Portugal<\/title>\n<meta name=\"robots\" content=\"index, follow, max-snippet:-1, max-image-preview:large, max-video-preview:-1\" \/>\n<meta property=\"og:locale\" content=\"pt_PT\" \/>\n<meta property=\"og:type\" content=\"article\" \/>\n<meta property=\"og:title\" content=\"\u00c1guia procura refor\u00e7ar o eixo central no mercado - Portal Tela Portugal\" \/>\n<meta property=\"og:description\" content=\"A sociedade desportiva (SAD) do Benfica planeia refor\u00e7ar o eixo central da defesa no mercado de ver\u00e3o de 2026\/27. Existem d\u00favidas sobre o futuro de Otamendi e de Ant\u00f3nio Silva. A dire\u00e7\u00e3o avalia solu\u00e7\u00f5es para melhorar o n\u00facleo defensivo. Tom\u00e1s Ara\u00fajo \u00e9 uma aposta promissora, mas enfrenta irregularidade competitiva e problemas f\u00edsicos. O objetivo \u00e9 dotar a defesa de alternativas face \u00e0 incerteza atual.\" \/>\n<meta property=\"og:url\" content=\"https:\/\/portaltela.pt\/noticias\/2026\/04\/23\/aguia-procura-reforcar-o-eixo-central-no-mercado\/\" \/>\n<meta property=\"og:site_name\" content=\"Portal Tela Portugal\" \/>\n<meta property=\"article:published_time\" content=\"2026-04-23T07:17:56+00:00\" \/>\n<meta name=\"author\" content=\"Telinha\" \/>\n<meta name=\"twitter:card\" content=\"summary_large_image\" \/>\n<meta name=\"twitter:label1\" content=\"Escrito por\" \/>\n\t<meta name=\"twitter:data1\" content=\"Telinha\" \/>\n\t<meta name=\"twitter:label2\" content=\"Tempo estimado de leitura\" \/>\n\t<meta name=\"twitter:data2\" content=\"1 minuto\" \/>\n<script type=\"application\/ld+json\" class=\"yoast-schema-graph\">{\"@context\":\"https:\/\/schema.org\",\"@graph\":[{\"@type\":\"Article\",\"@id\":\"https:\/\/portaltela.pt\/noticias\/2026\/04\/23\/aguia-procura-reforcar-o-eixo-central-no-mercado\/#article\",\"isPartOf\":{\"@id\":\"https:\/\/portaltela.pt\/noticias\/2026\/04\/23\/aguia-procura-reforcar-o-eixo-central-no-mercado\/\"},\"author\":{\"name\":\"Telinha\",\"@id\":\"https:\/\/portaltela.pt\/#\/schema\/person\/c4278d4a6028830caff9ee44b42d32ed\"},\"headline\":\"\u00c1guia procura refor\u00e7ar o eixo central no mercado\",\"datePublished\":\"2026-04-23T07:17:56+00:00\",\"mainEntityOfPage\":{\"@id\":\"https:\/\/portaltela.pt\/noticias\/2026\/04\/23\/aguia-procura-reforcar-o-eixo-central-no-mercado\/\"},\"wordCount\":215,\"image\":{\"@id\":\"https:\/\/portaltela.pt\/noticias\/2026\/04\/23\/aguia-procura-reforcar-o-eixo-central-no-mercado\/#primaryimage\"},\"thumbnailUrl\":\"https:\/\/portaltela.pt\/s.01k8rhncp4jt1\/2026\/04\/image-1399.jpg\",\"keywords\":[\"Ant\u00f3nio Silva\",\"Benfica\",\"contrata\u00e7\u00f5es\",\"futebol\",\"mercados\",\"Otamendi\"],\"articleSection\":[\"Desporto\",\"Futebol\"],\"inLanguage\":\"pt-PT\"},{\"@type\":\"WebPage\",\"@id\":\"https:\/\/portaltela.pt\/noticias\/2026\/04\/23\/aguia-procura-reforcar-o-eixo-central-no-mercado\/\",\"url\":\"https:\/\/portaltela.pt\/noticias\/2026\/04\/23\/aguia-procura-reforcar-o-eixo-central-no-mercado\/\",\"name\":\"\u00c1guia procura refor\u00e7ar o eixo central no mercado - Portal Tela Portugal\",\"isPartOf\":{\"@id\":\"https:\/\/portaltela.pt\/#website\"},\"primaryImageOfPage\":{\"@id\":\"https:\/\/portaltela.pt\/noticias\/2026\/04\/23\/aguia-procura-reforcar-o-eixo-central-no-mercado\/#primaryimage\"},\"image\":{\"@id\":\"https:\/\/portaltela.pt\/noticias\/2026\/04\/23\/aguia-procura-reforcar-o-eixo-central-no-mercado\/#primaryimage\"},\"thumbnailUrl\":\"https:\/\/portaltela.pt\/s.01k8rhncp4jt1\/2026\/04\/image-1399.jpg\",\"datePublished\":\"2026-04-23T07:17:56+00:00\",\"author\":{\"@id\":\"https:\/\/portaltela.pt\/#\/schema\/person\/c4278d4a6028830caff9ee44b42d32ed\"},\"breadcrumb\":{\"@id\":\"https:\/\/portaltela.pt\/noticias\/2026\/04\/23\/aguia-procura-reforcar-o-eixo-central-no-mercado\/#breadcrumb\"},\"inLanguage\":\"pt-PT\",\"potentialAction\":[{\"@type\":\"ReadAction\",\"target\":[\"https:\/\/portaltela.pt\/noticias\/2026\/04\/23\/aguia-procura-reforcar-o-eixo-central-no-mercado\/\"]}]},{\"@type\":\"ImageObject\",\"inLanguage\":\"pt-PT\",\"@id\":\"https:\/\/portaltela.pt\/noticias\/2026\/04\/23\/aguia-procura-reforcar-o-eixo-central-no-mercado\/#primaryimage\",\"url\":\"https:\/\/portaltela.pt\/s.01k8rhncp4jt1\/2026\/04\/image-1399.jpg\",\"contentUrl\":\"https:\/\/portaltela.pt\/s.01k8rhncp4jt1\/2026\/04\/image-1399.jpg\",\"width\":796,\"height\":448,\"caption\":\"Otamendi est\u00e1 em fim de contrato com o Benfica\"},{\"@type\":\"BreadcrumbList\",\"@id\":\"https:\/\/portaltela.pt\/noticias\/2026\/04\/23\/aguia-procura-reforcar-o-eixo-central-no-mercado\/#breadcrumb\",\"itemListElement\":[{\"@type\":\"ListItem\",\"position\":1,\"name\":\"In\u00edcio\",\"item\":\"https:\/\/portaltela.pt\/\"},{\"@type\":\"ListItem\",\"position\":2,\"name\":\"\u00c1guia procura refor\u00e7ar o eixo central no mercado\"}]},{\"@type\":\"WebSite\",\"@id\":\"https:\/\/portaltela.pt\/#website\",\"url\":\"https:\/\/portaltela.pt\/\",\"name\":\"Portal Tela Portugal\",\"description\":\"\",\"potentialAction\":[{\"@type\":\"SearchAction\",\"target\":{\"@type\":\"EntryPoint\",\"urlTemplate\":\"https:\/\/portaltela.pt\/?s={search_term_string}\"},\"query-input\":{\"@type\":\"PropertyValueSpecification\",\"valueRequired\":true,\"valueName\":\"search_term_string\"}}],\"inLanguage\":\"pt-PT\"},{\"@type\":\"Person\",\"@id\":\"https:\/\/portaltela.pt\/#\/schema\/person\/c4278d4a6028830caff9ee44b42d32ed\",\"name\":\"Telinha\",\"image\":{\"@type\":\"ImageObject\",\"inLanguage\":\"pt-PT\",\"@id\":\"https:\/\/portaltela.pt\/s.01k8rhncp4jt1\/2025\/11\/talking-bot-125x125.png\",\"url\":\"https:\/\/portaltela.pt\/s.01k8rhncp4jt1\/2025\/11\/talking-bot-125x125.png\",\"contentUrl\":\"https:\/\/portaltela.pt\/s.01k8rhncp4jt1\/2025\/11\/talking-bot-125x125.png\",\"caption\":\"Telinha\"},\"sameAs\":[\"https:\/\/portaltela.pt\/\"],\"url\":\"https:\/\/portaltela.pt\/por\/367410592786\/\"}]}<\/script>\n<!-- \/ Yoast SEO plugin. -->","yoast_head_json":{"title":"\u00c1guia procura refor\u00e7ar o eixo central no mercado - Portal Tela Portugal","robots":{"index":"index","follow":"follow","max-snippet":"max-snippet:-1","max-image-preview":"max-image-preview:large","max-video-preview":"max-video-preview:-1"},"og_locale":"pt_PT","og_type":"article","og_title":"\u00c1guia procura refor\u00e7ar o eixo central no mercado - Portal Tela Portugal","og_description":"A sociedade desportiva (SAD) do Benfica planeia refor\u00e7ar o eixo central da defesa no mercado de ver\u00e3o de 2026\/27. Existem d\u00favidas sobre o futuro de Otamendi e de Ant\u00f3nio Silva. A dire\u00e7\u00e3o avalia solu\u00e7\u00f5es para melhorar o n\u00facleo defensivo. Tom\u00e1s Ara\u00fajo \u00e9 uma aposta promissora, mas enfrenta irregularidade competitiva e problemas f\u00edsicos. O objetivo \u00e9 dotar a defesa de alternativas face \u00e0 incerteza atual.","og_url":"https:\/\/portaltela.pt\/noticias\/2026\/04\/23\/aguia-procura-reforcar-o-eixo-central-no-mercado\/","og_site_name":"Portal Tela Portugal","article_published_time":"2026-04-23T07:17:56+00:00","author":"Telinha","twitter_card":"summary_large_image","twitter_misc":{"Escrito por":"Telinha","Tempo estimado de leitura":"1 minuto"},"schema":{"@context":"https:\/\/schema.org","@graph":[{"@type":"Article","@id":"https:\/\/portaltela.pt\/noticias\/2026\/04\/23\/aguia-procura-reforcar-o-eixo-central-no-mercado\/#article","isPartOf":{"@id":"https:\/\/portaltela.pt\/noticias\/2026\/04\/23\/aguia-procura-reforcar-o-eixo-central-no-mercado\/"},"author":{"name":"Telinha","@id":"https:\/\/portaltela.pt\/#\/schema\/person\/c4278d4a6028830caff9ee44b42d32ed"},"headline":"\u00c1guia procura refor\u00e7ar o eixo central no mercado","datePublished":"2026-04-23T07:17:56+00:00","mainEntityOfPage":{"@id":"https:\/\/portaltela.pt\/noticias\/2026\/04\/23\/aguia-procura-reforcar-o-eixo-central-no-mercado\/"},"wordCount":215,"image":{"@id":"https:\/\/portaltela.pt\/noticias\/2026\/04\/23\/aguia-procura-reforcar-o-eixo-central-no-mercado\/#primaryimage"},"thumbnailUrl":"https:\/\/portaltela.pt\/s.01k8rhncp4jt1\/2026\/04\/image-1399.jpg","keywords":["Ant\u00f3nio Silva","Benfica","contrata\u00e7\u00f5es","futebol","mercados","Otamendi"],"articleSection":["Desporto","Futebol"],"inLanguage":"pt-PT"},{"@type":"WebPage","@id":"https:\/\/portaltela.pt\/noticias\/2026\/04\/23\/aguia-procura-reforcar-o-eixo-central-no-mercado\/","url":"https:\/\/portaltela.pt\/noticias\/2026\/04\/23\/aguia-procura-reforcar-o-eixo-central-no-mercado\/","name":"\u00c1guia procura refor\u00e7ar o eixo central no mercado - Portal Tela Portugal","isPartOf":{"@id":"https:\/\/portaltela.pt\/#website"},"primaryImageOfPage":{"@id":"https:\/\/portaltela.pt\/noticias\/2026\/04\/23\/aguia-procura-reforcar-o-eixo-central-no-mercado\/#primaryimage"},"image":{"@id":"https:\/\/portaltela.pt\/noticias\/2026\/04\/23\/aguia-procura-reforcar-o-eixo-central-no-mercado\/#primaryimage"},"thumbnailUrl":"https:\/\/portaltela.pt\/s.01k8rhncp4jt1\/2026\/04\/image-1399.jpg","datePublished":"2026-04-23T07:17:56+00:00","author":{"@id":"https:\/\/portaltela.pt\/#\/schema\/person\/c4278d4a6028830caff9ee44b42d32ed"},"breadcrumb":{"@id":"https:\/\/portaltela.pt\/noticias\/2026\/04\/23\/aguia-procura-reforcar-o-eixo-central-no-mercado\/#breadcrumb"},"inLanguage":"pt-PT","potentialAction":[{"@type":"ReadAction","target":["https:\/\/portaltela.pt\/noticias\/2026\/04\/23\/aguia-procura-reforcar-o-eixo-central-no-mercado\/"]}]},{"@type":"ImageObject","inLanguage":"pt-PT","@id":"https:\/\/portaltela.pt\/noticias\/2026\/04\/23\/aguia-procura-reforcar-o-eixo-central-no-mercado\/#primaryimage","url":"https:\/\/portaltela.pt\/s.01k8rhncp4jt1\/2026\/04\/image-1399.jpg","contentUrl":"https:\/\/portaltela.pt\/s.01k8rhncp4jt1\/2026\/04\/image-1399.jpg","width":796,"height":448,"caption":"Otamendi est\u00e1 em fim de contrato com o Benfica"},{"@type":"BreadcrumbList","@id":"https:\/\/portaltela.pt\/noticias\/2026\/04\/23\/aguia-procura-reforcar-o-eixo-central-no-mercado\/#breadcrumb","itemListElement":[{"@type":"ListItem","position":1,"name":"In\u00edcio","item":"https:\/\/portaltela.pt\/"},{"@type":"ListItem","position":2,"name":"\u00c1guia procura refor\u00e7ar o eixo central no mercado"}]},{"@type":"WebSite","@id":"https:\/\/portaltela.pt\/#website","url":"https:\/\/portaltela.pt\/","name":"Portal Tela Portugal","description":"","potentialAction":[{"@type":"SearchAction","target":{"@type":"EntryPoint","urlTemplate":"https:\/\/portaltela.pt\/?s={search_term_string}"},"query-input":{"@type":"PropertyValueSpecification","valueRequired":true,"valueName":"search_term_string"}}],"inLanguage":"pt-PT"},{"@type":"Person","@id":"https:\/\/portaltela.pt\/#\/schema\/person\/c4278d4a6028830caff9ee44b42d32ed","name":"Telinha","image":{"@type":"ImageObject","inLanguage":"pt-PT","@id":"https:\/\/portaltela.pt\/s.01k8rhncp4jt1\/2025\/11\/talking-bot-125x125.png","url":"https:\/\/portaltela.pt\/s.01k8rhncp4jt1\/2025\/11\/talking-bot-125x125.png","contentUrl":"https:\/\/portaltela.pt\/s.01k8rhncp4jt1\/2025\/11\/talking-bot-125x125.png","caption":"Telinha"},"sameAs":["https:\/\/portaltela.pt\/"],"url":"https:\/\/portaltela.pt\/por\/367410592786\/"}]}},"_links":{"self":[{"href":"https:\/\/portaltela.pt\/api\/wp\/v2\/posts\/455527","targetHints":{"allow":["GET"]}}],"collection":[{"href":"https:\/\/portaltela.pt\/api\/wp\/v2\/posts"}],"about":[{"href":"https:\/\/portaltela.pt\/api\/wp\/v2\/types\/post"}],"author":[{"embeddable":true,"href":"https:\/\/portaltela.pt\/api\/wp\/v2\/users\/2"}],"replies":[{"embeddable":true,"href":"https:\/\/portaltela.pt\/api\/wp\/v2\/comments?post=455527"}],"version-history":[{"count":0,"href":"https:\/\/portaltela.pt\/api\/wp\/v2\/posts\/455527\/revisions"}],"wp:featuredmedia":[{"embeddable":true,"href":"https:\/\/portaltela.pt\/api\/wp\/v2\/media\/455536"}],"wp:attachment":[{"href":"https:\/\/portaltela.pt\/api\/wp\/v2\/media?parent=455527"}],"wp:term":[{"taxonomy":"category","embeddable":true,"href":"https:\/\/portaltela.pt\/api\/wp\/v2\/categories?post=455527"},{"taxonomy":"post_tag","embeddable":true,"href":"https:\/\/portaltela.pt\/api\/wp\/v2\/tags?post=455527"}],"curies":[{"name":"wp","href":"https:\/\/api.w.org\/{rel}","templated":true}]}}