{"id":455508,"date":"2026-04-23T04:02:57","date_gmt":"2026-04-23T07:02:57","guid":{"rendered":"https:\/\/portaltela.pt\/noticias\/2026\/04\/23\/mubi-critica-o-novo-codigo-da-estrada-da-acp-como-retrocesso-na-mobilidade\/"},"modified":"2026-04-23T04:02:57","modified_gmt":"2026-04-23T07:02:57","slug":"mubi-critica-o-novo-codigo-da-estrada-da-acp-como-retrocesso-na-mobilidade","status":"publish","type":"post","link":"https:\/\/portaltela.pt\/sociedade\/2026\/04\/23\/mubi-critica-o-novo-codigo-da-estrada-da-acp-como-retrocesso-na-mobilidade\/","title":{"rendered":"MUBi critica o novo C\u00f3digo da Estrada da ACP como retrocesso na mobilidade"},"content":{"rendered":"<p>A Associa\u00e7\u00e3o pela Mobilidade Urbana em Bicicleta (MUBi) rejeitou, nesta quinta-feira, as propostas do Autom\u00f3vel Club de Portugal (ACP) para uma reforma do C\u00f3digo da Estrada. A ACP classificou a iniciativa como uma reforma estrutural, com aumento das coimas para condu\u00e7\u00e3o sob efeito de \u00e1lcool, j\u00e1 alinhada com a posi\u00e7\u00e3o do Governo.<\/p>\n<p>A MUBi criticou as medidas, dizendo que s\u00e3o perigosamente desalinhadas com a mobilidade sustent\u00e1vel. Em comunicado, a associa\u00e7\u00e3o afirma que a proposta transfere a responsabilidade do risco rodovi\u00e1rio dos condutores motorizados para os utilizadores de bicicleta.<\/p>\n<h3>Propostas do ACP<\/h3>\n<p>Segundo o ACP, as propostas que v\u00e3o ao Minist\u00e9rio da Administra\u00e7\u00e3o Interna incluem a matr\u00edcula obrigat\u00f3ria, o seguro e o uso de capacete para ciclistas, veloc\u00edpedes a motor e dispositivos de mobilidade el\u00e9trica. A MUBi questiona a pr\u00e1tica e o impacto na mobilidade urbana.<\/p>\n<p>A MUBi sustenta que as medidas \u201cconduzem a burocracia excessiva\u201d e desincentivam uma forma de transporte segura e eficiente. A associa\u00e7\u00e3o aponta ainda que o texto ignora evid\u00eancia internacional e n\u00e3o encontra paralelo em pa\u00edses com bons \u00edndices de seguran\u00e7a.<\/p>\n<h3>Contexto e objetivos<\/h3>\n<p>A posi\u00e7\u00e3o da MUBi surge depois de o ministro da Administra\u00e7\u00e3o Interna, Lu\u00eds Neves, anunciar a revis\u00e3o do C\u00f3digo da Estrada, com refor\u00e7o da fiscaliza\u00e7\u00e3o e da Brigada de Tr\u00e2nsito da GNR, num contexto de aumentos de mortalidade rodovi\u00e1ria durante a P\u00e1scoa.<\/p>\n<p>A associa\u00e7\u00e3o defende que o foco deve ficar na redu\u00e7\u00e3o da velocidade e na responsabiliza\u00e7\u00e3o dos ve\u00edculos motorizados, em vez de tributar os utilizadores de bicicleta. A MUBi argumenta pela promo\u00e7\u00e3o de infraestruturas seguras e de limites de velocidade mais baixos em \u00e1reas urbanas.<\/p>\n","protected":false},"excerpt":{"rendered":"<ul>\n<li>O Autom\u00f3vel Club de Portugal (ACP) prop\u00f5e uma reforma estrutural do C\u00f3digo da Estrada com aumento substancial das coimas e das penas para a condu\u00e7\u00e3o sob efeito de \u00e1lcool.<\/li>\n<li>O ACP defende a obrigatoriedade de matr\u00edcula, seguro e uso de capacete para utilizadores de bicicletas, veloc\u00edpedes a motor e de mobilidade el\u00e9trica.<\/li>\n<li>A MUBi rejeita as propostas, dizendo que transferem a responsabilidade do risco para os utilizadores de bicicleta e destacando que estes s\u00e3o os que menos contribuem para o risco.<\/li>\n<li>A associa\u00e7\u00e3o afirma que as medidas representam um retrocesso na mobilidade sustent\u00e1vel, desincentivando a bicicleta e n\u00e3o correspondendo a pr\u00e1ticas europeias mais seguras.<\/li>\n<li>A MUBi defende um c\u00f3digo que inclua o limite de 30 km\/h em meio urbano e medidas que promovam modos de transporte mais sustent\u00e1veis, com foco em infraestruturas seguras.<\/li>\n<\/ul>\n","protected":false},"author":2,"featured_media":455512,"comment_status":"closed","ping_status":"closed","sticky":false,"template":"","format":"standard","meta":{"footnotes":""},"categories":[6725,6871],"tags":[2335,9379,4171,3263,2761],"class_list":["post-455508","post","type-post","status-publish","format-standard","has-post-thumbnail","hentry","category-meio-ambiente","category-sociedade","tag-acidentes-rodoviarios","tag-codigo-da-estrada","tag-mobilidade-sustentavel","tag-mobilidade-urbana","tag-seguranca-rodoviaria"],"yoast_head":"<!-- This site is optimized with the Yoast SEO plugin v27.2 - https:\/\/yoast.com\/product\/yoast-seo-wordpress\/ -->\n<title>MUBi critica o novo C\u00f3digo da Estrada da ACP como retrocesso na mobilidade - Portal Tela Portugal<\/title>\n<meta name=\"robots\" content=\"index, follow, max-snippet:-1, max-image-preview:large, max-video-preview:-1\" \/>\n<meta property=\"og:locale\" content=\"pt_PT\" \/>\n<meta property=\"og:type\" content=\"article\" \/>\n<meta property=\"og:title\" content=\"MUBi critica o novo C\u00f3digo da Estrada da ACP como retrocesso na mobilidade - Portal Tela Portugal\" \/>\n<meta property=\"og:description\" content=\"O Autom\u00f3vel Club de Portugal (ACP) prop\u00f5e uma reforma estrutural do C\u00f3digo da Estrada com aumento substancial das coimas e das penas para a condu\u00e7\u00e3o sob efeito de \u00e1lcool. O ACP defende a obrigatoriedade de matr\u00edcula, seguro e uso de capacete para utilizadores de bicicletas, veloc\u00edpedes a motor e de mobilidade el\u00e9trica. A MUBi rejeita as propostas, dizendo que transferem a responsabilidade do risco para os utilizadores de bicicleta e destacando que estes s\u00e3o os que menos contribuem para o risco. A associa\u00e7\u00e3o afirma que as medidas representam um retrocesso na mobilidade sustent\u00e1vel, desincentivando a bicicleta e n\u00e3o correspondendo a pr\u00e1ticas europeias mais seguras. A MUBi defende um c\u00f3digo que inclua o limite de 30 km\/h em meio urbano e medidas que promovam modos de transporte mais sustent\u00e1veis, com foco em infraestruturas seguras.\" \/>\n<meta property=\"og:url\" content=\"https:\/\/portaltela.pt\/noticias\/2026\/04\/23\/mubi-critica-o-novo-codigo-da-estrada-da-acp-como-retrocesso-na-mobilidade\/\" \/>\n<meta property=\"og:site_name\" content=\"Portal Tela Portugal\" \/>\n<meta property=\"article:published_time\" content=\"2026-04-23T07:02:57+00:00\" \/>\n<meta name=\"author\" content=\"Telinha\" \/>\n<meta name=\"twitter:card\" content=\"summary_large_image\" \/>\n<meta name=\"twitter:label1\" content=\"Escrito por\" \/>\n\t<meta name=\"twitter:data1\" content=\"Telinha\" \/>\n\t<meta name=\"twitter:label2\" content=\"Tempo estimado de leitura\" \/>\n\t<meta name=\"twitter:data2\" content=\"2 minutos\" \/>\n<script type=\"application\/ld+json\" class=\"yoast-schema-graph\">{\"@context\":\"https:\/\/schema.org\",\"@graph\":[{\"@type\":\"Article\",\"@id\":\"https:\/\/portaltela.pt\/noticias\/2026\/04\/23\/mubi-critica-o-novo-codigo-da-estrada-da-acp-como-retrocesso-na-mobilidade\/#article\",\"isPartOf\":{\"@id\":\"https:\/\/portaltela.pt\/noticias\/2026\/04\/23\/mubi-critica-o-novo-codigo-da-estrada-da-acp-como-retrocesso-na-mobilidade\/\"},\"author\":{\"name\":\"Telinha\",\"@id\":\"https:\/\/portaltela.pt\/#\/schema\/person\/c4278d4a6028830caff9ee44b42d32ed\"},\"headline\":\"MUBi critica o novo C\u00f3digo da Estrada da ACP como retrocesso na mobilidade\",\"datePublished\":\"2026-04-23T07:02:57+00:00\",\"mainEntityOfPage\":{\"@id\":\"https:\/\/portaltela.pt\/noticias\/2026\/04\/23\/mubi-critica-o-novo-codigo-da-estrada-da-acp-como-retrocesso-na-mobilidade\/\"},\"wordCount\":315,\"image\":{\"@id\":\"https:\/\/portaltela.pt\/noticias\/2026\/04\/23\/mubi-critica-o-novo-codigo-da-estrada-da-acp-como-retrocesso-na-mobilidade\/#primaryimage\"},\"thumbnailUrl\":\"https:\/\/portaltela.pt\/s.01k8rhncp4jt1\/2026\/04\/img_1280x721uu2025-09-02-17-02-47-2232848.jpg\",\"keywords\":[\"acidentes rodovi\u00e1rios\",\"C\u00f3digo da Estrada\",\"Mobilidade Sustent\u00e1vel\",\"mobilidade urbana\",\"seguran\u00e7a rodovi\u00e1ria\"],\"articleSection\":[\"Meio Ambiente\",\"Sociedade\"],\"inLanguage\":\"pt-PT\"},{\"@type\":\"WebPage\",\"@id\":\"https:\/\/portaltela.pt\/noticias\/2026\/04\/23\/mubi-critica-o-novo-codigo-da-estrada-da-acp-como-retrocesso-na-mobilidade\/\",\"url\":\"https:\/\/portaltela.pt\/noticias\/2026\/04\/23\/mubi-critica-o-novo-codigo-da-estrada-da-acp-como-retrocesso-na-mobilidade\/\",\"name\":\"MUBi critica o novo C\u00f3digo da Estrada da ACP como retrocesso na mobilidade - Portal Tela Portugal\",\"isPartOf\":{\"@id\":\"https:\/\/portaltela.pt\/#website\"},\"primaryImageOfPage\":{\"@id\":\"https:\/\/portaltela.pt\/noticias\/2026\/04\/23\/mubi-critica-o-novo-codigo-da-estrada-da-acp-como-retrocesso-na-mobilidade\/#primaryimage\"},\"image\":{\"@id\":\"https:\/\/portaltela.pt\/noticias\/2026\/04\/23\/mubi-critica-o-novo-codigo-da-estrada-da-acp-como-retrocesso-na-mobilidade\/#primaryimage\"},\"thumbnailUrl\":\"https:\/\/portaltela.pt\/s.01k8rhncp4jt1\/2026\/04\/img_1280x721uu2025-09-02-17-02-47-2232848.jpg\",\"datePublished\":\"2026-04-23T07:02:57+00:00\",\"author\":{\"@id\":\"https:\/\/portaltela.pt\/#\/schema\/person\/c4278d4a6028830caff9ee44b42d32ed\"},\"breadcrumb\":{\"@id\":\"https:\/\/portaltela.pt\/noticias\/2026\/04\/23\/mubi-critica-o-novo-codigo-da-estrada-da-acp-como-retrocesso-na-mobilidade\/#breadcrumb\"},\"inLanguage\":\"pt-PT\",\"potentialAction\":[{\"@type\":\"ReadAction\",\"target\":[\"https:\/\/portaltela.pt\/noticias\/2026\/04\/23\/mubi-critica-o-novo-codigo-da-estrada-da-acp-como-retrocesso-na-mobilidade\/\"]}]},{\"@type\":\"ImageObject\",\"inLanguage\":\"pt-PT\",\"@id\":\"https:\/\/portaltela.pt\/noticias\/2026\/04\/23\/mubi-critica-o-novo-codigo-da-estrada-da-acp-como-retrocesso-na-mobilidade\/#primaryimage\",\"url\":\"https:\/\/portaltela.pt\/s.01k8rhncp4jt1\/2026\/04\/img_1280x721uu2025-09-02-17-02-47-2232848.jpg\",\"contentUrl\":\"https:\/\/portaltela.pt\/s.01k8rhncp4jt1\/2026\/04\/img_1280x721uu2025-09-02-17-02-47-2232848.jpg\",\"width\":796,\"height\":448,\"caption\":\"Bicicletas partilhadas de Leiria j\u00e1 fizeram mais de 86 mil quil\u00f3metros\"},{\"@type\":\"BreadcrumbList\",\"@id\":\"https:\/\/portaltela.pt\/noticias\/2026\/04\/23\/mubi-critica-o-novo-codigo-da-estrada-da-acp-como-retrocesso-na-mobilidade\/#breadcrumb\",\"itemListElement\":[{\"@type\":\"ListItem\",\"position\":1,\"name\":\"In\u00edcio\",\"item\":\"https:\/\/portaltela.pt\/\"},{\"@type\":\"ListItem\",\"position\":2,\"name\":\"MUBi critica o novo C\u00f3digo da Estrada da ACP como retrocesso na mobilidade\"}]},{\"@type\":\"WebSite\",\"@id\":\"https:\/\/portaltela.pt\/#website\",\"url\":\"https:\/\/portaltela.pt\/\",\"name\":\"Portal Tela Portugal\",\"description\":\"\",\"potentialAction\":[{\"@type\":\"SearchAction\",\"target\":{\"@type\":\"EntryPoint\",\"urlTemplate\":\"https:\/\/portaltela.pt\/?s={search_term_string}\"},\"query-input\":{\"@type\":\"PropertyValueSpecification\",\"valueRequired\":true,\"valueName\":\"search_term_string\"}}],\"inLanguage\":\"pt-PT\"},{\"@type\":\"Person\",\"@id\":\"https:\/\/portaltela.pt\/#\/schema\/person\/c4278d4a6028830caff9ee44b42d32ed\",\"name\":\"Telinha\",\"image\":{\"@type\":\"ImageObject\",\"inLanguage\":\"pt-PT\",\"@id\":\"https:\/\/portaltela.pt\/s.01k8rhncp4jt1\/2025\/11\/talking-bot-125x125.png\",\"url\":\"https:\/\/portaltela.pt\/s.01k8rhncp4jt1\/2025\/11\/talking-bot-125x125.png\",\"contentUrl\":\"https:\/\/portaltela.pt\/s.01k8rhncp4jt1\/2025\/11\/talking-bot-125x125.png\",\"caption\":\"Telinha\"},\"sameAs\":[\"https:\/\/portaltela.pt\/\"],\"url\":\"https:\/\/portaltela.pt\/por\/367410592786\/\"}]}<\/script>\n<!-- \/ Yoast SEO plugin. -->","yoast_head_json":{"title":"MUBi critica o novo C\u00f3digo da Estrada da ACP como retrocesso na mobilidade - Portal Tela Portugal","robots":{"index":"index","follow":"follow","max-snippet":"max-snippet:-1","max-image-preview":"max-image-preview:large","max-video-preview":"max-video-preview:-1"},"og_locale":"pt_PT","og_type":"article","og_title":"MUBi critica o novo C\u00f3digo da Estrada da ACP como retrocesso na mobilidade - Portal Tela Portugal","og_description":"O Autom\u00f3vel Club de Portugal (ACP) prop\u00f5e uma reforma estrutural do C\u00f3digo da Estrada com aumento substancial das coimas e das penas para a condu\u00e7\u00e3o sob efeito de \u00e1lcool. O ACP defende a obrigatoriedade de matr\u00edcula, seguro e uso de capacete para utilizadores de bicicletas, veloc\u00edpedes a motor e de mobilidade el\u00e9trica. A MUBi rejeita as propostas, dizendo que transferem a responsabilidade do risco para os utilizadores de bicicleta e destacando que estes s\u00e3o os que menos contribuem para o risco. A associa\u00e7\u00e3o afirma que as medidas representam um retrocesso na mobilidade sustent\u00e1vel, desincentivando a bicicleta e n\u00e3o correspondendo a pr\u00e1ticas europeias mais seguras. A MUBi defende um c\u00f3digo que inclua o limite de 30 km\/h em meio urbano e medidas que promovam modos de transporte mais sustent\u00e1veis, com foco em infraestruturas seguras.","og_url":"https:\/\/portaltela.pt\/noticias\/2026\/04\/23\/mubi-critica-o-novo-codigo-da-estrada-da-acp-como-retrocesso-na-mobilidade\/","og_site_name":"Portal Tela Portugal","article_published_time":"2026-04-23T07:02:57+00:00","author":"Telinha","twitter_card":"summary_large_image","twitter_misc":{"Escrito por":"Telinha","Tempo estimado de leitura":"2 minutos"},"schema":{"@context":"https:\/\/schema.org","@graph":[{"@type":"Article","@id":"https:\/\/portaltela.pt\/noticias\/2026\/04\/23\/mubi-critica-o-novo-codigo-da-estrada-da-acp-como-retrocesso-na-mobilidade\/#article","isPartOf":{"@id":"https:\/\/portaltela.pt\/noticias\/2026\/04\/23\/mubi-critica-o-novo-codigo-da-estrada-da-acp-como-retrocesso-na-mobilidade\/"},"author":{"name":"Telinha","@id":"https:\/\/portaltela.pt\/#\/schema\/person\/c4278d4a6028830caff9ee44b42d32ed"},"headline":"MUBi critica o novo C\u00f3digo da Estrada da ACP como retrocesso na mobilidade","datePublished":"2026-04-23T07:02:57+00:00","mainEntityOfPage":{"@id":"https:\/\/portaltela.pt\/noticias\/2026\/04\/23\/mubi-critica-o-novo-codigo-da-estrada-da-acp-como-retrocesso-na-mobilidade\/"},"wordCount":315,"image":{"@id":"https:\/\/portaltela.pt\/noticias\/2026\/04\/23\/mubi-critica-o-novo-codigo-da-estrada-da-acp-como-retrocesso-na-mobilidade\/#primaryimage"},"thumbnailUrl":"https:\/\/portaltela.pt\/s.01k8rhncp4jt1\/2026\/04\/img_1280x721uu2025-09-02-17-02-47-2232848.jpg","keywords":["acidentes rodovi\u00e1rios","C\u00f3digo da Estrada","Mobilidade Sustent\u00e1vel","mobilidade urbana","seguran\u00e7a rodovi\u00e1ria"],"articleSection":["Meio Ambiente","Sociedade"],"inLanguage":"pt-PT"},{"@type":"WebPage","@id":"https:\/\/portaltela.pt\/noticias\/2026\/04\/23\/mubi-critica-o-novo-codigo-da-estrada-da-acp-como-retrocesso-na-mobilidade\/","url":"https:\/\/portaltela.pt\/noticias\/2026\/04\/23\/mubi-critica-o-novo-codigo-da-estrada-da-acp-como-retrocesso-na-mobilidade\/","name":"MUBi critica o novo C\u00f3digo da Estrada da ACP como retrocesso na mobilidade - Portal Tela Portugal","isPartOf":{"@id":"https:\/\/portaltela.pt\/#website"},"primaryImageOfPage":{"@id":"https:\/\/portaltela.pt\/noticias\/2026\/04\/23\/mubi-critica-o-novo-codigo-da-estrada-da-acp-como-retrocesso-na-mobilidade\/#primaryimage"},"image":{"@id":"https:\/\/portaltela.pt\/noticias\/2026\/04\/23\/mubi-critica-o-novo-codigo-da-estrada-da-acp-como-retrocesso-na-mobilidade\/#primaryimage"},"thumbnailUrl":"https:\/\/portaltela.pt\/s.01k8rhncp4jt1\/2026\/04\/img_1280x721uu2025-09-02-17-02-47-2232848.jpg","datePublished":"2026-04-23T07:02:57+00:00","author":{"@id":"https:\/\/portaltela.pt\/#\/schema\/person\/c4278d4a6028830caff9ee44b42d32ed"},"breadcrumb":{"@id":"https:\/\/portaltela.pt\/noticias\/2026\/04\/23\/mubi-critica-o-novo-codigo-da-estrada-da-acp-como-retrocesso-na-mobilidade\/#breadcrumb"},"inLanguage":"pt-PT","potentialAction":[{"@type":"ReadAction","target":["https:\/\/portaltela.pt\/noticias\/2026\/04\/23\/mubi-critica-o-novo-codigo-da-estrada-da-acp-como-retrocesso-na-mobilidade\/"]}]},{"@type":"ImageObject","inLanguage":"pt-PT","@id":"https:\/\/portaltela.pt\/noticias\/2026\/04\/23\/mubi-critica-o-novo-codigo-da-estrada-da-acp-como-retrocesso-na-mobilidade\/#primaryimage","url":"https:\/\/portaltela.pt\/s.01k8rhncp4jt1\/2026\/04\/img_1280x721uu2025-09-02-17-02-47-2232848.jpg","contentUrl":"https:\/\/portaltela.pt\/s.01k8rhncp4jt1\/2026\/04\/img_1280x721uu2025-09-02-17-02-47-2232848.jpg","width":796,"height":448,"caption":"Bicicletas partilhadas de Leiria j\u00e1 fizeram mais de 86 mil quil\u00f3metros"},{"@type":"BreadcrumbList","@id":"https:\/\/portaltela.pt\/noticias\/2026\/04\/23\/mubi-critica-o-novo-codigo-da-estrada-da-acp-como-retrocesso-na-mobilidade\/#breadcrumb","itemListElement":[{"@type":"ListItem","position":1,"name":"In\u00edcio","item":"https:\/\/portaltela.pt\/"},{"@type":"ListItem","position":2,"name":"MUBi critica o novo C\u00f3digo da Estrada da ACP como retrocesso na mobilidade"}]},{"@type":"WebSite","@id":"https:\/\/portaltela.pt\/#website","url":"https:\/\/portaltela.pt\/","name":"Portal Tela Portugal","description":"","potentialAction":[{"@type":"SearchAction","target":{"@type":"EntryPoint","urlTemplate":"https:\/\/portaltela.pt\/?s={search_term_string}"},"query-input":{"@type":"PropertyValueSpecification","valueRequired":true,"valueName":"search_term_string"}}],"inLanguage":"pt-PT"},{"@type":"Person","@id":"https:\/\/portaltela.pt\/#\/schema\/person\/c4278d4a6028830caff9ee44b42d32ed","name":"Telinha","image":{"@type":"ImageObject","inLanguage":"pt-PT","@id":"https:\/\/portaltela.pt\/s.01k8rhncp4jt1\/2025\/11\/talking-bot-125x125.png","url":"https:\/\/portaltela.pt\/s.01k8rhncp4jt1\/2025\/11\/talking-bot-125x125.png","contentUrl":"https:\/\/portaltela.pt\/s.01k8rhncp4jt1\/2025\/11\/talking-bot-125x125.png","caption":"Telinha"},"sameAs":["https:\/\/portaltela.pt\/"],"url":"https:\/\/portaltela.pt\/por\/367410592786\/"}]}},"_links":{"self":[{"href":"https:\/\/portaltela.pt\/api\/wp\/v2\/posts\/455508","targetHints":{"allow":["GET"]}}],"collection":[{"href":"https:\/\/portaltela.pt\/api\/wp\/v2\/posts"}],"about":[{"href":"https:\/\/portaltela.pt\/api\/wp\/v2\/types\/post"}],"author":[{"embeddable":true,"href":"https:\/\/portaltela.pt\/api\/wp\/v2\/users\/2"}],"replies":[{"embeddable":true,"href":"https:\/\/portaltela.pt\/api\/wp\/v2\/comments?post=455508"}],"version-history":[{"count":0,"href":"https:\/\/portaltela.pt\/api\/wp\/v2\/posts\/455508\/revisions"}],"wp:featuredmedia":[{"embeddable":true,"href":"https:\/\/portaltela.pt\/api\/wp\/v2\/media\/455512"}],"wp:attachment":[{"href":"https:\/\/portaltela.pt\/api\/wp\/v2\/media?parent=455508"}],"wp:term":[{"taxonomy":"category","embeddable":true,"href":"https:\/\/portaltela.pt\/api\/wp\/v2\/categories?post=455508"},{"taxonomy":"post_tag","embeddable":true,"href":"https:\/\/portaltela.pt\/api\/wp\/v2\/tags?post=455508"}],"curies":[{"name":"wp","href":"https:\/\/api.w.org\/{rel}","templated":true}]}}