{"id":455505,"date":"2026-04-23T04:02:55","date_gmt":"2026-04-23T07:02:55","guid":{"rendered":"https:\/\/portaltela.pt\/noticias\/2026\/04\/23\/gnr-deteve-este-ano-59-pessoas-por-fogo-maioria-por-uso-negligente\/"},"modified":"2026-04-23T04:02:55","modified_gmt":"2026-04-23T07:02:55","slug":"gnr-deteve-este-ano-59-pessoas-por-fogo-maioria-por-uso-negligente","status":"publish","type":"post","link":"https:\/\/portaltela.pt\/policia\/2026\/04\/23\/gnr-deteve-este-ano-59-pessoas-por-fogo-maioria-por-uso-negligente\/","title":{"rendered":"GNR deteve este ano 59 pessoas por fogo, maioria por uso negligente"},"content":{"rendered":"<p>A Guarda Nacional Republicana (GNR) deteve, at\u00e9 17 de abril, 59 pessoas pelo crime de inc\u00eandio. Destas, 57 foram detidos por neglig\u00eancia em queimas e queimadas de sobrantes que se descontrolaram. O objetivo \u00e9 evitar inc\u00eandios desfeitos.<\/p>\n<p>A maior parte das deten\u00e7\u00f5es ocorreu nos distritos de Vila Real e Braga, com 14 em cada um. Leiria teve 10 deten\u00e7\u00f5es e Viseu registou sete casos, segundo a GNR.<\/p>\n<p>A faixa et\u00e1ria mais afetada envolve pessoas entre 41 e 50 anos (18 detidos), seguidos por 51 a 64 (16) e 75 a 84 (13).<\/p>\n<h3>Opera\u00e7\u00e3o Floresta Segura 2026<\/h3>\n<p>A GNR indicou 7.664 terrenos para limpeza obrigat\u00f3ria no \u00e2mbito da opera\u00e7\u00e3o em curso, com Leiria a registar o maior n\u00famero (1.794), seguida de Bragan\u00e7a (1.068) e Santar\u00e9m (594).<\/p>\n<p>At\u00e9 15 de abril, arderam 7.675,30 hectares, de acordo com dados provis\u00f3rios. Em 2025, o total queimado foi de 3.418 hectares.<\/p>\n<p>As autoridades recomendam n\u00e3o realizar queimas sem registo pr\u00e9vio nas plataformas oficiais ou autoriza\u00e7\u00e3o das autoridades locais, e evitar fogo em dias de vento forte ou temperaturas elevadas. Alertam ainda para n\u00e3o abandonar queimadas sem garantir que est\u00e3o totalmente extintas.<\/p>\n","protected":false},"excerpt":{"rendered":"<ul>\n<li>At\u00e9 17 de abril, a GNR deteve 59 pessoas por inc\u00eandio, sendo 57 por neglig\u00eancia em queimadas de sobrantes que se descontrolaram.<\/li>\n<li>As deten\u00e7\u00f5es ocorreram principalmente em Vila Real e Braga, com 14 em cada distrito, seguidas de Leiria (10) e Viseu (sete).<\/li>\n<li>Entre os detidos, a maioria tinha entre 41 e 50 anos (18), entre 51 e 64 (16) e entre 75 e 84 (13).<\/li>\n<li>No \u00e2mbito da Opera\u00e7\u00e3o Floresta Segura 2026, foram sinalizados 7.664 terrenos para limpeza obrigat\u00f3ria, com Leiria a registar o maior n\u00famero (1.794).<\/li>\n<li>At\u00e9 15 de abril arderam 7.675,30 hectares (em 2025 foram 3.418); a Guarda recomenda n\u00e3o realizar queimas sem registo ou autoriza\u00e7\u00e3o, evitar fogo em dias de vento forte e nunca abandonar uma queima que ainda n\u00e3o esteja totalmente extinta.<\/li>\n<\/ul>\n","protected":false},"author":2,"featured_media":455511,"comment_status":"closed","ping_status":"closed","sticky":false,"template":"","format":"standard","meta":{"footnotes":""},"categories":[7374,6781],"tags":[1207,1380,1438,1385,6990,1171],"class_list":["post-455505","post","type-post","status-publish","format-standard","has-post-thumbnail","hentry","category-criminalidade","category-policia","tag-braga","tag-gnr","tag-incendio","tag-leiria","tag-negligencia","tag-viseu"],"yoast_head":"<!-- This site is optimized with the Yoast SEO plugin v27.2 - https:\/\/yoast.com\/product\/yoast-seo-wordpress\/ -->\n<title>GNR deteve este ano 59 pessoas por fogo, maioria por uso negligente - Portal Tela Portugal<\/title>\n<meta name=\"robots\" content=\"index, follow, max-snippet:-1, max-image-preview:large, max-video-preview:-1\" \/>\n<meta property=\"og:locale\" content=\"pt_PT\" \/>\n<meta property=\"og:type\" content=\"article\" \/>\n<meta property=\"og:title\" content=\"GNR deteve este ano 59 pessoas por fogo, maioria por uso negligente - Portal Tela Portugal\" \/>\n<meta property=\"og:description\" content=\"At\u00e9 17 de abril, a GNR deteve 59 pessoas por inc\u00eandio, sendo 57 por neglig\u00eancia em queimadas de sobrantes que se descontrolaram. As deten\u00e7\u00f5es ocorreram principalmente em Vila Real e Braga, com 14 em cada distrito, seguidas de Leiria (10) e Viseu (sete). Entre os detidos, a maioria tinha entre 41 e 50 anos (18), entre 51 e 64 (16) e entre 75 e 84 (13). No \u00e2mbito da Opera\u00e7\u00e3o Floresta Segura 2026, foram sinalizados 7.664 terrenos para limpeza obrigat\u00f3ria, com Leiria a registar o maior n\u00famero (1.794). At\u00e9 15 de abril arderam 7.675,30 hectares (em 2025 foram 3.418); a Guarda recomenda n\u00e3o realizar queimas sem registo ou autoriza\u00e7\u00e3o, evitar fogo em dias de vento forte e nunca abandonar uma queima que ainda n\u00e3o esteja totalmente extinta.\" \/>\n<meta property=\"og:url\" content=\"https:\/\/portaltela.pt\/noticias\/2026\/04\/23\/gnr-deteve-este-ano-59-pessoas-por-fogo-maioria-por-uso-negligente\/\" \/>\n<meta property=\"og:site_name\" content=\"Portal Tela Portugal\" \/>\n<meta property=\"article:published_time\" content=\"2026-04-23T07:02:55+00:00\" \/>\n<meta name=\"author\" content=\"Telinha\" \/>\n<meta name=\"twitter:card\" content=\"summary_large_image\" \/>\n<meta name=\"twitter:label1\" content=\"Escrito por\" \/>\n\t<meta name=\"twitter:data1\" content=\"Telinha\" \/>\n\t<meta name=\"twitter:label2\" content=\"Tempo estimado de leitura\" \/>\n\t<meta name=\"twitter:data2\" content=\"1 minuto\" \/>\n<script type=\"application\/ld+json\" class=\"yoast-schema-graph\">{\"@context\":\"https:\/\/schema.org\",\"@graph\":[{\"@type\":\"Article\",\"@id\":\"https:\/\/portaltela.pt\/noticias\/2026\/04\/23\/gnr-deteve-este-ano-59-pessoas-por-fogo-maioria-por-uso-negligente\/#article\",\"isPartOf\":{\"@id\":\"https:\/\/portaltela.pt\/noticias\/2026\/04\/23\/gnr-deteve-este-ano-59-pessoas-por-fogo-maioria-por-uso-negligente\/\"},\"author\":{\"name\":\"Telinha\",\"@id\":\"https:\/\/portaltela.pt\/#\/schema\/person\/c4278d4a6028830caff9ee44b42d32ed\"},\"headline\":\"GNR deteve este ano 59 pessoas por fogo, maioria por uso negligente\",\"datePublished\":\"2026-04-23T07:02:55+00:00\",\"mainEntityOfPage\":{\"@id\":\"https:\/\/portaltela.pt\/noticias\/2026\/04\/23\/gnr-deteve-este-ano-59-pessoas-por-fogo-maioria-por-uso-negligente\/\"},\"wordCount\":191,\"image\":{\"@id\":\"https:\/\/portaltela.pt\/noticias\/2026\/04\/23\/gnr-deteve-este-ano-59-pessoas-por-fogo-maioria-por-uso-negligente\/#primaryimage\"},\"thumbnailUrl\":\"https:\/\/portaltela.pt\/s.01k8rhncp4jt1\/2026\/04\/img_1500x1000uu2025-07-29-12-54-42-2225804.jpg\",\"keywords\":[\"Braga\",\"GNR\",\"inc\u00eandio\",\"Leiria\",\"neglig\u00eancia\",\"Viseu\"],\"articleSection\":[\"Criminalidade\",\"Pol\u00edcia\"],\"inLanguage\":\"pt-PT\"},{\"@type\":\"WebPage\",\"@id\":\"https:\/\/portaltela.pt\/noticias\/2026\/04\/23\/gnr-deteve-este-ano-59-pessoas-por-fogo-maioria-por-uso-negligente\/\",\"url\":\"https:\/\/portaltela.pt\/noticias\/2026\/04\/23\/gnr-deteve-este-ano-59-pessoas-por-fogo-maioria-por-uso-negligente\/\",\"name\":\"GNR deteve este ano 59 pessoas por fogo, maioria por uso negligente - Portal Tela Portugal\",\"isPartOf\":{\"@id\":\"https:\/\/portaltela.pt\/#website\"},\"primaryImageOfPage\":{\"@id\":\"https:\/\/portaltela.pt\/noticias\/2026\/04\/23\/gnr-deteve-este-ano-59-pessoas-por-fogo-maioria-por-uso-negligente\/#primaryimage\"},\"image\":{\"@id\":\"https:\/\/portaltela.pt\/noticias\/2026\/04\/23\/gnr-deteve-este-ano-59-pessoas-por-fogo-maioria-por-uso-negligente\/#primaryimage\"},\"thumbnailUrl\":\"https:\/\/portaltela.pt\/s.01k8rhncp4jt1\/2026\/04\/img_1500x1000uu2025-07-29-12-54-42-2225804.jpg\",\"datePublished\":\"2026-04-23T07:02:55+00:00\",\"author\":{\"@id\":\"https:\/\/portaltela.pt\/#\/schema\/person\/c4278d4a6028830caff9ee44b42d32ed\"},\"breadcrumb\":{\"@id\":\"https:\/\/portaltela.pt\/noticias\/2026\/04\/23\/gnr-deteve-este-ano-59-pessoas-por-fogo-maioria-por-uso-negligente\/#breadcrumb\"},\"inLanguage\":\"pt-PT\",\"potentialAction\":[{\"@type\":\"ReadAction\",\"target\":[\"https:\/\/portaltela.pt\/noticias\/2026\/04\/23\/gnr-deteve-este-ano-59-pessoas-por-fogo-maioria-por-uso-negligente\/\"]}]},{\"@type\":\"ImageObject\",\"inLanguage\":\"pt-PT\",\"@id\":\"https:\/\/portaltela.pt\/noticias\/2026\/04\/23\/gnr-deteve-este-ano-59-pessoas-por-fogo-maioria-por-uso-negligente\/#primaryimage\",\"url\":\"https:\/\/portaltela.pt\/s.01k8rhncp4jt1\/2026\/04\/img_1500x1000uu2025-07-29-12-54-42-2225804.jpg\",\"contentUrl\":\"https:\/\/portaltela.pt\/s.01k8rhncp4jt1\/2026\/04\/img_1500x1000uu2025-07-29-12-54-42-2225804.jpg\",\"width\":796,\"height\":448,\"caption\":\"GNR durante fiscaliza\u00e7\u00e3o ap\u00f3s combate a inc\u00eandio\"},{\"@type\":\"BreadcrumbList\",\"@id\":\"https:\/\/portaltela.pt\/noticias\/2026\/04\/23\/gnr-deteve-este-ano-59-pessoas-por-fogo-maioria-por-uso-negligente\/#breadcrumb\",\"itemListElement\":[{\"@type\":\"ListItem\",\"position\":1,\"name\":\"In\u00edcio\",\"item\":\"https:\/\/portaltela.pt\/\"},{\"@type\":\"ListItem\",\"position\":2,\"name\":\"GNR deteve este ano 59 pessoas por fogo, maioria por uso negligente\"}]},{\"@type\":\"WebSite\",\"@id\":\"https:\/\/portaltela.pt\/#website\",\"url\":\"https:\/\/portaltela.pt\/\",\"name\":\"Portal Tela Portugal\",\"description\":\"\",\"potentialAction\":[{\"@type\":\"SearchAction\",\"target\":{\"@type\":\"EntryPoint\",\"urlTemplate\":\"https:\/\/portaltela.pt\/?s={search_term_string}\"},\"query-input\":{\"@type\":\"PropertyValueSpecification\",\"valueRequired\":true,\"valueName\":\"search_term_string\"}}],\"inLanguage\":\"pt-PT\"},{\"@type\":\"Person\",\"@id\":\"https:\/\/portaltela.pt\/#\/schema\/person\/c4278d4a6028830caff9ee44b42d32ed\",\"name\":\"Telinha\",\"image\":{\"@type\":\"ImageObject\",\"inLanguage\":\"pt-PT\",\"@id\":\"https:\/\/portaltela.pt\/s.01k8rhncp4jt1\/2025\/11\/talking-bot-125x125.png\",\"url\":\"https:\/\/portaltela.pt\/s.01k8rhncp4jt1\/2025\/11\/talking-bot-125x125.png\",\"contentUrl\":\"https:\/\/portaltela.pt\/s.01k8rhncp4jt1\/2025\/11\/talking-bot-125x125.png\",\"caption\":\"Telinha\"},\"sameAs\":[\"https:\/\/portaltela.pt\/\"],\"url\":\"https:\/\/portaltela.pt\/por\/367410592786\/\"}]}<\/script>\n<!-- \/ Yoast SEO plugin. -->","yoast_head_json":{"title":"GNR deteve este ano 59 pessoas por fogo, maioria por uso negligente - Portal Tela Portugal","robots":{"index":"index","follow":"follow","max-snippet":"max-snippet:-1","max-image-preview":"max-image-preview:large","max-video-preview":"max-video-preview:-1"},"og_locale":"pt_PT","og_type":"article","og_title":"GNR deteve este ano 59 pessoas por fogo, maioria por uso negligente - Portal Tela Portugal","og_description":"At\u00e9 17 de abril, a GNR deteve 59 pessoas por inc\u00eandio, sendo 57 por neglig\u00eancia em queimadas de sobrantes que se descontrolaram. As deten\u00e7\u00f5es ocorreram principalmente em Vila Real e Braga, com 14 em cada distrito, seguidas de Leiria (10) e Viseu (sete). Entre os detidos, a maioria tinha entre 41 e 50 anos (18), entre 51 e 64 (16) e entre 75 e 84 (13). No \u00e2mbito da Opera\u00e7\u00e3o Floresta Segura 2026, foram sinalizados 7.664 terrenos para limpeza obrigat\u00f3ria, com Leiria a registar o maior n\u00famero (1.794). At\u00e9 15 de abril arderam 7.675,30 hectares (em 2025 foram 3.418); a Guarda recomenda n\u00e3o realizar queimas sem registo ou autoriza\u00e7\u00e3o, evitar fogo em dias de vento forte e nunca abandonar uma queima que ainda n\u00e3o esteja totalmente extinta.","og_url":"https:\/\/portaltela.pt\/noticias\/2026\/04\/23\/gnr-deteve-este-ano-59-pessoas-por-fogo-maioria-por-uso-negligente\/","og_site_name":"Portal Tela Portugal","article_published_time":"2026-04-23T07:02:55+00:00","author":"Telinha","twitter_card":"summary_large_image","twitter_misc":{"Escrito por":"Telinha","Tempo estimado de leitura":"1 minuto"},"schema":{"@context":"https:\/\/schema.org","@graph":[{"@type":"Article","@id":"https:\/\/portaltela.pt\/noticias\/2026\/04\/23\/gnr-deteve-este-ano-59-pessoas-por-fogo-maioria-por-uso-negligente\/#article","isPartOf":{"@id":"https:\/\/portaltela.pt\/noticias\/2026\/04\/23\/gnr-deteve-este-ano-59-pessoas-por-fogo-maioria-por-uso-negligente\/"},"author":{"name":"Telinha","@id":"https:\/\/portaltela.pt\/#\/schema\/person\/c4278d4a6028830caff9ee44b42d32ed"},"headline":"GNR deteve este ano 59 pessoas por fogo, maioria por uso negligente","datePublished":"2026-04-23T07:02:55+00:00","mainEntityOfPage":{"@id":"https:\/\/portaltela.pt\/noticias\/2026\/04\/23\/gnr-deteve-este-ano-59-pessoas-por-fogo-maioria-por-uso-negligente\/"},"wordCount":191,"image":{"@id":"https:\/\/portaltela.pt\/noticias\/2026\/04\/23\/gnr-deteve-este-ano-59-pessoas-por-fogo-maioria-por-uso-negligente\/#primaryimage"},"thumbnailUrl":"https:\/\/portaltela.pt\/s.01k8rhncp4jt1\/2026\/04\/img_1500x1000uu2025-07-29-12-54-42-2225804.jpg","keywords":["Braga","GNR","inc\u00eandio","Leiria","neglig\u00eancia","Viseu"],"articleSection":["Criminalidade","Pol\u00edcia"],"inLanguage":"pt-PT"},{"@type":"WebPage","@id":"https:\/\/portaltela.pt\/noticias\/2026\/04\/23\/gnr-deteve-este-ano-59-pessoas-por-fogo-maioria-por-uso-negligente\/","url":"https:\/\/portaltela.pt\/noticias\/2026\/04\/23\/gnr-deteve-este-ano-59-pessoas-por-fogo-maioria-por-uso-negligente\/","name":"GNR deteve este ano 59 pessoas por fogo, maioria por uso negligente - Portal Tela Portugal","isPartOf":{"@id":"https:\/\/portaltela.pt\/#website"},"primaryImageOfPage":{"@id":"https:\/\/portaltela.pt\/noticias\/2026\/04\/23\/gnr-deteve-este-ano-59-pessoas-por-fogo-maioria-por-uso-negligente\/#primaryimage"},"image":{"@id":"https:\/\/portaltela.pt\/noticias\/2026\/04\/23\/gnr-deteve-este-ano-59-pessoas-por-fogo-maioria-por-uso-negligente\/#primaryimage"},"thumbnailUrl":"https:\/\/portaltela.pt\/s.01k8rhncp4jt1\/2026\/04\/img_1500x1000uu2025-07-29-12-54-42-2225804.jpg","datePublished":"2026-04-23T07:02:55+00:00","author":{"@id":"https:\/\/portaltela.pt\/#\/schema\/person\/c4278d4a6028830caff9ee44b42d32ed"},"breadcrumb":{"@id":"https:\/\/portaltela.pt\/noticias\/2026\/04\/23\/gnr-deteve-este-ano-59-pessoas-por-fogo-maioria-por-uso-negligente\/#breadcrumb"},"inLanguage":"pt-PT","potentialAction":[{"@type":"ReadAction","target":["https:\/\/portaltela.pt\/noticias\/2026\/04\/23\/gnr-deteve-este-ano-59-pessoas-por-fogo-maioria-por-uso-negligente\/"]}]},{"@type":"ImageObject","inLanguage":"pt-PT","@id":"https:\/\/portaltela.pt\/noticias\/2026\/04\/23\/gnr-deteve-este-ano-59-pessoas-por-fogo-maioria-por-uso-negligente\/#primaryimage","url":"https:\/\/portaltela.pt\/s.01k8rhncp4jt1\/2026\/04\/img_1500x1000uu2025-07-29-12-54-42-2225804.jpg","contentUrl":"https:\/\/portaltela.pt\/s.01k8rhncp4jt1\/2026\/04\/img_1500x1000uu2025-07-29-12-54-42-2225804.jpg","width":796,"height":448,"caption":"GNR durante fiscaliza\u00e7\u00e3o ap\u00f3s combate a inc\u00eandio"},{"@type":"BreadcrumbList","@id":"https:\/\/portaltela.pt\/noticias\/2026\/04\/23\/gnr-deteve-este-ano-59-pessoas-por-fogo-maioria-por-uso-negligente\/#breadcrumb","itemListElement":[{"@type":"ListItem","position":1,"name":"In\u00edcio","item":"https:\/\/portaltela.pt\/"},{"@type":"ListItem","position":2,"name":"GNR deteve este ano 59 pessoas por fogo, maioria por uso negligente"}]},{"@type":"WebSite","@id":"https:\/\/portaltela.pt\/#website","url":"https:\/\/portaltela.pt\/","name":"Portal Tela Portugal","description":"","potentialAction":[{"@type":"SearchAction","target":{"@type":"EntryPoint","urlTemplate":"https:\/\/portaltela.pt\/?s={search_term_string}"},"query-input":{"@type":"PropertyValueSpecification","valueRequired":true,"valueName":"search_term_string"}}],"inLanguage":"pt-PT"},{"@type":"Person","@id":"https:\/\/portaltela.pt\/#\/schema\/person\/c4278d4a6028830caff9ee44b42d32ed","name":"Telinha","image":{"@type":"ImageObject","inLanguage":"pt-PT","@id":"https:\/\/portaltela.pt\/s.01k8rhncp4jt1\/2025\/11\/talking-bot-125x125.png","url":"https:\/\/portaltela.pt\/s.01k8rhncp4jt1\/2025\/11\/talking-bot-125x125.png","contentUrl":"https:\/\/portaltela.pt\/s.01k8rhncp4jt1\/2025\/11\/talking-bot-125x125.png","caption":"Telinha"},"sameAs":["https:\/\/portaltela.pt\/"],"url":"https:\/\/portaltela.pt\/por\/367410592786\/"}]}},"_links":{"self":[{"href":"https:\/\/portaltela.pt\/api\/wp\/v2\/posts\/455505","targetHints":{"allow":["GET"]}}],"collection":[{"href":"https:\/\/portaltela.pt\/api\/wp\/v2\/posts"}],"about":[{"href":"https:\/\/portaltela.pt\/api\/wp\/v2\/types\/post"}],"author":[{"embeddable":true,"href":"https:\/\/portaltela.pt\/api\/wp\/v2\/users\/2"}],"replies":[{"embeddable":true,"href":"https:\/\/portaltela.pt\/api\/wp\/v2\/comments?post=455505"}],"version-history":[{"count":0,"href":"https:\/\/portaltela.pt\/api\/wp\/v2\/posts\/455505\/revisions"}],"wp:featuredmedia":[{"embeddable":true,"href":"https:\/\/portaltela.pt\/api\/wp\/v2\/media\/455511"}],"wp:attachment":[{"href":"https:\/\/portaltela.pt\/api\/wp\/v2\/media?parent=455505"}],"wp:term":[{"taxonomy":"category","embeddable":true,"href":"https:\/\/portaltela.pt\/api\/wp\/v2\/categories?post=455505"},{"taxonomy":"post_tag","embeddable":true,"href":"https:\/\/portaltela.pt\/api\/wp\/v2\/tags?post=455505"}],"curies":[{"name":"wp","href":"https:\/\/api.w.org\/{rel}","templated":true}]}}