{"id":455478,"date":"2026-04-23T03:32:57","date_gmt":"2026-04-23T06:32:57","guid":{"rendered":"https:\/\/portaltela.pt\/noticias\/2026\/04\/23\/guterres-pede-fim-dos-ataques-contra-a-forca-de-paz-no-libano\/"},"modified":"2026-04-23T03:32:57","modified_gmt":"2026-04-23T06:32:57","slug":"guterres-pede-fim-dos-ataques-contra-a-forca-de-paz-no-libano","status":"publish","type":"post","link":"https:\/\/portaltela.pt\/noticias\/internacional\/2026\/04\/23\/guterres-pede-fim-dos-ataques-contra-a-forca-de-paz-no-libano\/","title":{"rendered":"Guterres pede fim dos ataques contra a for\u00e7a de paz no L\u00edbano"},"content":{"rendered":"<p>O secret\u00e1rio-geral da ONU, Ant\u00f3nio Guterres, pediu nesta quarta-feira o fim dos ataques contra a for\u00e7a de paz FINUL no L\u00edbano, ap\u00f3s incidentes que resultaram na morte de dois soldados franceses e ferimentos graves entre membros da miss\u00e3o.<\/p>\n<p>Guterres publicou a mensagem nas redes sociais, destacando que os ataques devem cessar e reiterando a sua condena\u00e7\u00e3o de todos os epis\u00f3dios que atinjam militares de paz nas \u00faltimas semanas.<\/p>\n<p>Horas antes, o Presidente de Fran\u00e7a, Emmanuel Macron, anunciou a morte do cabo Anicet Girardin, ferido no s\u00e1bado pelo movimento xiita Hezbollah, segundo informa\u00e7\u00e3o oficial de Paris.<\/p>\n<h3>Contexto dos ataques<\/h3>\n<p>Segundo fontes oficiais, a FINUL tem enfrentado v\u00e1rios incidentes nas \u00faltimas semanas no territ\u00f3rio liban\u00eas, com consequ\u00eancias graves para a integridade f\u00edsica de seus componentes.<\/p>\n<p>A morte de Girardin eleva para dois o n\u00famero de militares franceses falecidos ligados a a\u00e7\u00f5es contra a for\u00e7a de paz da ONU no L\u00edbano, segundo o an\u00fancio presidencial.<\/p>\n<p>As autoridades francesas indicam que Girardin recebeu os ferimentos durante atividades operacionais da miss\u00e3o, sem detalhar as circunst\u00e2ncias exatas do ocorrido.<\/p>\n","protected":false},"excerpt":{"rendered":"<ul>\n<li>O secret\u00e1rio-geral da Organiza\u00e7\u00e3o das Na\u00e7\u00f5es Unidas, Ant\u00f3nio Guterres, pediu o fim dos ataques \u00e0 for\u00e7a de paz no L\u00edbano, a FINUL, e lamentou a morte de um segundo militar franc\u00eas.<\/li>\n<li>Em mensagem publicada nas redes sociais, o chefe da ONU condenou os \u201cm\u00faltiplos incidentes\u201d das \u00faltimas semanas que provocaram mortes e ferimentos graves entre soldados de paz, sublinhando que esses ataques devem cessar.<\/li>\n<li>O presidente franc\u00eas, Emmanuel Macron, anunciou a morte do cabo Anicet Girardin, ocorrida em consequ\u00eancia de ferimentos infligidos no s\u00e1bado pelo movimento xiita liban\u00eas Hezbollah.<\/li>\n<li>O an\u00fancio chega horas depois do relato de que a viol\u00eancia contra a miss\u00e3o de paz tem aumentado, com impactos j\u00e1 sentidos pela Fran\u00e7a e por outras na\u00e7\u00f5es envolvidas na FINUL.<\/li>\n<\/ul>\n","protected":false},"author":2,"featured_media":455482,"comment_status":"closed","ping_status":"closed","sticky":false,"template":"","format":"standard","meta":{"footnotes":""},"categories":[6814,4],"tags":[8626,1779,1856,5123,466,4222],"class_list":["post-455478","post","type-post","status-publish","format-standard","has-post-thumbnail","hentry","category-geopolitica","category-internacional","tag-_libano","tag-forcas-armadas","tag-franca","tag-onu","tag-organizacao-internacional","tag-seguranca-internacional"],"yoast_head":"<!-- This site is optimized with the Yoast SEO plugin v27.2 - https:\/\/yoast.com\/product\/yoast-seo-wordpress\/ -->\n<title>Guterres pede fim dos ataques contra a for\u00e7a de paz no L\u00edbano - Portal Tela Portugal<\/title>\n<meta name=\"robots\" content=\"index, follow, max-snippet:-1, max-image-preview:large, max-video-preview:-1\" \/>\n<meta property=\"og:locale\" content=\"pt_PT\" \/>\n<meta property=\"og:type\" content=\"article\" \/>\n<meta property=\"og:title\" content=\"Guterres pede fim dos ataques contra a for\u00e7a de paz no L\u00edbano - Portal Tela Portugal\" \/>\n<meta property=\"og:description\" content=\"O secret\u00e1rio-geral da Organiza\u00e7\u00e3o das Na\u00e7\u00f5es Unidas, Ant\u00f3nio Guterres, pediu o fim dos ataques \u00e0 for\u00e7a de paz no L\u00edbano, a FINUL, e lamentou a morte de um segundo militar franc\u00eas. Em mensagem publicada nas redes sociais, o chefe da ONU condenou os \u201cm\u00faltiplos incidentes\u201d das \u00faltimas semanas que provocaram mortes e ferimentos graves entre soldados de paz, sublinhando que esses ataques devem cessar. O presidente franc\u00eas, Emmanuel Macron, anunciou a morte do cabo Anicet Girardin, ocorrida em consequ\u00eancia de ferimentos infligidos no s\u00e1bado pelo movimento xiita liban\u00eas Hezbollah. O an\u00fancio chega horas depois do relato de que a viol\u00eancia contra a miss\u00e3o de paz tem aumentado, com impactos j\u00e1 sentidos pela Fran\u00e7a e por outras na\u00e7\u00f5es envolvidas na FINUL.\" \/>\n<meta property=\"og:url\" content=\"https:\/\/portaltela.pt\/noticias\/2026\/04\/23\/guterres-pede-fim-dos-ataques-contra-a-forca-de-paz-no-libano\/\" \/>\n<meta property=\"og:site_name\" content=\"Portal Tela Portugal\" \/>\n<meta property=\"article:published_time\" content=\"2026-04-23T06:32:57+00:00\" \/>\n<meta name=\"author\" content=\"Telinha\" \/>\n<meta name=\"twitter:card\" content=\"summary_large_image\" \/>\n<meta name=\"twitter:label1\" content=\"Escrito por\" \/>\n\t<meta name=\"twitter:data1\" content=\"Telinha\" \/>\n\t<meta name=\"twitter:label2\" content=\"Tempo estimado de leitura\" \/>\n\t<meta name=\"twitter:data2\" content=\"1 minuto\" \/>\n<script type=\"application\/ld+json\" class=\"yoast-schema-graph\">{\"@context\":\"https:\/\/schema.org\",\"@graph\":[{\"@type\":\"Article\",\"@id\":\"https:\/\/portaltela.pt\/noticias\/2026\/04\/23\/guterres-pede-fim-dos-ataques-contra-a-forca-de-paz-no-libano\/#article\",\"isPartOf\":{\"@id\":\"https:\/\/portaltela.pt\/noticias\/2026\/04\/23\/guterres-pede-fim-dos-ataques-contra-a-forca-de-paz-no-libano\/\"},\"author\":{\"name\":\"Telinha\",\"@id\":\"https:\/\/portaltela.pt\/#\/schema\/person\/c4278d4a6028830caff9ee44b42d32ed\"},\"headline\":\"Guterres pede fim dos ataques contra a for\u00e7a de paz no L\u00edbano\",\"datePublished\":\"2026-04-23T06:32:57+00:00\",\"mainEntityOfPage\":{\"@id\":\"https:\/\/portaltela.pt\/noticias\/2026\/04\/23\/guterres-pede-fim-dos-ataques-contra-a-forca-de-paz-no-libano\/\"},\"wordCount\":210,\"image\":{\"@id\":\"https:\/\/portaltela.pt\/noticias\/2026\/04\/23\/guterres-pede-fim-dos-ataques-contra-a-forca-de-paz-no-libano\/#primaryimage\"},\"thumbnailUrl\":\"https:\/\/portaltela.pt\/s.01k8rhncp4jt1\/2026\/04\/img_1280x721uu2025-11-07-15-49-33-2246583.jpg\",\"keywords\":[\"_L\u00edbano\",\"For\u00e7as Armadas\",\"Fran\u00e7a\",\"ONU\",\"organiza\u00e7\u00e3o internacional\",\"seguran\u00e7a internacional\"],\"articleSection\":[\"Geopol\u00edtica\",\"Internacional\"],\"inLanguage\":\"pt-PT\"},{\"@type\":\"WebPage\",\"@id\":\"https:\/\/portaltela.pt\/noticias\/2026\/04\/23\/guterres-pede-fim-dos-ataques-contra-a-forca-de-paz-no-libano\/\",\"url\":\"https:\/\/portaltela.pt\/noticias\/2026\/04\/23\/guterres-pede-fim-dos-ataques-contra-a-forca-de-paz-no-libano\/\",\"name\":\"Guterres pede fim dos ataques contra a for\u00e7a de paz no L\u00edbano - Portal Tela Portugal\",\"isPartOf\":{\"@id\":\"https:\/\/portaltela.pt\/#website\"},\"primaryImageOfPage\":{\"@id\":\"https:\/\/portaltela.pt\/noticias\/2026\/04\/23\/guterres-pede-fim-dos-ataques-contra-a-forca-de-paz-no-libano\/#primaryimage\"},\"image\":{\"@id\":\"https:\/\/portaltela.pt\/noticias\/2026\/04\/23\/guterres-pede-fim-dos-ataques-contra-a-forca-de-paz-no-libano\/#primaryimage\"},\"thumbnailUrl\":\"https:\/\/portaltela.pt\/s.01k8rhncp4jt1\/2026\/04\/img_1280x721uu2025-11-07-15-49-33-2246583.jpg\",\"datePublished\":\"2026-04-23T06:32:57+00:00\",\"author\":{\"@id\":\"https:\/\/portaltela.pt\/#\/schema\/person\/c4278d4a6028830caff9ee44b42d32ed\"},\"breadcrumb\":{\"@id\":\"https:\/\/portaltela.pt\/noticias\/2026\/04\/23\/guterres-pede-fim-dos-ataques-contra-a-forca-de-paz-no-libano\/#breadcrumb\"},\"inLanguage\":\"pt-PT\",\"potentialAction\":[{\"@type\":\"ReadAction\",\"target\":[\"https:\/\/portaltela.pt\/noticias\/2026\/04\/23\/guterres-pede-fim-dos-ataques-contra-a-forca-de-paz-no-libano\/\"]}]},{\"@type\":\"ImageObject\",\"inLanguage\":\"pt-PT\",\"@id\":\"https:\/\/portaltela.pt\/noticias\/2026\/04\/23\/guterres-pede-fim-dos-ataques-contra-a-forca-de-paz-no-libano\/#primaryimage\",\"url\":\"https:\/\/portaltela.pt\/s.01k8rhncp4jt1\/2026\/04\/img_1280x721uu2025-11-07-15-49-33-2246583.jpg\",\"contentUrl\":\"https:\/\/portaltela.pt\/s.01k8rhncp4jt1\/2026\/04\/img_1280x721uu2025-11-07-15-49-33-2246583.jpg\",\"width\":796,\"height\":448,\"caption\":\"Ant\u00f3nio Guterres, Secret\u00e1rio Geral da ONU\"},{\"@type\":\"BreadcrumbList\",\"@id\":\"https:\/\/portaltela.pt\/noticias\/2026\/04\/23\/guterres-pede-fim-dos-ataques-contra-a-forca-de-paz-no-libano\/#breadcrumb\",\"itemListElement\":[{\"@type\":\"ListItem\",\"position\":1,\"name\":\"In\u00edcio\",\"item\":\"https:\/\/portaltela.pt\/\"},{\"@type\":\"ListItem\",\"position\":2,\"name\":\"Guterres pede fim dos ataques contra a for\u00e7a de paz no L\u00edbano\"}]},{\"@type\":\"WebSite\",\"@id\":\"https:\/\/portaltela.pt\/#website\",\"url\":\"https:\/\/portaltela.pt\/\",\"name\":\"Portal Tela Portugal\",\"description\":\"\",\"potentialAction\":[{\"@type\":\"SearchAction\",\"target\":{\"@type\":\"EntryPoint\",\"urlTemplate\":\"https:\/\/portaltela.pt\/?s={search_term_string}\"},\"query-input\":{\"@type\":\"PropertyValueSpecification\",\"valueRequired\":true,\"valueName\":\"search_term_string\"}}],\"inLanguage\":\"pt-PT\"},{\"@type\":\"Person\",\"@id\":\"https:\/\/portaltela.pt\/#\/schema\/person\/c4278d4a6028830caff9ee44b42d32ed\",\"name\":\"Telinha\",\"image\":{\"@type\":\"ImageObject\",\"inLanguage\":\"pt-PT\",\"@id\":\"https:\/\/portaltela.pt\/s.01k8rhncp4jt1\/2025\/11\/talking-bot-125x125.png\",\"url\":\"https:\/\/portaltela.pt\/s.01k8rhncp4jt1\/2025\/11\/talking-bot-125x125.png\",\"contentUrl\":\"https:\/\/portaltela.pt\/s.01k8rhncp4jt1\/2025\/11\/talking-bot-125x125.png\",\"caption\":\"Telinha\"},\"sameAs\":[\"https:\/\/portaltela.pt\/\"],\"url\":\"https:\/\/portaltela.pt\/por\/367410592786\/\"}]}<\/script>\n<!-- \/ Yoast SEO plugin. -->","yoast_head_json":{"title":"Guterres pede fim dos ataques contra a for\u00e7a de paz no L\u00edbano - Portal Tela Portugal","robots":{"index":"index","follow":"follow","max-snippet":"max-snippet:-1","max-image-preview":"max-image-preview:large","max-video-preview":"max-video-preview:-1"},"og_locale":"pt_PT","og_type":"article","og_title":"Guterres pede fim dos ataques contra a for\u00e7a de paz no L\u00edbano - Portal Tela Portugal","og_description":"O secret\u00e1rio-geral da Organiza\u00e7\u00e3o das Na\u00e7\u00f5es Unidas, Ant\u00f3nio Guterres, pediu o fim dos ataques \u00e0 for\u00e7a de paz no L\u00edbano, a FINUL, e lamentou a morte de um segundo militar franc\u00eas. Em mensagem publicada nas redes sociais, o chefe da ONU condenou os \u201cm\u00faltiplos incidentes\u201d das \u00faltimas semanas que provocaram mortes e ferimentos graves entre soldados de paz, sublinhando que esses ataques devem cessar. O presidente franc\u00eas, Emmanuel Macron, anunciou a morte do cabo Anicet Girardin, ocorrida em consequ\u00eancia de ferimentos infligidos no s\u00e1bado pelo movimento xiita liban\u00eas Hezbollah. O an\u00fancio chega horas depois do relato de que a viol\u00eancia contra a miss\u00e3o de paz tem aumentado, com impactos j\u00e1 sentidos pela Fran\u00e7a e por outras na\u00e7\u00f5es envolvidas na FINUL.","og_url":"https:\/\/portaltela.pt\/noticias\/2026\/04\/23\/guterres-pede-fim-dos-ataques-contra-a-forca-de-paz-no-libano\/","og_site_name":"Portal Tela Portugal","article_published_time":"2026-04-23T06:32:57+00:00","author":"Telinha","twitter_card":"summary_large_image","twitter_misc":{"Escrito por":"Telinha","Tempo estimado de leitura":"1 minuto"},"schema":{"@context":"https:\/\/schema.org","@graph":[{"@type":"Article","@id":"https:\/\/portaltela.pt\/noticias\/2026\/04\/23\/guterres-pede-fim-dos-ataques-contra-a-forca-de-paz-no-libano\/#article","isPartOf":{"@id":"https:\/\/portaltela.pt\/noticias\/2026\/04\/23\/guterres-pede-fim-dos-ataques-contra-a-forca-de-paz-no-libano\/"},"author":{"name":"Telinha","@id":"https:\/\/portaltela.pt\/#\/schema\/person\/c4278d4a6028830caff9ee44b42d32ed"},"headline":"Guterres pede fim dos ataques contra a for\u00e7a de paz no L\u00edbano","datePublished":"2026-04-23T06:32:57+00:00","mainEntityOfPage":{"@id":"https:\/\/portaltela.pt\/noticias\/2026\/04\/23\/guterres-pede-fim-dos-ataques-contra-a-forca-de-paz-no-libano\/"},"wordCount":210,"image":{"@id":"https:\/\/portaltela.pt\/noticias\/2026\/04\/23\/guterres-pede-fim-dos-ataques-contra-a-forca-de-paz-no-libano\/#primaryimage"},"thumbnailUrl":"https:\/\/portaltela.pt\/s.01k8rhncp4jt1\/2026\/04\/img_1280x721uu2025-11-07-15-49-33-2246583.jpg","keywords":["_L\u00edbano","For\u00e7as Armadas","Fran\u00e7a","ONU","organiza\u00e7\u00e3o internacional","seguran\u00e7a internacional"],"articleSection":["Geopol\u00edtica","Internacional"],"inLanguage":"pt-PT"},{"@type":"WebPage","@id":"https:\/\/portaltela.pt\/noticias\/2026\/04\/23\/guterres-pede-fim-dos-ataques-contra-a-forca-de-paz-no-libano\/","url":"https:\/\/portaltela.pt\/noticias\/2026\/04\/23\/guterres-pede-fim-dos-ataques-contra-a-forca-de-paz-no-libano\/","name":"Guterres pede fim dos ataques contra a for\u00e7a de paz no L\u00edbano - Portal Tela Portugal","isPartOf":{"@id":"https:\/\/portaltela.pt\/#website"},"primaryImageOfPage":{"@id":"https:\/\/portaltela.pt\/noticias\/2026\/04\/23\/guterres-pede-fim-dos-ataques-contra-a-forca-de-paz-no-libano\/#primaryimage"},"image":{"@id":"https:\/\/portaltela.pt\/noticias\/2026\/04\/23\/guterres-pede-fim-dos-ataques-contra-a-forca-de-paz-no-libano\/#primaryimage"},"thumbnailUrl":"https:\/\/portaltela.pt\/s.01k8rhncp4jt1\/2026\/04\/img_1280x721uu2025-11-07-15-49-33-2246583.jpg","datePublished":"2026-04-23T06:32:57+00:00","author":{"@id":"https:\/\/portaltela.pt\/#\/schema\/person\/c4278d4a6028830caff9ee44b42d32ed"},"breadcrumb":{"@id":"https:\/\/portaltela.pt\/noticias\/2026\/04\/23\/guterres-pede-fim-dos-ataques-contra-a-forca-de-paz-no-libano\/#breadcrumb"},"inLanguage":"pt-PT","potentialAction":[{"@type":"ReadAction","target":["https:\/\/portaltela.pt\/noticias\/2026\/04\/23\/guterres-pede-fim-dos-ataques-contra-a-forca-de-paz-no-libano\/"]}]},{"@type":"ImageObject","inLanguage":"pt-PT","@id":"https:\/\/portaltela.pt\/noticias\/2026\/04\/23\/guterres-pede-fim-dos-ataques-contra-a-forca-de-paz-no-libano\/#primaryimage","url":"https:\/\/portaltela.pt\/s.01k8rhncp4jt1\/2026\/04\/img_1280x721uu2025-11-07-15-49-33-2246583.jpg","contentUrl":"https:\/\/portaltela.pt\/s.01k8rhncp4jt1\/2026\/04\/img_1280x721uu2025-11-07-15-49-33-2246583.jpg","width":796,"height":448,"caption":"Ant\u00f3nio Guterres, Secret\u00e1rio Geral da ONU"},{"@type":"BreadcrumbList","@id":"https:\/\/portaltela.pt\/noticias\/2026\/04\/23\/guterres-pede-fim-dos-ataques-contra-a-forca-de-paz-no-libano\/#breadcrumb","itemListElement":[{"@type":"ListItem","position":1,"name":"In\u00edcio","item":"https:\/\/portaltela.pt\/"},{"@type":"ListItem","position":2,"name":"Guterres pede fim dos ataques contra a for\u00e7a de paz no L\u00edbano"}]},{"@type":"WebSite","@id":"https:\/\/portaltela.pt\/#website","url":"https:\/\/portaltela.pt\/","name":"Portal Tela Portugal","description":"","potentialAction":[{"@type":"SearchAction","target":{"@type":"EntryPoint","urlTemplate":"https:\/\/portaltela.pt\/?s={search_term_string}"},"query-input":{"@type":"PropertyValueSpecification","valueRequired":true,"valueName":"search_term_string"}}],"inLanguage":"pt-PT"},{"@type":"Person","@id":"https:\/\/portaltela.pt\/#\/schema\/person\/c4278d4a6028830caff9ee44b42d32ed","name":"Telinha","image":{"@type":"ImageObject","inLanguage":"pt-PT","@id":"https:\/\/portaltela.pt\/s.01k8rhncp4jt1\/2025\/11\/talking-bot-125x125.png","url":"https:\/\/portaltela.pt\/s.01k8rhncp4jt1\/2025\/11\/talking-bot-125x125.png","contentUrl":"https:\/\/portaltela.pt\/s.01k8rhncp4jt1\/2025\/11\/talking-bot-125x125.png","caption":"Telinha"},"sameAs":["https:\/\/portaltela.pt\/"],"url":"https:\/\/portaltela.pt\/por\/367410592786\/"}]}},"_links":{"self":[{"href":"https:\/\/portaltela.pt\/api\/wp\/v2\/posts\/455478","targetHints":{"allow":["GET"]}}],"collection":[{"href":"https:\/\/portaltela.pt\/api\/wp\/v2\/posts"}],"about":[{"href":"https:\/\/portaltela.pt\/api\/wp\/v2\/types\/post"}],"author":[{"embeddable":true,"href":"https:\/\/portaltela.pt\/api\/wp\/v2\/users\/2"}],"replies":[{"embeddable":true,"href":"https:\/\/portaltela.pt\/api\/wp\/v2\/comments?post=455478"}],"version-history":[{"count":0,"href":"https:\/\/portaltela.pt\/api\/wp\/v2\/posts\/455478\/revisions"}],"wp:featuredmedia":[{"embeddable":true,"href":"https:\/\/portaltela.pt\/api\/wp\/v2\/media\/455482"}],"wp:attachment":[{"href":"https:\/\/portaltela.pt\/api\/wp\/v2\/media?parent=455478"}],"wp:term":[{"taxonomy":"category","embeddable":true,"href":"https:\/\/portaltela.pt\/api\/wp\/v2\/categories?post=455478"},{"taxonomy":"post_tag","embeddable":true,"href":"https:\/\/portaltela.pt\/api\/wp\/v2\/tags?post=455478"}],"curies":[{"name":"wp","href":"https:\/\/api.w.org\/{rel}","templated":true}]}}