{"id":455456,"date":"2026-04-23T03:32:47","date_gmt":"2026-04-23T06:32:47","guid":{"rendered":"https:\/\/portaltela.pt\/noticias\/2026\/04\/23\/antonio-mendonca-duvida-que-mudancas-a-lei-laboral-afetem-a-estrutura-produtiva\/"},"modified":"2026-04-23T03:32:47","modified_gmt":"2026-04-23T06:32:47","slug":"antonio-mendonca-duvida-que-mudancas-a-lei-laboral-afetem-a-estrutura-produtiva","status":"publish","type":"post","link":"https:\/\/portaltela.pt\/noticias\/economia\/2026\/04\/23\/antonio-mendonca-duvida-que-mudancas-a-lei-laboral-afetem-a-estrutura-produtiva\/","title":{"rendered":"Ant\u00f3nio Mendon\u00e7a duvida que mudan\u00e7as \u00e0 lei laboral afetem a estrutura produtiva"},"content":{"rendered":"<p>O baston\u00e1rio da Ordem dos Economistas, Ant\u00f3nio Mendon\u00e7a, afirmou ter d\u00favidas sobre o impacto das altera\u00e7\u00f5es \u00e0 lei laboral na estrutura produtiva. A reforma deve ser aprovada, mas as altera\u00e7\u00f5es propostas pelo Governo, negociadas na concerta\u00e7\u00e3o social, podem n\u00e3o alterar significativamente a din\u00e2mica da economia nacional.<\/p>\n<p>Mendon\u00e7a revelou, em entrevista ao P\u00daBLICO\/Renascen\u00e7a, terem sido apresentados pontos de altera\u00e7\u00e3o que, segundo ele, exigem uma transforma\u00e7\u00e3o estrutural para produzir efeitos mais amplos no tecido produtivo. O objetivo \u00e9 evitar efeitos limitados e artificiais, sempre mantendo a reforma em curso.<\/p>\n<p>O economista reclama cautela quanto \u00e0s consequ\u00eancias previstas, defendendo que mudan\u00e7as de maior envergadura poder\u00e3o exigir ajustamentos profundos no ambiente empresarial e laboral. O foco, diz, deve recair sobre reformas estruturais para fortalecer a competitividade.<\/p>\n<p>Al\u00e9m disso, o baston\u00e1rio manifestou s\u00e9rias reservas sobre o aumento das taxas de juro pelo Banco Central Europeu, apontando sinais de que tal medida pode impactar o custo de financiamento e a atividade econ\u00f3mica. A posi\u00e7\u00e3o traduz uma avalia\u00e7\u00e3o de risco ligada a pol\u00edticas monet\u00e1rias.<\/p>\n<p>Por fim, Mendon\u00e7a reiterou a necessidade de uma transforma\u00e7\u00e3o estrutural para sustentar melhorias de produtividade a longo prazo, independentemente do ritmo de aprova\u00e7\u00e3o da reforma laboral em curso. A entrevista foi publicada pelo P\u00daBLICO\/Renascen\u00e7a.<\/p>\n","protected":false},"excerpt":{"rendered":"<ul>\n<li>Ant\u00f3nio Mendon\u00e7a admite d\u00favidas de que as altera\u00e7\u00f5es propostas \u00e0 reforma laboral v\u00e3o alterar a estrutura produtiva da economia nacional.<\/li>\n<li>Defende que a reforma laboral deve ser aprovada, desde que haja uma transforma\u00e7\u00e3o estrutural subjacente.<\/li>\n<li>O baston\u00e1rio da Ordem dos Economistas tem ainda reservas em rela\u00e7\u00e3o ao aumento das taxas de juro pelo Banco Central Europeu.<\/li>\n<li>A entrevista foi publicada pelo P\u00daBLICO\/Renascen\u00e7a.<\/li>\n<\/ul>\n","protected":false},"author":2,"featured_media":455466,"comment_status":"closed","ping_status":"closed","sticky":false,"template":"","format":"standard","meta":{"footnotes":""},"categories":[2,6735],"tags":[190,28,8917,2832,5511,2201],"class_list":["post-455456","post","type-post","status-publish","format-standard","has-post-thumbnail","hentry","category-economia","category-negocios","tag-desenvolvimento-economico","tag-economia","tag-lei-do-trabalho","tag-politica","tag-politica-monetaria","tag-trabalho"],"yoast_head":"<!-- This site is optimized with the Yoast SEO plugin v27.2 - https:\/\/yoast.com\/product\/yoast-seo-wordpress\/ -->\n<title>Ant\u00f3nio Mendon\u00e7a duvida que mudan\u00e7as \u00e0 lei laboral afetem a estrutura produtiva - Portal Tela Portugal<\/title>\n<meta name=\"robots\" content=\"index, follow, max-snippet:-1, max-image-preview:large, max-video-preview:-1\" \/>\n<meta property=\"og:locale\" content=\"pt_PT\" \/>\n<meta property=\"og:type\" content=\"article\" \/>\n<meta property=\"og:title\" content=\"Ant\u00f3nio Mendon\u00e7a duvida que mudan\u00e7as \u00e0 lei laboral afetem a estrutura produtiva - Portal Tela Portugal\" \/>\n<meta property=\"og:description\" content=\"Ant\u00f3nio Mendon\u00e7a admite d\u00favidas de que as altera\u00e7\u00f5es propostas \u00e0 reforma laboral v\u00e3o alterar a estrutura produtiva da economia nacional. Defende que a reforma laboral deve ser aprovada, desde que haja uma transforma\u00e7\u00e3o estrutural subjacente. O baston\u00e1rio da Ordem dos Economistas tem ainda reservas em rela\u00e7\u00e3o ao aumento das taxas de juro pelo Banco Central Europeu. A entrevista foi publicada pelo P\u00daBLICO\/Renascen\u00e7a.\" \/>\n<meta property=\"og:url\" content=\"https:\/\/portaltela.pt\/noticias\/2026\/04\/23\/antonio-mendonca-duvida-que-mudancas-a-lei-laboral-afetem-a-estrutura-produtiva\/\" \/>\n<meta property=\"og:site_name\" content=\"Portal Tela Portugal\" \/>\n<meta property=\"article:published_time\" content=\"2026-04-23T06:32:47+00:00\" \/>\n<meta name=\"author\" content=\"Telinha\" \/>\n<meta name=\"twitter:card\" content=\"summary_large_image\" \/>\n<meta name=\"twitter:label1\" content=\"Escrito por\" \/>\n\t<meta name=\"twitter:data1\" content=\"Telinha\" \/>\n\t<meta name=\"twitter:label2\" content=\"Tempo estimado de leitura\" \/>\n\t<meta name=\"twitter:data2\" content=\"1 minuto\" \/>\n<script type=\"application\/ld+json\" class=\"yoast-schema-graph\">{\"@context\":\"https:\/\/schema.org\",\"@graph\":[{\"@type\":\"Article\",\"@id\":\"https:\/\/portaltela.pt\/noticias\/2026\/04\/23\/antonio-mendonca-duvida-que-mudancas-a-lei-laboral-afetem-a-estrutura-produtiva\/#article\",\"isPartOf\":{\"@id\":\"https:\/\/portaltela.pt\/noticias\/2026\/04\/23\/antonio-mendonca-duvida-que-mudancas-a-lei-laboral-afetem-a-estrutura-produtiva\/\"},\"author\":{\"name\":\"Telinha\",\"@id\":\"https:\/\/portaltela.pt\/#\/schema\/person\/c4278d4a6028830caff9ee44b42d32ed\"},\"headline\":\"Ant\u00f3nio Mendon\u00e7a duvida que mudan\u00e7as \u00e0 lei laboral afetem a estrutura produtiva\",\"datePublished\":\"2026-04-23T06:32:47+00:00\",\"mainEntityOfPage\":{\"@id\":\"https:\/\/portaltela.pt\/noticias\/2026\/04\/23\/antonio-mendonca-duvida-que-mudancas-a-lei-laboral-afetem-a-estrutura-produtiva\/\"},\"wordCount\":245,\"image\":{\"@id\":\"https:\/\/portaltela.pt\/noticias\/2026\/04\/23\/antonio-mendonca-duvida-que-mudancas-a-lei-laboral-afetem-a-estrutura-produtiva\/#primaryimage\"},\"thumbnailUrl\":\"https:\/\/portaltela.pt\/s.01k8rhncp4jt1\/2026\/04\/2083347.jpg\",\"keywords\":[\"Desenvolvimento econ\u00f3mico\",\"economia\",\"Lei do Trabalho\",\"pol\u00edtica\",\"pol\u00edtica monet\u00e1ria\",\"trabalho\"],\"articleSection\":[\"Economia\",\"Neg\u00f3cios\"],\"inLanguage\":\"pt-PT\"},{\"@type\":\"WebPage\",\"@id\":\"https:\/\/portaltela.pt\/noticias\/2026\/04\/23\/antonio-mendonca-duvida-que-mudancas-a-lei-laboral-afetem-a-estrutura-produtiva\/\",\"url\":\"https:\/\/portaltela.pt\/noticias\/2026\/04\/23\/antonio-mendonca-duvida-que-mudancas-a-lei-laboral-afetem-a-estrutura-produtiva\/\",\"name\":\"Ant\u00f3nio Mendon\u00e7a duvida que mudan\u00e7as \u00e0 lei laboral afetem a estrutura produtiva - Portal Tela Portugal\",\"isPartOf\":{\"@id\":\"https:\/\/portaltela.pt\/#website\"},\"primaryImageOfPage\":{\"@id\":\"https:\/\/portaltela.pt\/noticias\/2026\/04\/23\/antonio-mendonca-duvida-que-mudancas-a-lei-laboral-afetem-a-estrutura-produtiva\/#primaryimage\"},\"image\":{\"@id\":\"https:\/\/portaltela.pt\/noticias\/2026\/04\/23\/antonio-mendonca-duvida-que-mudancas-a-lei-laboral-afetem-a-estrutura-produtiva\/#primaryimage\"},\"thumbnailUrl\":\"https:\/\/portaltela.pt\/s.01k8rhncp4jt1\/2026\/04\/2083347.jpg\",\"datePublished\":\"2026-04-23T06:32:47+00:00\",\"author\":{\"@id\":\"https:\/\/portaltela.pt\/#\/schema\/person\/c4278d4a6028830caff9ee44b42d32ed\"},\"breadcrumb\":{\"@id\":\"https:\/\/portaltela.pt\/noticias\/2026\/04\/23\/antonio-mendonca-duvida-que-mudancas-a-lei-laboral-afetem-a-estrutura-produtiva\/#breadcrumb\"},\"inLanguage\":\"pt-PT\",\"potentialAction\":[{\"@type\":\"ReadAction\",\"target\":[\"https:\/\/portaltela.pt\/noticias\/2026\/04\/23\/antonio-mendonca-duvida-que-mudancas-a-lei-laboral-afetem-a-estrutura-produtiva\/\"]}]},{\"@type\":\"ImageObject\",\"inLanguage\":\"pt-PT\",\"@id\":\"https:\/\/portaltela.pt\/noticias\/2026\/04\/23\/antonio-mendonca-duvida-que-mudancas-a-lei-laboral-afetem-a-estrutura-produtiva\/#primaryimage\",\"url\":\"https:\/\/portaltela.pt\/s.01k8rhncp4jt1\/2026\/04\/2083347.jpg\",\"contentUrl\":\"https:\/\/portaltela.pt\/s.01k8rhncp4jt1\/2026\/04\/2083347.jpg\",\"width\":796,\"height\":448,\"caption\":\"Photo\"},{\"@type\":\"BreadcrumbList\",\"@id\":\"https:\/\/portaltela.pt\/noticias\/2026\/04\/23\/antonio-mendonca-duvida-que-mudancas-a-lei-laboral-afetem-a-estrutura-produtiva\/#breadcrumb\",\"itemListElement\":[{\"@type\":\"ListItem\",\"position\":1,\"name\":\"In\u00edcio\",\"item\":\"https:\/\/portaltela.pt\/\"},{\"@type\":\"ListItem\",\"position\":2,\"name\":\"Ant\u00f3nio Mendon\u00e7a duvida que mudan\u00e7as \u00e0 lei laboral afetem a estrutura produtiva\"}]},{\"@type\":\"WebSite\",\"@id\":\"https:\/\/portaltela.pt\/#website\",\"url\":\"https:\/\/portaltela.pt\/\",\"name\":\"Portal Tela Portugal\",\"description\":\"\",\"potentialAction\":[{\"@type\":\"SearchAction\",\"target\":{\"@type\":\"EntryPoint\",\"urlTemplate\":\"https:\/\/portaltela.pt\/?s={search_term_string}\"},\"query-input\":{\"@type\":\"PropertyValueSpecification\",\"valueRequired\":true,\"valueName\":\"search_term_string\"}}],\"inLanguage\":\"pt-PT\"},{\"@type\":\"Person\",\"@id\":\"https:\/\/portaltela.pt\/#\/schema\/person\/c4278d4a6028830caff9ee44b42d32ed\",\"name\":\"Telinha\",\"image\":{\"@type\":\"ImageObject\",\"inLanguage\":\"pt-PT\",\"@id\":\"https:\/\/portaltela.pt\/s.01k8rhncp4jt1\/2025\/11\/talking-bot-125x125.png\",\"url\":\"https:\/\/portaltela.pt\/s.01k8rhncp4jt1\/2025\/11\/talking-bot-125x125.png\",\"contentUrl\":\"https:\/\/portaltela.pt\/s.01k8rhncp4jt1\/2025\/11\/talking-bot-125x125.png\",\"caption\":\"Telinha\"},\"sameAs\":[\"https:\/\/portaltela.pt\/\"],\"url\":\"https:\/\/portaltela.pt\/por\/367410592786\/\"}]}<\/script>\n<!-- \/ Yoast SEO plugin. -->","yoast_head_json":{"title":"Ant\u00f3nio Mendon\u00e7a duvida que mudan\u00e7as \u00e0 lei laboral afetem a estrutura produtiva - Portal Tela Portugal","robots":{"index":"index","follow":"follow","max-snippet":"max-snippet:-1","max-image-preview":"max-image-preview:large","max-video-preview":"max-video-preview:-1"},"og_locale":"pt_PT","og_type":"article","og_title":"Ant\u00f3nio Mendon\u00e7a duvida que mudan\u00e7as \u00e0 lei laboral afetem a estrutura produtiva - Portal Tela Portugal","og_description":"Ant\u00f3nio Mendon\u00e7a admite d\u00favidas de que as altera\u00e7\u00f5es propostas \u00e0 reforma laboral v\u00e3o alterar a estrutura produtiva da economia nacional. Defende que a reforma laboral deve ser aprovada, desde que haja uma transforma\u00e7\u00e3o estrutural subjacente. O baston\u00e1rio da Ordem dos Economistas tem ainda reservas em rela\u00e7\u00e3o ao aumento das taxas de juro pelo Banco Central Europeu. A entrevista foi publicada pelo P\u00daBLICO\/Renascen\u00e7a.","og_url":"https:\/\/portaltela.pt\/noticias\/2026\/04\/23\/antonio-mendonca-duvida-que-mudancas-a-lei-laboral-afetem-a-estrutura-produtiva\/","og_site_name":"Portal Tela Portugal","article_published_time":"2026-04-23T06:32:47+00:00","author":"Telinha","twitter_card":"summary_large_image","twitter_misc":{"Escrito por":"Telinha","Tempo estimado de leitura":"1 minuto"},"schema":{"@context":"https:\/\/schema.org","@graph":[{"@type":"Article","@id":"https:\/\/portaltela.pt\/noticias\/2026\/04\/23\/antonio-mendonca-duvida-que-mudancas-a-lei-laboral-afetem-a-estrutura-produtiva\/#article","isPartOf":{"@id":"https:\/\/portaltela.pt\/noticias\/2026\/04\/23\/antonio-mendonca-duvida-que-mudancas-a-lei-laboral-afetem-a-estrutura-produtiva\/"},"author":{"name":"Telinha","@id":"https:\/\/portaltela.pt\/#\/schema\/person\/c4278d4a6028830caff9ee44b42d32ed"},"headline":"Ant\u00f3nio Mendon\u00e7a duvida que mudan\u00e7as \u00e0 lei laboral afetem a estrutura produtiva","datePublished":"2026-04-23T06:32:47+00:00","mainEntityOfPage":{"@id":"https:\/\/portaltela.pt\/noticias\/2026\/04\/23\/antonio-mendonca-duvida-que-mudancas-a-lei-laboral-afetem-a-estrutura-produtiva\/"},"wordCount":245,"image":{"@id":"https:\/\/portaltela.pt\/noticias\/2026\/04\/23\/antonio-mendonca-duvida-que-mudancas-a-lei-laboral-afetem-a-estrutura-produtiva\/#primaryimage"},"thumbnailUrl":"https:\/\/portaltela.pt\/s.01k8rhncp4jt1\/2026\/04\/2083347.jpg","keywords":["Desenvolvimento econ\u00f3mico","economia","Lei do Trabalho","pol\u00edtica","pol\u00edtica monet\u00e1ria","trabalho"],"articleSection":["Economia","Neg\u00f3cios"],"inLanguage":"pt-PT"},{"@type":"WebPage","@id":"https:\/\/portaltela.pt\/noticias\/2026\/04\/23\/antonio-mendonca-duvida-que-mudancas-a-lei-laboral-afetem-a-estrutura-produtiva\/","url":"https:\/\/portaltela.pt\/noticias\/2026\/04\/23\/antonio-mendonca-duvida-que-mudancas-a-lei-laboral-afetem-a-estrutura-produtiva\/","name":"Ant\u00f3nio Mendon\u00e7a duvida que mudan\u00e7as \u00e0 lei laboral afetem a estrutura produtiva - Portal Tela Portugal","isPartOf":{"@id":"https:\/\/portaltela.pt\/#website"},"primaryImageOfPage":{"@id":"https:\/\/portaltela.pt\/noticias\/2026\/04\/23\/antonio-mendonca-duvida-que-mudancas-a-lei-laboral-afetem-a-estrutura-produtiva\/#primaryimage"},"image":{"@id":"https:\/\/portaltela.pt\/noticias\/2026\/04\/23\/antonio-mendonca-duvida-que-mudancas-a-lei-laboral-afetem-a-estrutura-produtiva\/#primaryimage"},"thumbnailUrl":"https:\/\/portaltela.pt\/s.01k8rhncp4jt1\/2026\/04\/2083347.jpg","datePublished":"2026-04-23T06:32:47+00:00","author":{"@id":"https:\/\/portaltela.pt\/#\/schema\/person\/c4278d4a6028830caff9ee44b42d32ed"},"breadcrumb":{"@id":"https:\/\/portaltela.pt\/noticias\/2026\/04\/23\/antonio-mendonca-duvida-que-mudancas-a-lei-laboral-afetem-a-estrutura-produtiva\/#breadcrumb"},"inLanguage":"pt-PT","potentialAction":[{"@type":"ReadAction","target":["https:\/\/portaltela.pt\/noticias\/2026\/04\/23\/antonio-mendonca-duvida-que-mudancas-a-lei-laboral-afetem-a-estrutura-produtiva\/"]}]},{"@type":"ImageObject","inLanguage":"pt-PT","@id":"https:\/\/portaltela.pt\/noticias\/2026\/04\/23\/antonio-mendonca-duvida-que-mudancas-a-lei-laboral-afetem-a-estrutura-produtiva\/#primaryimage","url":"https:\/\/portaltela.pt\/s.01k8rhncp4jt1\/2026\/04\/2083347.jpg","contentUrl":"https:\/\/portaltela.pt\/s.01k8rhncp4jt1\/2026\/04\/2083347.jpg","width":796,"height":448,"caption":"Photo"},{"@type":"BreadcrumbList","@id":"https:\/\/portaltela.pt\/noticias\/2026\/04\/23\/antonio-mendonca-duvida-que-mudancas-a-lei-laboral-afetem-a-estrutura-produtiva\/#breadcrumb","itemListElement":[{"@type":"ListItem","position":1,"name":"In\u00edcio","item":"https:\/\/portaltela.pt\/"},{"@type":"ListItem","position":2,"name":"Ant\u00f3nio Mendon\u00e7a duvida que mudan\u00e7as \u00e0 lei laboral afetem a estrutura produtiva"}]},{"@type":"WebSite","@id":"https:\/\/portaltela.pt\/#website","url":"https:\/\/portaltela.pt\/","name":"Portal Tela Portugal","description":"","potentialAction":[{"@type":"SearchAction","target":{"@type":"EntryPoint","urlTemplate":"https:\/\/portaltela.pt\/?s={search_term_string}"},"query-input":{"@type":"PropertyValueSpecification","valueRequired":true,"valueName":"search_term_string"}}],"inLanguage":"pt-PT"},{"@type":"Person","@id":"https:\/\/portaltela.pt\/#\/schema\/person\/c4278d4a6028830caff9ee44b42d32ed","name":"Telinha","image":{"@type":"ImageObject","inLanguage":"pt-PT","@id":"https:\/\/portaltela.pt\/s.01k8rhncp4jt1\/2025\/11\/talking-bot-125x125.png","url":"https:\/\/portaltela.pt\/s.01k8rhncp4jt1\/2025\/11\/talking-bot-125x125.png","contentUrl":"https:\/\/portaltela.pt\/s.01k8rhncp4jt1\/2025\/11\/talking-bot-125x125.png","caption":"Telinha"},"sameAs":["https:\/\/portaltela.pt\/"],"url":"https:\/\/portaltela.pt\/por\/367410592786\/"}]}},"_links":{"self":[{"href":"https:\/\/portaltela.pt\/api\/wp\/v2\/posts\/455456","targetHints":{"allow":["GET"]}}],"collection":[{"href":"https:\/\/portaltela.pt\/api\/wp\/v2\/posts"}],"about":[{"href":"https:\/\/portaltela.pt\/api\/wp\/v2\/types\/post"}],"author":[{"embeddable":true,"href":"https:\/\/portaltela.pt\/api\/wp\/v2\/users\/2"}],"replies":[{"embeddable":true,"href":"https:\/\/portaltela.pt\/api\/wp\/v2\/comments?post=455456"}],"version-history":[{"count":0,"href":"https:\/\/portaltela.pt\/api\/wp\/v2\/posts\/455456\/revisions"}],"wp:featuredmedia":[{"embeddable":true,"href":"https:\/\/portaltela.pt\/api\/wp\/v2\/media\/455466"}],"wp:attachment":[{"href":"https:\/\/portaltela.pt\/api\/wp\/v2\/media?parent=455456"}],"wp:term":[{"taxonomy":"category","embeddable":true,"href":"https:\/\/portaltela.pt\/api\/wp\/v2\/categories?post=455456"},{"taxonomy":"post_tag","embeddable":true,"href":"https:\/\/portaltela.pt\/api\/wp\/v2\/tags?post=455456"}],"curies":[{"name":"wp","href":"https:\/\/api.w.org\/{rel}","templated":true}]}}