{"id":455437,"date":"2026-04-23T03:17:33","date_gmt":"2026-04-23T06:17:33","guid":{"rendered":"https:\/\/portaltela.pt\/noticias\/2026\/04\/23\/homens-filmados-a-espancar-funcionarios-de-restaurante-detidos-apos-um-mes\/"},"modified":"2026-04-23T03:17:33","modified_gmt":"2026-04-23T06:17:33","slug":"homens-filmados-a-espancar-funcionarios-de-restaurante-detidos-apos-um-mes","status":"publish","type":"post","link":"https:\/\/portaltela.pt\/policia\/2026\/04\/23\/homens-filmados-a-espancar-funcionarios-de-restaurante-detidos-apos-um-mes\/","title":{"rendered":"Homens filmados a espancar funcion\u00e1rios de restaurante detidos ap\u00f3s um m\u00eas"},"content":{"rendered":"<p>Os quatro homens acusados de terem espancado dois funcion\u00e1rios de um restaurante em Santo Tirso no dia 19 de mar\u00e7o foram detidos pela Pol\u00edcia de Seguran\u00e7a P\u00fablica (PSP) na quarta-feira, por crime de ofensa \u00e0 integridade f\u00edsica. A deten\u00e7\u00e3o ocorreu no \u00e2mbito de um inqu\u00e9rito que j\u00e1 decorria h\u00e1 mais de um m\u00eas.<\/p>\n<p>Segundo a PSP, o grupo, com idades entre os 18 e os 39 anos, chegou a ser detido no dia das agress\u00f5es, mas respondeu apenas por furtos: um furto realizado numa f\u00e1brica e o roubo de um colar de ouro num caf\u00e9 de Pa\u00e7os de Ferreira. Todos os suspeitos foram libertados na altura.<\/p>\n<p>Os quatro feirantes, residentes no concelho de Santo Tirso, foram notificados pela PSP para compar\u00eancia na esquadra local. Ao chegarem \u00e0s instala\u00e7\u00f5es policiais, foram igualmente detidos, no quadro do evoluir do inqu\u00e9rito.<\/p>\n<p>A investiga\u00e7\u00e3o prossegue para esclarecer as circunst\u00e2ncias da agress\u00e3o, incluindo eventuais c\u00famplices, motiva\u00e7\u00f5es e a eventual presen\u00e7a de outros envolvidos no epis\u00f3dio. A PSP n\u00e3o revelou mais detalhes sobre o processo em curso.<\/p>\n","protected":false},"excerpt":{"rendered":"<ul>\n<li>No dia 19 de mar\u00e7o, quatro homens agrediram dois funcion\u00e1rios de um restaurante em Santo Tirso.<\/li>\n<li>A PSP deteve-os na altura, mas, em tribunal, os indiv\u00edduos ficaram apenas acusados de furto ocorrido horas antes numa f\u00e1brica e do roubo de um colar num caf\u00e9 em Pa\u00e7os de Ferreira; foram libertados.<\/li>\n<li>O inqu\u00e9rito manteve-se em curso h\u00e1 mais de um m\u00eas e os quatro feirantes, residentes no concelho, foram notificados para se apresentarem na esquadra de Santo Tirso.<\/li>\n<li>Ao chegarem \u00e0s instala\u00e7\u00f5es policiais, os suspeitos foram detidos pela pr\u00e1tica do crime de ofensa \u00e0 integridade f\u00edsica.<\/li>\n<li>Os detalhes adicionais sobre o caso n\u00e3o foram divulgados pela PSP.<\/li>\n<\/ul>\n","protected":false},"author":2,"featured_media":455441,"comment_status":"closed","ping_status":"closed","sticky":false,"template":"","format":"standard","meta":{"footnotes":""},"categories":[6907,6781],"tags":[7945,8464,9510,9065,8041,8066],"class_list":["post-455437","post","type-post","status-publish","format-standard","has-post-thumbnail","hentry","category-crime","category-policia","tag-_agressoes","tag-_furto","tag-_pacos-de-ferreira","tag-_policia-de-seguranca-publica","tag-_psp","tag-_roubo"],"yoast_head":"<!-- This site is optimized with the Yoast SEO plugin v27.2 - https:\/\/yoast.com\/product\/yoast-seo-wordpress\/ -->\n<title>Homens filmados a espancar funcion\u00e1rios de restaurante detidos ap\u00f3s um m\u00eas - Portal Tela Portugal<\/title>\n<meta name=\"robots\" content=\"index, follow, max-snippet:-1, max-image-preview:large, max-video-preview:-1\" \/>\n<meta property=\"og:locale\" content=\"pt_PT\" \/>\n<meta property=\"og:type\" content=\"article\" \/>\n<meta property=\"og:title\" content=\"Homens filmados a espancar funcion\u00e1rios de restaurante detidos ap\u00f3s um m\u00eas - Portal Tela Portugal\" \/>\n<meta property=\"og:description\" content=\"No dia 19 de mar\u00e7o, quatro homens agrediram dois funcion\u00e1rios de um restaurante em Santo Tirso. A PSP deteve-os na altura, mas, em tribunal, os indiv\u00edduos ficaram apenas acusados de furto ocorrido horas antes numa f\u00e1brica e do roubo de um colar num caf\u00e9 em Pa\u00e7os de Ferreira; foram libertados. O inqu\u00e9rito manteve-se em curso h\u00e1 mais de um m\u00eas e os quatro feirantes, residentes no concelho, foram notificados para se apresentarem na esquadra de Santo Tirso. Ao chegarem \u00e0s instala\u00e7\u00f5es policiais, os suspeitos foram detidos pela pr\u00e1tica do crime de ofensa \u00e0 integridade f\u00edsica. Os detalhes adicionais sobre o caso n\u00e3o foram divulgados pela PSP.\" \/>\n<meta property=\"og:url\" content=\"https:\/\/portaltela.pt\/noticias\/2026\/04\/23\/homens-filmados-a-espancar-funcionarios-de-restaurante-detidos-apos-um-mes\/\" \/>\n<meta property=\"og:site_name\" content=\"Portal Tela Portugal\" \/>\n<meta property=\"article:published_time\" content=\"2026-04-23T06:17:33+00:00\" \/>\n<meta name=\"author\" content=\"Telinha\" \/>\n<meta name=\"twitter:card\" content=\"summary_large_image\" \/>\n<meta name=\"twitter:label1\" content=\"Escrito por\" \/>\n\t<meta name=\"twitter:data1\" content=\"Telinha\" \/>\n\t<meta name=\"twitter:label2\" content=\"Tempo estimado de leitura\" \/>\n\t<meta name=\"twitter:data2\" content=\"1 minuto\" \/>\n<script type=\"application\/ld+json\" class=\"yoast-schema-graph\">{\"@context\":\"https:\/\/schema.org\",\"@graph\":[{\"@type\":\"Article\",\"@id\":\"https:\/\/portaltela.pt\/noticias\/2026\/04\/23\/homens-filmados-a-espancar-funcionarios-de-restaurante-detidos-apos-um-mes\/#article\",\"isPartOf\":{\"@id\":\"https:\/\/portaltela.pt\/noticias\/2026\/04\/23\/homens-filmados-a-espancar-funcionarios-de-restaurante-detidos-apos-um-mes\/\"},\"author\":{\"name\":\"Telinha\",\"@id\":\"https:\/\/portaltela.pt\/#\/schema\/person\/c4278d4a6028830caff9ee44b42d32ed\"},\"headline\":\"Homens filmados a espancar funcion\u00e1rios de restaurante detidos ap\u00f3s um m\u00eas\",\"datePublished\":\"2026-04-23T06:17:33+00:00\",\"mainEntityOfPage\":{\"@id\":\"https:\/\/portaltela.pt\/noticias\/2026\/04\/23\/homens-filmados-a-espancar-funcionarios-de-restaurante-detidos-apos-um-mes\/\"},\"wordCount\":204,\"image\":{\"@id\":\"https:\/\/portaltela.pt\/noticias\/2026\/04\/23\/homens-filmados-a-espancar-funcionarios-de-restaurante-detidos-apos-um-mes\/#primaryimage\"},\"thumbnailUrl\":\"https:\/\/portaltela.pt\/s.01k8rhncp4jt1\/2026\/04\/aee26de6-76d5-4583-b185-ac01f68ce5e0_1200x675.jpg\",\"keywords\":[\"_agress\u00f5es\",\"_furto\",\"_Pa\u00e7os de Ferreira\",\"_Pol\u00edcia de Seguran\u00e7a P\u00fablica\",\"_PSP\",\"_roubo\"],\"articleSection\":[\"Crime\",\"Pol\u00edcia\"],\"inLanguage\":\"pt-PT\"},{\"@type\":\"WebPage\",\"@id\":\"https:\/\/portaltela.pt\/noticias\/2026\/04\/23\/homens-filmados-a-espancar-funcionarios-de-restaurante-detidos-apos-um-mes\/\",\"url\":\"https:\/\/portaltela.pt\/noticias\/2026\/04\/23\/homens-filmados-a-espancar-funcionarios-de-restaurante-detidos-apos-um-mes\/\",\"name\":\"Homens filmados a espancar funcion\u00e1rios de restaurante detidos ap\u00f3s um m\u00eas - Portal Tela Portugal\",\"isPartOf\":{\"@id\":\"https:\/\/portaltela.pt\/#website\"},\"primaryImageOfPage\":{\"@id\":\"https:\/\/portaltela.pt\/noticias\/2026\/04\/23\/homens-filmados-a-espancar-funcionarios-de-restaurante-detidos-apos-um-mes\/#primaryimage\"},\"image\":{\"@id\":\"https:\/\/portaltela.pt\/noticias\/2026\/04\/23\/homens-filmados-a-espancar-funcionarios-de-restaurante-detidos-apos-um-mes\/#primaryimage\"},\"thumbnailUrl\":\"https:\/\/portaltela.pt\/s.01k8rhncp4jt1\/2026\/04\/aee26de6-76d5-4583-b185-ac01f68ce5e0_1200x675.jpg\",\"datePublished\":\"2026-04-23T06:17:33+00:00\",\"author\":{\"@id\":\"https:\/\/portaltela.pt\/#\/schema\/person\/c4278d4a6028830caff9ee44b42d32ed\"},\"breadcrumb\":{\"@id\":\"https:\/\/portaltela.pt\/noticias\/2026\/04\/23\/homens-filmados-a-espancar-funcionarios-de-restaurante-detidos-apos-um-mes\/#breadcrumb\"},\"inLanguage\":\"pt-PT\",\"potentialAction\":[{\"@type\":\"ReadAction\",\"target\":[\"https:\/\/portaltela.pt\/noticias\/2026\/04\/23\/homens-filmados-a-espancar-funcionarios-de-restaurante-detidos-apos-um-mes\/\"]}]},{\"@type\":\"ImageObject\",\"inLanguage\":\"pt-PT\",\"@id\":\"https:\/\/portaltela.pt\/noticias\/2026\/04\/23\/homens-filmados-a-espancar-funcionarios-de-restaurante-detidos-apos-um-mes\/#primaryimage\",\"url\":\"https:\/\/portaltela.pt\/s.01k8rhncp4jt1\/2026\/04\/aee26de6-76d5-4583-b185-ac01f68ce5e0_1200x675.jpg\",\"contentUrl\":\"https:\/\/portaltela.pt\/s.01k8rhncp4jt1\/2026\/04\/aee26de6-76d5-4583-b185-ac01f68ce5e0_1200x675.jpg\",\"width\":796,\"height\":448,\"caption\":\"Cao ocorreu no dia 19 de mar\u00e7o\"},{\"@type\":\"BreadcrumbList\",\"@id\":\"https:\/\/portaltela.pt\/noticias\/2026\/04\/23\/homens-filmados-a-espancar-funcionarios-de-restaurante-detidos-apos-um-mes\/#breadcrumb\",\"itemListElement\":[{\"@type\":\"ListItem\",\"position\":1,\"name\":\"In\u00edcio\",\"item\":\"https:\/\/portaltela.pt\/\"},{\"@type\":\"ListItem\",\"position\":2,\"name\":\"Homens filmados a espancar funcion\u00e1rios de restaurante detidos ap\u00f3s um m\u00eas\"}]},{\"@type\":\"WebSite\",\"@id\":\"https:\/\/portaltela.pt\/#website\",\"url\":\"https:\/\/portaltela.pt\/\",\"name\":\"Portal Tela Portugal\",\"description\":\"\",\"potentialAction\":[{\"@type\":\"SearchAction\",\"target\":{\"@type\":\"EntryPoint\",\"urlTemplate\":\"https:\/\/portaltela.pt\/?s={search_term_string}\"},\"query-input\":{\"@type\":\"PropertyValueSpecification\",\"valueRequired\":true,\"valueName\":\"search_term_string\"}}],\"inLanguage\":\"pt-PT\"},{\"@type\":\"Person\",\"@id\":\"https:\/\/portaltela.pt\/#\/schema\/person\/c4278d4a6028830caff9ee44b42d32ed\",\"name\":\"Telinha\",\"image\":{\"@type\":\"ImageObject\",\"inLanguage\":\"pt-PT\",\"@id\":\"https:\/\/portaltela.pt\/s.01k8rhncp4jt1\/2025\/11\/talking-bot-125x125.png\",\"url\":\"https:\/\/portaltela.pt\/s.01k8rhncp4jt1\/2025\/11\/talking-bot-125x125.png\",\"contentUrl\":\"https:\/\/portaltela.pt\/s.01k8rhncp4jt1\/2025\/11\/talking-bot-125x125.png\",\"caption\":\"Telinha\"},\"sameAs\":[\"https:\/\/portaltela.pt\/\"],\"url\":\"https:\/\/portaltela.pt\/por\/367410592786\/\"}]}<\/script>\n<!-- \/ Yoast SEO plugin. -->","yoast_head_json":{"title":"Homens filmados a espancar funcion\u00e1rios de restaurante detidos ap\u00f3s um m\u00eas - Portal Tela Portugal","robots":{"index":"index","follow":"follow","max-snippet":"max-snippet:-1","max-image-preview":"max-image-preview:large","max-video-preview":"max-video-preview:-1"},"og_locale":"pt_PT","og_type":"article","og_title":"Homens filmados a espancar funcion\u00e1rios de restaurante detidos ap\u00f3s um m\u00eas - Portal Tela Portugal","og_description":"No dia 19 de mar\u00e7o, quatro homens agrediram dois funcion\u00e1rios de um restaurante em Santo Tirso. A PSP deteve-os na altura, mas, em tribunal, os indiv\u00edduos ficaram apenas acusados de furto ocorrido horas antes numa f\u00e1brica e do roubo de um colar num caf\u00e9 em Pa\u00e7os de Ferreira; foram libertados. O inqu\u00e9rito manteve-se em curso h\u00e1 mais de um m\u00eas e os quatro feirantes, residentes no concelho, foram notificados para se apresentarem na esquadra de Santo Tirso. Ao chegarem \u00e0s instala\u00e7\u00f5es policiais, os suspeitos foram detidos pela pr\u00e1tica do crime de ofensa \u00e0 integridade f\u00edsica. Os detalhes adicionais sobre o caso n\u00e3o foram divulgados pela PSP.","og_url":"https:\/\/portaltela.pt\/noticias\/2026\/04\/23\/homens-filmados-a-espancar-funcionarios-de-restaurante-detidos-apos-um-mes\/","og_site_name":"Portal Tela Portugal","article_published_time":"2026-04-23T06:17:33+00:00","author":"Telinha","twitter_card":"summary_large_image","twitter_misc":{"Escrito por":"Telinha","Tempo estimado de leitura":"1 minuto"},"schema":{"@context":"https:\/\/schema.org","@graph":[{"@type":"Article","@id":"https:\/\/portaltela.pt\/noticias\/2026\/04\/23\/homens-filmados-a-espancar-funcionarios-de-restaurante-detidos-apos-um-mes\/#article","isPartOf":{"@id":"https:\/\/portaltela.pt\/noticias\/2026\/04\/23\/homens-filmados-a-espancar-funcionarios-de-restaurante-detidos-apos-um-mes\/"},"author":{"name":"Telinha","@id":"https:\/\/portaltela.pt\/#\/schema\/person\/c4278d4a6028830caff9ee44b42d32ed"},"headline":"Homens filmados a espancar funcion\u00e1rios de restaurante detidos ap\u00f3s um m\u00eas","datePublished":"2026-04-23T06:17:33+00:00","mainEntityOfPage":{"@id":"https:\/\/portaltela.pt\/noticias\/2026\/04\/23\/homens-filmados-a-espancar-funcionarios-de-restaurante-detidos-apos-um-mes\/"},"wordCount":204,"image":{"@id":"https:\/\/portaltela.pt\/noticias\/2026\/04\/23\/homens-filmados-a-espancar-funcionarios-de-restaurante-detidos-apos-um-mes\/#primaryimage"},"thumbnailUrl":"https:\/\/portaltela.pt\/s.01k8rhncp4jt1\/2026\/04\/aee26de6-76d5-4583-b185-ac01f68ce5e0_1200x675.jpg","keywords":["_agress\u00f5es","_furto","_Pa\u00e7os de Ferreira","_Pol\u00edcia de Seguran\u00e7a P\u00fablica","_PSP","_roubo"],"articleSection":["Crime","Pol\u00edcia"],"inLanguage":"pt-PT"},{"@type":"WebPage","@id":"https:\/\/portaltela.pt\/noticias\/2026\/04\/23\/homens-filmados-a-espancar-funcionarios-de-restaurante-detidos-apos-um-mes\/","url":"https:\/\/portaltela.pt\/noticias\/2026\/04\/23\/homens-filmados-a-espancar-funcionarios-de-restaurante-detidos-apos-um-mes\/","name":"Homens filmados a espancar funcion\u00e1rios de restaurante detidos ap\u00f3s um m\u00eas - Portal Tela Portugal","isPartOf":{"@id":"https:\/\/portaltela.pt\/#website"},"primaryImageOfPage":{"@id":"https:\/\/portaltela.pt\/noticias\/2026\/04\/23\/homens-filmados-a-espancar-funcionarios-de-restaurante-detidos-apos-um-mes\/#primaryimage"},"image":{"@id":"https:\/\/portaltela.pt\/noticias\/2026\/04\/23\/homens-filmados-a-espancar-funcionarios-de-restaurante-detidos-apos-um-mes\/#primaryimage"},"thumbnailUrl":"https:\/\/portaltela.pt\/s.01k8rhncp4jt1\/2026\/04\/aee26de6-76d5-4583-b185-ac01f68ce5e0_1200x675.jpg","datePublished":"2026-04-23T06:17:33+00:00","author":{"@id":"https:\/\/portaltela.pt\/#\/schema\/person\/c4278d4a6028830caff9ee44b42d32ed"},"breadcrumb":{"@id":"https:\/\/portaltela.pt\/noticias\/2026\/04\/23\/homens-filmados-a-espancar-funcionarios-de-restaurante-detidos-apos-um-mes\/#breadcrumb"},"inLanguage":"pt-PT","potentialAction":[{"@type":"ReadAction","target":["https:\/\/portaltela.pt\/noticias\/2026\/04\/23\/homens-filmados-a-espancar-funcionarios-de-restaurante-detidos-apos-um-mes\/"]}]},{"@type":"ImageObject","inLanguage":"pt-PT","@id":"https:\/\/portaltela.pt\/noticias\/2026\/04\/23\/homens-filmados-a-espancar-funcionarios-de-restaurante-detidos-apos-um-mes\/#primaryimage","url":"https:\/\/portaltela.pt\/s.01k8rhncp4jt1\/2026\/04\/aee26de6-76d5-4583-b185-ac01f68ce5e0_1200x675.jpg","contentUrl":"https:\/\/portaltela.pt\/s.01k8rhncp4jt1\/2026\/04\/aee26de6-76d5-4583-b185-ac01f68ce5e0_1200x675.jpg","width":796,"height":448,"caption":"Cao ocorreu no dia 19 de mar\u00e7o"},{"@type":"BreadcrumbList","@id":"https:\/\/portaltela.pt\/noticias\/2026\/04\/23\/homens-filmados-a-espancar-funcionarios-de-restaurante-detidos-apos-um-mes\/#breadcrumb","itemListElement":[{"@type":"ListItem","position":1,"name":"In\u00edcio","item":"https:\/\/portaltela.pt\/"},{"@type":"ListItem","position":2,"name":"Homens filmados a espancar funcion\u00e1rios de restaurante detidos ap\u00f3s um m\u00eas"}]},{"@type":"WebSite","@id":"https:\/\/portaltela.pt\/#website","url":"https:\/\/portaltela.pt\/","name":"Portal Tela Portugal","description":"","potentialAction":[{"@type":"SearchAction","target":{"@type":"EntryPoint","urlTemplate":"https:\/\/portaltela.pt\/?s={search_term_string}"},"query-input":{"@type":"PropertyValueSpecification","valueRequired":true,"valueName":"search_term_string"}}],"inLanguage":"pt-PT"},{"@type":"Person","@id":"https:\/\/portaltela.pt\/#\/schema\/person\/c4278d4a6028830caff9ee44b42d32ed","name":"Telinha","image":{"@type":"ImageObject","inLanguage":"pt-PT","@id":"https:\/\/portaltela.pt\/s.01k8rhncp4jt1\/2025\/11\/talking-bot-125x125.png","url":"https:\/\/portaltela.pt\/s.01k8rhncp4jt1\/2025\/11\/talking-bot-125x125.png","contentUrl":"https:\/\/portaltela.pt\/s.01k8rhncp4jt1\/2025\/11\/talking-bot-125x125.png","caption":"Telinha"},"sameAs":["https:\/\/portaltela.pt\/"],"url":"https:\/\/portaltela.pt\/por\/367410592786\/"}]}},"_links":{"self":[{"href":"https:\/\/portaltela.pt\/api\/wp\/v2\/posts\/455437","targetHints":{"allow":["GET"]}}],"collection":[{"href":"https:\/\/portaltela.pt\/api\/wp\/v2\/posts"}],"about":[{"href":"https:\/\/portaltela.pt\/api\/wp\/v2\/types\/post"}],"author":[{"embeddable":true,"href":"https:\/\/portaltela.pt\/api\/wp\/v2\/users\/2"}],"replies":[{"embeddable":true,"href":"https:\/\/portaltela.pt\/api\/wp\/v2\/comments?post=455437"}],"version-history":[{"count":0,"href":"https:\/\/portaltela.pt\/api\/wp\/v2\/posts\/455437\/revisions"}],"wp:featuredmedia":[{"embeddable":true,"href":"https:\/\/portaltela.pt\/api\/wp\/v2\/media\/455441"}],"wp:attachment":[{"href":"https:\/\/portaltela.pt\/api\/wp\/v2\/media?parent=455437"}],"wp:term":[{"taxonomy":"category","embeddable":true,"href":"https:\/\/portaltela.pt\/api\/wp\/v2\/categories?post=455437"},{"taxonomy":"post_tag","embeddable":true,"href":"https:\/\/portaltela.pt\/api\/wp\/v2\/tags?post=455437"}],"curies":[{"name":"wp","href":"https:\/\/api.w.org\/{rel}","templated":true}]}}