{"id":455338,"date":"2026-04-22T21:48:12","date_gmt":"2026-04-23T00:48:12","guid":{"rendered":"https:\/\/portaltela.pt\/noticias\/2026\/04\/22\/noite-de-festa-da-musica-portuguesa-realiza-se-hoje\/"},"modified":"2026-04-22T21:48:12","modified_gmt":"2026-04-23T00:48:12","slug":"noite-de-festa-da-musica-portuguesa-realiza-se-hoje","status":"publish","type":"post","link":"https:\/\/portaltela.pt\/musica\/2026\/04\/22\/noite-de-festa-da-musica-portuguesa-realiza-se-hoje\/","title":{"rendered":"Noite de festa da m\u00fasica portuguesa realiza-se hoje"},"content":{"rendered":"<p>Noite de festa da m\u00fasica portuguesa acontece hoje no Coliseu dos Recreios, em Lisboa, a partir das 21h00. A 8.\u00aa gala dos Play \u2013 Pr\u00e9mios da M\u00fasica Portuguesa decorre ao vivo na RTP1, com Filomena Cautela na apresenta\u00e7\u00e3o. O objetivo \u00e9 distinguir os melhores da m\u00fasica nacional, de forma regrada e acess\u00edvel ao grande p\u00fablico.<\/p>\n<p>Carminho \u00e9 a artista com mais nomea\u00e7\u00f5es este ano, podendo arrecadar quatro pr\u00e9mios: Melhor Artista Feminina, Melhor \u00c1lbum, Melhor \u00c1lbum Fado e Pr\u00e9mio da Cr\u00edtica. A fadista editou o \u00e1lbum Eu Vou Morrer de Amor ou Resistir no ano passado, fortalecido pela rece\u00e7\u00e3o da cr\u00edtica.<\/p>\n<p>Dentre os nomes com maior n\u00famero de indica\u00e7\u00f5es aparecem Vizinhos e Napa, com tr\u00eas nomea\u00e7\u00f5es cada (Melhor Grupo, Artista Revela\u00e7\u00e3o e Can\u00e7\u00e3o do Ano). Tamb\u00e9m os Calema somam tr\u00eas nomea\u00e7\u00f5es, para Can\u00e7\u00e3o do Ano, Melhor \u00c1lbum e Melhor Grupo.<\/p>\n<h3>Nomina\u00e7\u00f5es e organiza\u00e7\u00e3o<\/h3>\n<p>Os Play foram criados em 2019 pela Audiogest e pela PassM\u00fasica, entidades que asseguram direitos de produtores fonogr\u00e1ficos e de artistas. Entre os artistas que j\u00e1 passaram pelos Play destacam-se Dino d\u2019Santiago, recordando-se que \u00e9 o artista com o maior n\u00famero de pr\u00e9mios na hist\u00f3ria da cerim\u00f3nia.<\/p>\n","protected":false},"excerpt":{"rendered":"<ul>\n<li>A 8.\u00aa gala dos Play \u2013 Pr\u00e9mios da M\u00fasica Portuguesa realiza-se hoje, \u00e0s 21h00, no Coliseu dos Recreios, em Lisboa.<\/li>\n<li>Transmiss\u00e3o em direto na RTP1, com Filomena Cautela na apresenta\u00e7\u00e3o.<\/li>\n<li>Carminho \u00e9 a artista mais nomeada este ano, podendo arrecadar quatro estatuetas (Melhor Artista Feminina; Melhor \u00c1lbum; Melhor \u00c1lbum Fado; Pr\u00e9mio da Cr\u00edtica).<\/li>\n<li>Vizinhos, Napa e Calema somam tr\u00eas nomea\u00e7\u00f5es cada (Can\u00e7\u00e3o do Ano, Melhor \u00c1lbum e Melhor Grupo). Napa \u00e9 representado pela Madeira, Vizinhos pelo Alentejo.<\/li>\n<li>Os Play foram criados em 2019, organizados pela Audiogest e pela PassM\u00fasica; Dino d\u2019Santiago \u00e9 o artista com mais pr\u00e9mios na hist\u00f3ria, com onze.<\/li>\n<\/ul>\n","protected":false},"author":2,"featured_media":455347,"comment_status":"closed","ping_status":"closed","sticky":false,"template":"","format":"standard","meta":{"footnotes":""},"categories":[6676],"tags":[9503,9500,9501,9502,122,3545],"class_list":["post-455338","post","type-post","status-publish","format-standard","has-post-thumbnail","hentry","category-musica","tag-artista-revelacao","tag-cancao-do-ano","tag-melhor-album","tag-melhor-grupo","tag-musica","tag-premios"],"yoast_head":"<!-- This site is optimized with the Yoast SEO plugin v27.2 - https:\/\/yoast.com\/product\/yoast-seo-wordpress\/ -->\n<title>Noite de festa da m\u00fasica portuguesa realiza-se hoje - Portal Tela Portugal<\/title>\n<meta name=\"robots\" content=\"index, follow, max-snippet:-1, max-image-preview:large, max-video-preview:-1\" \/>\n<meta property=\"og:locale\" content=\"pt_PT\" \/>\n<meta property=\"og:type\" content=\"article\" \/>\n<meta property=\"og:title\" content=\"Noite de festa da m\u00fasica portuguesa realiza-se hoje - Portal Tela Portugal\" \/>\n<meta property=\"og:description\" content=\"A 8.\u00aa gala dos Play \u2013 Pr\u00e9mios da M\u00fasica Portuguesa realiza-se hoje, \u00e0s 21h00, no Coliseu dos Recreios, em Lisboa. Transmiss\u00e3o em direto na RTP1, com Filomena Cautela na apresenta\u00e7\u00e3o. Carminho \u00e9 a artista mais nomeada este ano, podendo arrecadar quatro estatuetas (Melhor Artista Feminina; Melhor \u00c1lbum; Melhor \u00c1lbum Fado; Pr\u00e9mio da Cr\u00edtica). Vizinhos, Napa e Calema somam tr\u00eas nomea\u00e7\u00f5es cada (Can\u00e7\u00e3o do Ano, Melhor \u00c1lbum e Melhor Grupo). Napa \u00e9 representado pela Madeira, Vizinhos pelo Alentejo. Os Play foram criados em 2019, organizados pela Audiogest e pela PassM\u00fasica; Dino d\u2019Santiago \u00e9 o artista com mais pr\u00e9mios na hist\u00f3ria, com onze.\" \/>\n<meta property=\"og:url\" content=\"https:\/\/portaltela.pt\/noticias\/2026\/04\/22\/noite-de-festa-da-musica-portuguesa-realiza-se-hoje\/\" \/>\n<meta property=\"og:site_name\" content=\"Portal Tela Portugal\" \/>\n<meta property=\"article:published_time\" content=\"2026-04-23T00:48:12+00:00\" \/>\n<meta name=\"author\" content=\"Telinha\" \/>\n<meta name=\"twitter:card\" content=\"summary_large_image\" \/>\n<meta name=\"twitter:label1\" content=\"Escrito por\" \/>\n\t<meta name=\"twitter:data1\" content=\"Telinha\" \/>\n\t<meta name=\"twitter:label2\" content=\"Tempo estimado de leitura\" \/>\n\t<meta name=\"twitter:data2\" content=\"1 minuto\" \/>\n<script type=\"application\/ld+json\" class=\"yoast-schema-graph\">{\"@context\":\"https:\/\/schema.org\",\"@graph\":[{\"@type\":\"Article\",\"@id\":\"https:\/\/portaltela.pt\/noticias\/2026\/04\/22\/noite-de-festa-da-musica-portuguesa-realiza-se-hoje\/#article\",\"isPartOf\":{\"@id\":\"https:\/\/portaltela.pt\/noticias\/2026\/04\/22\/noite-de-festa-da-musica-portuguesa-realiza-se-hoje\/\"},\"author\":{\"name\":\"Telinha\",\"@id\":\"https:\/\/portaltela.pt\/#\/schema\/person\/c4278d4a6028830caff9ee44b42d32ed\"},\"headline\":\"Noite de festa da m\u00fasica portuguesa realiza-se hoje\",\"datePublished\":\"2026-04-23T00:48:12+00:00\",\"mainEntityOfPage\":{\"@id\":\"https:\/\/portaltela.pt\/noticias\/2026\/04\/22\/noite-de-festa-da-musica-portuguesa-realiza-se-hoje\/\"},\"wordCount\":224,\"image\":{\"@id\":\"https:\/\/portaltela.pt\/noticias\/2026\/04\/22\/noite-de-festa-da-musica-portuguesa-realiza-se-hoje\/#primaryimage\"},\"thumbnailUrl\":\"https:\/\/portaltela.pt\/s.01k8rhncp4jt1\/2026\/04\/img_1280x721uu2025-05-17-15-20-53-2209732.jpg\",\"keywords\":[\"Artista Revela\u00e7\u00e3o\",\"Can\u00e7\u00e3o do Ano\",\"Melhor \u00c1lbum\",\"Melhor Grupo\",\"m\u00fasica\",\"pr\u00e9mios\"],\"articleSection\":[\"M\u00fasica\"],\"inLanguage\":\"pt-PT\"},{\"@type\":\"WebPage\",\"@id\":\"https:\/\/portaltela.pt\/noticias\/2026\/04\/22\/noite-de-festa-da-musica-portuguesa-realiza-se-hoje\/\",\"url\":\"https:\/\/portaltela.pt\/noticias\/2026\/04\/22\/noite-de-festa-da-musica-portuguesa-realiza-se-hoje\/\",\"name\":\"Noite de festa da m\u00fasica portuguesa realiza-se hoje - Portal Tela Portugal\",\"isPartOf\":{\"@id\":\"https:\/\/portaltela.pt\/#website\"},\"primaryImageOfPage\":{\"@id\":\"https:\/\/portaltela.pt\/noticias\/2026\/04\/22\/noite-de-festa-da-musica-portuguesa-realiza-se-hoje\/#primaryimage\"},\"image\":{\"@id\":\"https:\/\/portaltela.pt\/noticias\/2026\/04\/22\/noite-de-festa-da-musica-portuguesa-realiza-se-hoje\/#primaryimage\"},\"thumbnailUrl\":\"https:\/\/portaltela.pt\/s.01k8rhncp4jt1\/2026\/04\/img_1280x721uu2025-05-17-15-20-53-2209732.jpg\",\"datePublished\":\"2026-04-23T00:48:12+00:00\",\"author\":{\"@id\":\"https:\/\/portaltela.pt\/#\/schema\/person\/c4278d4a6028830caff9ee44b42d32ed\"},\"breadcrumb\":{\"@id\":\"https:\/\/portaltela.pt\/noticias\/2026\/04\/22\/noite-de-festa-da-musica-portuguesa-realiza-se-hoje\/#breadcrumb\"},\"inLanguage\":\"pt-PT\",\"potentialAction\":[{\"@type\":\"ReadAction\",\"target\":[\"https:\/\/portaltela.pt\/noticias\/2026\/04\/22\/noite-de-festa-da-musica-portuguesa-realiza-se-hoje\/\"]}]},{\"@type\":\"ImageObject\",\"inLanguage\":\"pt-PT\",\"@id\":\"https:\/\/portaltela.pt\/noticias\/2026\/04\/22\/noite-de-festa-da-musica-portuguesa-realiza-se-hoje\/#primaryimage\",\"url\":\"https:\/\/portaltela.pt\/s.01k8rhncp4jt1\/2026\/04\/img_1280x721uu2025-05-17-15-20-53-2209732.jpg\",\"contentUrl\":\"https:\/\/portaltela.pt\/s.01k8rhncp4jt1\/2026\/04\/img_1280x721uu2025-05-17-15-20-53-2209732.jpg\",\"width\":796,\"height\":448,\"caption\":\"Photo\"},{\"@type\":\"BreadcrumbList\",\"@id\":\"https:\/\/portaltela.pt\/noticias\/2026\/04\/22\/noite-de-festa-da-musica-portuguesa-realiza-se-hoje\/#breadcrumb\",\"itemListElement\":[{\"@type\":\"ListItem\",\"position\":1,\"name\":\"In\u00edcio\",\"item\":\"https:\/\/portaltela.pt\/\"},{\"@type\":\"ListItem\",\"position\":2,\"name\":\"Noite de festa da m\u00fasica portuguesa realiza-se hoje\"}]},{\"@type\":\"WebSite\",\"@id\":\"https:\/\/portaltela.pt\/#website\",\"url\":\"https:\/\/portaltela.pt\/\",\"name\":\"Portal Tela Portugal\",\"description\":\"\",\"potentialAction\":[{\"@type\":\"SearchAction\",\"target\":{\"@type\":\"EntryPoint\",\"urlTemplate\":\"https:\/\/portaltela.pt\/?s={search_term_string}\"},\"query-input\":{\"@type\":\"PropertyValueSpecification\",\"valueRequired\":true,\"valueName\":\"search_term_string\"}}],\"inLanguage\":\"pt-PT\"},{\"@type\":\"Person\",\"@id\":\"https:\/\/portaltela.pt\/#\/schema\/person\/c4278d4a6028830caff9ee44b42d32ed\",\"name\":\"Telinha\",\"image\":{\"@type\":\"ImageObject\",\"inLanguage\":\"pt-PT\",\"@id\":\"https:\/\/portaltela.pt\/s.01k8rhncp4jt1\/2025\/11\/talking-bot-125x125.png\",\"url\":\"https:\/\/portaltela.pt\/s.01k8rhncp4jt1\/2025\/11\/talking-bot-125x125.png\",\"contentUrl\":\"https:\/\/portaltela.pt\/s.01k8rhncp4jt1\/2025\/11\/talking-bot-125x125.png\",\"caption\":\"Telinha\"},\"sameAs\":[\"https:\/\/portaltela.pt\/\"],\"url\":\"https:\/\/portaltela.pt\/por\/367410592786\/\"}]}<\/script>\n<!-- \/ Yoast SEO plugin. -->","yoast_head_json":{"title":"Noite de festa da m\u00fasica portuguesa realiza-se hoje - Portal Tela Portugal","robots":{"index":"index","follow":"follow","max-snippet":"max-snippet:-1","max-image-preview":"max-image-preview:large","max-video-preview":"max-video-preview:-1"},"og_locale":"pt_PT","og_type":"article","og_title":"Noite de festa da m\u00fasica portuguesa realiza-se hoje - Portal Tela Portugal","og_description":"A 8.\u00aa gala dos Play \u2013 Pr\u00e9mios da M\u00fasica Portuguesa realiza-se hoje, \u00e0s 21h00, no Coliseu dos Recreios, em Lisboa. Transmiss\u00e3o em direto na RTP1, com Filomena Cautela na apresenta\u00e7\u00e3o. Carminho \u00e9 a artista mais nomeada este ano, podendo arrecadar quatro estatuetas (Melhor Artista Feminina; Melhor \u00c1lbum; Melhor \u00c1lbum Fado; Pr\u00e9mio da Cr\u00edtica). Vizinhos, Napa e Calema somam tr\u00eas nomea\u00e7\u00f5es cada (Can\u00e7\u00e3o do Ano, Melhor \u00c1lbum e Melhor Grupo). Napa \u00e9 representado pela Madeira, Vizinhos pelo Alentejo. Os Play foram criados em 2019, organizados pela Audiogest e pela PassM\u00fasica; Dino d\u2019Santiago \u00e9 o artista com mais pr\u00e9mios na hist\u00f3ria, com onze.","og_url":"https:\/\/portaltela.pt\/noticias\/2026\/04\/22\/noite-de-festa-da-musica-portuguesa-realiza-se-hoje\/","og_site_name":"Portal Tela Portugal","article_published_time":"2026-04-23T00:48:12+00:00","author":"Telinha","twitter_card":"summary_large_image","twitter_misc":{"Escrito por":"Telinha","Tempo estimado de leitura":"1 minuto"},"schema":{"@context":"https:\/\/schema.org","@graph":[{"@type":"Article","@id":"https:\/\/portaltela.pt\/noticias\/2026\/04\/22\/noite-de-festa-da-musica-portuguesa-realiza-se-hoje\/#article","isPartOf":{"@id":"https:\/\/portaltela.pt\/noticias\/2026\/04\/22\/noite-de-festa-da-musica-portuguesa-realiza-se-hoje\/"},"author":{"name":"Telinha","@id":"https:\/\/portaltela.pt\/#\/schema\/person\/c4278d4a6028830caff9ee44b42d32ed"},"headline":"Noite de festa da m\u00fasica portuguesa realiza-se hoje","datePublished":"2026-04-23T00:48:12+00:00","mainEntityOfPage":{"@id":"https:\/\/portaltela.pt\/noticias\/2026\/04\/22\/noite-de-festa-da-musica-portuguesa-realiza-se-hoje\/"},"wordCount":224,"image":{"@id":"https:\/\/portaltela.pt\/noticias\/2026\/04\/22\/noite-de-festa-da-musica-portuguesa-realiza-se-hoje\/#primaryimage"},"thumbnailUrl":"https:\/\/portaltela.pt\/s.01k8rhncp4jt1\/2026\/04\/img_1280x721uu2025-05-17-15-20-53-2209732.jpg","keywords":["Artista Revela\u00e7\u00e3o","Can\u00e7\u00e3o do Ano","Melhor \u00c1lbum","Melhor Grupo","m\u00fasica","pr\u00e9mios"],"articleSection":["M\u00fasica"],"inLanguage":"pt-PT"},{"@type":"WebPage","@id":"https:\/\/portaltela.pt\/noticias\/2026\/04\/22\/noite-de-festa-da-musica-portuguesa-realiza-se-hoje\/","url":"https:\/\/portaltela.pt\/noticias\/2026\/04\/22\/noite-de-festa-da-musica-portuguesa-realiza-se-hoje\/","name":"Noite de festa da m\u00fasica portuguesa realiza-se hoje - Portal Tela Portugal","isPartOf":{"@id":"https:\/\/portaltela.pt\/#website"},"primaryImageOfPage":{"@id":"https:\/\/portaltela.pt\/noticias\/2026\/04\/22\/noite-de-festa-da-musica-portuguesa-realiza-se-hoje\/#primaryimage"},"image":{"@id":"https:\/\/portaltela.pt\/noticias\/2026\/04\/22\/noite-de-festa-da-musica-portuguesa-realiza-se-hoje\/#primaryimage"},"thumbnailUrl":"https:\/\/portaltela.pt\/s.01k8rhncp4jt1\/2026\/04\/img_1280x721uu2025-05-17-15-20-53-2209732.jpg","datePublished":"2026-04-23T00:48:12+00:00","author":{"@id":"https:\/\/portaltela.pt\/#\/schema\/person\/c4278d4a6028830caff9ee44b42d32ed"},"breadcrumb":{"@id":"https:\/\/portaltela.pt\/noticias\/2026\/04\/22\/noite-de-festa-da-musica-portuguesa-realiza-se-hoje\/#breadcrumb"},"inLanguage":"pt-PT","potentialAction":[{"@type":"ReadAction","target":["https:\/\/portaltela.pt\/noticias\/2026\/04\/22\/noite-de-festa-da-musica-portuguesa-realiza-se-hoje\/"]}]},{"@type":"ImageObject","inLanguage":"pt-PT","@id":"https:\/\/portaltela.pt\/noticias\/2026\/04\/22\/noite-de-festa-da-musica-portuguesa-realiza-se-hoje\/#primaryimage","url":"https:\/\/portaltela.pt\/s.01k8rhncp4jt1\/2026\/04\/img_1280x721uu2025-05-17-15-20-53-2209732.jpg","contentUrl":"https:\/\/portaltela.pt\/s.01k8rhncp4jt1\/2026\/04\/img_1280x721uu2025-05-17-15-20-53-2209732.jpg","width":796,"height":448,"caption":"Photo"},{"@type":"BreadcrumbList","@id":"https:\/\/portaltela.pt\/noticias\/2026\/04\/22\/noite-de-festa-da-musica-portuguesa-realiza-se-hoje\/#breadcrumb","itemListElement":[{"@type":"ListItem","position":1,"name":"In\u00edcio","item":"https:\/\/portaltela.pt\/"},{"@type":"ListItem","position":2,"name":"Noite de festa da m\u00fasica portuguesa realiza-se hoje"}]},{"@type":"WebSite","@id":"https:\/\/portaltela.pt\/#website","url":"https:\/\/portaltela.pt\/","name":"Portal Tela Portugal","description":"","potentialAction":[{"@type":"SearchAction","target":{"@type":"EntryPoint","urlTemplate":"https:\/\/portaltela.pt\/?s={search_term_string}"},"query-input":{"@type":"PropertyValueSpecification","valueRequired":true,"valueName":"search_term_string"}}],"inLanguage":"pt-PT"},{"@type":"Person","@id":"https:\/\/portaltela.pt\/#\/schema\/person\/c4278d4a6028830caff9ee44b42d32ed","name":"Telinha","image":{"@type":"ImageObject","inLanguage":"pt-PT","@id":"https:\/\/portaltela.pt\/s.01k8rhncp4jt1\/2025\/11\/talking-bot-125x125.png","url":"https:\/\/portaltela.pt\/s.01k8rhncp4jt1\/2025\/11\/talking-bot-125x125.png","contentUrl":"https:\/\/portaltela.pt\/s.01k8rhncp4jt1\/2025\/11\/talking-bot-125x125.png","caption":"Telinha"},"sameAs":["https:\/\/portaltela.pt\/"],"url":"https:\/\/portaltela.pt\/por\/367410592786\/"}]}},"_links":{"self":[{"href":"https:\/\/portaltela.pt\/api\/wp\/v2\/posts\/455338","targetHints":{"allow":["GET"]}}],"collection":[{"href":"https:\/\/portaltela.pt\/api\/wp\/v2\/posts"}],"about":[{"href":"https:\/\/portaltela.pt\/api\/wp\/v2\/types\/post"}],"author":[{"embeddable":true,"href":"https:\/\/portaltela.pt\/api\/wp\/v2\/users\/2"}],"replies":[{"embeddable":true,"href":"https:\/\/portaltela.pt\/api\/wp\/v2\/comments?post=455338"}],"version-history":[{"count":0,"href":"https:\/\/portaltela.pt\/api\/wp\/v2\/posts\/455338\/revisions"}],"wp:featuredmedia":[{"embeddable":true,"href":"https:\/\/portaltela.pt\/api\/wp\/v2\/media\/455347"}],"wp:attachment":[{"href":"https:\/\/portaltela.pt\/api\/wp\/v2\/media?parent=455338"}],"wp:term":[{"taxonomy":"category","embeddable":true,"href":"https:\/\/portaltela.pt\/api\/wp\/v2\/categories?post=455338"},{"taxonomy":"post_tag","embeddable":true,"href":"https:\/\/portaltela.pt\/api\/wp\/v2\/tags?post=455338"}],"curies":[{"name":"wp","href":"https:\/\/api.w.org\/{rel}","templated":true}]}}