{"id":455250,"date":"2026-04-22T20:03:00","date_gmt":"2026-04-22T23:03:00","guid":{"rendered":"https:\/\/portaltela.pt\/noticias\/2026\/04\/22\/farioli-conduz-regresso-do-sporting-com-show-pirotecnico-dos-super-dragoes\/"},"modified":"2026-04-22T20:03:00","modified_gmt":"2026-04-22T23:03:00","slug":"farioli-conduz-regresso-do-sporting-com-show-pirotecnico-dos-super-dragoes","status":"publish","type":"post","link":"https:\/\/portaltela.pt\/desporto\/futebol\/2026\/04\/22\/farioli-conduz-regresso-do-sporting-com-show-pirotecnico-dos-super-dragoes\/","title":{"rendered":"Farioli conduz regresso do Sporting com show pirot\u00e9cnico dos Super Drag\u00f5es"},"content":{"rendered":"<p>O t\u00e9cnico Francesco Farioli, do FC Porto, comentou de forma ir\u00f3nica a respeito do espect\u00e1culo pirot\u00e9cnico protagonizado pelos Super Drag\u00f5es no in\u00edcio da segunda parte do cl\u00e1ssico frente ao Sporting, no Est\u00e1dio do Drag\u00e3o. O epis\u00f3dio aconteceu durante o encontro desta noite.<\/p>\n<p>Farioli afirmou que houve uma demora no regresso dos jogadores aos balne\u00e1rios, em ambos os est\u00e1dios, o que, na leitura do treinador, contribuiu para um tempo adicional que qualificou de excessivo. A situa\u00e7\u00e3o justificou-se pela demora de reentrada ap\u00f3s o intervalo.<\/p>\n<p>O encontro ocorreu no Drag\u00e3o, diante do Sporting, com a presen\u00e7a de adeptos que assistiram ao lance pirot\u00e9cnico. Segundo o t\u00e9cnico italiano, o facto de o regresso ter sido mais lento gerou consequ\u00eancias no tempo de jogo, que ter\u00e1 sido elongado consideravelmente.<\/p>\n","protected":false},"excerpt":{"rendered":"<ul>\n<li>Francesco Farioli, treinador do FC Porto, reagiu a ironia sobre o show pirot\u00e9cnico dos Super Drag\u00f5es no in\u00edcio da segunda parte do cl\u00e1ssico frente ao Sporting, no Est\u00e1dio do Drag\u00e3o.<\/li>\n<li>O t\u00e9cnico italiano afirmou que \u201ca eles, \u00e9-lhes permitido tudo\u201d e comentou demoras no regresso aos balne\u00e1rios.<\/li>\n<li>Farioli alegou que houve cerca de 44 minutos de tempo extra por atrasos, ocorridos tanto em Alvalade como no Drag\u00e3o.<\/li>\n<li>O epis\u00f3dio envolve manifesta\u00e7\u00f5es de adeptos e a gest\u00e3o de incidentes durante o d\u00e9rbi entre FC Porto e Sporting.<\/li>\n<\/ul>\n","protected":false},"author":2,"featured_media":455251,"comment_status":"closed","ping_status":"closed","sticky":false,"template":"","format":"standard","meta":{"footnotes":""},"categories":[21,24],"tags":[4946,2028,32,2294,1652],"class_list":["post-455250","post","type-post","status-publish","format-standard","has-post-thumbnail","hentry","category-desporto","category-futebol","tag-balnearios","tag-fc-porto","tag-futebol","tag-pirotecnia","tag-sporting"],"yoast_head":"<!-- This site is optimized with the Yoast SEO plugin v27.2 - https:\/\/yoast.com\/product\/yoast-seo-wordpress\/ -->\n<title>Farioli conduz regresso do Sporting com show pirot\u00e9cnico dos Super Drag\u00f5es - Portal Tela Portugal<\/title>\n<meta name=\"robots\" content=\"index, follow, max-snippet:-1, max-image-preview:large, max-video-preview:-1\" \/>\n<meta property=\"og:locale\" content=\"pt_PT\" \/>\n<meta property=\"og:type\" content=\"article\" \/>\n<meta property=\"og:title\" content=\"Farioli conduz regresso do Sporting com show pirot\u00e9cnico dos Super Drag\u00f5es - Portal Tela Portugal\" \/>\n<meta property=\"og:description\" content=\"Francesco Farioli, treinador do FC Porto, reagiu a ironia sobre o show pirot\u00e9cnico dos Super Drag\u00f5es no in\u00edcio da segunda parte do cl\u00e1ssico frente ao Sporting, no Est\u00e1dio do Drag\u00e3o. O t\u00e9cnico italiano afirmou que \u201ca eles, \u00e9-lhes permitido tudo\u201d e comentou demoras no regresso aos balne\u00e1rios. Farioli alegou que houve cerca de 44 minutos de tempo extra por atrasos, ocorridos tanto em Alvalade como no Drag\u00e3o. O epis\u00f3dio envolve manifesta\u00e7\u00f5es de adeptos e a gest\u00e3o de incidentes durante o d\u00e9rbi entre FC Porto e Sporting.\" \/>\n<meta property=\"og:url\" content=\"https:\/\/portaltela.pt\/noticias\/2026\/04\/22\/farioli-conduz-regresso-do-sporting-com-show-pirotecnico-dos-super-dragoes\/\" \/>\n<meta property=\"og:site_name\" content=\"Portal Tela Portugal\" \/>\n<meta property=\"article:published_time\" content=\"2026-04-22T23:03:00+00:00\" \/>\n<meta name=\"author\" content=\"Telinha\" \/>\n<meta name=\"twitter:card\" content=\"summary_large_image\" \/>\n<meta name=\"twitter:label1\" content=\"Escrito por\" \/>\n\t<meta name=\"twitter:data1\" content=\"Telinha\" \/>\n\t<meta name=\"twitter:label2\" content=\"Tempo estimado de leitura\" \/>\n\t<meta name=\"twitter:data2\" content=\"1 minuto\" \/>\n<script type=\"application\/ld+json\" class=\"yoast-schema-graph\">{\"@context\":\"https:\/\/schema.org\",\"@graph\":[{\"@type\":\"Article\",\"@id\":\"https:\/\/portaltela.pt\/noticias\/2026\/04\/22\/farioli-conduz-regresso-do-sporting-com-show-pirotecnico-dos-super-dragoes\/#article\",\"isPartOf\":{\"@id\":\"https:\/\/portaltela.pt\/noticias\/2026\/04\/22\/farioli-conduz-regresso-do-sporting-com-show-pirotecnico-dos-super-dragoes\/\"},\"author\":{\"name\":\"Telinha\",\"@id\":\"https:\/\/portaltela.pt\/#\/schema\/person\/c4278d4a6028830caff9ee44b42d32ed\"},\"headline\":\"Farioli conduz regresso do Sporting com show pirot\u00e9cnico dos Super Drag\u00f5es\",\"datePublished\":\"2026-04-22T23:03:00+00:00\",\"mainEntityOfPage\":{\"@id\":\"https:\/\/portaltela.pt\/noticias\/2026\/04\/22\/farioli-conduz-regresso-do-sporting-com-show-pirotecnico-dos-super-dragoes\/\"},\"wordCount\":157,\"image\":{\"@id\":\"https:\/\/portaltela.pt\/noticias\/2026\/04\/22\/farioli-conduz-regresso-do-sporting-com-show-pirotecnico-dos-super-dragoes\/#primaryimage\"},\"thumbnailUrl\":\"https:\/\/portaltela.pt\/s.01k8rhncp4jt1\/2026\/04\/img_1200x721uu2026-04-22-23-40-12-2434798.jpg\",\"keywords\":[\"balne\u00e1rios\",\"FC Porto\",\"futebol\",\"pirotecnia\",\"Sporting\"],\"articleSection\":[\"Desporto\",\"Futebol\"],\"inLanguage\":\"pt-PT\"},{\"@type\":\"WebPage\",\"@id\":\"https:\/\/portaltela.pt\/noticias\/2026\/04\/22\/farioli-conduz-regresso-do-sporting-com-show-pirotecnico-dos-super-dragoes\/\",\"url\":\"https:\/\/portaltela.pt\/noticias\/2026\/04\/22\/farioli-conduz-regresso-do-sporting-com-show-pirotecnico-dos-super-dragoes\/\",\"name\":\"Farioli conduz regresso do Sporting com show pirot\u00e9cnico dos Super Drag\u00f5es - Portal Tela Portugal\",\"isPartOf\":{\"@id\":\"https:\/\/portaltela.pt\/#website\"},\"primaryImageOfPage\":{\"@id\":\"https:\/\/portaltela.pt\/noticias\/2026\/04\/22\/farioli-conduz-regresso-do-sporting-com-show-pirotecnico-dos-super-dragoes\/#primaryimage\"},\"image\":{\"@id\":\"https:\/\/portaltela.pt\/noticias\/2026\/04\/22\/farioli-conduz-regresso-do-sporting-com-show-pirotecnico-dos-super-dragoes\/#primaryimage\"},\"thumbnailUrl\":\"https:\/\/portaltela.pt\/s.01k8rhncp4jt1\/2026\/04\/img_1200x721uu2026-04-22-23-40-12-2434798.jpg\",\"datePublished\":\"2026-04-22T23:03:00+00:00\",\"author\":{\"@id\":\"https:\/\/portaltela.pt\/#\/schema\/person\/c4278d4a6028830caff9ee44b42d32ed\"},\"breadcrumb\":{\"@id\":\"https:\/\/portaltela.pt\/noticias\/2026\/04\/22\/farioli-conduz-regresso-do-sporting-com-show-pirotecnico-dos-super-dragoes\/#breadcrumb\"},\"inLanguage\":\"pt-PT\",\"potentialAction\":[{\"@type\":\"ReadAction\",\"target\":[\"https:\/\/portaltela.pt\/noticias\/2026\/04\/22\/farioli-conduz-regresso-do-sporting-com-show-pirotecnico-dos-super-dragoes\/\"]}]},{\"@type\":\"ImageObject\",\"inLanguage\":\"pt-PT\",\"@id\":\"https:\/\/portaltela.pt\/noticias\/2026\/04\/22\/farioli-conduz-regresso-do-sporting-com-show-pirotecnico-dos-super-dragoes\/#primaryimage\",\"url\":\"https:\/\/portaltela.pt\/s.01k8rhncp4jt1\/2026\/04\/img_1200x721uu2026-04-22-23-40-12-2434798.jpg\",\"contentUrl\":\"https:\/\/portaltela.pt\/s.01k8rhncp4jt1\/2026\/04\/img_1200x721uu2026-04-22-23-40-12-2434798.jpg\",\"width\":796,\"height\":448,\"caption\":\"\u00abAdeptos festejaram o regresso do Sporting\u00bb: Farioli e o 'show' pirot\u00e9cnico dos Super Drag\u00f5es no in\u00edcio da 2.\u00aa parte\"},{\"@type\":\"BreadcrumbList\",\"@id\":\"https:\/\/portaltela.pt\/noticias\/2026\/04\/22\/farioli-conduz-regresso-do-sporting-com-show-pirotecnico-dos-super-dragoes\/#breadcrumb\",\"itemListElement\":[{\"@type\":\"ListItem\",\"position\":1,\"name\":\"In\u00edcio\",\"item\":\"https:\/\/portaltela.pt\/\"},{\"@type\":\"ListItem\",\"position\":2,\"name\":\"Farioli conduz regresso do Sporting com show pirot\u00e9cnico dos Super Drag\u00f5es\"}]},{\"@type\":\"WebSite\",\"@id\":\"https:\/\/portaltela.pt\/#website\",\"url\":\"https:\/\/portaltela.pt\/\",\"name\":\"Portal Tela Portugal\",\"description\":\"\",\"potentialAction\":[{\"@type\":\"SearchAction\",\"target\":{\"@type\":\"EntryPoint\",\"urlTemplate\":\"https:\/\/portaltela.pt\/?s={search_term_string}\"},\"query-input\":{\"@type\":\"PropertyValueSpecification\",\"valueRequired\":true,\"valueName\":\"search_term_string\"}}],\"inLanguage\":\"pt-PT\"},{\"@type\":\"Person\",\"@id\":\"https:\/\/portaltela.pt\/#\/schema\/person\/c4278d4a6028830caff9ee44b42d32ed\",\"name\":\"Telinha\",\"image\":{\"@type\":\"ImageObject\",\"inLanguage\":\"pt-PT\",\"@id\":\"https:\/\/portaltela.pt\/s.01k8rhncp4jt1\/2025\/11\/talking-bot-125x125.png\",\"url\":\"https:\/\/portaltela.pt\/s.01k8rhncp4jt1\/2025\/11\/talking-bot-125x125.png\",\"contentUrl\":\"https:\/\/portaltela.pt\/s.01k8rhncp4jt1\/2025\/11\/talking-bot-125x125.png\",\"caption\":\"Telinha\"},\"sameAs\":[\"https:\/\/portaltela.pt\/\"],\"url\":\"https:\/\/portaltela.pt\/por\/367410592786\/\"}]}<\/script>\n<!-- \/ Yoast SEO plugin. -->","yoast_head_json":{"title":"Farioli conduz regresso do Sporting com show pirot\u00e9cnico dos Super Drag\u00f5es - Portal Tela Portugal","robots":{"index":"index","follow":"follow","max-snippet":"max-snippet:-1","max-image-preview":"max-image-preview:large","max-video-preview":"max-video-preview:-1"},"og_locale":"pt_PT","og_type":"article","og_title":"Farioli conduz regresso do Sporting com show pirot\u00e9cnico dos Super Drag\u00f5es - Portal Tela Portugal","og_description":"Francesco Farioli, treinador do FC Porto, reagiu a ironia sobre o show pirot\u00e9cnico dos Super Drag\u00f5es no in\u00edcio da segunda parte do cl\u00e1ssico frente ao Sporting, no Est\u00e1dio do Drag\u00e3o. O t\u00e9cnico italiano afirmou que \u201ca eles, \u00e9-lhes permitido tudo\u201d e comentou demoras no regresso aos balne\u00e1rios. Farioli alegou que houve cerca de 44 minutos de tempo extra por atrasos, ocorridos tanto em Alvalade como no Drag\u00e3o. O epis\u00f3dio envolve manifesta\u00e7\u00f5es de adeptos e a gest\u00e3o de incidentes durante o d\u00e9rbi entre FC Porto e Sporting.","og_url":"https:\/\/portaltela.pt\/noticias\/2026\/04\/22\/farioli-conduz-regresso-do-sporting-com-show-pirotecnico-dos-super-dragoes\/","og_site_name":"Portal Tela Portugal","article_published_time":"2026-04-22T23:03:00+00:00","author":"Telinha","twitter_card":"summary_large_image","twitter_misc":{"Escrito por":"Telinha","Tempo estimado de leitura":"1 minuto"},"schema":{"@context":"https:\/\/schema.org","@graph":[{"@type":"Article","@id":"https:\/\/portaltela.pt\/noticias\/2026\/04\/22\/farioli-conduz-regresso-do-sporting-com-show-pirotecnico-dos-super-dragoes\/#article","isPartOf":{"@id":"https:\/\/portaltela.pt\/noticias\/2026\/04\/22\/farioli-conduz-regresso-do-sporting-com-show-pirotecnico-dos-super-dragoes\/"},"author":{"name":"Telinha","@id":"https:\/\/portaltela.pt\/#\/schema\/person\/c4278d4a6028830caff9ee44b42d32ed"},"headline":"Farioli conduz regresso do Sporting com show pirot\u00e9cnico dos Super Drag\u00f5es","datePublished":"2026-04-22T23:03:00+00:00","mainEntityOfPage":{"@id":"https:\/\/portaltela.pt\/noticias\/2026\/04\/22\/farioli-conduz-regresso-do-sporting-com-show-pirotecnico-dos-super-dragoes\/"},"wordCount":157,"image":{"@id":"https:\/\/portaltela.pt\/noticias\/2026\/04\/22\/farioli-conduz-regresso-do-sporting-com-show-pirotecnico-dos-super-dragoes\/#primaryimage"},"thumbnailUrl":"https:\/\/portaltela.pt\/s.01k8rhncp4jt1\/2026\/04\/img_1200x721uu2026-04-22-23-40-12-2434798.jpg","keywords":["balne\u00e1rios","FC Porto","futebol","pirotecnia","Sporting"],"articleSection":["Desporto","Futebol"],"inLanguage":"pt-PT"},{"@type":"WebPage","@id":"https:\/\/portaltela.pt\/noticias\/2026\/04\/22\/farioli-conduz-regresso-do-sporting-com-show-pirotecnico-dos-super-dragoes\/","url":"https:\/\/portaltela.pt\/noticias\/2026\/04\/22\/farioli-conduz-regresso-do-sporting-com-show-pirotecnico-dos-super-dragoes\/","name":"Farioli conduz regresso do Sporting com show pirot\u00e9cnico dos Super Drag\u00f5es - Portal Tela Portugal","isPartOf":{"@id":"https:\/\/portaltela.pt\/#website"},"primaryImageOfPage":{"@id":"https:\/\/portaltela.pt\/noticias\/2026\/04\/22\/farioli-conduz-regresso-do-sporting-com-show-pirotecnico-dos-super-dragoes\/#primaryimage"},"image":{"@id":"https:\/\/portaltela.pt\/noticias\/2026\/04\/22\/farioli-conduz-regresso-do-sporting-com-show-pirotecnico-dos-super-dragoes\/#primaryimage"},"thumbnailUrl":"https:\/\/portaltela.pt\/s.01k8rhncp4jt1\/2026\/04\/img_1200x721uu2026-04-22-23-40-12-2434798.jpg","datePublished":"2026-04-22T23:03:00+00:00","author":{"@id":"https:\/\/portaltela.pt\/#\/schema\/person\/c4278d4a6028830caff9ee44b42d32ed"},"breadcrumb":{"@id":"https:\/\/portaltela.pt\/noticias\/2026\/04\/22\/farioli-conduz-regresso-do-sporting-com-show-pirotecnico-dos-super-dragoes\/#breadcrumb"},"inLanguage":"pt-PT","potentialAction":[{"@type":"ReadAction","target":["https:\/\/portaltela.pt\/noticias\/2026\/04\/22\/farioli-conduz-regresso-do-sporting-com-show-pirotecnico-dos-super-dragoes\/"]}]},{"@type":"ImageObject","inLanguage":"pt-PT","@id":"https:\/\/portaltela.pt\/noticias\/2026\/04\/22\/farioli-conduz-regresso-do-sporting-com-show-pirotecnico-dos-super-dragoes\/#primaryimage","url":"https:\/\/portaltela.pt\/s.01k8rhncp4jt1\/2026\/04\/img_1200x721uu2026-04-22-23-40-12-2434798.jpg","contentUrl":"https:\/\/portaltela.pt\/s.01k8rhncp4jt1\/2026\/04\/img_1200x721uu2026-04-22-23-40-12-2434798.jpg","width":796,"height":448,"caption":"\u00abAdeptos festejaram o regresso do Sporting\u00bb: Farioli e o 'show' pirot\u00e9cnico dos Super Drag\u00f5es no in\u00edcio da 2.\u00aa parte"},{"@type":"BreadcrumbList","@id":"https:\/\/portaltela.pt\/noticias\/2026\/04\/22\/farioli-conduz-regresso-do-sporting-com-show-pirotecnico-dos-super-dragoes\/#breadcrumb","itemListElement":[{"@type":"ListItem","position":1,"name":"In\u00edcio","item":"https:\/\/portaltela.pt\/"},{"@type":"ListItem","position":2,"name":"Farioli conduz regresso do Sporting com show pirot\u00e9cnico dos Super Drag\u00f5es"}]},{"@type":"WebSite","@id":"https:\/\/portaltela.pt\/#website","url":"https:\/\/portaltela.pt\/","name":"Portal Tela Portugal","description":"","potentialAction":[{"@type":"SearchAction","target":{"@type":"EntryPoint","urlTemplate":"https:\/\/portaltela.pt\/?s={search_term_string}"},"query-input":{"@type":"PropertyValueSpecification","valueRequired":true,"valueName":"search_term_string"}}],"inLanguage":"pt-PT"},{"@type":"Person","@id":"https:\/\/portaltela.pt\/#\/schema\/person\/c4278d4a6028830caff9ee44b42d32ed","name":"Telinha","image":{"@type":"ImageObject","inLanguage":"pt-PT","@id":"https:\/\/portaltela.pt\/s.01k8rhncp4jt1\/2025\/11\/talking-bot-125x125.png","url":"https:\/\/portaltela.pt\/s.01k8rhncp4jt1\/2025\/11\/talking-bot-125x125.png","contentUrl":"https:\/\/portaltela.pt\/s.01k8rhncp4jt1\/2025\/11\/talking-bot-125x125.png","caption":"Telinha"},"sameAs":["https:\/\/portaltela.pt\/"],"url":"https:\/\/portaltela.pt\/por\/367410592786\/"}]}},"_links":{"self":[{"href":"https:\/\/portaltela.pt\/api\/wp\/v2\/posts\/455250","targetHints":{"allow":["GET"]}}],"collection":[{"href":"https:\/\/portaltela.pt\/api\/wp\/v2\/posts"}],"about":[{"href":"https:\/\/portaltela.pt\/api\/wp\/v2\/types\/post"}],"author":[{"embeddable":true,"href":"https:\/\/portaltela.pt\/api\/wp\/v2\/users\/2"}],"replies":[{"embeddable":true,"href":"https:\/\/portaltela.pt\/api\/wp\/v2\/comments?post=455250"}],"version-history":[{"count":0,"href":"https:\/\/portaltela.pt\/api\/wp\/v2\/posts\/455250\/revisions"}],"wp:featuredmedia":[{"embeddable":true,"href":"https:\/\/portaltela.pt\/api\/wp\/v2\/media\/455251"}],"wp:attachment":[{"href":"https:\/\/portaltela.pt\/api\/wp\/v2\/media?parent=455250"}],"wp:term":[{"taxonomy":"category","embeddable":true,"href":"https:\/\/portaltela.pt\/api\/wp\/v2\/categories?post=455250"},{"taxonomy":"post_tag","embeddable":true,"href":"https:\/\/portaltela.pt\/api\/wp\/v2\/tags?post=455250"}],"curies":[{"name":"wp","href":"https:\/\/api.w.org\/{rel}","templated":true}]}}