{"id":455202,"date":"2026-04-22T19:03:17","date_gmt":"2026-04-22T22:03:17","guid":{"rendered":"https:\/\/portaltela.pt\/noticias\/2026\/04\/22\/cristiano-ronaldo-da-exemplo-a-defesa-ha-quem-o-compare-a-maldini\/"},"modified":"2026-04-22T19:03:17","modified_gmt":"2026-04-22T22:03:17","slug":"cristiano-ronaldo-da-exemplo-a-defesa-ha-quem-o-compare-a-maldini","status":"publish","type":"post","link":"https:\/\/portaltela.pt\/desporto\/futebol\/2026\/04\/22\/cristiano-ronaldo-da-exemplo-a-defesa-ha-quem-o-compare-a-maldini\/","title":{"rendered":"Cristiano Ronaldo d\u00e1 exemplo \u00e0 defesa; h\u00e1 quem o compare a Maldini"},"content":{"rendered":"<p>Durante a meia-final da Champions 2 da \u00c1sia, o Al Nassr venceu por 5-1, num jogo em que Cristiano Ronaldo n\u00e3o marcou golo. Ainda assim, o internacional portugu\u00eas ficou em evid\u00eancia pela atitude defensiva, ao perseguir o advers\u00e1rio ap\u00f3s uma perda de bola e realizar um carrinho para recuperar o lance.<\/p>\n<p>O gesto de Ronaldo gerou v\u00e1rias aten\u00e7\u00f5es entre adeptos e comentadores. O avan\u00e7ado, de 41 anos, foi elogiado pela dedica\u00e7\u00e3o com que procurou recuperar a posse de bola, mesmo num encontro j\u00e1 resolvido a favor da sua equipa.<\/p>\n<h3>Rea\u00e7\u00e3o online e compara\u00e7\u00e3o com Maldini<\/h3>\n<p>Nas redes sociais, o momento tem sido amplamente partilhado, com muitos f\u00e3s a comparar a lideran\u00e7a demonstrada por Ronaldo a antigos exemplos de personalidade dentro do futebol, referindo-se ao legado de Maldini no Milan.<\/p>\n<p>A performance de Ronaldo, embora sem golos, foi interpretada como demonstra\u00e7\u00e3o de compromisso defensivo e cultivo de esp\u00edrito de equipa, caracter\u00edsticas valorizadas na fase de competi\u00e7\u00e3o em que o Al Nassr est\u00e1 inserido.<\/p>\n","protected":false},"excerpt":{"rendered":"<ul>\n<li>Na meia-final da Champions 2 da \u00c1sia, o Al Nassr venceu por 5-1, com Cristiano Ronaldo a n\u00e3o marcar golo.<\/li>\n<li>Ronaldo, ap\u00f3s uma recupera\u00e7\u00e3o de bola, perseguiu o advers\u00e1rio para recuperar a posse e realizou um carrinho.<\/li>\n<li>O momento tem ganhado grande divulga\u00e7\u00e3o nas redes sociais, com adeptos a elogiar a atitude de lideran\u00e7a do jogador.<\/li>\n<li>Muitos f\u00e3s comparam Ronaldo a Paolo Maldini, referindo-se \u00e0 postura exemplar aos 41 anos.<\/li>\n<li>O foco recai na lideran\u00e7a demonstrada, em oposi\u00e7\u00e3o ao contributo goleador na partida.<\/li>\n<\/ul>\n","protected":false},"author":2,"featured_media":455206,"comment_status":"closed","ping_status":"closed","sticky":false,"template":"","format":"standard","meta":{"footnotes":""},"categories":[21,24],"tags":[5342,3577,1947,6574,32,6802],"class_list":["post-455202","post","type-post","status-publish","format-standard","has-post-thumbnail","hentry","category-desporto","category-futebol","tag-asia","tag-champions-league","tag-cristiano-ronaldo","tag-defesa","tag-futebol","tag-lideranca"],"yoast_head":"<!-- This site is optimized with the Yoast SEO plugin v27.2 - https:\/\/yoast.com\/product\/yoast-seo-wordpress\/ -->\n<title>Cristiano Ronaldo d\u00e1 exemplo \u00e0 defesa; h\u00e1 quem o compare a Maldini - Portal Tela Portugal<\/title>\n<meta name=\"robots\" content=\"index, follow, max-snippet:-1, max-image-preview:large, max-video-preview:-1\" \/>\n<meta property=\"og:locale\" content=\"pt_PT\" \/>\n<meta property=\"og:type\" content=\"article\" \/>\n<meta property=\"og:title\" content=\"Cristiano Ronaldo d\u00e1 exemplo \u00e0 defesa; h\u00e1 quem o compare a Maldini - Portal Tela Portugal\" \/>\n<meta property=\"og:description\" content=\"Na meia-final da Champions 2 da \u00c1sia, o Al Nassr venceu por 5-1, com Cristiano Ronaldo a n\u00e3o marcar golo. Ronaldo, ap\u00f3s uma recupera\u00e7\u00e3o de bola, perseguiu o advers\u00e1rio para recuperar a posse e realizou um carrinho. O momento tem ganhado grande divulga\u00e7\u00e3o nas redes sociais, com adeptos a elogiar a atitude de lideran\u00e7a do jogador. Muitos f\u00e3s comparam Ronaldo a Paolo Maldini, referindo-se \u00e0 postura exemplar aos 41 anos. O foco recai na lideran\u00e7a demonstrada, em oposi\u00e7\u00e3o ao contributo goleador na partida.\" \/>\n<meta property=\"og:url\" content=\"https:\/\/portaltela.pt\/noticias\/2026\/04\/22\/cristiano-ronaldo-da-exemplo-a-defesa-ha-quem-o-compare-a-maldini\/\" \/>\n<meta property=\"og:site_name\" content=\"Portal Tela Portugal\" \/>\n<meta property=\"article:published_time\" content=\"2026-04-22T22:03:17+00:00\" \/>\n<meta name=\"author\" content=\"Telinha\" \/>\n<meta name=\"twitter:card\" content=\"summary_large_image\" \/>\n<meta name=\"twitter:label1\" content=\"Escrito por\" \/>\n\t<meta name=\"twitter:data1\" content=\"Telinha\" \/>\n\t<meta name=\"twitter:label2\" content=\"Tempo estimado de leitura\" \/>\n\t<meta name=\"twitter:data2\" content=\"1 minuto\" \/>\n<script type=\"application\/ld+json\" class=\"yoast-schema-graph\">{\"@context\":\"https:\/\/schema.org\",\"@graph\":[{\"@type\":\"Article\",\"@id\":\"https:\/\/portaltela.pt\/noticias\/2026\/04\/22\/cristiano-ronaldo-da-exemplo-a-defesa-ha-quem-o-compare-a-maldini\/#article\",\"isPartOf\":{\"@id\":\"https:\/\/portaltela.pt\/noticias\/2026\/04\/22\/cristiano-ronaldo-da-exemplo-a-defesa-ha-quem-o-compare-a-maldini\/\"},\"author\":{\"name\":\"Telinha\",\"@id\":\"https:\/\/portaltela.pt\/#\/schema\/person\/c4278d4a6028830caff9ee44b42d32ed\"},\"headline\":\"Cristiano Ronaldo d\u00e1 exemplo \u00e0 defesa; h\u00e1 quem o compare a Maldini\",\"datePublished\":\"2026-04-22T22:03:17+00:00\",\"mainEntityOfPage\":{\"@id\":\"https:\/\/portaltela.pt\/noticias\/2026\/04\/22\/cristiano-ronaldo-da-exemplo-a-defesa-ha-quem-o-compare-a-maldini\/\"},\"wordCount\":188,\"image\":{\"@id\":\"https:\/\/portaltela.pt\/noticias\/2026\/04\/22\/cristiano-ronaldo-da-exemplo-a-defesa-ha-quem-o-compare-a-maldini\/#primaryimage\"},\"thumbnailUrl\":\"https:\/\/portaltela.pt\/s.01k8rhncp4jt1\/2026\/04\/img_1200x721uu2026-04-22-22-45-33-2434778.jpg\",\"keywords\":[\"\u00c1sia\",\"Champions League\",\"Cristiano Ronaldo\",\"defesa\",\"futebol\",\"lideran\u00e7a\"],\"articleSection\":[\"Desporto\",\"Futebol\"],\"inLanguage\":\"pt-PT\"},{\"@type\":\"WebPage\",\"@id\":\"https:\/\/portaltela.pt\/noticias\/2026\/04\/22\/cristiano-ronaldo-da-exemplo-a-defesa-ha-quem-o-compare-a-maldini\/\",\"url\":\"https:\/\/portaltela.pt\/noticias\/2026\/04\/22\/cristiano-ronaldo-da-exemplo-a-defesa-ha-quem-o-compare-a-maldini\/\",\"name\":\"Cristiano Ronaldo d\u00e1 exemplo \u00e0 defesa; h\u00e1 quem o compare a Maldini - Portal Tela Portugal\",\"isPartOf\":{\"@id\":\"https:\/\/portaltela.pt\/#website\"},\"primaryImageOfPage\":{\"@id\":\"https:\/\/portaltela.pt\/noticias\/2026\/04\/22\/cristiano-ronaldo-da-exemplo-a-defesa-ha-quem-o-compare-a-maldini\/#primaryimage\"},\"image\":{\"@id\":\"https:\/\/portaltela.pt\/noticias\/2026\/04\/22\/cristiano-ronaldo-da-exemplo-a-defesa-ha-quem-o-compare-a-maldini\/#primaryimage\"},\"thumbnailUrl\":\"https:\/\/portaltela.pt\/s.01k8rhncp4jt1\/2026\/04\/img_1200x721uu2026-04-22-22-45-33-2434778.jpg\",\"datePublished\":\"2026-04-22T22:03:17+00:00\",\"author\":{\"@id\":\"https:\/\/portaltela.pt\/#\/schema\/person\/c4278d4a6028830caff9ee44b42d32ed\"},\"breadcrumb\":{\"@id\":\"https:\/\/portaltela.pt\/noticias\/2026\/04\/22\/cristiano-ronaldo-da-exemplo-a-defesa-ha-quem-o-compare-a-maldini\/#breadcrumb\"},\"inLanguage\":\"pt-PT\",\"potentialAction\":[{\"@type\":\"ReadAction\",\"target\":[\"https:\/\/portaltela.pt\/noticias\/2026\/04\/22\/cristiano-ronaldo-da-exemplo-a-defesa-ha-quem-o-compare-a-maldini\/\"]}]},{\"@type\":\"ImageObject\",\"inLanguage\":\"pt-PT\",\"@id\":\"https:\/\/portaltela.pt\/noticias\/2026\/04\/22\/cristiano-ronaldo-da-exemplo-a-defesa-ha-quem-o-compare-a-maldini\/#primaryimage\",\"url\":\"https:\/\/portaltela.pt\/s.01k8rhncp4jt1\/2026\/04\/img_1200x721uu2026-04-22-22-45-33-2434778.jpg\",\"contentUrl\":\"https:\/\/portaltela.pt\/s.01k8rhncp4jt1\/2026\/04\/img_1200x721uu2026-04-22-22-45-33-2434778.jpg\",\"width\":796,\"height\":448,\"caption\":\"Momento da meia-final da Champions 2 da \u00c1sia tem sido muito partilhado nas redes sociais\"},{\"@type\":\"BreadcrumbList\",\"@id\":\"https:\/\/portaltela.pt\/noticias\/2026\/04\/22\/cristiano-ronaldo-da-exemplo-a-defesa-ha-quem-o-compare-a-maldini\/#breadcrumb\",\"itemListElement\":[{\"@type\":\"ListItem\",\"position\":1,\"name\":\"In\u00edcio\",\"item\":\"https:\/\/portaltela.pt\/\"},{\"@type\":\"ListItem\",\"position\":2,\"name\":\"Cristiano Ronaldo d\u00e1 exemplo \u00e0 defesa; h\u00e1 quem o compare a Maldini\"}]},{\"@type\":\"WebSite\",\"@id\":\"https:\/\/portaltela.pt\/#website\",\"url\":\"https:\/\/portaltela.pt\/\",\"name\":\"Portal Tela Portugal\",\"description\":\"\",\"potentialAction\":[{\"@type\":\"SearchAction\",\"target\":{\"@type\":\"EntryPoint\",\"urlTemplate\":\"https:\/\/portaltela.pt\/?s={search_term_string}\"},\"query-input\":{\"@type\":\"PropertyValueSpecification\",\"valueRequired\":true,\"valueName\":\"search_term_string\"}}],\"inLanguage\":\"pt-PT\"},{\"@type\":\"Person\",\"@id\":\"https:\/\/portaltela.pt\/#\/schema\/person\/c4278d4a6028830caff9ee44b42d32ed\",\"name\":\"Telinha\",\"image\":{\"@type\":\"ImageObject\",\"inLanguage\":\"pt-PT\",\"@id\":\"https:\/\/portaltela.pt\/s.01k8rhncp4jt1\/2025\/11\/talking-bot-125x125.png\",\"url\":\"https:\/\/portaltela.pt\/s.01k8rhncp4jt1\/2025\/11\/talking-bot-125x125.png\",\"contentUrl\":\"https:\/\/portaltela.pt\/s.01k8rhncp4jt1\/2025\/11\/talking-bot-125x125.png\",\"caption\":\"Telinha\"},\"sameAs\":[\"https:\/\/portaltela.pt\/\"],\"url\":\"https:\/\/portaltela.pt\/por\/367410592786\/\"}]}<\/script>\n<!-- \/ Yoast SEO plugin. -->","yoast_head_json":{"title":"Cristiano Ronaldo d\u00e1 exemplo \u00e0 defesa; h\u00e1 quem o compare a Maldini - Portal Tela Portugal","robots":{"index":"index","follow":"follow","max-snippet":"max-snippet:-1","max-image-preview":"max-image-preview:large","max-video-preview":"max-video-preview:-1"},"og_locale":"pt_PT","og_type":"article","og_title":"Cristiano Ronaldo d\u00e1 exemplo \u00e0 defesa; h\u00e1 quem o compare a Maldini - Portal Tela Portugal","og_description":"Na meia-final da Champions 2 da \u00c1sia, o Al Nassr venceu por 5-1, com Cristiano Ronaldo a n\u00e3o marcar golo. Ronaldo, ap\u00f3s uma recupera\u00e7\u00e3o de bola, perseguiu o advers\u00e1rio para recuperar a posse e realizou um carrinho. O momento tem ganhado grande divulga\u00e7\u00e3o nas redes sociais, com adeptos a elogiar a atitude de lideran\u00e7a do jogador. Muitos f\u00e3s comparam Ronaldo a Paolo Maldini, referindo-se \u00e0 postura exemplar aos 41 anos. O foco recai na lideran\u00e7a demonstrada, em oposi\u00e7\u00e3o ao contributo goleador na partida.","og_url":"https:\/\/portaltela.pt\/noticias\/2026\/04\/22\/cristiano-ronaldo-da-exemplo-a-defesa-ha-quem-o-compare-a-maldini\/","og_site_name":"Portal Tela Portugal","article_published_time":"2026-04-22T22:03:17+00:00","author":"Telinha","twitter_card":"summary_large_image","twitter_misc":{"Escrito por":"Telinha","Tempo estimado de leitura":"1 minuto"},"schema":{"@context":"https:\/\/schema.org","@graph":[{"@type":"Article","@id":"https:\/\/portaltela.pt\/noticias\/2026\/04\/22\/cristiano-ronaldo-da-exemplo-a-defesa-ha-quem-o-compare-a-maldini\/#article","isPartOf":{"@id":"https:\/\/portaltela.pt\/noticias\/2026\/04\/22\/cristiano-ronaldo-da-exemplo-a-defesa-ha-quem-o-compare-a-maldini\/"},"author":{"name":"Telinha","@id":"https:\/\/portaltela.pt\/#\/schema\/person\/c4278d4a6028830caff9ee44b42d32ed"},"headline":"Cristiano Ronaldo d\u00e1 exemplo \u00e0 defesa; h\u00e1 quem o compare a Maldini","datePublished":"2026-04-22T22:03:17+00:00","mainEntityOfPage":{"@id":"https:\/\/portaltela.pt\/noticias\/2026\/04\/22\/cristiano-ronaldo-da-exemplo-a-defesa-ha-quem-o-compare-a-maldini\/"},"wordCount":188,"image":{"@id":"https:\/\/portaltela.pt\/noticias\/2026\/04\/22\/cristiano-ronaldo-da-exemplo-a-defesa-ha-quem-o-compare-a-maldini\/#primaryimage"},"thumbnailUrl":"https:\/\/portaltela.pt\/s.01k8rhncp4jt1\/2026\/04\/img_1200x721uu2026-04-22-22-45-33-2434778.jpg","keywords":["\u00c1sia","Champions League","Cristiano Ronaldo","defesa","futebol","lideran\u00e7a"],"articleSection":["Desporto","Futebol"],"inLanguage":"pt-PT"},{"@type":"WebPage","@id":"https:\/\/portaltela.pt\/noticias\/2026\/04\/22\/cristiano-ronaldo-da-exemplo-a-defesa-ha-quem-o-compare-a-maldini\/","url":"https:\/\/portaltela.pt\/noticias\/2026\/04\/22\/cristiano-ronaldo-da-exemplo-a-defesa-ha-quem-o-compare-a-maldini\/","name":"Cristiano Ronaldo d\u00e1 exemplo \u00e0 defesa; h\u00e1 quem o compare a Maldini - Portal Tela Portugal","isPartOf":{"@id":"https:\/\/portaltela.pt\/#website"},"primaryImageOfPage":{"@id":"https:\/\/portaltela.pt\/noticias\/2026\/04\/22\/cristiano-ronaldo-da-exemplo-a-defesa-ha-quem-o-compare-a-maldini\/#primaryimage"},"image":{"@id":"https:\/\/portaltela.pt\/noticias\/2026\/04\/22\/cristiano-ronaldo-da-exemplo-a-defesa-ha-quem-o-compare-a-maldini\/#primaryimage"},"thumbnailUrl":"https:\/\/portaltela.pt\/s.01k8rhncp4jt1\/2026\/04\/img_1200x721uu2026-04-22-22-45-33-2434778.jpg","datePublished":"2026-04-22T22:03:17+00:00","author":{"@id":"https:\/\/portaltela.pt\/#\/schema\/person\/c4278d4a6028830caff9ee44b42d32ed"},"breadcrumb":{"@id":"https:\/\/portaltela.pt\/noticias\/2026\/04\/22\/cristiano-ronaldo-da-exemplo-a-defesa-ha-quem-o-compare-a-maldini\/#breadcrumb"},"inLanguage":"pt-PT","potentialAction":[{"@type":"ReadAction","target":["https:\/\/portaltela.pt\/noticias\/2026\/04\/22\/cristiano-ronaldo-da-exemplo-a-defesa-ha-quem-o-compare-a-maldini\/"]}]},{"@type":"ImageObject","inLanguage":"pt-PT","@id":"https:\/\/portaltela.pt\/noticias\/2026\/04\/22\/cristiano-ronaldo-da-exemplo-a-defesa-ha-quem-o-compare-a-maldini\/#primaryimage","url":"https:\/\/portaltela.pt\/s.01k8rhncp4jt1\/2026\/04\/img_1200x721uu2026-04-22-22-45-33-2434778.jpg","contentUrl":"https:\/\/portaltela.pt\/s.01k8rhncp4jt1\/2026\/04\/img_1200x721uu2026-04-22-22-45-33-2434778.jpg","width":796,"height":448,"caption":"Momento da meia-final da Champions 2 da \u00c1sia tem sido muito partilhado nas redes sociais"},{"@type":"BreadcrumbList","@id":"https:\/\/portaltela.pt\/noticias\/2026\/04\/22\/cristiano-ronaldo-da-exemplo-a-defesa-ha-quem-o-compare-a-maldini\/#breadcrumb","itemListElement":[{"@type":"ListItem","position":1,"name":"In\u00edcio","item":"https:\/\/portaltela.pt\/"},{"@type":"ListItem","position":2,"name":"Cristiano Ronaldo d\u00e1 exemplo \u00e0 defesa; h\u00e1 quem o compare a Maldini"}]},{"@type":"WebSite","@id":"https:\/\/portaltela.pt\/#website","url":"https:\/\/portaltela.pt\/","name":"Portal Tela Portugal","description":"","potentialAction":[{"@type":"SearchAction","target":{"@type":"EntryPoint","urlTemplate":"https:\/\/portaltela.pt\/?s={search_term_string}"},"query-input":{"@type":"PropertyValueSpecification","valueRequired":true,"valueName":"search_term_string"}}],"inLanguage":"pt-PT"},{"@type":"Person","@id":"https:\/\/portaltela.pt\/#\/schema\/person\/c4278d4a6028830caff9ee44b42d32ed","name":"Telinha","image":{"@type":"ImageObject","inLanguage":"pt-PT","@id":"https:\/\/portaltela.pt\/s.01k8rhncp4jt1\/2025\/11\/talking-bot-125x125.png","url":"https:\/\/portaltela.pt\/s.01k8rhncp4jt1\/2025\/11\/talking-bot-125x125.png","contentUrl":"https:\/\/portaltela.pt\/s.01k8rhncp4jt1\/2025\/11\/talking-bot-125x125.png","caption":"Telinha"},"sameAs":["https:\/\/portaltela.pt\/"],"url":"https:\/\/portaltela.pt\/por\/367410592786\/"}]}},"_links":{"self":[{"href":"https:\/\/portaltela.pt\/api\/wp\/v2\/posts\/455202","targetHints":{"allow":["GET"]}}],"collection":[{"href":"https:\/\/portaltela.pt\/api\/wp\/v2\/posts"}],"about":[{"href":"https:\/\/portaltela.pt\/api\/wp\/v2\/types\/post"}],"author":[{"embeddable":true,"href":"https:\/\/portaltela.pt\/api\/wp\/v2\/users\/2"}],"replies":[{"embeddable":true,"href":"https:\/\/portaltela.pt\/api\/wp\/v2\/comments?post=455202"}],"version-history":[{"count":0,"href":"https:\/\/portaltela.pt\/api\/wp\/v2\/posts\/455202\/revisions"}],"wp:featuredmedia":[{"embeddable":true,"href":"https:\/\/portaltela.pt\/api\/wp\/v2\/media\/455206"}],"wp:attachment":[{"href":"https:\/\/portaltela.pt\/api\/wp\/v2\/media?parent=455202"}],"wp:term":[{"taxonomy":"category","embeddable":true,"href":"https:\/\/portaltela.pt\/api\/wp\/v2\/categories?post=455202"},{"taxonomy":"post_tag","embeddable":true,"href":"https:\/\/portaltela.pt\/api\/wp\/v2\/tags?post=455202"}],"curies":[{"name":"wp","href":"https:\/\/api.w.org\/{rel}","templated":true}]}}