{"id":455166,"date":"2026-04-22T18:18:27","date_gmt":"2026-04-22T21:18:27","guid":{"rendered":"https:\/\/portaltela.pt\/noticias\/2026\/04\/22\/pote-lanca-cartolinas-da-bancada-para-o-campo\/"},"modified":"2026-04-22T18:18:27","modified_gmt":"2026-04-22T21:18:27","slug":"pote-lanca-cartolinas-da-bancada-para-o-campo","status":"publish","type":"post","link":"https:\/\/portaltela.pt\/desporto\/futebol\/2026\/04\/22\/pote-lanca-cartolinas-da-bancada-para-o-campo\/","title":{"rendered":"Pote lan\u00e7a cartolinas da bancada para o campo"},"content":{"rendered":"<p>Durante a primeira parte do cl\u00e1ssico entre FC Porto e Sporting, Pote, no banco de suplentes, atirou cartolinas para dentro do campo. O incidente ocorreu no Est\u00e1dio do Drag\u00e3o, durante a a\u00e7\u00e3o do jogo.<\/p>\n<p>Ao intervalo, os azuis e brancos apresentaram queixas junto do \u00e1rbitro Miguel Nogueira. A reclam\u00e7\u00e3o seguiu-se \u00e0 atitude observada no banco do Sporting.<\/p>\n<p>A transmiss\u00e3o televisiva da Sport TV mostrou o banco inundado por garrafas de pl\u00e1stico e as cartolinas usadas na coreografia das bancadas. O epis\u00f3dio ficou registado durante o duelo.<\/p>\n<h3>Incidente e desenvolvimentos<\/h3>\n<p>Os respons\u00e1veis do FC Porto dever\u00e3o analisar o ocorrido e definir eventuais medidas disciplinares. N\u00e3o foram anunciadas san\u00e7\u00f5es imediatas durante o intervalo.<\/p>\n<p>No encontro, n\u00e3o foram divulgadas explica\u00e7\u00f5es oficiais adicionais sobre o incidente, que apenas envolve o comportamento de Pote no banco de suplentes.<\/p>\n","protected":false},"excerpt":{"rendered":"<ul>\n<li>Durante a primeira parte do cl\u00e1ssico entre o FC Porto e o Sporting, Pote, no banco de suplentes, atirou cartolinas para dentro do campo.<\/li>\n<li>A a\u00e7\u00e3o levou a queixas dos azuis e brancos junto do \u00e1rbitro Miguel Nogueira ao intervalo.<\/li>\n<li>A transmiss\u00e3o televisiva da Sport TV mostrou o banco inundado por garrafas de pl\u00e1stico e cartolinas usadas na coreografia nas bancadas do Est\u00e1dio do Drag\u00e3o.<\/li>\n<li>O epis\u00f3dio ocorreu no meio do ambiente de festa nas bancadas, com materiais dispersionados pelo terreno.<\/li>\n<\/ul>\n","protected":false},"author":2,"featured_media":455167,"comment_status":"closed","ping_status":"closed","sticky":false,"template":"","format":"standard","meta":{"footnotes":""},"categories":[21,24],"tags":[4143,111,2028,32,1652],"class_list":["post-455166","post","type-post","status-publish","format-standard","has-post-thumbnail","hentry","category-desporto","category-futebol","tag-1-liga","tag-comportamento","tag-fc-porto","tag-futebol","tag-sporting"],"yoast_head":"<!-- This site is optimized with the Yoast SEO plugin v27.2 - https:\/\/yoast.com\/product\/yoast-seo-wordpress\/ -->\n<title>Pote lan\u00e7a cartolinas da bancada para o campo - Portal Tela Portugal<\/title>\n<meta name=\"robots\" content=\"index, follow, max-snippet:-1, max-image-preview:large, max-video-preview:-1\" \/>\n<meta property=\"og:locale\" content=\"pt_PT\" \/>\n<meta property=\"og:type\" content=\"article\" \/>\n<meta property=\"og:title\" content=\"Pote lan\u00e7a cartolinas da bancada para o campo - Portal Tela Portugal\" \/>\n<meta property=\"og:description\" content=\"Durante a primeira parte do cl\u00e1ssico entre o FC Porto e o Sporting, Pote, no banco de suplentes, atirou cartolinas para dentro do campo. A a\u00e7\u00e3o levou a queixas dos azuis e brancos junto do \u00e1rbitro Miguel Nogueira ao intervalo. A transmiss\u00e3o televisiva da Sport TV mostrou o banco inundado por garrafas de pl\u00e1stico e cartolinas usadas na coreografia nas bancadas do Est\u00e1dio do Drag\u00e3o. O epis\u00f3dio ocorreu no meio do ambiente de festa nas bancadas, com materiais dispersionados pelo terreno.\" \/>\n<meta property=\"og:url\" content=\"https:\/\/portaltela.pt\/noticias\/2026\/04\/22\/pote-lanca-cartolinas-da-bancada-para-o-campo\/\" \/>\n<meta property=\"og:site_name\" content=\"Portal Tela Portugal\" \/>\n<meta property=\"article:published_time\" content=\"2026-04-22T21:18:27+00:00\" \/>\n<meta name=\"author\" content=\"Telinha\" \/>\n<meta name=\"twitter:card\" content=\"summary_large_image\" \/>\n<meta name=\"twitter:label1\" content=\"Escrito por\" \/>\n\t<meta name=\"twitter:data1\" content=\"Telinha\" \/>\n\t<meta name=\"twitter:label2\" content=\"Tempo estimado de leitura\" \/>\n\t<meta name=\"twitter:data2\" content=\"1 minuto\" \/>\n<script type=\"application\/ld+json\" class=\"yoast-schema-graph\">{\"@context\":\"https:\/\/schema.org\",\"@graph\":[{\"@type\":\"Article\",\"@id\":\"https:\/\/portaltela.pt\/noticias\/2026\/04\/22\/pote-lanca-cartolinas-da-bancada-para-o-campo\/#article\",\"isPartOf\":{\"@id\":\"https:\/\/portaltela.pt\/noticias\/2026\/04\/22\/pote-lanca-cartolinas-da-bancada-para-o-campo\/\"},\"author\":{\"name\":\"Telinha\",\"@id\":\"https:\/\/portaltela.pt\/#\/schema\/person\/c4278d4a6028830caff9ee44b42d32ed\"},\"headline\":\"Pote lan\u00e7a cartolinas da bancada para o campo\",\"datePublished\":\"2026-04-22T21:18:27+00:00\",\"mainEntityOfPage\":{\"@id\":\"https:\/\/portaltela.pt\/noticias\/2026\/04\/22\/pote-lanca-cartolinas-da-bancada-para-o-campo\/\"},\"wordCount\":155,\"image\":{\"@id\":\"https:\/\/portaltela.pt\/noticias\/2026\/04\/22\/pote-lanca-cartolinas-da-bancada-para-o-campo\/#primaryimage\"},\"thumbnailUrl\":\"https:\/\/portaltela.pt\/s.01k8rhncp4jt1\/2026\/04\/img_1200x721uu2026-04-22-22-09-19-2434755.jpg\",\"keywords\":[\"1. Liga\",\"comportamento\",\"FC Porto\",\"futebol\",\"Sporting\"],\"articleSection\":[\"Desporto\",\"Futebol\"],\"inLanguage\":\"pt-PT\"},{\"@type\":\"WebPage\",\"@id\":\"https:\/\/portaltela.pt\/noticias\/2026\/04\/22\/pote-lanca-cartolinas-da-bancada-para-o-campo\/\",\"url\":\"https:\/\/portaltela.pt\/noticias\/2026\/04\/22\/pote-lanca-cartolinas-da-bancada-para-o-campo\/\",\"name\":\"Pote lan\u00e7a cartolinas da bancada para o campo - Portal Tela Portugal\",\"isPartOf\":{\"@id\":\"https:\/\/portaltela.pt\/#website\"},\"primaryImageOfPage\":{\"@id\":\"https:\/\/portaltela.pt\/noticias\/2026\/04\/22\/pote-lanca-cartolinas-da-bancada-para-o-campo\/#primaryimage\"},\"image\":{\"@id\":\"https:\/\/portaltela.pt\/noticias\/2026\/04\/22\/pote-lanca-cartolinas-da-bancada-para-o-campo\/#primaryimage\"},\"thumbnailUrl\":\"https:\/\/portaltela.pt\/s.01k8rhncp4jt1\/2026\/04\/img_1200x721uu2026-04-22-22-09-19-2434755.jpg\",\"datePublished\":\"2026-04-22T21:18:27+00:00\",\"author\":{\"@id\":\"https:\/\/portaltela.pt\/#\/schema\/person\/c4278d4a6028830caff9ee44b42d32ed\"},\"breadcrumb\":{\"@id\":\"https:\/\/portaltela.pt\/noticias\/2026\/04\/22\/pote-lanca-cartolinas-da-bancada-para-o-campo\/#breadcrumb\"},\"inLanguage\":\"pt-PT\",\"potentialAction\":[{\"@type\":\"ReadAction\",\"target\":[\"https:\/\/portaltela.pt\/noticias\/2026\/04\/22\/pote-lanca-cartolinas-da-bancada-para-o-campo\/\"]}]},{\"@type\":\"ImageObject\",\"inLanguage\":\"pt-PT\",\"@id\":\"https:\/\/portaltela.pt\/noticias\/2026\/04\/22\/pote-lanca-cartolinas-da-bancada-para-o-campo\/#primaryimage\",\"url\":\"https:\/\/portaltela.pt\/s.01k8rhncp4jt1\/2026\/04\/img_1200x721uu2026-04-22-22-09-19-2434755.jpg\",\"contentUrl\":\"https:\/\/portaltela.pt\/s.01k8rhncp4jt1\/2026\/04\/img_1200x721uu2026-04-22-22-09-19-2434755.jpg\",\"width\":1200,\"height\":721,\"caption\":\"O momento em que Pote atirou cartolinas vindas da bancada para dentro do campo\"},{\"@type\":\"BreadcrumbList\",\"@id\":\"https:\/\/portaltela.pt\/noticias\/2026\/04\/22\/pote-lanca-cartolinas-da-bancada-para-o-campo\/#breadcrumb\",\"itemListElement\":[{\"@type\":\"ListItem\",\"position\":1,\"name\":\"In\u00edcio\",\"item\":\"https:\/\/portaltela.pt\/\"},{\"@type\":\"ListItem\",\"position\":2,\"name\":\"Pote lan\u00e7a cartolinas da bancada para o campo\"}]},{\"@type\":\"WebSite\",\"@id\":\"https:\/\/portaltela.pt\/#website\",\"url\":\"https:\/\/portaltela.pt\/\",\"name\":\"Portal Tela Portugal\",\"description\":\"\",\"potentialAction\":[{\"@type\":\"SearchAction\",\"target\":{\"@type\":\"EntryPoint\",\"urlTemplate\":\"https:\/\/portaltela.pt\/?s={search_term_string}\"},\"query-input\":{\"@type\":\"PropertyValueSpecification\",\"valueRequired\":true,\"valueName\":\"search_term_string\"}}],\"inLanguage\":\"pt-PT\"},{\"@type\":\"Person\",\"@id\":\"https:\/\/portaltela.pt\/#\/schema\/person\/c4278d4a6028830caff9ee44b42d32ed\",\"name\":\"Telinha\",\"image\":{\"@type\":\"ImageObject\",\"inLanguage\":\"pt-PT\",\"@id\":\"https:\/\/portaltela.pt\/s.01k8rhncp4jt1\/2025\/11\/talking-bot-125x125.png\",\"url\":\"https:\/\/portaltela.pt\/s.01k8rhncp4jt1\/2025\/11\/talking-bot-125x125.png\",\"contentUrl\":\"https:\/\/portaltela.pt\/s.01k8rhncp4jt1\/2025\/11\/talking-bot-125x125.png\",\"caption\":\"Telinha\"},\"sameAs\":[\"https:\/\/portaltela.pt\/\"],\"url\":\"https:\/\/portaltela.pt\/por\/367410592786\/\"}]}<\/script>\n<!-- \/ Yoast SEO plugin. -->","yoast_head_json":{"title":"Pote lan\u00e7a cartolinas da bancada para o campo - Portal Tela Portugal","robots":{"index":"index","follow":"follow","max-snippet":"max-snippet:-1","max-image-preview":"max-image-preview:large","max-video-preview":"max-video-preview:-1"},"og_locale":"pt_PT","og_type":"article","og_title":"Pote lan\u00e7a cartolinas da bancada para o campo - Portal Tela Portugal","og_description":"Durante a primeira parte do cl\u00e1ssico entre o FC Porto e o Sporting, Pote, no banco de suplentes, atirou cartolinas para dentro do campo. A a\u00e7\u00e3o levou a queixas dos azuis e brancos junto do \u00e1rbitro Miguel Nogueira ao intervalo. A transmiss\u00e3o televisiva da Sport TV mostrou o banco inundado por garrafas de pl\u00e1stico e cartolinas usadas na coreografia nas bancadas do Est\u00e1dio do Drag\u00e3o. O epis\u00f3dio ocorreu no meio do ambiente de festa nas bancadas, com materiais dispersionados pelo terreno.","og_url":"https:\/\/portaltela.pt\/noticias\/2026\/04\/22\/pote-lanca-cartolinas-da-bancada-para-o-campo\/","og_site_name":"Portal Tela Portugal","article_published_time":"2026-04-22T21:18:27+00:00","author":"Telinha","twitter_card":"summary_large_image","twitter_misc":{"Escrito por":"Telinha","Tempo estimado de leitura":"1 minuto"},"schema":{"@context":"https:\/\/schema.org","@graph":[{"@type":"Article","@id":"https:\/\/portaltela.pt\/noticias\/2026\/04\/22\/pote-lanca-cartolinas-da-bancada-para-o-campo\/#article","isPartOf":{"@id":"https:\/\/portaltela.pt\/noticias\/2026\/04\/22\/pote-lanca-cartolinas-da-bancada-para-o-campo\/"},"author":{"name":"Telinha","@id":"https:\/\/portaltela.pt\/#\/schema\/person\/c4278d4a6028830caff9ee44b42d32ed"},"headline":"Pote lan\u00e7a cartolinas da bancada para o campo","datePublished":"2026-04-22T21:18:27+00:00","mainEntityOfPage":{"@id":"https:\/\/portaltela.pt\/noticias\/2026\/04\/22\/pote-lanca-cartolinas-da-bancada-para-o-campo\/"},"wordCount":155,"image":{"@id":"https:\/\/portaltela.pt\/noticias\/2026\/04\/22\/pote-lanca-cartolinas-da-bancada-para-o-campo\/#primaryimage"},"thumbnailUrl":"https:\/\/portaltela.pt\/s.01k8rhncp4jt1\/2026\/04\/img_1200x721uu2026-04-22-22-09-19-2434755.jpg","keywords":["1. Liga","comportamento","FC Porto","futebol","Sporting"],"articleSection":["Desporto","Futebol"],"inLanguage":"pt-PT"},{"@type":"WebPage","@id":"https:\/\/portaltela.pt\/noticias\/2026\/04\/22\/pote-lanca-cartolinas-da-bancada-para-o-campo\/","url":"https:\/\/portaltela.pt\/noticias\/2026\/04\/22\/pote-lanca-cartolinas-da-bancada-para-o-campo\/","name":"Pote lan\u00e7a cartolinas da bancada para o campo - Portal Tela Portugal","isPartOf":{"@id":"https:\/\/portaltela.pt\/#website"},"primaryImageOfPage":{"@id":"https:\/\/portaltela.pt\/noticias\/2026\/04\/22\/pote-lanca-cartolinas-da-bancada-para-o-campo\/#primaryimage"},"image":{"@id":"https:\/\/portaltela.pt\/noticias\/2026\/04\/22\/pote-lanca-cartolinas-da-bancada-para-o-campo\/#primaryimage"},"thumbnailUrl":"https:\/\/portaltela.pt\/s.01k8rhncp4jt1\/2026\/04\/img_1200x721uu2026-04-22-22-09-19-2434755.jpg","datePublished":"2026-04-22T21:18:27+00:00","author":{"@id":"https:\/\/portaltela.pt\/#\/schema\/person\/c4278d4a6028830caff9ee44b42d32ed"},"breadcrumb":{"@id":"https:\/\/portaltela.pt\/noticias\/2026\/04\/22\/pote-lanca-cartolinas-da-bancada-para-o-campo\/#breadcrumb"},"inLanguage":"pt-PT","potentialAction":[{"@type":"ReadAction","target":["https:\/\/portaltela.pt\/noticias\/2026\/04\/22\/pote-lanca-cartolinas-da-bancada-para-o-campo\/"]}]},{"@type":"ImageObject","inLanguage":"pt-PT","@id":"https:\/\/portaltela.pt\/noticias\/2026\/04\/22\/pote-lanca-cartolinas-da-bancada-para-o-campo\/#primaryimage","url":"https:\/\/portaltela.pt\/s.01k8rhncp4jt1\/2026\/04\/img_1200x721uu2026-04-22-22-09-19-2434755.jpg","contentUrl":"https:\/\/portaltela.pt\/s.01k8rhncp4jt1\/2026\/04\/img_1200x721uu2026-04-22-22-09-19-2434755.jpg","width":1200,"height":721,"caption":"O momento em que Pote atirou cartolinas vindas da bancada para dentro do campo"},{"@type":"BreadcrumbList","@id":"https:\/\/portaltela.pt\/noticias\/2026\/04\/22\/pote-lanca-cartolinas-da-bancada-para-o-campo\/#breadcrumb","itemListElement":[{"@type":"ListItem","position":1,"name":"In\u00edcio","item":"https:\/\/portaltela.pt\/"},{"@type":"ListItem","position":2,"name":"Pote lan\u00e7a cartolinas da bancada para o campo"}]},{"@type":"WebSite","@id":"https:\/\/portaltela.pt\/#website","url":"https:\/\/portaltela.pt\/","name":"Portal Tela Portugal","description":"","potentialAction":[{"@type":"SearchAction","target":{"@type":"EntryPoint","urlTemplate":"https:\/\/portaltela.pt\/?s={search_term_string}"},"query-input":{"@type":"PropertyValueSpecification","valueRequired":true,"valueName":"search_term_string"}}],"inLanguage":"pt-PT"},{"@type":"Person","@id":"https:\/\/portaltela.pt\/#\/schema\/person\/c4278d4a6028830caff9ee44b42d32ed","name":"Telinha","image":{"@type":"ImageObject","inLanguage":"pt-PT","@id":"https:\/\/portaltela.pt\/s.01k8rhncp4jt1\/2025\/11\/talking-bot-125x125.png","url":"https:\/\/portaltela.pt\/s.01k8rhncp4jt1\/2025\/11\/talking-bot-125x125.png","contentUrl":"https:\/\/portaltela.pt\/s.01k8rhncp4jt1\/2025\/11\/talking-bot-125x125.png","caption":"Telinha"},"sameAs":["https:\/\/portaltela.pt\/"],"url":"https:\/\/portaltela.pt\/por\/367410592786\/"}]}},"_links":{"self":[{"href":"https:\/\/portaltela.pt\/api\/wp\/v2\/posts\/455166","targetHints":{"allow":["GET"]}}],"collection":[{"href":"https:\/\/portaltela.pt\/api\/wp\/v2\/posts"}],"about":[{"href":"https:\/\/portaltela.pt\/api\/wp\/v2\/types\/post"}],"author":[{"embeddable":true,"href":"https:\/\/portaltela.pt\/api\/wp\/v2\/users\/2"}],"replies":[{"embeddable":true,"href":"https:\/\/portaltela.pt\/api\/wp\/v2\/comments?post=455166"}],"version-history":[{"count":0,"href":"https:\/\/portaltela.pt\/api\/wp\/v2\/posts\/455166\/revisions"}],"wp:featuredmedia":[{"embeddable":true,"href":"https:\/\/portaltela.pt\/api\/wp\/v2\/media\/455167"}],"wp:attachment":[{"href":"https:\/\/portaltela.pt\/api\/wp\/v2\/media?parent=455166"}],"wp:term":[{"taxonomy":"category","embeddable":true,"href":"https:\/\/portaltela.pt\/api\/wp\/v2\/categories?post=455166"},{"taxonomy":"post_tag","embeddable":true,"href":"https:\/\/portaltela.pt\/api\/wp\/v2\/tags?post=455166"}],"curies":[{"name":"wp","href":"https:\/\/api.w.org\/{rel}","templated":true}]}}