{"id":454986,"date":"2026-04-22T15:33:20","date_gmt":"2026-04-22T18:33:20","guid":{"rendered":"https:\/\/portaltela.pt\/noticias\/2026\/04\/22\/nun-alvares-e-ferreira-do-zezere-avancam-as-meias-finais-da-taca-de-portugal\/"},"modified":"2026-04-22T15:33:20","modified_gmt":"2026-04-22T18:33:20","slug":"nun-alvares-e-ferreira-do-zezere-avancam-as-meias-finais-da-taca-de-portugal","status":"publish","type":"post","link":"https:\/\/portaltela.pt\/desporto\/futebol\/2026\/04\/22\/nun-alvares-e-ferreira-do-zezere-avancam-as-meias-finais-da-taca-de-portugal\/","title":{"rendered":"Nun&#8217;\u00c1lvares e Ferreira do Z\u00eazere avan\u00e7am \u00e0s meias-finais da Ta\u00e7a de Portugal"},"content":{"rendered":"<p>O Nun&#8217;\u00c1lvares venceu o Viseu 2001 por 5-1 e garantiu a passagem \u00e0s meias-finais da Ta\u00e7a de Portugal de futsal. A equipa de Fafe entrou a vencer, com Russo a marcar aos 13 minutos. Jos\u00e9 Jo\u00e3o empatou de imediato e deu a volta ao marcador aos 25&#8242;.<\/p>\n<p>A segunda parte confirmou a lideran\u00e7a do Nun&#8217;\u00c1lvares com Rodrigo Rego a bisar aos 33&#8242; e 39&#8242;, e S\u00e9rgio Ribeiro a fechar aos 40&#8242;. O jogo decorreu no Pavilh\u00e3o Multiusos de Gondomar, a contar para os quartos de final.<\/p>\n<p>Rodrigo Rego abriu o marcador aos 18 minutos do segundo tempo, assegurando o 6-0 do Ferreira do Z\u00eazere frente ao Ladoeiro, no mesmo recinto. Pedro Martinho travou um pen\u00e1lti de Bruno Ser\u00f4dio e Daniel Silva acertou no ferro, mantendo o avan\u00e7o visitante.<\/p>\n<h3>Ferreira do Z\u00eazere avan\u00e7a para as meias<\/h3>\n<p>O Ferreira do Z\u00eazere, que disputa a 2.\u00aa divis\u00e3o, venceu por 6-0 e segue para as meias-finais da Ta\u00e7a de Portugal. Al\u00e9m de Rodrigo Monteiro, marcaram Rui Fortes, J\u00f3 Mahrez, Francisco Oliveira e Djaelson. A equipa de Santar\u00e9m aguarda o desfecho do Sporting-Famalic\u00e3o para conhecer o advers\u00e1rio da pr\u00f3xima ronda.<\/p>\n","protected":false},"excerpt":{"rendered":"<ul>\n<li>O Nun&#8217;\u00c1lvares venceu o Viseu 2001, por 5-1, no Pavilh\u00e3o Multiusos de Gondomar, e garantiu a qualifica\u00e7\u00e3o para as meias-finais da Ta\u00e7a de Portugal de futsal.<\/li>\n<li>O Viseu 2001 abriu o marcador aos 13 minutos, mas a equipa de Fafe deu a volta com Jo\u00e3o (Jos\u00e9 Jo\u00e3o) aos 14&#8242;, deixando o jogo empatado na altura.<\/li>\n<li>Os golos seguintes foram de Rodrigo Rego (33&#8242; e 39&#8242;) e S\u00e9rgio Ribeiro (40&#8242;), selando o triunfo do Nun&#8217;\u00c1lvares.<\/li>\n<li>O advers\u00e1rio nas meias-finais ser\u00e1 conhecido ap\u00f3s o jogo entre Le\u00f5es Porto Salvo e Benfica, marcado para as 21h.<\/li>\n<li>O Ferreira do Z\u00eazere eliminou o Ladoeiro por 6-0, com Rodrigo Monteiro a adiantar-se aos 4 minutos e a equipa a ampliar atrav\u00e9s de Rui Fortes, J\u00f3 Mahrez, Francisco Oliveira e Djaelson.<\/li>\n<li>O Ferreira do Z\u00eazere aguarda o vencedor do Sporting vs Famalic\u00e3o para conhecer o advers\u00e1rio nas meias-finais.<\/li>\n<\/ul>\n","protected":false},"author":2,"featured_media":454994,"comment_status":"closed","ping_status":"closed","sticky":false,"template":"","format":"standard","meta":{"footnotes":""},"categories":[21,24],"tags":[5038,161,1243,9476,4174,1266],"class_list":["post-454986","post","type-post","status-publish","format-standard","has-post-thumbnail","hentry","category-desporto","category-futebol","tag-ferreira-do-zezere","tag-futsal","tag-gondomar","tag-ladoeiro","tag-nunalvares","tag-taca-de-portugal"],"yoast_head":"<!-- This site is optimized with the Yoast SEO plugin v27.2 - https:\/\/yoast.com\/product\/yoast-seo-wordpress\/ -->\n<title>Nun&#039;\u00c1lvares e Ferreira do Z\u00eazere avan\u00e7am \u00e0s meias-finais da Ta\u00e7a de Portugal - Portal Tela Portugal<\/title>\n<meta name=\"robots\" content=\"index, follow, max-snippet:-1, max-image-preview:large, max-video-preview:-1\" \/>\n<meta property=\"og:locale\" content=\"pt_PT\" \/>\n<meta property=\"og:type\" content=\"article\" \/>\n<meta property=\"og:title\" content=\"Nun&#039;\u00c1lvares e Ferreira do Z\u00eazere avan\u00e7am \u00e0s meias-finais da Ta\u00e7a de Portugal - Portal Tela Portugal\" \/>\n<meta property=\"og:description\" content=\"O Nun&#039;\u00c1lvares venceu o Viseu 2001, por 5-1, no Pavilh\u00e3o Multiusos de Gondomar, e garantiu a qualifica\u00e7\u00e3o para as meias-finais da Ta\u00e7a de Portugal de futsal. O Viseu 2001 abriu o marcador aos 13 minutos, mas a equipa de Fafe deu a volta com Jo\u00e3o (Jos\u00e9 Jo\u00e3o) aos 14&#039;, deixando o jogo empatado na altura. Os golos seguintes foram de Rodrigo Rego (33&#039; e 39&#039;) e S\u00e9rgio Ribeiro (40&#039;), selando o triunfo do Nun&#039;\u00c1lvares. O advers\u00e1rio nas meias-finais ser\u00e1 conhecido ap\u00f3s o jogo entre Le\u00f5es Porto Salvo e Benfica, marcado para as 21h. O Ferreira do Z\u00eazere eliminou o Ladoeiro por 6-0, com Rodrigo Monteiro a adiantar-se aos 4 minutos e a equipa a ampliar atrav\u00e9s de Rui Fortes, J\u00f3 Mahrez, Francisco Oliveira e Djaelson. O Ferreira do Z\u00eazere aguarda o vencedor do Sporting vs Famalic\u00e3o para conhecer o advers\u00e1rio nas meias-finais.\" \/>\n<meta property=\"og:url\" content=\"https:\/\/portaltela.pt\/noticias\/2026\/04\/22\/nun-alvares-e-ferreira-do-zezere-avancam-as-meias-finais-da-taca-de-portugal\/\" \/>\n<meta property=\"og:site_name\" content=\"Portal Tela Portugal\" \/>\n<meta property=\"article:published_time\" content=\"2026-04-22T18:33:20+00:00\" \/>\n<meta name=\"author\" content=\"Telinha\" \/>\n<meta name=\"twitter:card\" content=\"summary_large_image\" \/>\n<meta name=\"twitter:label1\" content=\"Escrito por\" \/>\n\t<meta name=\"twitter:data1\" content=\"Telinha\" \/>\n\t<meta name=\"twitter:label2\" content=\"Tempo estimado de leitura\" \/>\n\t<meta name=\"twitter:data2\" content=\"1 minuto\" \/>\n<script type=\"application\/ld+json\" class=\"yoast-schema-graph\">{\"@context\":\"https:\/\/schema.org\",\"@graph\":[{\"@type\":\"Article\",\"@id\":\"https:\/\/portaltela.pt\/noticias\/2026\/04\/22\/nun-alvares-e-ferreira-do-zezere-avancam-as-meias-finais-da-taca-de-portugal\/#article\",\"isPartOf\":{\"@id\":\"https:\/\/portaltela.pt\/noticias\/2026\/04\/22\/nun-alvares-e-ferreira-do-zezere-avancam-as-meias-finais-da-taca-de-portugal\/\"},\"author\":{\"name\":\"Telinha\",\"@id\":\"https:\/\/portaltela.pt\/#\/schema\/person\/c4278d4a6028830caff9ee44b42d32ed\"},\"headline\":\"Nun&#8217;\u00c1lvares e Ferreira do Z\u00eazere avan\u00e7am \u00e0s meias-finais da Ta\u00e7a de Portugal\",\"datePublished\":\"2026-04-22T18:33:20+00:00\",\"mainEntityOfPage\":{\"@id\":\"https:\/\/portaltela.pt\/noticias\/2026\/04\/22\/nun-alvares-e-ferreira-do-zezere-avancam-as-meias-finais-da-taca-de-portugal\/\"},\"wordCount\":214,\"image\":{\"@id\":\"https:\/\/portaltela.pt\/noticias\/2026\/04\/22\/nun-alvares-e-ferreira-do-zezere-avancam-as-meias-finais-da-taca-de-portugal\/#primaryimage\"},\"thumbnailUrl\":\"https:\/\/portaltela.pt\/s.01k8rhncp4jt1\/2026\/04\/img_920x518uu2026-04-22-19-12-41-2434675-im-639124819923245743.jpg\",\"keywords\":[\"Ferreira do Z\u00eazere\",\"futsal\",\"Gondomar\",\"Ladoeiro\",\"Nun'\u00c1lvares\",\"Ta\u00e7a de Portugal\"],\"articleSection\":[\"Desporto\",\"Futebol\"],\"inLanguage\":\"pt-PT\"},{\"@type\":\"WebPage\",\"@id\":\"https:\/\/portaltela.pt\/noticias\/2026\/04\/22\/nun-alvares-e-ferreira-do-zezere-avancam-as-meias-finais-da-taca-de-portugal\/\",\"url\":\"https:\/\/portaltela.pt\/noticias\/2026\/04\/22\/nun-alvares-e-ferreira-do-zezere-avancam-as-meias-finais-da-taca-de-portugal\/\",\"name\":\"Nun'\u00c1lvares e Ferreira do Z\u00eazere avan\u00e7am \u00e0s meias-finais da Ta\u00e7a de Portugal - Portal Tela Portugal\",\"isPartOf\":{\"@id\":\"https:\/\/portaltela.pt\/#website\"},\"primaryImageOfPage\":{\"@id\":\"https:\/\/portaltela.pt\/noticias\/2026\/04\/22\/nun-alvares-e-ferreira-do-zezere-avancam-as-meias-finais-da-taca-de-portugal\/#primaryimage\"},\"image\":{\"@id\":\"https:\/\/portaltela.pt\/noticias\/2026\/04\/22\/nun-alvares-e-ferreira-do-zezere-avancam-as-meias-finais-da-taca-de-portugal\/#primaryimage\"},\"thumbnailUrl\":\"https:\/\/portaltela.pt\/s.01k8rhncp4jt1\/2026\/04\/img_920x518uu2026-04-22-19-12-41-2434675-im-639124819923245743.jpg\",\"datePublished\":\"2026-04-22T18:33:20+00:00\",\"author\":{\"@id\":\"https:\/\/portaltela.pt\/#\/schema\/person\/c4278d4a6028830caff9ee44b42d32ed\"},\"breadcrumb\":{\"@id\":\"https:\/\/portaltela.pt\/noticias\/2026\/04\/22\/nun-alvares-e-ferreira-do-zezere-avancam-as-meias-finais-da-taca-de-portugal\/#breadcrumb\"},\"inLanguage\":\"pt-PT\",\"potentialAction\":[{\"@type\":\"ReadAction\",\"target\":[\"https:\/\/portaltela.pt\/noticias\/2026\/04\/22\/nun-alvares-e-ferreira-do-zezere-avancam-as-meias-finais-da-taca-de-portugal\/\"]}]},{\"@type\":\"ImageObject\",\"inLanguage\":\"pt-PT\",\"@id\":\"https:\/\/portaltela.pt\/noticias\/2026\/04\/22\/nun-alvares-e-ferreira-do-zezere-avancam-as-meias-finais-da-taca-de-portugal\/#primaryimage\",\"url\":\"https:\/\/portaltela.pt\/s.01k8rhncp4jt1\/2026\/04\/img_920x518uu2026-04-22-19-12-41-2434675-im-639124819923245743.jpg\",\"contentUrl\":\"https:\/\/portaltela.pt\/s.01k8rhncp4jt1\/2026\/04\/img_920x518uu2026-04-22-19-12-41-2434675-im-639124819923245743.jpg\",\"width\":796,\"height\":448,\"caption\":\"Nun'\u00c1lvares bate Viseu 2001 e segue para as 'meias' da Ta\u00e7a de Portugal de Futsal\"},{\"@type\":\"BreadcrumbList\",\"@id\":\"https:\/\/portaltela.pt\/noticias\/2026\/04\/22\/nun-alvares-e-ferreira-do-zezere-avancam-as-meias-finais-da-taca-de-portugal\/#breadcrumb\",\"itemListElement\":[{\"@type\":\"ListItem\",\"position\":1,\"name\":\"In\u00edcio\",\"item\":\"https:\/\/portaltela.pt\/\"},{\"@type\":\"ListItem\",\"position\":2,\"name\":\"Nun&#8217;\u00c1lvares e Ferreira do Z\u00eazere avan\u00e7am \u00e0s meias-finais da Ta\u00e7a de Portugal\"}]},{\"@type\":\"WebSite\",\"@id\":\"https:\/\/portaltela.pt\/#website\",\"url\":\"https:\/\/portaltela.pt\/\",\"name\":\"Portal Tela Portugal\",\"description\":\"\",\"potentialAction\":[{\"@type\":\"SearchAction\",\"target\":{\"@type\":\"EntryPoint\",\"urlTemplate\":\"https:\/\/portaltela.pt\/?s={search_term_string}\"},\"query-input\":{\"@type\":\"PropertyValueSpecification\",\"valueRequired\":true,\"valueName\":\"search_term_string\"}}],\"inLanguage\":\"pt-PT\"},{\"@type\":\"Person\",\"@id\":\"https:\/\/portaltela.pt\/#\/schema\/person\/c4278d4a6028830caff9ee44b42d32ed\",\"name\":\"Telinha\",\"image\":{\"@type\":\"ImageObject\",\"inLanguage\":\"pt-PT\",\"@id\":\"https:\/\/portaltela.pt\/s.01k8rhncp4jt1\/2025\/11\/talking-bot-125x125.png\",\"url\":\"https:\/\/portaltela.pt\/s.01k8rhncp4jt1\/2025\/11\/talking-bot-125x125.png\",\"contentUrl\":\"https:\/\/portaltela.pt\/s.01k8rhncp4jt1\/2025\/11\/talking-bot-125x125.png\",\"caption\":\"Telinha\"},\"sameAs\":[\"https:\/\/portaltela.pt\/\"],\"url\":\"https:\/\/portaltela.pt\/por\/367410592786\/\"}]}<\/script>\n<!-- \/ Yoast SEO plugin. -->","yoast_head_json":{"title":"Nun'\u00c1lvares e Ferreira do Z\u00eazere avan\u00e7am \u00e0s meias-finais da Ta\u00e7a de Portugal - Portal Tela Portugal","robots":{"index":"index","follow":"follow","max-snippet":"max-snippet:-1","max-image-preview":"max-image-preview:large","max-video-preview":"max-video-preview:-1"},"og_locale":"pt_PT","og_type":"article","og_title":"Nun'\u00c1lvares e Ferreira do Z\u00eazere avan\u00e7am \u00e0s meias-finais da Ta\u00e7a de Portugal - Portal Tela Portugal","og_description":"O Nun'\u00c1lvares venceu o Viseu 2001, por 5-1, no Pavilh\u00e3o Multiusos de Gondomar, e garantiu a qualifica\u00e7\u00e3o para as meias-finais da Ta\u00e7a de Portugal de futsal. O Viseu 2001 abriu o marcador aos 13 minutos, mas a equipa de Fafe deu a volta com Jo\u00e3o (Jos\u00e9 Jo\u00e3o) aos 14', deixando o jogo empatado na altura. Os golos seguintes foram de Rodrigo Rego (33' e 39') e S\u00e9rgio Ribeiro (40'), selando o triunfo do Nun'\u00c1lvares. O advers\u00e1rio nas meias-finais ser\u00e1 conhecido ap\u00f3s o jogo entre Le\u00f5es Porto Salvo e Benfica, marcado para as 21h. O Ferreira do Z\u00eazere eliminou o Ladoeiro por 6-0, com Rodrigo Monteiro a adiantar-se aos 4 minutos e a equipa a ampliar atrav\u00e9s de Rui Fortes, J\u00f3 Mahrez, Francisco Oliveira e Djaelson. O Ferreira do Z\u00eazere aguarda o vencedor do Sporting vs Famalic\u00e3o para conhecer o advers\u00e1rio nas meias-finais.","og_url":"https:\/\/portaltela.pt\/noticias\/2026\/04\/22\/nun-alvares-e-ferreira-do-zezere-avancam-as-meias-finais-da-taca-de-portugal\/","og_site_name":"Portal Tela Portugal","article_published_time":"2026-04-22T18:33:20+00:00","author":"Telinha","twitter_card":"summary_large_image","twitter_misc":{"Escrito por":"Telinha","Tempo estimado de leitura":"1 minuto"},"schema":{"@context":"https:\/\/schema.org","@graph":[{"@type":"Article","@id":"https:\/\/portaltela.pt\/noticias\/2026\/04\/22\/nun-alvares-e-ferreira-do-zezere-avancam-as-meias-finais-da-taca-de-portugal\/#article","isPartOf":{"@id":"https:\/\/portaltela.pt\/noticias\/2026\/04\/22\/nun-alvares-e-ferreira-do-zezere-avancam-as-meias-finais-da-taca-de-portugal\/"},"author":{"name":"Telinha","@id":"https:\/\/portaltela.pt\/#\/schema\/person\/c4278d4a6028830caff9ee44b42d32ed"},"headline":"Nun&#8217;\u00c1lvares e Ferreira do Z\u00eazere avan\u00e7am \u00e0s meias-finais da Ta\u00e7a de Portugal","datePublished":"2026-04-22T18:33:20+00:00","mainEntityOfPage":{"@id":"https:\/\/portaltela.pt\/noticias\/2026\/04\/22\/nun-alvares-e-ferreira-do-zezere-avancam-as-meias-finais-da-taca-de-portugal\/"},"wordCount":214,"image":{"@id":"https:\/\/portaltela.pt\/noticias\/2026\/04\/22\/nun-alvares-e-ferreira-do-zezere-avancam-as-meias-finais-da-taca-de-portugal\/#primaryimage"},"thumbnailUrl":"https:\/\/portaltela.pt\/s.01k8rhncp4jt1\/2026\/04\/img_920x518uu2026-04-22-19-12-41-2434675-im-639124819923245743.jpg","keywords":["Ferreira do Z\u00eazere","futsal","Gondomar","Ladoeiro","Nun'\u00c1lvares","Ta\u00e7a de Portugal"],"articleSection":["Desporto","Futebol"],"inLanguage":"pt-PT"},{"@type":"WebPage","@id":"https:\/\/portaltela.pt\/noticias\/2026\/04\/22\/nun-alvares-e-ferreira-do-zezere-avancam-as-meias-finais-da-taca-de-portugal\/","url":"https:\/\/portaltela.pt\/noticias\/2026\/04\/22\/nun-alvares-e-ferreira-do-zezere-avancam-as-meias-finais-da-taca-de-portugal\/","name":"Nun'\u00c1lvares e Ferreira do Z\u00eazere avan\u00e7am \u00e0s meias-finais da Ta\u00e7a de Portugal - Portal Tela Portugal","isPartOf":{"@id":"https:\/\/portaltela.pt\/#website"},"primaryImageOfPage":{"@id":"https:\/\/portaltela.pt\/noticias\/2026\/04\/22\/nun-alvares-e-ferreira-do-zezere-avancam-as-meias-finais-da-taca-de-portugal\/#primaryimage"},"image":{"@id":"https:\/\/portaltela.pt\/noticias\/2026\/04\/22\/nun-alvares-e-ferreira-do-zezere-avancam-as-meias-finais-da-taca-de-portugal\/#primaryimage"},"thumbnailUrl":"https:\/\/portaltela.pt\/s.01k8rhncp4jt1\/2026\/04\/img_920x518uu2026-04-22-19-12-41-2434675-im-639124819923245743.jpg","datePublished":"2026-04-22T18:33:20+00:00","author":{"@id":"https:\/\/portaltela.pt\/#\/schema\/person\/c4278d4a6028830caff9ee44b42d32ed"},"breadcrumb":{"@id":"https:\/\/portaltela.pt\/noticias\/2026\/04\/22\/nun-alvares-e-ferreira-do-zezere-avancam-as-meias-finais-da-taca-de-portugal\/#breadcrumb"},"inLanguage":"pt-PT","potentialAction":[{"@type":"ReadAction","target":["https:\/\/portaltela.pt\/noticias\/2026\/04\/22\/nun-alvares-e-ferreira-do-zezere-avancam-as-meias-finais-da-taca-de-portugal\/"]}]},{"@type":"ImageObject","inLanguage":"pt-PT","@id":"https:\/\/portaltela.pt\/noticias\/2026\/04\/22\/nun-alvares-e-ferreira-do-zezere-avancam-as-meias-finais-da-taca-de-portugal\/#primaryimage","url":"https:\/\/portaltela.pt\/s.01k8rhncp4jt1\/2026\/04\/img_920x518uu2026-04-22-19-12-41-2434675-im-639124819923245743.jpg","contentUrl":"https:\/\/portaltela.pt\/s.01k8rhncp4jt1\/2026\/04\/img_920x518uu2026-04-22-19-12-41-2434675-im-639124819923245743.jpg","width":796,"height":448,"caption":"Nun'\u00c1lvares bate Viseu 2001 e segue para as 'meias' da Ta\u00e7a de Portugal de Futsal"},{"@type":"BreadcrumbList","@id":"https:\/\/portaltela.pt\/noticias\/2026\/04\/22\/nun-alvares-e-ferreira-do-zezere-avancam-as-meias-finais-da-taca-de-portugal\/#breadcrumb","itemListElement":[{"@type":"ListItem","position":1,"name":"In\u00edcio","item":"https:\/\/portaltela.pt\/"},{"@type":"ListItem","position":2,"name":"Nun&#8217;\u00c1lvares e Ferreira do Z\u00eazere avan\u00e7am \u00e0s meias-finais da Ta\u00e7a de Portugal"}]},{"@type":"WebSite","@id":"https:\/\/portaltela.pt\/#website","url":"https:\/\/portaltela.pt\/","name":"Portal Tela Portugal","description":"","potentialAction":[{"@type":"SearchAction","target":{"@type":"EntryPoint","urlTemplate":"https:\/\/portaltela.pt\/?s={search_term_string}"},"query-input":{"@type":"PropertyValueSpecification","valueRequired":true,"valueName":"search_term_string"}}],"inLanguage":"pt-PT"},{"@type":"Person","@id":"https:\/\/portaltela.pt\/#\/schema\/person\/c4278d4a6028830caff9ee44b42d32ed","name":"Telinha","image":{"@type":"ImageObject","inLanguage":"pt-PT","@id":"https:\/\/portaltela.pt\/s.01k8rhncp4jt1\/2025\/11\/talking-bot-125x125.png","url":"https:\/\/portaltela.pt\/s.01k8rhncp4jt1\/2025\/11\/talking-bot-125x125.png","contentUrl":"https:\/\/portaltela.pt\/s.01k8rhncp4jt1\/2025\/11\/talking-bot-125x125.png","caption":"Telinha"},"sameAs":["https:\/\/portaltela.pt\/"],"url":"https:\/\/portaltela.pt\/por\/367410592786\/"}]}},"_links":{"self":[{"href":"https:\/\/portaltela.pt\/api\/wp\/v2\/posts\/454986","targetHints":{"allow":["GET"]}}],"collection":[{"href":"https:\/\/portaltela.pt\/api\/wp\/v2\/posts"}],"about":[{"href":"https:\/\/portaltela.pt\/api\/wp\/v2\/types\/post"}],"author":[{"embeddable":true,"href":"https:\/\/portaltela.pt\/api\/wp\/v2\/users\/2"}],"replies":[{"embeddable":true,"href":"https:\/\/portaltela.pt\/api\/wp\/v2\/comments?post=454986"}],"version-history":[{"count":0,"href":"https:\/\/portaltela.pt\/api\/wp\/v2\/posts\/454986\/revisions"}],"wp:featuredmedia":[{"embeddable":true,"href":"https:\/\/portaltela.pt\/api\/wp\/v2\/media\/454994"}],"wp:attachment":[{"href":"https:\/\/portaltela.pt\/api\/wp\/v2\/media?parent=454986"}],"wp:term":[{"taxonomy":"category","embeddable":true,"href":"https:\/\/portaltela.pt\/api\/wp\/v2\/categories?post=454986"},{"taxonomy":"post_tag","embeddable":true,"href":"https:\/\/portaltela.pt\/api\/wp\/v2\/tags?post=454986"}],"curies":[{"name":"wp","href":"https:\/\/api.w.org\/{rel}","templated":true}]}}