{"id":454959,"date":"2026-04-22T15:18:05","date_gmt":"2026-04-22T18:18:05","guid":{"rendered":"https:\/\/portaltela.pt\/noticias\/2026\/04\/22\/carga-fiscal-sobre-o-trabalho-aumenta-na-ocde-portugal-volta-a-ser-excecao\/"},"modified":"2026-04-22T15:18:05","modified_gmt":"2026-04-22T18:18:05","slug":"carga-fiscal-sobre-o-trabalho-aumenta-na-ocde-portugal-volta-a-ser-excecao","status":"publish","type":"post","link":"https:\/\/portaltela.pt\/noticias\/economia\/2026\/04\/22\/carga-fiscal-sobre-o-trabalho-aumenta-na-ocde-portugal-volta-a-ser-excecao\/","title":{"rendered":"Carga fiscal sobre o trabalho aumenta na OCDE; Portugal volta a ser exce\u00e7\u00e3o"},"content":{"rendered":"<p>A carga fiscal sobre o trabalho em Portugal manteve-se acima da m\u00e9dia da OCDE em 2025, apesar de ter recuado ligeiramente pelo segundo ano consecutivo. O indicador usado pela OCDE, o *tax wedge*, mostra a diferen\u00e7a entre o custo total de um trabalhador para a empresa e o que esse trabalhador recebe, em sal\u00e1rio l\u00edquido.<\/p>\n<p>Segundo o relat\u00f3rio anual da OCDE, em 2025 Portugal registou uma carga de 39,3% para um trabalhador solteiro sem filhos a ganhar o sal\u00e1rio m\u00e9dio. Este valor permaneceu acima da m\u00e9dia da OCDE (35,1%), mas abaixo da m\u00e9dia da UE (41,7%). Em 2021, o custo era menor tanto na OCDE como na UE; o peso fiscal tem subido nos quatro anos anteriores.<\/p>\n<p>A OCDE aponta que, globalmente, a m\u00e9dia da organiza\u00e7\u00e3o e dos pa\u00edses da UE t\u00eam aumentado o *tax wedge* desde 2021, com o agravamento mais recente de 2025 (OCDE +0,2 pontos percentuais; UE +0,1). Em Portugal, contudo, houve uma redu\u00e7\u00e3o em 2025, repetindo a tend\u00eancia de 2024, mantendo-se acima dos n\u00edveis de 2010.<\/p>\n<p>Entre os grandes aumentos do *tax wedge* na OCDE, destacam-se Reino Unido (+2,45 p.p.), Est\u00f3nia (+1,95 p.p.) e Alemanha (+1,34 p.p.). Por outro lado, as maiores quedas ocorreram na Austr\u00e1lia, Let\u00f3nia e It\u00e1lia, entre 1,67 e 1,21 p.p.<\/p>\n<h3>Contexto e perspetivas<\/h3>\n<p>A progressividade do sistema fiscal tamb\u00e9m influencia o indicador. Em 2025, a carga de 39,3% refere-se a um trabalhador solteiro sem filhos com sal\u00e1rio m\u00e9dio; vers\u00f5es diferentes (outros agregados familiares) podem variar significativamente. Em Portugal, a diferen\u00e7a entre trabalhadores sem dependentes e teses com filhos ronda os 12 p.p., refletindo benef\u00edcios fiscais direcionados \u00e0s fam\u00edlias.<\/p>\n<p>A OCDE recorda que a carga aumenta com o n\u00edvel salarial, especialmente entre 50% e 100% do sal\u00e1rio m\u00e9dio, devido \u00e0 redu\u00e7\u00e3o de benef\u00edcios e maior tributa\u00e7\u00e3o. O Governo portugu\u00eas prev\u00ea, em 2026, cortes moderados no IRS, o que pode estabilizar o indicador no pr\u00f3ximo ano.<\/p>\n","protected":false},"excerpt":{"rendered":"<ul>\n<li>Em 2025, a carga fiscal e contributiva sobre o trabalho em Portugal atingiu 39,3% para quem recebe o sal\u00e1rio m\u00e9dio, segundo a OCDE.<\/li>\n<li>O valor de Portugal ficou acima da m\u00e9dia da OCDE (35,1%) e abaixo da m\u00e9dia dos 22 pa\u00edses da OCDE que integram a Uni\u00e3o Europeia (UE), que foi de 41,7%.<\/li>\n<li>Portugal regista, pela segunda vez consecutiva, uma queda ligeira no tax wedge em 2025, inferior a menos de 0,3 pontos percentuais, mantendo a tend\u00eancia de aproxima\u00e7\u00e3o \u00e0 m\u00e9dia da OCDE.<\/li>\n<li>A OCDE observa que, desde 2010, the tax wedge tem aumentado em Portugal, com o maior agravamento associando-se ao per\u00edodo de cortes de impostos entre 2010 e 2015; em 2024 houve uma descida mais expressiva.<\/li>\n<li>O relat\u00f3rio tamb\u00e9m destaca que a carga varia consoante o tipo de trabalhador (solteiro sem filhos vs. agregado com filhos) e aumenta com o n\u00edvel salarial, sendo mais elevada entre 50% e 100% do sal\u00e1rio m\u00e9dio.<\/li>\n<\/ul>\n","protected":false},"author":2,"featured_media":454964,"comment_status":"closed","ping_status":"closed","sticky":false,"template":"","format":"standard","meta":{"footnotes":""},"categories":[2,6850],"tags":[28,3613,6474,4345,7892,1014],"class_list":["post-454959","post","type-post","status-publish","format-standard","has-post-thumbnail","hentry","category-economia","category-financas","tag-economia","tag-impostos","tag-irs","tag-ocde","tag-politica-interna","tag-portugal"],"yoast_head":"<!-- This site is optimized with the Yoast SEO plugin v27.2 - https:\/\/yoast.com\/product\/yoast-seo-wordpress\/ -->\n<title>Carga fiscal sobre o trabalho aumenta na OCDE; Portugal volta a ser exce\u00e7\u00e3o - Portal Tela Portugal<\/title>\n<meta name=\"robots\" content=\"index, follow, max-snippet:-1, max-image-preview:large, max-video-preview:-1\" \/>\n<meta property=\"og:locale\" content=\"pt_PT\" \/>\n<meta property=\"og:type\" content=\"article\" \/>\n<meta property=\"og:title\" content=\"Carga fiscal sobre o trabalho aumenta na OCDE; Portugal volta a ser exce\u00e7\u00e3o - Portal Tela Portugal\" \/>\n<meta property=\"og:description\" content=\"Em 2025, a carga fiscal e contributiva sobre o trabalho em Portugal atingiu 39,3% para quem recebe o sal\u00e1rio m\u00e9dio, segundo a OCDE. O valor de Portugal ficou acima da m\u00e9dia da OCDE (35,1%) e abaixo da m\u00e9dia dos 22 pa\u00edses da OCDE que integram a Uni\u00e3o Europeia (UE), que foi de 41,7%. Portugal regista, pela segunda vez consecutiva, uma queda ligeira no tax wedge em 2025, inferior a menos de 0,3 pontos percentuais, mantendo a tend\u00eancia de aproxima\u00e7\u00e3o \u00e0 m\u00e9dia da OCDE. A OCDE observa que, desde 2010, the tax wedge tem aumentado em Portugal, com o maior agravamento associando-se ao per\u00edodo de cortes de impostos entre 2010 e 2015; em 2024 houve uma descida mais expressiva. O relat\u00f3rio tamb\u00e9m destaca que a carga varia consoante o tipo de trabalhador (solteiro sem filhos vs. agregado com filhos) e aumenta com o n\u00edvel salarial, sendo mais elevada entre 50% e 100% do sal\u00e1rio m\u00e9dio.\" \/>\n<meta property=\"og:url\" content=\"https:\/\/portaltela.pt\/noticias\/2026\/04\/22\/carga-fiscal-sobre-o-trabalho-aumenta-na-ocde-portugal-volta-a-ser-excecao\/\" \/>\n<meta property=\"og:site_name\" content=\"Portal Tela Portugal\" \/>\n<meta property=\"article:published_time\" content=\"2026-04-22T18:18:05+00:00\" \/>\n<meta name=\"author\" content=\"Telinha\" \/>\n<meta name=\"twitter:card\" content=\"summary_large_image\" \/>\n<meta name=\"twitter:label1\" content=\"Escrito por\" \/>\n\t<meta name=\"twitter:data1\" content=\"Telinha\" \/>\n\t<meta name=\"twitter:label2\" content=\"Tempo estimado de leitura\" \/>\n\t<meta name=\"twitter:data2\" content=\"2 minutos\" \/>\n<script type=\"application\/ld+json\" class=\"yoast-schema-graph\">{\"@context\":\"https:\/\/schema.org\",\"@graph\":[{\"@type\":\"Article\",\"@id\":\"https:\/\/portaltela.pt\/noticias\/2026\/04\/22\/carga-fiscal-sobre-o-trabalho-aumenta-na-ocde-portugal-volta-a-ser-excecao\/#article\",\"isPartOf\":{\"@id\":\"https:\/\/portaltela.pt\/noticias\/2026\/04\/22\/carga-fiscal-sobre-o-trabalho-aumenta-na-ocde-portugal-volta-a-ser-excecao\/\"},\"author\":{\"name\":\"Telinha\",\"@id\":\"https:\/\/portaltela.pt\/#\/schema\/person\/c4278d4a6028830caff9ee44b42d32ed\"},\"headline\":\"Carga fiscal sobre o trabalho aumenta na OCDE; Portugal volta a ser exce\u00e7\u00e3o\",\"datePublished\":\"2026-04-22T18:18:05+00:00\",\"mainEntityOfPage\":{\"@id\":\"https:\/\/portaltela.pt\/noticias\/2026\/04\/22\/carga-fiscal-sobre-o-trabalho-aumenta-na-ocde-portugal-volta-a-ser-excecao\/\"},\"wordCount\":341,\"image\":{\"@id\":\"https:\/\/portaltela.pt\/noticias\/2026\/04\/22\/carga-fiscal-sobre-o-trabalho-aumenta-na-ocde-portugal-volta-a-ser-excecao\/#primaryimage\"},\"thumbnailUrl\":\"https:\/\/portaltela.pt\/s.01k8rhncp4jt1\/2026\/04\/2083312.jpg\",\"keywords\":[\"economia\",\"impostos\",\"IRS\",\"OCDE\",\"pol\u00edtica interna\",\"Portugal\"],\"articleSection\":[\"Economia\",\"Finan\u00e7as\"],\"inLanguage\":\"pt-PT\"},{\"@type\":\"WebPage\",\"@id\":\"https:\/\/portaltela.pt\/noticias\/2026\/04\/22\/carga-fiscal-sobre-o-trabalho-aumenta-na-ocde-portugal-volta-a-ser-excecao\/\",\"url\":\"https:\/\/portaltela.pt\/noticias\/2026\/04\/22\/carga-fiscal-sobre-o-trabalho-aumenta-na-ocde-portugal-volta-a-ser-excecao\/\",\"name\":\"Carga fiscal sobre o trabalho aumenta na OCDE; Portugal volta a ser exce\u00e7\u00e3o - Portal Tela Portugal\",\"isPartOf\":{\"@id\":\"https:\/\/portaltela.pt\/#website\"},\"primaryImageOfPage\":{\"@id\":\"https:\/\/portaltela.pt\/noticias\/2026\/04\/22\/carga-fiscal-sobre-o-trabalho-aumenta-na-ocde-portugal-volta-a-ser-excecao\/#primaryimage\"},\"image\":{\"@id\":\"https:\/\/portaltela.pt\/noticias\/2026\/04\/22\/carga-fiscal-sobre-o-trabalho-aumenta-na-ocde-portugal-volta-a-ser-excecao\/#primaryimage\"},\"thumbnailUrl\":\"https:\/\/portaltela.pt\/s.01k8rhncp4jt1\/2026\/04\/2083312.jpg\",\"datePublished\":\"2026-04-22T18:18:05+00:00\",\"author\":{\"@id\":\"https:\/\/portaltela.pt\/#\/schema\/person\/c4278d4a6028830caff9ee44b42d32ed\"},\"breadcrumb\":{\"@id\":\"https:\/\/portaltela.pt\/noticias\/2026\/04\/22\/carga-fiscal-sobre-o-trabalho-aumenta-na-ocde-portugal-volta-a-ser-excecao\/#breadcrumb\"},\"inLanguage\":\"pt-PT\",\"potentialAction\":[{\"@type\":\"ReadAction\",\"target\":[\"https:\/\/portaltela.pt\/noticias\/2026\/04\/22\/carga-fiscal-sobre-o-trabalho-aumenta-na-ocde-portugal-volta-a-ser-excecao\/\"]}]},{\"@type\":\"ImageObject\",\"inLanguage\":\"pt-PT\",\"@id\":\"https:\/\/portaltela.pt\/noticias\/2026\/04\/22\/carga-fiscal-sobre-o-trabalho-aumenta-na-ocde-portugal-volta-a-ser-excecao\/#primaryimage\",\"url\":\"https:\/\/portaltela.pt\/s.01k8rhncp4jt1\/2026\/04\/2083312.jpg\",\"contentUrl\":\"https:\/\/portaltela.pt\/s.01k8rhncp4jt1\/2026\/04\/2083312.jpg\",\"width\":796,\"height\":448,\"caption\":\"Carga fiscal sobre o trabalho diminuiu em Portugal em 2025, estima a OCDE\"},{\"@type\":\"BreadcrumbList\",\"@id\":\"https:\/\/portaltela.pt\/noticias\/2026\/04\/22\/carga-fiscal-sobre-o-trabalho-aumenta-na-ocde-portugal-volta-a-ser-excecao\/#breadcrumb\",\"itemListElement\":[{\"@type\":\"ListItem\",\"position\":1,\"name\":\"In\u00edcio\",\"item\":\"https:\/\/portaltela.pt\/\"},{\"@type\":\"ListItem\",\"position\":2,\"name\":\"Carga fiscal sobre o trabalho aumenta na OCDE; Portugal volta a ser exce\u00e7\u00e3o\"}]},{\"@type\":\"WebSite\",\"@id\":\"https:\/\/portaltela.pt\/#website\",\"url\":\"https:\/\/portaltela.pt\/\",\"name\":\"Portal Tela Portugal\",\"description\":\"\",\"potentialAction\":[{\"@type\":\"SearchAction\",\"target\":{\"@type\":\"EntryPoint\",\"urlTemplate\":\"https:\/\/portaltela.pt\/?s={search_term_string}\"},\"query-input\":{\"@type\":\"PropertyValueSpecification\",\"valueRequired\":true,\"valueName\":\"search_term_string\"}}],\"inLanguage\":\"pt-PT\"},{\"@type\":\"Person\",\"@id\":\"https:\/\/portaltela.pt\/#\/schema\/person\/c4278d4a6028830caff9ee44b42d32ed\",\"name\":\"Telinha\",\"image\":{\"@type\":\"ImageObject\",\"inLanguage\":\"pt-PT\",\"@id\":\"https:\/\/portaltela.pt\/s.01k8rhncp4jt1\/2025\/11\/talking-bot-125x125.png\",\"url\":\"https:\/\/portaltela.pt\/s.01k8rhncp4jt1\/2025\/11\/talking-bot-125x125.png\",\"contentUrl\":\"https:\/\/portaltela.pt\/s.01k8rhncp4jt1\/2025\/11\/talking-bot-125x125.png\",\"caption\":\"Telinha\"},\"sameAs\":[\"https:\/\/portaltela.pt\/\"],\"url\":\"https:\/\/portaltela.pt\/por\/367410592786\/\"}]}<\/script>\n<!-- \/ Yoast SEO plugin. -->","yoast_head_json":{"title":"Carga fiscal sobre o trabalho aumenta na OCDE; Portugal volta a ser exce\u00e7\u00e3o - Portal Tela Portugal","robots":{"index":"index","follow":"follow","max-snippet":"max-snippet:-1","max-image-preview":"max-image-preview:large","max-video-preview":"max-video-preview:-1"},"og_locale":"pt_PT","og_type":"article","og_title":"Carga fiscal sobre o trabalho aumenta na OCDE; Portugal volta a ser exce\u00e7\u00e3o - Portal Tela Portugal","og_description":"Em 2025, a carga fiscal e contributiva sobre o trabalho em Portugal atingiu 39,3% para quem recebe o sal\u00e1rio m\u00e9dio, segundo a OCDE. O valor de Portugal ficou acima da m\u00e9dia da OCDE (35,1%) e abaixo da m\u00e9dia dos 22 pa\u00edses da OCDE que integram a Uni\u00e3o Europeia (UE), que foi de 41,7%. Portugal regista, pela segunda vez consecutiva, uma queda ligeira no tax wedge em 2025, inferior a menos de 0,3 pontos percentuais, mantendo a tend\u00eancia de aproxima\u00e7\u00e3o \u00e0 m\u00e9dia da OCDE. A OCDE observa que, desde 2010, the tax wedge tem aumentado em Portugal, com o maior agravamento associando-se ao per\u00edodo de cortes de impostos entre 2010 e 2015; em 2024 houve uma descida mais expressiva. O relat\u00f3rio tamb\u00e9m destaca que a carga varia consoante o tipo de trabalhador (solteiro sem filhos vs. agregado com filhos) e aumenta com o n\u00edvel salarial, sendo mais elevada entre 50% e 100% do sal\u00e1rio m\u00e9dio.","og_url":"https:\/\/portaltela.pt\/noticias\/2026\/04\/22\/carga-fiscal-sobre-o-trabalho-aumenta-na-ocde-portugal-volta-a-ser-excecao\/","og_site_name":"Portal Tela Portugal","article_published_time":"2026-04-22T18:18:05+00:00","author":"Telinha","twitter_card":"summary_large_image","twitter_misc":{"Escrito por":"Telinha","Tempo estimado de leitura":"2 minutos"},"schema":{"@context":"https:\/\/schema.org","@graph":[{"@type":"Article","@id":"https:\/\/portaltela.pt\/noticias\/2026\/04\/22\/carga-fiscal-sobre-o-trabalho-aumenta-na-ocde-portugal-volta-a-ser-excecao\/#article","isPartOf":{"@id":"https:\/\/portaltela.pt\/noticias\/2026\/04\/22\/carga-fiscal-sobre-o-trabalho-aumenta-na-ocde-portugal-volta-a-ser-excecao\/"},"author":{"name":"Telinha","@id":"https:\/\/portaltela.pt\/#\/schema\/person\/c4278d4a6028830caff9ee44b42d32ed"},"headline":"Carga fiscal sobre o trabalho aumenta na OCDE; Portugal volta a ser exce\u00e7\u00e3o","datePublished":"2026-04-22T18:18:05+00:00","mainEntityOfPage":{"@id":"https:\/\/portaltela.pt\/noticias\/2026\/04\/22\/carga-fiscal-sobre-o-trabalho-aumenta-na-ocde-portugal-volta-a-ser-excecao\/"},"wordCount":341,"image":{"@id":"https:\/\/portaltela.pt\/noticias\/2026\/04\/22\/carga-fiscal-sobre-o-trabalho-aumenta-na-ocde-portugal-volta-a-ser-excecao\/#primaryimage"},"thumbnailUrl":"https:\/\/portaltela.pt\/s.01k8rhncp4jt1\/2026\/04\/2083312.jpg","keywords":["economia","impostos","IRS","OCDE","pol\u00edtica interna","Portugal"],"articleSection":["Economia","Finan\u00e7as"],"inLanguage":"pt-PT"},{"@type":"WebPage","@id":"https:\/\/portaltela.pt\/noticias\/2026\/04\/22\/carga-fiscal-sobre-o-trabalho-aumenta-na-ocde-portugal-volta-a-ser-excecao\/","url":"https:\/\/portaltela.pt\/noticias\/2026\/04\/22\/carga-fiscal-sobre-o-trabalho-aumenta-na-ocde-portugal-volta-a-ser-excecao\/","name":"Carga fiscal sobre o trabalho aumenta na OCDE; Portugal volta a ser exce\u00e7\u00e3o - Portal Tela Portugal","isPartOf":{"@id":"https:\/\/portaltela.pt\/#website"},"primaryImageOfPage":{"@id":"https:\/\/portaltela.pt\/noticias\/2026\/04\/22\/carga-fiscal-sobre-o-trabalho-aumenta-na-ocde-portugal-volta-a-ser-excecao\/#primaryimage"},"image":{"@id":"https:\/\/portaltela.pt\/noticias\/2026\/04\/22\/carga-fiscal-sobre-o-trabalho-aumenta-na-ocde-portugal-volta-a-ser-excecao\/#primaryimage"},"thumbnailUrl":"https:\/\/portaltela.pt\/s.01k8rhncp4jt1\/2026\/04\/2083312.jpg","datePublished":"2026-04-22T18:18:05+00:00","author":{"@id":"https:\/\/portaltela.pt\/#\/schema\/person\/c4278d4a6028830caff9ee44b42d32ed"},"breadcrumb":{"@id":"https:\/\/portaltela.pt\/noticias\/2026\/04\/22\/carga-fiscal-sobre-o-trabalho-aumenta-na-ocde-portugal-volta-a-ser-excecao\/#breadcrumb"},"inLanguage":"pt-PT","potentialAction":[{"@type":"ReadAction","target":["https:\/\/portaltela.pt\/noticias\/2026\/04\/22\/carga-fiscal-sobre-o-trabalho-aumenta-na-ocde-portugal-volta-a-ser-excecao\/"]}]},{"@type":"ImageObject","inLanguage":"pt-PT","@id":"https:\/\/portaltela.pt\/noticias\/2026\/04\/22\/carga-fiscal-sobre-o-trabalho-aumenta-na-ocde-portugal-volta-a-ser-excecao\/#primaryimage","url":"https:\/\/portaltela.pt\/s.01k8rhncp4jt1\/2026\/04\/2083312.jpg","contentUrl":"https:\/\/portaltela.pt\/s.01k8rhncp4jt1\/2026\/04\/2083312.jpg","width":796,"height":448,"caption":"Carga fiscal sobre o trabalho diminuiu em Portugal em 2025, estima a OCDE"},{"@type":"BreadcrumbList","@id":"https:\/\/portaltela.pt\/noticias\/2026\/04\/22\/carga-fiscal-sobre-o-trabalho-aumenta-na-ocde-portugal-volta-a-ser-excecao\/#breadcrumb","itemListElement":[{"@type":"ListItem","position":1,"name":"In\u00edcio","item":"https:\/\/portaltela.pt\/"},{"@type":"ListItem","position":2,"name":"Carga fiscal sobre o trabalho aumenta na OCDE; Portugal volta a ser exce\u00e7\u00e3o"}]},{"@type":"WebSite","@id":"https:\/\/portaltela.pt\/#website","url":"https:\/\/portaltela.pt\/","name":"Portal Tela Portugal","description":"","potentialAction":[{"@type":"SearchAction","target":{"@type":"EntryPoint","urlTemplate":"https:\/\/portaltela.pt\/?s={search_term_string}"},"query-input":{"@type":"PropertyValueSpecification","valueRequired":true,"valueName":"search_term_string"}}],"inLanguage":"pt-PT"},{"@type":"Person","@id":"https:\/\/portaltela.pt\/#\/schema\/person\/c4278d4a6028830caff9ee44b42d32ed","name":"Telinha","image":{"@type":"ImageObject","inLanguage":"pt-PT","@id":"https:\/\/portaltela.pt\/s.01k8rhncp4jt1\/2025\/11\/talking-bot-125x125.png","url":"https:\/\/portaltela.pt\/s.01k8rhncp4jt1\/2025\/11\/talking-bot-125x125.png","contentUrl":"https:\/\/portaltela.pt\/s.01k8rhncp4jt1\/2025\/11\/talking-bot-125x125.png","caption":"Telinha"},"sameAs":["https:\/\/portaltela.pt\/"],"url":"https:\/\/portaltela.pt\/por\/367410592786\/"}]}},"_links":{"self":[{"href":"https:\/\/portaltela.pt\/api\/wp\/v2\/posts\/454959","targetHints":{"allow":["GET"]}}],"collection":[{"href":"https:\/\/portaltela.pt\/api\/wp\/v2\/posts"}],"about":[{"href":"https:\/\/portaltela.pt\/api\/wp\/v2\/types\/post"}],"author":[{"embeddable":true,"href":"https:\/\/portaltela.pt\/api\/wp\/v2\/users\/2"}],"replies":[{"embeddable":true,"href":"https:\/\/portaltela.pt\/api\/wp\/v2\/comments?post=454959"}],"version-history":[{"count":0,"href":"https:\/\/portaltela.pt\/api\/wp\/v2\/posts\/454959\/revisions"}],"wp:featuredmedia":[{"embeddable":true,"href":"https:\/\/portaltela.pt\/api\/wp\/v2\/media\/454964"}],"wp:attachment":[{"href":"https:\/\/portaltela.pt\/api\/wp\/v2\/media?parent=454959"}],"wp:term":[{"taxonomy":"category","embeddable":true,"href":"https:\/\/portaltela.pt\/api\/wp\/v2\/categories?post=454959"},{"taxonomy":"post_tag","embeddable":true,"href":"https:\/\/portaltela.pt\/api\/wp\/v2\/tags?post=454959"}],"curies":[{"name":"wp","href":"https:\/\/api.w.org\/{rel}","templated":true}]}}