{"id":454944,"date":"2026-04-22T15:17:40","date_gmt":"2026-04-22T18:17:40","guid":{"rendered":"https:\/\/portaltela.pt\/noticias\/2026\/04\/22\/nelson-oliveira-e-samu-analisam-numeros-redondos-na-carreira\/"},"modified":"2026-04-22T15:17:40","modified_gmt":"2026-04-22T18:17:40","slug":"nelson-oliveira-e-samu-analisam-numeros-redondos-na-carreira","status":"publish","type":"post","link":"https:\/\/portaltela.pt\/desporto\/futebol\/2026\/04\/22\/nelson-oliveira-e-samu-analisam-numeros-redondos-na-carreira\/","title":{"rendered":"N\u00e9lson Oliveira e Samu analisam n\u00fameros redondos na carreira"},"content":{"rendered":"<p>N\u00e9lson Oliveira e Samu est\u00e3o perto de atingir marcas redondas na carreira. O avan\u00e7ado est\u00e1 a um jogo de chegar aos 500 jogos como s\u00e9nior, enquanto o m\u00e9dio precisa apenas de um golo para alcan\u00e7ar a marca dos 50.<\/p>\n<p>Os dois jogadores podem atingir estes n\u00fameros na rece\u00e7\u00e3o do Vit\u00f3ria ao Rio Ave, marcada para este s\u00e1bado. A oportunidade surge no contexto de um encontro que marca a continuidade das suas carreiras ao servi\u00e7o da equipa.<\/p>\n<p>Se consolidarem as metas, entram para uma lista de marcos pessoais que destacam a longevidade de N\u00e9lson Oliveira e a efic\u00e1cia de Samu ao longo dos anos. A partida promete ser determinante para cada um, em termos estat\u00edsticos.<\/p>\n","protected":false},"excerpt":{"rendered":"<ul>\n<li>N\u00e9lson Oliveira est\u00e1 a um jogo de atingir 500 jogos como s\u00e9nior.<\/li>\n<li>Samu precisa apenas de um golo para chegar aos 50 na carreira.<\/li>\n<li>As marcas podem ser alcan\u00e7adas na rece\u00e7\u00e3o do Vit\u00f3ria ao Rio Ave, prevista para s\u00e1bado.<\/li>\n<\/ul>\n","protected":false},"author":2,"featured_media":454953,"comment_status":"closed","ping_status":"closed","sticky":false,"template":"","format":"standard","meta":{"footnotes":""},"categories":[21,24],"tags":[4059,152,32,2190,2428],"class_list":["post-454944","post","type-post","status-publish","format-standard","has-post-thumbnail","hentry","category-desporto","category-futebol","tag-1-a-liga","tag-desporto","tag-futebol","tag-rio-ave","tag-vitoria"],"yoast_head":"<!-- This site is optimized with the Yoast SEO plugin v27.2 - https:\/\/yoast.com\/product\/yoast-seo-wordpress\/ -->\n<title>N\u00e9lson Oliveira e Samu analisam n\u00fameros redondos na carreira - Portal Tela Portugal<\/title>\n<meta name=\"robots\" content=\"index, follow, max-snippet:-1, max-image-preview:large, max-video-preview:-1\" \/>\n<meta property=\"og:locale\" content=\"pt_PT\" \/>\n<meta property=\"og:type\" content=\"article\" \/>\n<meta property=\"og:title\" content=\"N\u00e9lson Oliveira e Samu analisam n\u00fameros redondos na carreira - Portal Tela Portugal\" \/>\n<meta property=\"og:description\" content=\"N\u00e9lson Oliveira est\u00e1 a um jogo de atingir 500 jogos como s\u00e9nior. Samu precisa apenas de um golo para chegar aos 50 na carreira. As marcas podem ser alcan\u00e7adas na rece\u00e7\u00e3o do Vit\u00f3ria ao Rio Ave, prevista para s\u00e1bado.\" \/>\n<meta property=\"og:url\" content=\"https:\/\/portaltela.pt\/noticias\/2026\/04\/22\/nelson-oliveira-e-samu-analisam-numeros-redondos-na-carreira\/\" \/>\n<meta property=\"og:site_name\" content=\"Portal Tela Portugal\" \/>\n<meta property=\"article:published_time\" content=\"2026-04-22T18:17:40+00:00\" \/>\n<meta name=\"author\" content=\"Telinha\" \/>\n<meta name=\"twitter:card\" content=\"summary_large_image\" \/>\n<meta name=\"twitter:label1\" content=\"Escrito por\" \/>\n\t<meta name=\"twitter:data1\" content=\"Telinha\" \/>\n\t<meta name=\"twitter:label2\" content=\"Tempo estimado de leitura\" \/>\n\t<meta name=\"twitter:data2\" content=\"1 minuto\" \/>\n<script type=\"application\/ld+json\" class=\"yoast-schema-graph\">{\"@context\":\"https:\/\/schema.org\",\"@graph\":[{\"@type\":\"Article\",\"@id\":\"https:\/\/portaltela.pt\/noticias\/2026\/04\/22\/nelson-oliveira-e-samu-analisam-numeros-redondos-na-carreira\/#article\",\"isPartOf\":{\"@id\":\"https:\/\/portaltela.pt\/noticias\/2026\/04\/22\/nelson-oliveira-e-samu-analisam-numeros-redondos-na-carreira\/\"},\"author\":{\"name\":\"Telinha\",\"@id\":\"https:\/\/portaltela.pt\/#\/schema\/person\/c4278d4a6028830caff9ee44b42d32ed\"},\"headline\":\"N\u00e9lson Oliveira e Samu analisam n\u00fameros redondos na carreira\",\"datePublished\":\"2026-04-22T18:17:40+00:00\",\"mainEntityOfPage\":{\"@id\":\"https:\/\/portaltela.pt\/noticias\/2026\/04\/22\/nelson-oliveira-e-samu-analisam-numeros-redondos-na-carreira\/\"},\"wordCount\":137,\"image\":{\"@id\":\"https:\/\/portaltela.pt\/noticias\/2026\/04\/22\/nelson-oliveira-e-samu-analisam-numeros-redondos-na-carreira\/#primaryimage\"},\"thumbnailUrl\":\"https:\/\/portaltela.pt\/s.01k8rhncp4jt1\/2026\/04\/img_920x518uu2026-01-30-23-21-43-2418580-im-639065256748310275.jpg\",\"keywords\":[\"1.\u00aa Liga\",\"desporto\",\"futebol\",\"Rio Ave\",\"Vit\u00f3ria\"],\"articleSection\":[\"Desporto\",\"Futebol\"],\"inLanguage\":\"pt-PT\"},{\"@type\":\"WebPage\",\"@id\":\"https:\/\/portaltela.pt\/noticias\/2026\/04\/22\/nelson-oliveira-e-samu-analisam-numeros-redondos-na-carreira\/\",\"url\":\"https:\/\/portaltela.pt\/noticias\/2026\/04\/22\/nelson-oliveira-e-samu-analisam-numeros-redondos-na-carreira\/\",\"name\":\"N\u00e9lson Oliveira e Samu analisam n\u00fameros redondos na carreira - Portal Tela Portugal\",\"isPartOf\":{\"@id\":\"https:\/\/portaltela.pt\/#website\"},\"primaryImageOfPage\":{\"@id\":\"https:\/\/portaltela.pt\/noticias\/2026\/04\/22\/nelson-oliveira-e-samu-analisam-numeros-redondos-na-carreira\/#primaryimage\"},\"image\":{\"@id\":\"https:\/\/portaltela.pt\/noticias\/2026\/04\/22\/nelson-oliveira-e-samu-analisam-numeros-redondos-na-carreira\/#primaryimage\"},\"thumbnailUrl\":\"https:\/\/portaltela.pt\/s.01k8rhncp4jt1\/2026\/04\/img_920x518uu2026-01-30-23-21-43-2418580-im-639065256748310275.jpg\",\"datePublished\":\"2026-04-22T18:17:40+00:00\",\"author\":{\"@id\":\"https:\/\/portaltela.pt\/#\/schema\/person\/c4278d4a6028830caff9ee44b42d32ed\"},\"breadcrumb\":{\"@id\":\"https:\/\/portaltela.pt\/noticias\/2026\/04\/22\/nelson-oliveira-e-samu-analisam-numeros-redondos-na-carreira\/#breadcrumb\"},\"inLanguage\":\"pt-PT\",\"potentialAction\":[{\"@type\":\"ReadAction\",\"target\":[\"https:\/\/portaltela.pt\/noticias\/2026\/04\/22\/nelson-oliveira-e-samu-analisam-numeros-redondos-na-carreira\/\"]}]},{\"@type\":\"ImageObject\",\"inLanguage\":\"pt-PT\",\"@id\":\"https:\/\/portaltela.pt\/noticias\/2026\/04\/22\/nelson-oliveira-e-samu-analisam-numeros-redondos-na-carreira\/#primaryimage\",\"url\":\"https:\/\/portaltela.pt\/s.01k8rhncp4jt1\/2026\/04\/img_920x518uu2026-01-30-23-21-43-2418580-im-639065256748310275.jpg\",\"contentUrl\":\"https:\/\/portaltela.pt\/s.01k8rhncp4jt1\/2026\/04\/img_920x518uu2026-01-30-23-21-43-2418580-im-639065256748310275.jpg\",\"width\":796,\"height\":448,\"caption\":\"Photo\"},{\"@type\":\"BreadcrumbList\",\"@id\":\"https:\/\/portaltela.pt\/noticias\/2026\/04\/22\/nelson-oliveira-e-samu-analisam-numeros-redondos-na-carreira\/#breadcrumb\",\"itemListElement\":[{\"@type\":\"ListItem\",\"position\":1,\"name\":\"In\u00edcio\",\"item\":\"https:\/\/portaltela.pt\/\"},{\"@type\":\"ListItem\",\"position\":2,\"name\":\"N\u00e9lson Oliveira e Samu analisam n\u00fameros redondos na carreira\"}]},{\"@type\":\"WebSite\",\"@id\":\"https:\/\/portaltela.pt\/#website\",\"url\":\"https:\/\/portaltela.pt\/\",\"name\":\"Portal Tela Portugal\",\"description\":\"\",\"potentialAction\":[{\"@type\":\"SearchAction\",\"target\":{\"@type\":\"EntryPoint\",\"urlTemplate\":\"https:\/\/portaltela.pt\/?s={search_term_string}\"},\"query-input\":{\"@type\":\"PropertyValueSpecification\",\"valueRequired\":true,\"valueName\":\"search_term_string\"}}],\"inLanguage\":\"pt-PT\"},{\"@type\":\"Person\",\"@id\":\"https:\/\/portaltela.pt\/#\/schema\/person\/c4278d4a6028830caff9ee44b42d32ed\",\"name\":\"Telinha\",\"image\":{\"@type\":\"ImageObject\",\"inLanguage\":\"pt-PT\",\"@id\":\"https:\/\/portaltela.pt\/s.01k8rhncp4jt1\/2025\/11\/talking-bot-125x125.png\",\"url\":\"https:\/\/portaltela.pt\/s.01k8rhncp4jt1\/2025\/11\/talking-bot-125x125.png\",\"contentUrl\":\"https:\/\/portaltela.pt\/s.01k8rhncp4jt1\/2025\/11\/talking-bot-125x125.png\",\"caption\":\"Telinha\"},\"sameAs\":[\"https:\/\/portaltela.pt\/\"],\"url\":\"https:\/\/portaltela.pt\/por\/367410592786\/\"}]}<\/script>\n<!-- \/ Yoast SEO plugin. -->","yoast_head_json":{"title":"N\u00e9lson Oliveira e Samu analisam n\u00fameros redondos na carreira - Portal Tela Portugal","robots":{"index":"index","follow":"follow","max-snippet":"max-snippet:-1","max-image-preview":"max-image-preview:large","max-video-preview":"max-video-preview:-1"},"og_locale":"pt_PT","og_type":"article","og_title":"N\u00e9lson Oliveira e Samu analisam n\u00fameros redondos na carreira - Portal Tela Portugal","og_description":"N\u00e9lson Oliveira est\u00e1 a um jogo de atingir 500 jogos como s\u00e9nior. Samu precisa apenas de um golo para chegar aos 50 na carreira. As marcas podem ser alcan\u00e7adas na rece\u00e7\u00e3o do Vit\u00f3ria ao Rio Ave, prevista para s\u00e1bado.","og_url":"https:\/\/portaltela.pt\/noticias\/2026\/04\/22\/nelson-oliveira-e-samu-analisam-numeros-redondos-na-carreira\/","og_site_name":"Portal Tela Portugal","article_published_time":"2026-04-22T18:17:40+00:00","author":"Telinha","twitter_card":"summary_large_image","twitter_misc":{"Escrito por":"Telinha","Tempo estimado de leitura":"1 minuto"},"schema":{"@context":"https:\/\/schema.org","@graph":[{"@type":"Article","@id":"https:\/\/portaltela.pt\/noticias\/2026\/04\/22\/nelson-oliveira-e-samu-analisam-numeros-redondos-na-carreira\/#article","isPartOf":{"@id":"https:\/\/portaltela.pt\/noticias\/2026\/04\/22\/nelson-oliveira-e-samu-analisam-numeros-redondos-na-carreira\/"},"author":{"name":"Telinha","@id":"https:\/\/portaltela.pt\/#\/schema\/person\/c4278d4a6028830caff9ee44b42d32ed"},"headline":"N\u00e9lson Oliveira e Samu analisam n\u00fameros redondos na carreira","datePublished":"2026-04-22T18:17:40+00:00","mainEntityOfPage":{"@id":"https:\/\/portaltela.pt\/noticias\/2026\/04\/22\/nelson-oliveira-e-samu-analisam-numeros-redondos-na-carreira\/"},"wordCount":137,"image":{"@id":"https:\/\/portaltela.pt\/noticias\/2026\/04\/22\/nelson-oliveira-e-samu-analisam-numeros-redondos-na-carreira\/#primaryimage"},"thumbnailUrl":"https:\/\/portaltela.pt\/s.01k8rhncp4jt1\/2026\/04\/img_920x518uu2026-01-30-23-21-43-2418580-im-639065256748310275.jpg","keywords":["1.\u00aa Liga","desporto","futebol","Rio Ave","Vit\u00f3ria"],"articleSection":["Desporto","Futebol"],"inLanguage":"pt-PT"},{"@type":"WebPage","@id":"https:\/\/portaltela.pt\/noticias\/2026\/04\/22\/nelson-oliveira-e-samu-analisam-numeros-redondos-na-carreira\/","url":"https:\/\/portaltela.pt\/noticias\/2026\/04\/22\/nelson-oliveira-e-samu-analisam-numeros-redondos-na-carreira\/","name":"N\u00e9lson Oliveira e Samu analisam n\u00fameros redondos na carreira - Portal Tela Portugal","isPartOf":{"@id":"https:\/\/portaltela.pt\/#website"},"primaryImageOfPage":{"@id":"https:\/\/portaltela.pt\/noticias\/2026\/04\/22\/nelson-oliveira-e-samu-analisam-numeros-redondos-na-carreira\/#primaryimage"},"image":{"@id":"https:\/\/portaltela.pt\/noticias\/2026\/04\/22\/nelson-oliveira-e-samu-analisam-numeros-redondos-na-carreira\/#primaryimage"},"thumbnailUrl":"https:\/\/portaltela.pt\/s.01k8rhncp4jt1\/2026\/04\/img_920x518uu2026-01-30-23-21-43-2418580-im-639065256748310275.jpg","datePublished":"2026-04-22T18:17:40+00:00","author":{"@id":"https:\/\/portaltela.pt\/#\/schema\/person\/c4278d4a6028830caff9ee44b42d32ed"},"breadcrumb":{"@id":"https:\/\/portaltela.pt\/noticias\/2026\/04\/22\/nelson-oliveira-e-samu-analisam-numeros-redondos-na-carreira\/#breadcrumb"},"inLanguage":"pt-PT","potentialAction":[{"@type":"ReadAction","target":["https:\/\/portaltela.pt\/noticias\/2026\/04\/22\/nelson-oliveira-e-samu-analisam-numeros-redondos-na-carreira\/"]}]},{"@type":"ImageObject","inLanguage":"pt-PT","@id":"https:\/\/portaltela.pt\/noticias\/2026\/04\/22\/nelson-oliveira-e-samu-analisam-numeros-redondos-na-carreira\/#primaryimage","url":"https:\/\/portaltela.pt\/s.01k8rhncp4jt1\/2026\/04\/img_920x518uu2026-01-30-23-21-43-2418580-im-639065256748310275.jpg","contentUrl":"https:\/\/portaltela.pt\/s.01k8rhncp4jt1\/2026\/04\/img_920x518uu2026-01-30-23-21-43-2418580-im-639065256748310275.jpg","width":796,"height":448,"caption":"Photo"},{"@type":"BreadcrumbList","@id":"https:\/\/portaltela.pt\/noticias\/2026\/04\/22\/nelson-oliveira-e-samu-analisam-numeros-redondos-na-carreira\/#breadcrumb","itemListElement":[{"@type":"ListItem","position":1,"name":"In\u00edcio","item":"https:\/\/portaltela.pt\/"},{"@type":"ListItem","position":2,"name":"N\u00e9lson Oliveira e Samu analisam n\u00fameros redondos na carreira"}]},{"@type":"WebSite","@id":"https:\/\/portaltela.pt\/#website","url":"https:\/\/portaltela.pt\/","name":"Portal Tela Portugal","description":"","potentialAction":[{"@type":"SearchAction","target":{"@type":"EntryPoint","urlTemplate":"https:\/\/portaltela.pt\/?s={search_term_string}"},"query-input":{"@type":"PropertyValueSpecification","valueRequired":true,"valueName":"search_term_string"}}],"inLanguage":"pt-PT"},{"@type":"Person","@id":"https:\/\/portaltela.pt\/#\/schema\/person\/c4278d4a6028830caff9ee44b42d32ed","name":"Telinha","image":{"@type":"ImageObject","inLanguage":"pt-PT","@id":"https:\/\/portaltela.pt\/s.01k8rhncp4jt1\/2025\/11\/talking-bot-125x125.png","url":"https:\/\/portaltela.pt\/s.01k8rhncp4jt1\/2025\/11\/talking-bot-125x125.png","contentUrl":"https:\/\/portaltela.pt\/s.01k8rhncp4jt1\/2025\/11\/talking-bot-125x125.png","caption":"Telinha"},"sameAs":["https:\/\/portaltela.pt\/"],"url":"https:\/\/portaltela.pt\/por\/367410592786\/"}]}},"_links":{"self":[{"href":"https:\/\/portaltela.pt\/api\/wp\/v2\/posts\/454944","targetHints":{"allow":["GET"]}}],"collection":[{"href":"https:\/\/portaltela.pt\/api\/wp\/v2\/posts"}],"about":[{"href":"https:\/\/portaltela.pt\/api\/wp\/v2\/types\/post"}],"author":[{"embeddable":true,"href":"https:\/\/portaltela.pt\/api\/wp\/v2\/users\/2"}],"replies":[{"embeddable":true,"href":"https:\/\/portaltela.pt\/api\/wp\/v2\/comments?post=454944"}],"version-history":[{"count":0,"href":"https:\/\/portaltela.pt\/api\/wp\/v2\/posts\/454944\/revisions"}],"wp:featuredmedia":[{"embeddable":true,"href":"https:\/\/portaltela.pt\/api\/wp\/v2\/media\/454953"}],"wp:attachment":[{"href":"https:\/\/portaltela.pt\/api\/wp\/v2\/media?parent=454944"}],"wp:term":[{"taxonomy":"category","embeddable":true,"href":"https:\/\/portaltela.pt\/api\/wp\/v2\/categories?post=454944"},{"taxonomy":"post_tag","embeddable":true,"href":"https:\/\/portaltela.pt\/api\/wp\/v2\/tags?post=454944"}],"curies":[{"name":"wp","href":"https:\/\/api.w.org\/{rel}","templated":true}]}}