{"id":454913,"date":"2026-04-22T15:03:11","date_gmt":"2026-04-22T18:03:11","guid":{"rendered":"https:\/\/portaltela.pt\/noticias\/2026\/04\/22\/fitei-recebe-casa-propria-com-apoio-da-autarquia-do-porto\/"},"modified":"2026-04-22T15:03:11","modified_gmt":"2026-04-22T18:03:11","slug":"fitei-recebe-casa-propria-com-apoio-da-autarquia-do-porto","status":"publish","type":"post","link":"https:\/\/portaltela.pt\/noticias\/2026\/04\/22\/fitei-recebe-casa-propria-com-apoio-da-autarquia-do-porto\/","title":{"rendered":"FITEI recebe casa pr\u00f3pria com apoio da autarquia do Porto"},"content":{"rendered":"<p>O Festival Internacional de Teatro de Express\u00e3o Ib\u00e9rica (FITEI) est\u00e1 a chegar \u00e0 sua 50.\u00aa edi\u00e7\u00e3o em 2027, num momento de transi\u00e7\u00e3o entre hist\u00f3ria e futuro. O festival prepara-se para criar uma casa pr\u00f3pria dedicada \u00e0 cria\u00e7\u00e3o art\u00edstica, com o apoio da autarquia do Porto.<\/p>\n<p>A autarquia do Porto e a dire\u00e7\u00e3o art\u00edstica do FITEI comunicam a inten\u00e7\u00e3o de consolidar o festival como projeto cont\u00ednuo, para l\u00e1 da programa\u00e7\u00e3o anual. O objetivo \u00e9 fomentar o di\u00e1logo entre comunidades, culturas e povos atrav\u00e9s da arte, considerando a cultura como espa\u00e7o de encontro e interc\u00e2mbio.<\/p>\n<h3>Casa pr\u00f3pria para o FITEI<\/h3>\n<p>As declara\u00e7\u00f5es indicam um passo estrat\u00e9gico para a institucionaliza\u00e7\u00e3o do festival, com investimento p\u00fablico para apoiar a cria\u00e7\u00e3o, a resid\u00eancia de artistas e a produ\u00e7\u00e3o de novas obras. A iniciativa surge numa fase de fortalecimento da identidade ib\u00e9rica do evento.<\/p>\n<p>A ambi\u00e7\u00e3o \u00e9 estabelecer uma plataforma est\u00e1vel que una mem\u00f3ria recente do festival ao impulso criativo para os pr\u00f3ximos anos, refor\u00e7ando o papel da cidade neste projeto cultural.<\/p>\n","protected":false},"excerpt":{"rendered":"<ul>\n<li>O Festival Internacional de Teatro de Express\u00e3o Ib\u00e9rica (FITEI) aproxima\u2011se da 50.\u00aa edi\u00e7\u00e3o, em 2027, com o objetivo de criar uma casa pr\u00f3pria dedicada \u00e0 cria\u00e7\u00e3o art\u00edstica, apoiada pela autarquia do Porto.<\/li>\n<li>O an\u00fancio envolve um momento de transi\u00e7\u00e3o entre mem\u00f3ria e ambi\u00e7\u00e3o, conforme o vereador da Cultura da C\u00e2mara do Porto, Jorge Sobrado, e o diretor art\u00edstico do festival, Gon\u00e7alo Amorim.<\/li>\n<li>Jorge Sobrado afirma que o FITEI \u00e9 um projeto movido por uma ideia maior do que a programa\u00e7\u00e3o anual, mantendo o sonho de um di\u00e1logo pac\u00edfico entre povos.<\/li>\n<li>O edil destaca que a cultura funciona como espa\u00e7o de encontro, servindo como sementeira de trocas, ideias, di\u00e1logos e cruzamentos.<\/li>\n<li>O foco \u00e9 consolidar a vis\u00e3o de uma casa pr\u00f3pria para o FITEI, fortalecendo a identidade do festival e o investimento na cria\u00e7\u00e3o art\u00edstica.<\/li>\n<\/ul>\n","protected":false},"author":2,"featured_media":454919,"comment_status":"closed","ping_status":"closed","sticky":false,"template":"","format":"standard","meta":{"footnotes":""},"categories":[7375,1],"tags":[8499,9470,8088,8062,145,3674],"class_list":["post-454913","post","type-post","status-publish","format-standard","has-post-thumbnail","hentry","category-cultura","category-noticias","tag-_apoio-institucional","tag-_apoio-publico","tag-_porto","tag-_portugal","tag-cultura","tag-festival"],"yoast_head":"<!-- This site is optimized with the Yoast SEO plugin v27.2 - https:\/\/yoast.com\/product\/yoast-seo-wordpress\/ -->\n<title>FITEI recebe casa pr\u00f3pria com apoio da autarquia do Porto - Portal Tela Portugal<\/title>\n<meta name=\"robots\" content=\"index, follow, max-snippet:-1, max-image-preview:large, max-video-preview:-1\" \/>\n<meta property=\"og:locale\" content=\"pt_PT\" \/>\n<meta property=\"og:type\" content=\"article\" \/>\n<meta property=\"og:title\" content=\"FITEI recebe casa pr\u00f3pria com apoio da autarquia do Porto - Portal Tela Portugal\" \/>\n<meta property=\"og:description\" content=\"O Festival Internacional de Teatro de Express\u00e3o Ib\u00e9rica (FITEI) aproxima\u2011se da 50.\u00aa edi\u00e7\u00e3o, em 2027, com o objetivo de criar uma casa pr\u00f3pria dedicada \u00e0 cria\u00e7\u00e3o art\u00edstica, apoiada pela autarquia do Porto. O an\u00fancio envolve um momento de transi\u00e7\u00e3o entre mem\u00f3ria e ambi\u00e7\u00e3o, conforme o vereador da Cultura da C\u00e2mara do Porto, Jorge Sobrado, e o diretor art\u00edstico do festival, Gon\u00e7alo Amorim. Jorge Sobrado afirma que o FITEI \u00e9 um projeto movido por uma ideia maior do que a programa\u00e7\u00e3o anual, mantendo o sonho de um di\u00e1logo pac\u00edfico entre povos. O edil destaca que a cultura funciona como espa\u00e7o de encontro, servindo como sementeira de trocas, ideias, di\u00e1logos e cruzamentos. O foco \u00e9 consolidar a vis\u00e3o de uma casa pr\u00f3pria para o FITEI, fortalecendo a identidade do festival e o investimento na cria\u00e7\u00e3o art\u00edstica.\" \/>\n<meta property=\"og:url\" content=\"https:\/\/portaltela.pt\/noticias\/2026\/04\/22\/fitei-recebe-casa-propria-com-apoio-da-autarquia-do-porto\/\" \/>\n<meta property=\"og:site_name\" content=\"Portal Tela Portugal\" \/>\n<meta property=\"article:published_time\" content=\"2026-04-22T18:03:11+00:00\" \/>\n<meta name=\"author\" content=\"Telinha\" \/>\n<meta name=\"twitter:card\" content=\"summary_large_image\" \/>\n<meta name=\"twitter:label1\" content=\"Escrito por\" \/>\n\t<meta name=\"twitter:data1\" content=\"Telinha\" \/>\n\t<meta name=\"twitter:label2\" content=\"Tempo estimado de leitura\" \/>\n\t<meta name=\"twitter:data2\" content=\"1 minuto\" \/>\n<script type=\"application\/ld+json\" class=\"yoast-schema-graph\">{\"@context\":\"https:\/\/schema.org\",\"@graph\":[{\"@type\":\"Article\",\"@id\":\"https:\/\/portaltela.pt\/noticias\/2026\/04\/22\/fitei-recebe-casa-propria-com-apoio-da-autarquia-do-porto\/#article\",\"isPartOf\":{\"@id\":\"https:\/\/portaltela.pt\/noticias\/2026\/04\/22\/fitei-recebe-casa-propria-com-apoio-da-autarquia-do-porto\/\"},\"author\":{\"name\":\"Telinha\",\"@id\":\"https:\/\/portaltela.pt\/#\/schema\/person\/c4278d4a6028830caff9ee44b42d32ed\"},\"headline\":\"FITEI recebe casa pr\u00f3pria com apoio da autarquia do Porto\",\"datePublished\":\"2026-04-22T18:03:11+00:00\",\"mainEntityOfPage\":{\"@id\":\"https:\/\/portaltela.pt\/noticias\/2026\/04\/22\/fitei-recebe-casa-propria-com-apoio-da-autarquia-do-porto\/\"},\"wordCount\":202,\"image\":{\"@id\":\"https:\/\/portaltela.pt\/noticias\/2026\/04\/22\/fitei-recebe-casa-propria-com-apoio-da-autarquia-do-porto\/#primaryimage\"},\"thumbnailUrl\":\"https:\/\/portaltela.pt\/s.01k8rhncp4jt1\/2026\/04\/image-1374.jpg\",\"keywords\":[\"_apoio institucional\",\"_apoio p\u00fablico\",\"_Porto\",\"_Portugal\",\"cultura\",\"festival\"],\"articleSection\":[\"Cultura\",\"Not\u00edcias\"],\"inLanguage\":\"pt-PT\"},{\"@type\":\"WebPage\",\"@id\":\"https:\/\/portaltela.pt\/noticias\/2026\/04\/22\/fitei-recebe-casa-propria-com-apoio-da-autarquia-do-porto\/\",\"url\":\"https:\/\/portaltela.pt\/noticias\/2026\/04\/22\/fitei-recebe-casa-propria-com-apoio-da-autarquia-do-porto\/\",\"name\":\"FITEI recebe casa pr\u00f3pria com apoio da autarquia do Porto - Portal Tela Portugal\",\"isPartOf\":{\"@id\":\"https:\/\/portaltela.pt\/#website\"},\"primaryImageOfPage\":{\"@id\":\"https:\/\/portaltela.pt\/noticias\/2026\/04\/22\/fitei-recebe-casa-propria-com-apoio-da-autarquia-do-porto\/#primaryimage\"},\"image\":{\"@id\":\"https:\/\/portaltela.pt\/noticias\/2026\/04\/22\/fitei-recebe-casa-propria-com-apoio-da-autarquia-do-porto\/#primaryimage\"},\"thumbnailUrl\":\"https:\/\/portaltela.pt\/s.01k8rhncp4jt1\/2026\/04\/image-1374.jpg\",\"datePublished\":\"2026-04-22T18:03:11+00:00\",\"author\":{\"@id\":\"https:\/\/portaltela.pt\/#\/schema\/person\/c4278d4a6028830caff9ee44b42d32ed\"},\"breadcrumb\":{\"@id\":\"https:\/\/portaltela.pt\/noticias\/2026\/04\/22\/fitei-recebe-casa-propria-com-apoio-da-autarquia-do-porto\/#breadcrumb\"},\"inLanguage\":\"pt-PT\",\"potentialAction\":[{\"@type\":\"ReadAction\",\"target\":[\"https:\/\/portaltela.pt\/noticias\/2026\/04\/22\/fitei-recebe-casa-propria-com-apoio-da-autarquia-do-porto\/\"]}]},{\"@type\":\"ImageObject\",\"inLanguage\":\"pt-PT\",\"@id\":\"https:\/\/portaltela.pt\/noticias\/2026\/04\/22\/fitei-recebe-casa-propria-com-apoio-da-autarquia-do-porto\/#primaryimage\",\"url\":\"https:\/\/portaltela.pt\/s.01k8rhncp4jt1\/2026\/04\/image-1374.jpg\",\"contentUrl\":\"https:\/\/portaltela.pt\/s.01k8rhncp4jt1\/2026\/04\/image-1374.jpg\",\"width\":796,\"height\":448,\"caption\":\"Gon\u00e7alo Amorim, diretor art\u00edstico do festival, fotografado em 2022\"},{\"@type\":\"BreadcrumbList\",\"@id\":\"https:\/\/portaltela.pt\/noticias\/2026\/04\/22\/fitei-recebe-casa-propria-com-apoio-da-autarquia-do-porto\/#breadcrumb\",\"itemListElement\":[{\"@type\":\"ListItem\",\"position\":1,\"name\":\"In\u00edcio\",\"item\":\"https:\/\/portaltela.pt\/\"},{\"@type\":\"ListItem\",\"position\":2,\"name\":\"FITEI recebe casa pr\u00f3pria com apoio da autarquia do Porto\"}]},{\"@type\":\"WebSite\",\"@id\":\"https:\/\/portaltela.pt\/#website\",\"url\":\"https:\/\/portaltela.pt\/\",\"name\":\"Portal Tela Portugal\",\"description\":\"\",\"potentialAction\":[{\"@type\":\"SearchAction\",\"target\":{\"@type\":\"EntryPoint\",\"urlTemplate\":\"https:\/\/portaltela.pt\/?s={search_term_string}\"},\"query-input\":{\"@type\":\"PropertyValueSpecification\",\"valueRequired\":true,\"valueName\":\"search_term_string\"}}],\"inLanguage\":\"pt-PT\"},{\"@type\":\"Person\",\"@id\":\"https:\/\/portaltela.pt\/#\/schema\/person\/c4278d4a6028830caff9ee44b42d32ed\",\"name\":\"Telinha\",\"image\":{\"@type\":\"ImageObject\",\"inLanguage\":\"pt-PT\",\"@id\":\"https:\/\/portaltela.pt\/s.01k8rhncp4jt1\/2025\/11\/talking-bot-125x125.png\",\"url\":\"https:\/\/portaltela.pt\/s.01k8rhncp4jt1\/2025\/11\/talking-bot-125x125.png\",\"contentUrl\":\"https:\/\/portaltela.pt\/s.01k8rhncp4jt1\/2025\/11\/talking-bot-125x125.png\",\"caption\":\"Telinha\"},\"sameAs\":[\"https:\/\/portaltela.pt\/\"],\"url\":\"https:\/\/portaltela.pt\/por\/367410592786\/\"}]}<\/script>\n<!-- \/ Yoast SEO plugin. -->","yoast_head_json":{"title":"FITEI recebe casa pr\u00f3pria com apoio da autarquia do Porto - Portal Tela Portugal","robots":{"index":"index","follow":"follow","max-snippet":"max-snippet:-1","max-image-preview":"max-image-preview:large","max-video-preview":"max-video-preview:-1"},"og_locale":"pt_PT","og_type":"article","og_title":"FITEI recebe casa pr\u00f3pria com apoio da autarquia do Porto - Portal Tela Portugal","og_description":"O Festival Internacional de Teatro de Express\u00e3o Ib\u00e9rica (FITEI) aproxima\u2011se da 50.\u00aa edi\u00e7\u00e3o, em 2027, com o objetivo de criar uma casa pr\u00f3pria dedicada \u00e0 cria\u00e7\u00e3o art\u00edstica, apoiada pela autarquia do Porto. O an\u00fancio envolve um momento de transi\u00e7\u00e3o entre mem\u00f3ria e ambi\u00e7\u00e3o, conforme o vereador da Cultura da C\u00e2mara do Porto, Jorge Sobrado, e o diretor art\u00edstico do festival, Gon\u00e7alo Amorim. Jorge Sobrado afirma que o FITEI \u00e9 um projeto movido por uma ideia maior do que a programa\u00e7\u00e3o anual, mantendo o sonho de um di\u00e1logo pac\u00edfico entre povos. O edil destaca que a cultura funciona como espa\u00e7o de encontro, servindo como sementeira de trocas, ideias, di\u00e1logos e cruzamentos. O foco \u00e9 consolidar a vis\u00e3o de uma casa pr\u00f3pria para o FITEI, fortalecendo a identidade do festival e o investimento na cria\u00e7\u00e3o art\u00edstica.","og_url":"https:\/\/portaltela.pt\/noticias\/2026\/04\/22\/fitei-recebe-casa-propria-com-apoio-da-autarquia-do-porto\/","og_site_name":"Portal Tela Portugal","article_published_time":"2026-04-22T18:03:11+00:00","author":"Telinha","twitter_card":"summary_large_image","twitter_misc":{"Escrito por":"Telinha","Tempo estimado de leitura":"1 minuto"},"schema":{"@context":"https:\/\/schema.org","@graph":[{"@type":"Article","@id":"https:\/\/portaltela.pt\/noticias\/2026\/04\/22\/fitei-recebe-casa-propria-com-apoio-da-autarquia-do-porto\/#article","isPartOf":{"@id":"https:\/\/portaltela.pt\/noticias\/2026\/04\/22\/fitei-recebe-casa-propria-com-apoio-da-autarquia-do-porto\/"},"author":{"name":"Telinha","@id":"https:\/\/portaltela.pt\/#\/schema\/person\/c4278d4a6028830caff9ee44b42d32ed"},"headline":"FITEI recebe casa pr\u00f3pria com apoio da autarquia do Porto","datePublished":"2026-04-22T18:03:11+00:00","mainEntityOfPage":{"@id":"https:\/\/portaltela.pt\/noticias\/2026\/04\/22\/fitei-recebe-casa-propria-com-apoio-da-autarquia-do-porto\/"},"wordCount":202,"image":{"@id":"https:\/\/portaltela.pt\/noticias\/2026\/04\/22\/fitei-recebe-casa-propria-com-apoio-da-autarquia-do-porto\/#primaryimage"},"thumbnailUrl":"https:\/\/portaltela.pt\/s.01k8rhncp4jt1\/2026\/04\/image-1374.jpg","keywords":["_apoio institucional","_apoio p\u00fablico","_Porto","_Portugal","cultura","festival"],"articleSection":["Cultura","Not\u00edcias"],"inLanguage":"pt-PT"},{"@type":"WebPage","@id":"https:\/\/portaltela.pt\/noticias\/2026\/04\/22\/fitei-recebe-casa-propria-com-apoio-da-autarquia-do-porto\/","url":"https:\/\/portaltela.pt\/noticias\/2026\/04\/22\/fitei-recebe-casa-propria-com-apoio-da-autarquia-do-porto\/","name":"FITEI recebe casa pr\u00f3pria com apoio da autarquia do Porto - Portal Tela Portugal","isPartOf":{"@id":"https:\/\/portaltela.pt\/#website"},"primaryImageOfPage":{"@id":"https:\/\/portaltela.pt\/noticias\/2026\/04\/22\/fitei-recebe-casa-propria-com-apoio-da-autarquia-do-porto\/#primaryimage"},"image":{"@id":"https:\/\/portaltela.pt\/noticias\/2026\/04\/22\/fitei-recebe-casa-propria-com-apoio-da-autarquia-do-porto\/#primaryimage"},"thumbnailUrl":"https:\/\/portaltela.pt\/s.01k8rhncp4jt1\/2026\/04\/image-1374.jpg","datePublished":"2026-04-22T18:03:11+00:00","author":{"@id":"https:\/\/portaltela.pt\/#\/schema\/person\/c4278d4a6028830caff9ee44b42d32ed"},"breadcrumb":{"@id":"https:\/\/portaltela.pt\/noticias\/2026\/04\/22\/fitei-recebe-casa-propria-com-apoio-da-autarquia-do-porto\/#breadcrumb"},"inLanguage":"pt-PT","potentialAction":[{"@type":"ReadAction","target":["https:\/\/portaltela.pt\/noticias\/2026\/04\/22\/fitei-recebe-casa-propria-com-apoio-da-autarquia-do-porto\/"]}]},{"@type":"ImageObject","inLanguage":"pt-PT","@id":"https:\/\/portaltela.pt\/noticias\/2026\/04\/22\/fitei-recebe-casa-propria-com-apoio-da-autarquia-do-porto\/#primaryimage","url":"https:\/\/portaltela.pt\/s.01k8rhncp4jt1\/2026\/04\/image-1374.jpg","contentUrl":"https:\/\/portaltela.pt\/s.01k8rhncp4jt1\/2026\/04\/image-1374.jpg","width":796,"height":448,"caption":"Gon\u00e7alo Amorim, diretor art\u00edstico do festival, fotografado em 2022"},{"@type":"BreadcrumbList","@id":"https:\/\/portaltela.pt\/noticias\/2026\/04\/22\/fitei-recebe-casa-propria-com-apoio-da-autarquia-do-porto\/#breadcrumb","itemListElement":[{"@type":"ListItem","position":1,"name":"In\u00edcio","item":"https:\/\/portaltela.pt\/"},{"@type":"ListItem","position":2,"name":"FITEI recebe casa pr\u00f3pria com apoio da autarquia do Porto"}]},{"@type":"WebSite","@id":"https:\/\/portaltela.pt\/#website","url":"https:\/\/portaltela.pt\/","name":"Portal Tela Portugal","description":"","potentialAction":[{"@type":"SearchAction","target":{"@type":"EntryPoint","urlTemplate":"https:\/\/portaltela.pt\/?s={search_term_string}"},"query-input":{"@type":"PropertyValueSpecification","valueRequired":true,"valueName":"search_term_string"}}],"inLanguage":"pt-PT"},{"@type":"Person","@id":"https:\/\/portaltela.pt\/#\/schema\/person\/c4278d4a6028830caff9ee44b42d32ed","name":"Telinha","image":{"@type":"ImageObject","inLanguage":"pt-PT","@id":"https:\/\/portaltela.pt\/s.01k8rhncp4jt1\/2025\/11\/talking-bot-125x125.png","url":"https:\/\/portaltela.pt\/s.01k8rhncp4jt1\/2025\/11\/talking-bot-125x125.png","contentUrl":"https:\/\/portaltela.pt\/s.01k8rhncp4jt1\/2025\/11\/talking-bot-125x125.png","caption":"Telinha"},"sameAs":["https:\/\/portaltela.pt\/"],"url":"https:\/\/portaltela.pt\/por\/367410592786\/"}]}},"_links":{"self":[{"href":"https:\/\/portaltela.pt\/api\/wp\/v2\/posts\/454913","targetHints":{"allow":["GET"]}}],"collection":[{"href":"https:\/\/portaltela.pt\/api\/wp\/v2\/posts"}],"about":[{"href":"https:\/\/portaltela.pt\/api\/wp\/v2\/types\/post"}],"author":[{"embeddable":true,"href":"https:\/\/portaltela.pt\/api\/wp\/v2\/users\/2"}],"replies":[{"embeddable":true,"href":"https:\/\/portaltela.pt\/api\/wp\/v2\/comments?post=454913"}],"version-history":[{"count":0,"href":"https:\/\/portaltela.pt\/api\/wp\/v2\/posts\/454913\/revisions"}],"wp:featuredmedia":[{"embeddable":true,"href":"https:\/\/portaltela.pt\/api\/wp\/v2\/media\/454919"}],"wp:attachment":[{"href":"https:\/\/portaltela.pt\/api\/wp\/v2\/media?parent=454913"}],"wp:term":[{"taxonomy":"category","embeddable":true,"href":"https:\/\/portaltela.pt\/api\/wp\/v2\/categories?post=454913"},{"taxonomy":"post_tag","embeddable":true,"href":"https:\/\/portaltela.pt\/api\/wp\/v2\/tags?post=454913"}],"curies":[{"name":"wp","href":"https:\/\/api.w.org\/{rel}","templated":true}]}}