{"id":454875,"date":"2026-04-22T14:33:36","date_gmt":"2026-04-22T17:33:36","guid":{"rendered":"https:\/\/portaltela.pt\/noticias\/2026\/04\/22\/almeida-lima-rejeita-crise-das-casas-e-anteve-congresso-como-revitalizacao\/"},"modified":"2026-04-22T14:33:36","modified_gmt":"2026-04-22T17:33:36","slug":"almeida-lima-rejeita-crise-das-casas-e-anteve-congresso-como-revitalizacao","status":"publish","type":"post","link":"https:\/\/portaltela.pt\/desporto\/futebol\/2026\/04\/22\/almeida-lima-rejeita-crise-das-casas-e-anteve-congresso-como-revitalizacao\/","title":{"rendered":"Almeida Lima rejeita crise das Casas e antev\u00ea congresso como revitaliza\u00e7\u00e3o"},"content":{"rendered":"<p>Domingo Almeida Lima, vice-presidente do Benfica, afastou a ideia de que o movimento das Casas esteja em crise. Para o Jogo das Casas, frente ao Moreirense, o dirigente confirmou o congresso agendado para 3 e 4 de julho, no pavilh\u00e3o n\u00ba 2 do Est\u00e1dio da Luz.<\/p>\n<p>O dirigente sublinhou que o encontro \u00e9 uma oportunidade para avaliar o que as Casas Benfica devem desenhar para os pr\u00f3ximos cinco a dez anos. A participa\u00e7\u00e3o de todos \u00e9 fulcral, disse, refor\u00e7ando a esperan\u00e7a de ades\u00e3o significativa por parte dos respons\u00e1veis das embaixadas.<\/p>\n<p>Almeida Lima indicou ainda o alargamento das embaixadas como prioridade, com a reabertura da Casa de Freamunde, a reinaugura\u00e7\u00e3o das Casas de Benguela e Luanda, no Angola, e o regresso da Casa de Montreal, no Canad\u00e1. Surgem ainda novas Casas em Redondo e Cantanhede, mais a reabertura da Casa de Vila Nova de Foz C\u00f4a e o desenvolvimento de uma Casa Benfica no Luxemburgo, associada a uma Escola de Futebol.<\/p>\n<h3>Expans\u00e3o das Casas Benfica<\/h3>\n<p>As visitas \u00e0s v\u00e1rias regi\u00f5es visam perceber as expectativas das embaixadas para futuras a\u00e7\u00f5es. A equipa pretende consolidar redes locais e apoiar projetos desportivos e sociais ligados ao clube.<\/p>\n<p>O hist\u00f3rico recente inclui iniciativas para ampliar a presen\u00e7a internacional e criar oportunidades de participa\u00e7\u00e3o para associados, atletas e comunidades locais, mantendo o foco na forma\u00e7\u00e3o e no desporto.<\/p>\n","protected":false},"excerpt":{"rendered":"<ul>\n<li>Domingo Almeida Lima, vice-presidente do Benfica, rejeita a ideia de crise no movimento das Casas e aponta o congresso marcado para 3 e 4 de julho no Est\u00e1dio da Luz, no pavilh\u00e3o n.\u00ba 2, como oportunidade de revitaliza\u00e7\u00e3o.<\/li>\n<li>O dirigente real\u00e7a que a participa\u00e7\u00e3o de todos \u00e9 fulcral e espera uma ades\u00e3o significativa de dirigentes.<\/li>\n<li>O Benfica tem visitado v\u00e1rias regi\u00f5es do pa\u00eds para compreender os desejos das embaixadas, visando definir planos para os pr\u00f3ximos cinco a dez anos.<\/li>\n<li>Alargamento das embaixadas em destaque: reabertura da Casa de Freamunde, reinaugura\u00e7\u00e3o das Casas de Benguela e Luanda, no Angola, regresso da Casa de Montreal, no Canad\u00e1, al\u00e9m de novas Casas em Redondo e Cantanhede.<\/li>\n<li>Previstas ainda a reabertura da Casa Vila Nova de Foz C\u00f4a e o desenvolvimento de uma Casa Benfica no Luxemburgo, ligada a uma Escola de Futebol do Benfica.<\/li>\n<\/ul>\n","protected":false},"author":2,"featured_media":454879,"comment_status":"closed","ping_status":"closed","sticky":false,"template":"","format":"standard","meta":{"footnotes":""},"categories":[21,24],"tags":[4837,1946,2015,2681,3205,1014],"class_list":["post-454875","post","type-post","status-publish","format-standard","has-post-thumbnail","hentry","category-desporto","category-futebol","tag-angola","tag-benfica","tag-canada","tag-desporto-internacional","tag-embaixadas","tag-portugal"],"yoast_head":"<!-- This site is optimized with the Yoast SEO plugin v27.2 - https:\/\/yoast.com\/product\/yoast-seo-wordpress\/ -->\n<title>Almeida Lima rejeita crise das Casas e antev\u00ea congresso como revitaliza\u00e7\u00e3o - Portal Tela Portugal<\/title>\n<meta name=\"robots\" content=\"index, follow, max-snippet:-1, max-image-preview:large, max-video-preview:-1\" \/>\n<meta property=\"og:locale\" content=\"pt_PT\" \/>\n<meta property=\"og:type\" content=\"article\" \/>\n<meta property=\"og:title\" content=\"Almeida Lima rejeita crise das Casas e antev\u00ea congresso como revitaliza\u00e7\u00e3o - Portal Tela Portugal\" \/>\n<meta property=\"og:description\" content=\"Domingo Almeida Lima, vice-presidente do Benfica, rejeita a ideia de crise no movimento das Casas e aponta o congresso marcado para 3 e 4 de julho no Est\u00e1dio da Luz, no pavilh\u00e3o n.\u00ba 2, como oportunidade de revitaliza\u00e7\u00e3o. O dirigente real\u00e7a que a participa\u00e7\u00e3o de todos \u00e9 fulcral e espera uma ades\u00e3o significativa de dirigentes. O Benfica tem visitado v\u00e1rias regi\u00f5es do pa\u00eds para compreender os desejos das embaixadas, visando definir planos para os pr\u00f3ximos cinco a dez anos. Alargamento das embaixadas em destaque: reabertura da Casa de Freamunde, reinaugura\u00e7\u00e3o das Casas de Benguela e Luanda, no Angola, regresso da Casa de Montreal, no Canad\u00e1, al\u00e9m de novas Casas em Redondo e Cantanhede. Previstas ainda a reabertura da Casa Vila Nova de Foz C\u00f4a e o desenvolvimento de uma Casa Benfica no Luxemburgo, ligada a uma Escola de Futebol do Benfica.\" \/>\n<meta property=\"og:url\" content=\"https:\/\/portaltela.pt\/noticias\/2026\/04\/22\/almeida-lima-rejeita-crise-das-casas-e-anteve-congresso-como-revitalizacao\/\" \/>\n<meta property=\"og:site_name\" content=\"Portal Tela Portugal\" \/>\n<meta property=\"article:published_time\" content=\"2026-04-22T17:33:36+00:00\" \/>\n<meta name=\"author\" content=\"Telinha\" \/>\n<meta name=\"twitter:card\" content=\"summary_large_image\" \/>\n<meta name=\"twitter:label1\" content=\"Escrito por\" \/>\n\t<meta name=\"twitter:data1\" content=\"Telinha\" \/>\n\t<meta name=\"twitter:label2\" content=\"Tempo estimado de leitura\" \/>\n\t<meta name=\"twitter:data2\" content=\"1 minuto\" \/>\n<script type=\"application\/ld+json\" class=\"yoast-schema-graph\">{\"@context\":\"https:\/\/schema.org\",\"@graph\":[{\"@type\":\"Article\",\"@id\":\"https:\/\/portaltela.pt\/noticias\/2026\/04\/22\/almeida-lima-rejeita-crise-das-casas-e-anteve-congresso-como-revitalizacao\/#article\",\"isPartOf\":{\"@id\":\"https:\/\/portaltela.pt\/noticias\/2026\/04\/22\/almeida-lima-rejeita-crise-das-casas-e-anteve-congresso-como-revitalizacao\/\"},\"author\":{\"name\":\"Telinha\",\"@id\":\"https:\/\/portaltela.pt\/#\/schema\/person\/c4278d4a6028830caff9ee44b42d32ed\"},\"headline\":\"Almeida Lima rejeita crise das Casas e antev\u00ea congresso como revitaliza\u00e7\u00e3o\",\"datePublished\":\"2026-04-22T17:33:36+00:00\",\"mainEntityOfPage\":{\"@id\":\"https:\/\/portaltela.pt\/noticias\/2026\/04\/22\/almeida-lima-rejeita-crise-das-casas-e-anteve-congresso-como-revitalizacao\/\"},\"wordCount\":247,\"image\":{\"@id\":\"https:\/\/portaltela.pt\/noticias\/2026\/04\/22\/almeida-lima-rejeita-crise-das-casas-e-anteve-congresso-como-revitalizacao\/#primaryimage\"},\"thumbnailUrl\":\"https:\/\/portaltela.pt\/s.01k8rhncp4jt1\/2026\/04\/img_920x518uu2026-04-22-18-26-57-2434662.jpg\",\"keywords\":[\"Angola\",\"Benfica\",\"Canad\u00e1\",\"desporto internacional\",\"embaixadas\",\"Portugal\"],\"articleSection\":[\"Desporto\",\"Futebol\"],\"inLanguage\":\"pt-PT\"},{\"@type\":\"WebPage\",\"@id\":\"https:\/\/portaltela.pt\/noticias\/2026\/04\/22\/almeida-lima-rejeita-crise-das-casas-e-anteve-congresso-como-revitalizacao\/\",\"url\":\"https:\/\/portaltela.pt\/noticias\/2026\/04\/22\/almeida-lima-rejeita-crise-das-casas-e-anteve-congresso-como-revitalizacao\/\",\"name\":\"Almeida Lima rejeita crise das Casas e antev\u00ea congresso como revitaliza\u00e7\u00e3o - Portal Tela Portugal\",\"isPartOf\":{\"@id\":\"https:\/\/portaltela.pt\/#website\"},\"primaryImageOfPage\":{\"@id\":\"https:\/\/portaltela.pt\/noticias\/2026\/04\/22\/almeida-lima-rejeita-crise-das-casas-e-anteve-congresso-como-revitalizacao\/#primaryimage\"},\"image\":{\"@id\":\"https:\/\/portaltela.pt\/noticias\/2026\/04\/22\/almeida-lima-rejeita-crise-das-casas-e-anteve-congresso-como-revitalizacao\/#primaryimage\"},\"thumbnailUrl\":\"https:\/\/portaltela.pt\/s.01k8rhncp4jt1\/2026\/04\/img_920x518uu2026-04-22-18-26-57-2434662.jpg\",\"datePublished\":\"2026-04-22T17:33:36+00:00\",\"author\":{\"@id\":\"https:\/\/portaltela.pt\/#\/schema\/person\/c4278d4a6028830caff9ee44b42d32ed\"},\"breadcrumb\":{\"@id\":\"https:\/\/portaltela.pt\/noticias\/2026\/04\/22\/almeida-lima-rejeita-crise-das-casas-e-anteve-congresso-como-revitalizacao\/#breadcrumb\"},\"inLanguage\":\"pt-PT\",\"potentialAction\":[{\"@type\":\"ReadAction\",\"target\":[\"https:\/\/portaltela.pt\/noticias\/2026\/04\/22\/almeida-lima-rejeita-crise-das-casas-e-anteve-congresso-como-revitalizacao\/\"]}]},{\"@type\":\"ImageObject\",\"inLanguage\":\"pt-PT\",\"@id\":\"https:\/\/portaltela.pt\/noticias\/2026\/04\/22\/almeida-lima-rejeita-crise-das-casas-e-anteve-congresso-como-revitalizacao\/#primaryimage\",\"url\":\"https:\/\/portaltela.pt\/s.01k8rhncp4jt1\/2026\/04\/img_920x518uu2026-04-22-18-26-57-2434662.jpg\",\"contentUrl\":\"https:\/\/portaltela.pt\/s.01k8rhncp4jt1\/2026\/04\/img_920x518uu2026-04-22-18-26-57-2434662.jpg\",\"width\":796,\"height\":448,\"caption\":\"Domingo Almeida Lima\"},{\"@type\":\"BreadcrumbList\",\"@id\":\"https:\/\/portaltela.pt\/noticias\/2026\/04\/22\/almeida-lima-rejeita-crise-das-casas-e-anteve-congresso-como-revitalizacao\/#breadcrumb\",\"itemListElement\":[{\"@type\":\"ListItem\",\"position\":1,\"name\":\"In\u00edcio\",\"item\":\"https:\/\/portaltela.pt\/\"},{\"@type\":\"ListItem\",\"position\":2,\"name\":\"Almeida Lima rejeita crise das Casas e antev\u00ea congresso como revitaliza\u00e7\u00e3o\"}]},{\"@type\":\"WebSite\",\"@id\":\"https:\/\/portaltela.pt\/#website\",\"url\":\"https:\/\/portaltela.pt\/\",\"name\":\"Portal Tela Portugal\",\"description\":\"\",\"potentialAction\":[{\"@type\":\"SearchAction\",\"target\":{\"@type\":\"EntryPoint\",\"urlTemplate\":\"https:\/\/portaltela.pt\/?s={search_term_string}\"},\"query-input\":{\"@type\":\"PropertyValueSpecification\",\"valueRequired\":true,\"valueName\":\"search_term_string\"}}],\"inLanguage\":\"pt-PT\"},{\"@type\":\"Person\",\"@id\":\"https:\/\/portaltela.pt\/#\/schema\/person\/c4278d4a6028830caff9ee44b42d32ed\",\"name\":\"Telinha\",\"image\":{\"@type\":\"ImageObject\",\"inLanguage\":\"pt-PT\",\"@id\":\"https:\/\/portaltela.pt\/s.01k8rhncp4jt1\/2025\/11\/talking-bot-125x125.png\",\"url\":\"https:\/\/portaltela.pt\/s.01k8rhncp4jt1\/2025\/11\/talking-bot-125x125.png\",\"contentUrl\":\"https:\/\/portaltela.pt\/s.01k8rhncp4jt1\/2025\/11\/talking-bot-125x125.png\",\"caption\":\"Telinha\"},\"sameAs\":[\"https:\/\/portaltela.pt\/\"],\"url\":\"https:\/\/portaltela.pt\/por\/367410592786\/\"}]}<\/script>\n<!-- \/ Yoast SEO plugin. -->","yoast_head_json":{"title":"Almeida Lima rejeita crise das Casas e antev\u00ea congresso como revitaliza\u00e7\u00e3o - Portal Tela Portugal","robots":{"index":"index","follow":"follow","max-snippet":"max-snippet:-1","max-image-preview":"max-image-preview:large","max-video-preview":"max-video-preview:-1"},"og_locale":"pt_PT","og_type":"article","og_title":"Almeida Lima rejeita crise das Casas e antev\u00ea congresso como revitaliza\u00e7\u00e3o - Portal Tela Portugal","og_description":"Domingo Almeida Lima, vice-presidente do Benfica, rejeita a ideia de crise no movimento das Casas e aponta o congresso marcado para 3 e 4 de julho no Est\u00e1dio da Luz, no pavilh\u00e3o n.\u00ba 2, como oportunidade de revitaliza\u00e7\u00e3o. O dirigente real\u00e7a que a participa\u00e7\u00e3o de todos \u00e9 fulcral e espera uma ades\u00e3o significativa de dirigentes. O Benfica tem visitado v\u00e1rias regi\u00f5es do pa\u00eds para compreender os desejos das embaixadas, visando definir planos para os pr\u00f3ximos cinco a dez anos. Alargamento das embaixadas em destaque: reabertura da Casa de Freamunde, reinaugura\u00e7\u00e3o das Casas de Benguela e Luanda, no Angola, regresso da Casa de Montreal, no Canad\u00e1, al\u00e9m de novas Casas em Redondo e Cantanhede. Previstas ainda a reabertura da Casa Vila Nova de Foz C\u00f4a e o desenvolvimento de uma Casa Benfica no Luxemburgo, ligada a uma Escola de Futebol do Benfica.","og_url":"https:\/\/portaltela.pt\/noticias\/2026\/04\/22\/almeida-lima-rejeita-crise-das-casas-e-anteve-congresso-como-revitalizacao\/","og_site_name":"Portal Tela Portugal","article_published_time":"2026-04-22T17:33:36+00:00","author":"Telinha","twitter_card":"summary_large_image","twitter_misc":{"Escrito por":"Telinha","Tempo estimado de leitura":"1 minuto"},"schema":{"@context":"https:\/\/schema.org","@graph":[{"@type":"Article","@id":"https:\/\/portaltela.pt\/noticias\/2026\/04\/22\/almeida-lima-rejeita-crise-das-casas-e-anteve-congresso-como-revitalizacao\/#article","isPartOf":{"@id":"https:\/\/portaltela.pt\/noticias\/2026\/04\/22\/almeida-lima-rejeita-crise-das-casas-e-anteve-congresso-como-revitalizacao\/"},"author":{"name":"Telinha","@id":"https:\/\/portaltela.pt\/#\/schema\/person\/c4278d4a6028830caff9ee44b42d32ed"},"headline":"Almeida Lima rejeita crise das Casas e antev\u00ea congresso como revitaliza\u00e7\u00e3o","datePublished":"2026-04-22T17:33:36+00:00","mainEntityOfPage":{"@id":"https:\/\/portaltela.pt\/noticias\/2026\/04\/22\/almeida-lima-rejeita-crise-das-casas-e-anteve-congresso-como-revitalizacao\/"},"wordCount":247,"image":{"@id":"https:\/\/portaltela.pt\/noticias\/2026\/04\/22\/almeida-lima-rejeita-crise-das-casas-e-anteve-congresso-como-revitalizacao\/#primaryimage"},"thumbnailUrl":"https:\/\/portaltela.pt\/s.01k8rhncp4jt1\/2026\/04\/img_920x518uu2026-04-22-18-26-57-2434662.jpg","keywords":["Angola","Benfica","Canad\u00e1","desporto internacional","embaixadas","Portugal"],"articleSection":["Desporto","Futebol"],"inLanguage":"pt-PT"},{"@type":"WebPage","@id":"https:\/\/portaltela.pt\/noticias\/2026\/04\/22\/almeida-lima-rejeita-crise-das-casas-e-anteve-congresso-como-revitalizacao\/","url":"https:\/\/portaltela.pt\/noticias\/2026\/04\/22\/almeida-lima-rejeita-crise-das-casas-e-anteve-congresso-como-revitalizacao\/","name":"Almeida Lima rejeita crise das Casas e antev\u00ea congresso como revitaliza\u00e7\u00e3o - Portal Tela Portugal","isPartOf":{"@id":"https:\/\/portaltela.pt\/#website"},"primaryImageOfPage":{"@id":"https:\/\/portaltela.pt\/noticias\/2026\/04\/22\/almeida-lima-rejeita-crise-das-casas-e-anteve-congresso-como-revitalizacao\/#primaryimage"},"image":{"@id":"https:\/\/portaltela.pt\/noticias\/2026\/04\/22\/almeida-lima-rejeita-crise-das-casas-e-anteve-congresso-como-revitalizacao\/#primaryimage"},"thumbnailUrl":"https:\/\/portaltela.pt\/s.01k8rhncp4jt1\/2026\/04\/img_920x518uu2026-04-22-18-26-57-2434662.jpg","datePublished":"2026-04-22T17:33:36+00:00","author":{"@id":"https:\/\/portaltela.pt\/#\/schema\/person\/c4278d4a6028830caff9ee44b42d32ed"},"breadcrumb":{"@id":"https:\/\/portaltela.pt\/noticias\/2026\/04\/22\/almeida-lima-rejeita-crise-das-casas-e-anteve-congresso-como-revitalizacao\/#breadcrumb"},"inLanguage":"pt-PT","potentialAction":[{"@type":"ReadAction","target":["https:\/\/portaltela.pt\/noticias\/2026\/04\/22\/almeida-lima-rejeita-crise-das-casas-e-anteve-congresso-como-revitalizacao\/"]}]},{"@type":"ImageObject","inLanguage":"pt-PT","@id":"https:\/\/portaltela.pt\/noticias\/2026\/04\/22\/almeida-lima-rejeita-crise-das-casas-e-anteve-congresso-como-revitalizacao\/#primaryimage","url":"https:\/\/portaltela.pt\/s.01k8rhncp4jt1\/2026\/04\/img_920x518uu2026-04-22-18-26-57-2434662.jpg","contentUrl":"https:\/\/portaltela.pt\/s.01k8rhncp4jt1\/2026\/04\/img_920x518uu2026-04-22-18-26-57-2434662.jpg","width":796,"height":448,"caption":"Domingo Almeida Lima"},{"@type":"BreadcrumbList","@id":"https:\/\/portaltela.pt\/noticias\/2026\/04\/22\/almeida-lima-rejeita-crise-das-casas-e-anteve-congresso-como-revitalizacao\/#breadcrumb","itemListElement":[{"@type":"ListItem","position":1,"name":"In\u00edcio","item":"https:\/\/portaltela.pt\/"},{"@type":"ListItem","position":2,"name":"Almeida Lima rejeita crise das Casas e antev\u00ea congresso como revitaliza\u00e7\u00e3o"}]},{"@type":"WebSite","@id":"https:\/\/portaltela.pt\/#website","url":"https:\/\/portaltela.pt\/","name":"Portal Tela Portugal","description":"","potentialAction":[{"@type":"SearchAction","target":{"@type":"EntryPoint","urlTemplate":"https:\/\/portaltela.pt\/?s={search_term_string}"},"query-input":{"@type":"PropertyValueSpecification","valueRequired":true,"valueName":"search_term_string"}}],"inLanguage":"pt-PT"},{"@type":"Person","@id":"https:\/\/portaltela.pt\/#\/schema\/person\/c4278d4a6028830caff9ee44b42d32ed","name":"Telinha","image":{"@type":"ImageObject","inLanguage":"pt-PT","@id":"https:\/\/portaltela.pt\/s.01k8rhncp4jt1\/2025\/11\/talking-bot-125x125.png","url":"https:\/\/portaltela.pt\/s.01k8rhncp4jt1\/2025\/11\/talking-bot-125x125.png","contentUrl":"https:\/\/portaltela.pt\/s.01k8rhncp4jt1\/2025\/11\/talking-bot-125x125.png","caption":"Telinha"},"sameAs":["https:\/\/portaltela.pt\/"],"url":"https:\/\/portaltela.pt\/por\/367410592786\/"}]}},"_links":{"self":[{"href":"https:\/\/portaltela.pt\/api\/wp\/v2\/posts\/454875","targetHints":{"allow":["GET"]}}],"collection":[{"href":"https:\/\/portaltela.pt\/api\/wp\/v2\/posts"}],"about":[{"href":"https:\/\/portaltela.pt\/api\/wp\/v2\/types\/post"}],"author":[{"embeddable":true,"href":"https:\/\/portaltela.pt\/api\/wp\/v2\/users\/2"}],"replies":[{"embeddable":true,"href":"https:\/\/portaltela.pt\/api\/wp\/v2\/comments?post=454875"}],"version-history":[{"count":0,"href":"https:\/\/portaltela.pt\/api\/wp\/v2\/posts\/454875\/revisions"}],"wp:featuredmedia":[{"embeddable":true,"href":"https:\/\/portaltela.pt\/api\/wp\/v2\/media\/454879"}],"wp:attachment":[{"href":"https:\/\/portaltela.pt\/api\/wp\/v2\/media?parent=454875"}],"wp:term":[{"taxonomy":"category","embeddable":true,"href":"https:\/\/portaltela.pt\/api\/wp\/v2\/categories?post=454875"},{"taxonomy":"post_tag","embeddable":true,"href":"https:\/\/portaltela.pt\/api\/wp\/v2\/tags?post=454875"}],"curies":[{"name":"wp","href":"https:\/\/api.w.org\/{rel}","templated":true}]}}