{"id":454856,"date":"2026-04-22T13:22:00","date_gmt":"2026-04-22T16:22:00","guid":{"rendered":"https:\/\/portaltela.pt\/noticias\/2026\/04\/22\/montenegro-ve-razoes-politicas-como-unico-obstaculo-ao-acordo-laboral\/"},"modified":"2026-04-22T13:22:00","modified_gmt":"2026-04-22T16:22:00","slug":"montenegro-ve-razoes-politicas-como-unico-obstaculo-ao-acordo-laboral","status":"publish","type":"post","link":"https:\/\/portaltela.pt\/sociedade\/2026\/04\/22\/montenegro-ve-razoes-politicas-como-unico-obstaculo-ao-acordo-laboral\/","title":{"rendered":"Montenegro v\u00ea raz\u00f5es pol\u00edticas como \u00fanico obst\u00e1culo ao acordo laboral"},"content":{"rendered":"<p>O primeiro-ministro afirmou hoje que a esperan\u00e7a \u00e9 a \u00faltima a morrer quanto a um acordo sobre o pacote laboral em concerta\u00e7\u00e3o social, e destacou que apenas raz\u00f5es de natureza pol\u00edtica podem impedir este desfecho. A declara\u00e7\u00e3o foi feita no contexto de negocia\u00e7\u00f5es em curso entre o governo e os parceiros sociais.<\/p>\n<p>Montenegro referiu que as perspetivas de acordo permanecem dif\u00edceis, mas que o objetivo \u00e9 manter o di\u00e1logo aberto e avan\u00e7ar com as medidas previstas no plano laboral. N\u00e3o foram avan\u00e7ados detalhes adicionais sobre o calend\u00e1rio ou sobre posi\u00e7\u00f5es espec\u00edficas dos intervenientes.<\/p>\n<p>A declara\u00e7\u00e3o ocorreu no \u00e2mbito das negocia\u00e7\u00f5es entre o governo e os sindicatos e representantes patronais, com foco na legisla\u00e7\u00e3o laboral. O foco das conversas \u00e9 a viabilidade de uma proposta conjunta que abranja reformas laborais e garantias para trabalhadores e empresas.<\/p>\n","protected":false},"excerpt":{"rendered":"<ul>\n<li>O primeiro-ministro afirmou hoje que a \u201cesperan\u00e7a \u00e9 a \u00faltima a morrer\u201d quanto a um acordo sobre o pacote laboral em concerta\u00e7\u00e3o social.<\/li>\n<li>Afirmou que apenas \u201craz\u00f5es de natureza pol\u00edtica\u201d podem impedir esse desfecho.<\/li>\n<li>A declara\u00e7\u00e3o foi feita no contexto das negocia\u00e7\u00f5es sobre a lei laboral.<\/li>\n<li>O conte\u00fado completo do artigo est\u00e1 dispon\u00edvel apenas para subscritores.<\/li>\n<\/ul>\n","protected":false},"author":2,"featured_media":454860,"comment_status":"closed","ping_status":"closed","sticky":false,"template":"","format":"standard","meta":{"footnotes":""},"categories":[7384,6871],"tags":[256,34,5426,2832,966,2201],"class_list":["post-454856","post","type-post","status-publish","format-standard","has-post-thumbnail","hentry","category-curiosidades","category-sociedade","tag-cooperacao-internacional","tag-governo","tag-negociacao-coletiva","tag-politica","tag-sindicatos","tag-trabalho"],"yoast_head":"<!-- This site is optimized with the Yoast SEO plugin v27.2 - https:\/\/yoast.com\/product\/yoast-seo-wordpress\/ -->\n<title>Montenegro v\u00ea raz\u00f5es pol\u00edticas como \u00fanico obst\u00e1culo ao acordo laboral - Portal Tela Portugal<\/title>\n<meta name=\"robots\" content=\"index, follow, max-snippet:-1, max-image-preview:large, max-video-preview:-1\" \/>\n<meta property=\"og:locale\" content=\"pt_PT\" \/>\n<meta property=\"og:type\" content=\"article\" \/>\n<meta property=\"og:title\" content=\"Montenegro v\u00ea raz\u00f5es pol\u00edticas como \u00fanico obst\u00e1culo ao acordo laboral - Portal Tela Portugal\" \/>\n<meta property=\"og:description\" content=\"O primeiro-ministro afirmou hoje que a \u201cesperan\u00e7a \u00e9 a \u00faltima a morrer\u201d quanto a um acordo sobre o pacote laboral em concerta\u00e7\u00e3o social. Afirmou que apenas \u201craz\u00f5es de natureza pol\u00edtica\u201d podem impedir esse desfecho. A declara\u00e7\u00e3o foi feita no contexto das negocia\u00e7\u00f5es sobre a lei laboral. O conte\u00fado completo do artigo est\u00e1 dispon\u00edvel apenas para subscritores.\" \/>\n<meta property=\"og:url\" content=\"https:\/\/portaltela.pt\/noticias\/2026\/04\/22\/montenegro-ve-razoes-politicas-como-unico-obstaculo-ao-acordo-laboral\/\" \/>\n<meta property=\"og:site_name\" content=\"Portal Tela Portugal\" \/>\n<meta property=\"article:published_time\" content=\"2026-04-22T16:22:00+00:00\" \/>\n<meta name=\"author\" content=\"Telinha\" \/>\n<meta name=\"twitter:card\" content=\"summary_large_image\" \/>\n<meta name=\"twitter:label1\" content=\"Escrito por\" \/>\n\t<meta name=\"twitter:data1\" content=\"Telinha\" \/>\n\t<meta name=\"twitter:label2\" content=\"Tempo estimado de leitura\" \/>\n\t<meta name=\"twitter:data2\" content=\"1 minuto\" \/>\n<script type=\"application\/ld+json\" class=\"yoast-schema-graph\">{\"@context\":\"https:\/\/schema.org\",\"@graph\":[{\"@type\":\"Article\",\"@id\":\"https:\/\/portaltela.pt\/noticias\/2026\/04\/22\/montenegro-ve-razoes-politicas-como-unico-obstaculo-ao-acordo-laboral\/#article\",\"isPartOf\":{\"@id\":\"https:\/\/portaltela.pt\/noticias\/2026\/04\/22\/montenegro-ve-razoes-politicas-como-unico-obstaculo-ao-acordo-laboral\/\"},\"author\":{\"name\":\"Telinha\",\"@id\":\"https:\/\/portaltela.pt\/#\/schema\/person\/c4278d4a6028830caff9ee44b42d32ed\"},\"headline\":\"Montenegro v\u00ea raz\u00f5es pol\u00edticas como \u00fanico obst\u00e1culo ao acordo laboral\",\"datePublished\":\"2026-04-22T16:22:00+00:00\",\"mainEntityOfPage\":{\"@id\":\"https:\/\/portaltela.pt\/noticias\/2026\/04\/22\/montenegro-ve-razoes-politicas-como-unico-obstaculo-ao-acordo-laboral\/\"},\"wordCount\":162,\"image\":{\"@id\":\"https:\/\/portaltela.pt\/noticias\/2026\/04\/22\/montenegro-ve-razoes-politicas-como-unico-obstaculo-ao-acordo-laboral\/#primaryimage\"},\"thumbnailUrl\":\"https:\/\/portaltela.pt\/s.01k8rhncp4jt1\/2026\/04\/CACHE_780X1200_ANALOG_WATERMARKED_46977142_5511111_22042026042550.jpg\",\"keywords\":[\"coopera\u00e7\u00e3o internacional\",\"governo\",\"negocia\u00e7\u00e3o coletiva\",\"pol\u00edtica\",\"sindicatos\",\"trabalho\"],\"articleSection\":[\"Curiosidades\",\"Sociedade\"],\"inLanguage\":\"pt-PT\"},{\"@type\":\"WebPage\",\"@id\":\"https:\/\/portaltela.pt\/noticias\/2026\/04\/22\/montenegro-ve-razoes-politicas-como-unico-obstaculo-ao-acordo-laboral\/\",\"url\":\"https:\/\/portaltela.pt\/noticias\/2026\/04\/22\/montenegro-ve-razoes-politicas-como-unico-obstaculo-ao-acordo-laboral\/\",\"name\":\"Montenegro v\u00ea raz\u00f5es pol\u00edticas como \u00fanico obst\u00e1culo ao acordo laboral - Portal Tela Portugal\",\"isPartOf\":{\"@id\":\"https:\/\/portaltela.pt\/#website\"},\"primaryImageOfPage\":{\"@id\":\"https:\/\/portaltela.pt\/noticias\/2026\/04\/22\/montenegro-ve-razoes-politicas-como-unico-obstaculo-ao-acordo-laboral\/#primaryimage\"},\"image\":{\"@id\":\"https:\/\/portaltela.pt\/noticias\/2026\/04\/22\/montenegro-ve-razoes-politicas-como-unico-obstaculo-ao-acordo-laboral\/#primaryimage\"},\"thumbnailUrl\":\"https:\/\/portaltela.pt\/s.01k8rhncp4jt1\/2026\/04\/CACHE_780X1200_ANALOG_WATERMARKED_46977142_5511111_22042026042550.jpg\",\"datePublished\":\"2026-04-22T16:22:00+00:00\",\"author\":{\"@id\":\"https:\/\/portaltela.pt\/#\/schema\/person\/c4278d4a6028830caff9ee44b42d32ed\"},\"breadcrumb\":{\"@id\":\"https:\/\/portaltela.pt\/noticias\/2026\/04\/22\/montenegro-ve-razoes-politicas-como-unico-obstaculo-ao-acordo-laboral\/#breadcrumb\"},\"inLanguage\":\"pt-PT\",\"potentialAction\":[{\"@type\":\"ReadAction\",\"target\":[\"https:\/\/portaltela.pt\/noticias\/2026\/04\/22\/montenegro-ve-razoes-politicas-como-unico-obstaculo-ao-acordo-laboral\/\"]}]},{\"@type\":\"ImageObject\",\"inLanguage\":\"pt-PT\",\"@id\":\"https:\/\/portaltela.pt\/noticias\/2026\/04\/22\/montenegro-ve-razoes-politicas-como-unico-obstaculo-ao-acordo-laboral\/#primaryimage\",\"url\":\"https:\/\/portaltela.pt\/s.01k8rhncp4jt1\/2026\/04\/CACHE_780X1200_ANALOG_WATERMARKED_46977142_5511111_22042026042550.jpg\",\"contentUrl\":\"https:\/\/portaltela.pt\/s.01k8rhncp4jt1\/2026\/04\/CACHE_780X1200_ANALOG_WATERMARKED_46977142_5511111_22042026042550.jpg\",\"width\":796,\"height\":448,\"caption\":\"Montenegro considera que s\u00f3 raz\u00f5es pol\u00edticas impedir\u00e3o acordo sobre lei laboral\"},{\"@type\":\"BreadcrumbList\",\"@id\":\"https:\/\/portaltela.pt\/noticias\/2026\/04\/22\/montenegro-ve-razoes-politicas-como-unico-obstaculo-ao-acordo-laboral\/#breadcrumb\",\"itemListElement\":[{\"@type\":\"ListItem\",\"position\":1,\"name\":\"In\u00edcio\",\"item\":\"https:\/\/portaltela.pt\/\"},{\"@type\":\"ListItem\",\"position\":2,\"name\":\"Montenegro v\u00ea raz\u00f5es pol\u00edticas como \u00fanico obst\u00e1culo ao acordo laboral\"}]},{\"@type\":\"WebSite\",\"@id\":\"https:\/\/portaltela.pt\/#website\",\"url\":\"https:\/\/portaltela.pt\/\",\"name\":\"Portal Tela Portugal\",\"description\":\"\",\"potentialAction\":[{\"@type\":\"SearchAction\",\"target\":{\"@type\":\"EntryPoint\",\"urlTemplate\":\"https:\/\/portaltela.pt\/?s={search_term_string}\"},\"query-input\":{\"@type\":\"PropertyValueSpecification\",\"valueRequired\":true,\"valueName\":\"search_term_string\"}}],\"inLanguage\":\"pt-PT\"},{\"@type\":\"Person\",\"@id\":\"https:\/\/portaltela.pt\/#\/schema\/person\/c4278d4a6028830caff9ee44b42d32ed\",\"name\":\"Telinha\",\"image\":{\"@type\":\"ImageObject\",\"inLanguage\":\"pt-PT\",\"@id\":\"https:\/\/portaltela.pt\/s.01k8rhncp4jt1\/2025\/11\/talking-bot-125x125.png\",\"url\":\"https:\/\/portaltela.pt\/s.01k8rhncp4jt1\/2025\/11\/talking-bot-125x125.png\",\"contentUrl\":\"https:\/\/portaltela.pt\/s.01k8rhncp4jt1\/2025\/11\/talking-bot-125x125.png\",\"caption\":\"Telinha\"},\"sameAs\":[\"https:\/\/portaltela.pt\/\"],\"url\":\"https:\/\/portaltela.pt\/por\/367410592786\/\"}]}<\/script>\n<!-- \/ Yoast SEO plugin. -->","yoast_head_json":{"title":"Montenegro v\u00ea raz\u00f5es pol\u00edticas como \u00fanico obst\u00e1culo ao acordo laboral - Portal Tela Portugal","robots":{"index":"index","follow":"follow","max-snippet":"max-snippet:-1","max-image-preview":"max-image-preview:large","max-video-preview":"max-video-preview:-1"},"og_locale":"pt_PT","og_type":"article","og_title":"Montenegro v\u00ea raz\u00f5es pol\u00edticas como \u00fanico obst\u00e1culo ao acordo laboral - Portal Tela Portugal","og_description":"O primeiro-ministro afirmou hoje que a \u201cesperan\u00e7a \u00e9 a \u00faltima a morrer\u201d quanto a um acordo sobre o pacote laboral em concerta\u00e7\u00e3o social. Afirmou que apenas \u201craz\u00f5es de natureza pol\u00edtica\u201d podem impedir esse desfecho. A declara\u00e7\u00e3o foi feita no contexto das negocia\u00e7\u00f5es sobre a lei laboral. O conte\u00fado completo do artigo est\u00e1 dispon\u00edvel apenas para subscritores.","og_url":"https:\/\/portaltela.pt\/noticias\/2026\/04\/22\/montenegro-ve-razoes-politicas-como-unico-obstaculo-ao-acordo-laboral\/","og_site_name":"Portal Tela Portugal","article_published_time":"2026-04-22T16:22:00+00:00","author":"Telinha","twitter_card":"summary_large_image","twitter_misc":{"Escrito por":"Telinha","Tempo estimado de leitura":"1 minuto"},"schema":{"@context":"https:\/\/schema.org","@graph":[{"@type":"Article","@id":"https:\/\/portaltela.pt\/noticias\/2026\/04\/22\/montenegro-ve-razoes-politicas-como-unico-obstaculo-ao-acordo-laboral\/#article","isPartOf":{"@id":"https:\/\/portaltela.pt\/noticias\/2026\/04\/22\/montenegro-ve-razoes-politicas-como-unico-obstaculo-ao-acordo-laboral\/"},"author":{"name":"Telinha","@id":"https:\/\/portaltela.pt\/#\/schema\/person\/c4278d4a6028830caff9ee44b42d32ed"},"headline":"Montenegro v\u00ea raz\u00f5es pol\u00edticas como \u00fanico obst\u00e1culo ao acordo laboral","datePublished":"2026-04-22T16:22:00+00:00","mainEntityOfPage":{"@id":"https:\/\/portaltela.pt\/noticias\/2026\/04\/22\/montenegro-ve-razoes-politicas-como-unico-obstaculo-ao-acordo-laboral\/"},"wordCount":162,"image":{"@id":"https:\/\/portaltela.pt\/noticias\/2026\/04\/22\/montenegro-ve-razoes-politicas-como-unico-obstaculo-ao-acordo-laboral\/#primaryimage"},"thumbnailUrl":"https:\/\/portaltela.pt\/s.01k8rhncp4jt1\/2026\/04\/CACHE_780X1200_ANALOG_WATERMARKED_46977142_5511111_22042026042550.jpg","keywords":["coopera\u00e7\u00e3o internacional","governo","negocia\u00e7\u00e3o coletiva","pol\u00edtica","sindicatos","trabalho"],"articleSection":["Curiosidades","Sociedade"],"inLanguage":"pt-PT"},{"@type":"WebPage","@id":"https:\/\/portaltela.pt\/noticias\/2026\/04\/22\/montenegro-ve-razoes-politicas-como-unico-obstaculo-ao-acordo-laboral\/","url":"https:\/\/portaltela.pt\/noticias\/2026\/04\/22\/montenegro-ve-razoes-politicas-como-unico-obstaculo-ao-acordo-laboral\/","name":"Montenegro v\u00ea raz\u00f5es pol\u00edticas como \u00fanico obst\u00e1culo ao acordo laboral - Portal Tela Portugal","isPartOf":{"@id":"https:\/\/portaltela.pt\/#website"},"primaryImageOfPage":{"@id":"https:\/\/portaltela.pt\/noticias\/2026\/04\/22\/montenegro-ve-razoes-politicas-como-unico-obstaculo-ao-acordo-laboral\/#primaryimage"},"image":{"@id":"https:\/\/portaltela.pt\/noticias\/2026\/04\/22\/montenegro-ve-razoes-politicas-como-unico-obstaculo-ao-acordo-laboral\/#primaryimage"},"thumbnailUrl":"https:\/\/portaltela.pt\/s.01k8rhncp4jt1\/2026\/04\/CACHE_780X1200_ANALOG_WATERMARKED_46977142_5511111_22042026042550.jpg","datePublished":"2026-04-22T16:22:00+00:00","author":{"@id":"https:\/\/portaltela.pt\/#\/schema\/person\/c4278d4a6028830caff9ee44b42d32ed"},"breadcrumb":{"@id":"https:\/\/portaltela.pt\/noticias\/2026\/04\/22\/montenegro-ve-razoes-politicas-como-unico-obstaculo-ao-acordo-laboral\/#breadcrumb"},"inLanguage":"pt-PT","potentialAction":[{"@type":"ReadAction","target":["https:\/\/portaltela.pt\/noticias\/2026\/04\/22\/montenegro-ve-razoes-politicas-como-unico-obstaculo-ao-acordo-laboral\/"]}]},{"@type":"ImageObject","inLanguage":"pt-PT","@id":"https:\/\/portaltela.pt\/noticias\/2026\/04\/22\/montenegro-ve-razoes-politicas-como-unico-obstaculo-ao-acordo-laboral\/#primaryimage","url":"https:\/\/portaltela.pt\/s.01k8rhncp4jt1\/2026\/04\/CACHE_780X1200_ANALOG_WATERMARKED_46977142_5511111_22042026042550.jpg","contentUrl":"https:\/\/portaltela.pt\/s.01k8rhncp4jt1\/2026\/04\/CACHE_780X1200_ANALOG_WATERMARKED_46977142_5511111_22042026042550.jpg","width":796,"height":448,"caption":"Montenegro considera que s\u00f3 raz\u00f5es pol\u00edticas impedir\u00e3o acordo sobre lei laboral"},{"@type":"BreadcrumbList","@id":"https:\/\/portaltela.pt\/noticias\/2026\/04\/22\/montenegro-ve-razoes-politicas-como-unico-obstaculo-ao-acordo-laboral\/#breadcrumb","itemListElement":[{"@type":"ListItem","position":1,"name":"In\u00edcio","item":"https:\/\/portaltela.pt\/"},{"@type":"ListItem","position":2,"name":"Montenegro v\u00ea raz\u00f5es pol\u00edticas como \u00fanico obst\u00e1culo ao acordo laboral"}]},{"@type":"WebSite","@id":"https:\/\/portaltela.pt\/#website","url":"https:\/\/portaltela.pt\/","name":"Portal Tela Portugal","description":"","potentialAction":[{"@type":"SearchAction","target":{"@type":"EntryPoint","urlTemplate":"https:\/\/portaltela.pt\/?s={search_term_string}"},"query-input":{"@type":"PropertyValueSpecification","valueRequired":true,"valueName":"search_term_string"}}],"inLanguage":"pt-PT"},{"@type":"Person","@id":"https:\/\/portaltela.pt\/#\/schema\/person\/c4278d4a6028830caff9ee44b42d32ed","name":"Telinha","image":{"@type":"ImageObject","inLanguage":"pt-PT","@id":"https:\/\/portaltela.pt\/s.01k8rhncp4jt1\/2025\/11\/talking-bot-125x125.png","url":"https:\/\/portaltela.pt\/s.01k8rhncp4jt1\/2025\/11\/talking-bot-125x125.png","contentUrl":"https:\/\/portaltela.pt\/s.01k8rhncp4jt1\/2025\/11\/talking-bot-125x125.png","caption":"Telinha"},"sameAs":["https:\/\/portaltela.pt\/"],"url":"https:\/\/portaltela.pt\/por\/367410592786\/"}]}},"_links":{"self":[{"href":"https:\/\/portaltela.pt\/api\/wp\/v2\/posts\/454856","targetHints":{"allow":["GET"]}}],"collection":[{"href":"https:\/\/portaltela.pt\/api\/wp\/v2\/posts"}],"about":[{"href":"https:\/\/portaltela.pt\/api\/wp\/v2\/types\/post"}],"author":[{"embeddable":true,"href":"https:\/\/portaltela.pt\/api\/wp\/v2\/users\/2"}],"replies":[{"embeddable":true,"href":"https:\/\/portaltela.pt\/api\/wp\/v2\/comments?post=454856"}],"version-history":[{"count":0,"href":"https:\/\/portaltela.pt\/api\/wp\/v2\/posts\/454856\/revisions"}],"wp:featuredmedia":[{"embeddable":true,"href":"https:\/\/portaltela.pt\/api\/wp\/v2\/media\/454860"}],"wp:attachment":[{"href":"https:\/\/portaltela.pt\/api\/wp\/v2\/media?parent=454856"}],"wp:term":[{"taxonomy":"category","embeddable":true,"href":"https:\/\/portaltela.pt\/api\/wp\/v2\/categories?post=454856"},{"taxonomy":"post_tag","embeddable":true,"href":"https:\/\/portaltela.pt\/api\/wp\/v2\/tags?post=454856"}],"curies":[{"name":"wp","href":"https:\/\/api.w.org\/{rel}","templated":true}]}}