{"id":454855,"date":"2026-04-22T14:18:46","date_gmt":"2026-04-22T17:18:46","guid":{"rendered":"https:\/\/portaltela.pt\/noticias\/2026\/04\/22\/devo-mudar-as-plantas-de-vaso-guia-pratico-de-repotacao\/"},"modified":"2026-04-22T14:18:46","modified_gmt":"2026-04-22T17:18:46","slug":"devo-mudar-as-plantas-de-vaso-guia-pratico-de-repotacao","status":"publish","type":"post","link":"https:\/\/portaltela.pt\/meio-ambiente\/2026\/04\/22\/devo-mudar-as-plantas-de-vaso-guia-pratico-de-repotacao\/","title":{"rendered":"Devo mudar as plantas de vaso? Guia pr\u00e1tico de repota\u00e7\u00e3o"},"content":{"rendered":"<p>Agora que chegou a primavera, a jornalista Adriana pergunta se \u00e9 momento de repor as plantas de vaso. O tema \u00e9 colocado como d\u00favida pr\u00e1tica para quem cultiva plantas em ambientes interiores ou terra\u00e7os.<\/p>\n<p>A pergunta centra-se em quando trocar o vaso, substituir o substrato e evitar danos \u00e0s ra\u00edzes. A troca costuma depender do crescimento da planta e do estado das ra\u00edzes, bem como da disponibilidade de espa\u00e7o no vaso atual.<\/p>\n<p>A not\u00edcia n\u00e3o apresenta respostas oficiais, mas aponta que sinais de necessidade incluem ra\u00edzes a ocupar todo o vaso, solo empobrecido e drenagem inadequada. A decis\u00e3o envolve o equil\u00edbrio entre espa\u00e7o, nutrientes e conforto da planta.<\/p>\n<p>Para quem planeia agir, recomenda-se observar o crescimento anual, escolher vazos com di\u00e2metro levemente superior e usar substrato adequado. A primavera \u00e9, em muitos casos, o per\u00edodo mais indicado para iniciar o repotting.<\/p>\n","protected":false},"excerpt":{"rendered":"<ul>\n<li>Com a chegada da primavera, a not\u00edcia coloca a quest\u00e3o sobre trocar ou n\u00e3o as plantas de vaso.<\/li>\n<li>A pergunta \u00e9 apresentada pela autora Adriana.<\/li>\n<li>O texto aborda o tema de cuidado e manejo de plantas durante a primavera.<\/li>\n<li>O conte\u00fado centra-se na d\u00favida sobre quando realizar a troca de plantas de vaso na nova esta\u00e7\u00e3o.<\/li>\n<\/ul>\n","protected":false},"author":2,"featured_media":454863,"comment_status":"closed","ping_status":"closed","sticky":false,"template":"","format":"standard","meta":{"footnotes":""},"categories":[6725],"tags":[8238,7791,7767,285,907],"class_list":["post-454855","post","type-post","status-publish","format-standard","has-post-thumbnail","hentry","category-meio-ambiente","tag-_ambiente","tag-_habitacao","tag-_meio-ambiente","tag-casa","tag-jardinagem"],"yoast_head":"<!-- This site is optimized with the Yoast SEO plugin v27.2 - https:\/\/yoast.com\/product\/yoast-seo-wordpress\/ -->\n<title>Devo mudar as plantas de vaso? Guia pr\u00e1tico de repota\u00e7\u00e3o - Portal Tela Portugal<\/title>\n<meta name=\"robots\" content=\"index, follow, max-snippet:-1, max-image-preview:large, max-video-preview:-1\" \/>\n<meta property=\"og:locale\" content=\"pt_PT\" \/>\n<meta property=\"og:type\" content=\"article\" \/>\n<meta property=\"og:title\" content=\"Devo mudar as plantas de vaso? Guia pr\u00e1tico de repota\u00e7\u00e3o - Portal Tela Portugal\" \/>\n<meta property=\"og:description\" content=\"Com a chegada da primavera, a not\u00edcia coloca a quest\u00e3o sobre trocar ou n\u00e3o as plantas de vaso. A pergunta \u00e9 apresentada pela autora Adriana. O texto aborda o tema de cuidado e manejo de plantas durante a primavera. O conte\u00fado centra-se na d\u00favida sobre quando realizar a troca de plantas de vaso na nova esta\u00e7\u00e3o.\" \/>\n<meta property=\"og:url\" content=\"https:\/\/portaltela.pt\/noticias\/2026\/04\/22\/devo-mudar-as-plantas-de-vaso-guia-pratico-de-repotacao\/\" \/>\n<meta property=\"og:site_name\" content=\"Portal Tela Portugal\" \/>\n<meta property=\"article:published_time\" content=\"2026-04-22T17:18:46+00:00\" \/>\n<meta name=\"author\" content=\"Telinha\" \/>\n<meta name=\"twitter:card\" content=\"summary_large_image\" \/>\n<meta name=\"twitter:label1\" content=\"Escrito por\" \/>\n\t<meta name=\"twitter:data1\" content=\"Telinha\" \/>\n\t<meta name=\"twitter:label2\" content=\"Tempo estimado de leitura\" \/>\n\t<meta name=\"twitter:data2\" content=\"1 minuto\" \/>\n<script type=\"application\/ld+json\" class=\"yoast-schema-graph\">{\"@context\":\"https:\/\/schema.org\",\"@graph\":[{\"@type\":\"Article\",\"@id\":\"https:\/\/portaltela.pt\/noticias\/2026\/04\/22\/devo-mudar-as-plantas-de-vaso-guia-pratico-de-repotacao\/#article\",\"isPartOf\":{\"@id\":\"https:\/\/portaltela.pt\/noticias\/2026\/04\/22\/devo-mudar-as-plantas-de-vaso-guia-pratico-de-repotacao\/\"},\"author\":{\"name\":\"Telinha\",\"@id\":\"https:\/\/portaltela.pt\/#\/schema\/person\/c4278d4a6028830caff9ee44b42d32ed\"},\"headline\":\"Devo mudar as plantas de vaso? Guia pr\u00e1tico de repota\u00e7\u00e3o\",\"datePublished\":\"2026-04-22T17:18:46+00:00\",\"mainEntityOfPage\":{\"@id\":\"https:\/\/portaltela.pt\/noticias\/2026\/04\/22\/devo-mudar-as-plantas-de-vaso-guia-pratico-de-repotacao\/\"},\"wordCount\":164,\"image\":{\"@id\":\"https:\/\/portaltela.pt\/noticias\/2026\/04\/22\/devo-mudar-as-plantas-de-vaso-guia-pratico-de-repotacao\/#primaryimage\"},\"thumbnailUrl\":\"https:\/\/portaltela.pt\/s.01k8rhncp4jt1\/2026\/04\/image-1373.jpg\",\"keywords\":[\"_ambiente\",\"_habita\u00e7\u00e3o\",\"_meio-ambiente\",\"casa\",\"jardinagem\"],\"articleSection\":[\"Meio Ambiente\"],\"inLanguage\":\"pt-PT\"},{\"@type\":\"WebPage\",\"@id\":\"https:\/\/portaltela.pt\/noticias\/2026\/04\/22\/devo-mudar-as-plantas-de-vaso-guia-pratico-de-repotacao\/\",\"url\":\"https:\/\/portaltela.pt\/noticias\/2026\/04\/22\/devo-mudar-as-plantas-de-vaso-guia-pratico-de-repotacao\/\",\"name\":\"Devo mudar as plantas de vaso? Guia pr\u00e1tico de repota\u00e7\u00e3o - Portal Tela Portugal\",\"isPartOf\":{\"@id\":\"https:\/\/portaltela.pt\/#website\"},\"primaryImageOfPage\":{\"@id\":\"https:\/\/portaltela.pt\/noticias\/2026\/04\/22\/devo-mudar-as-plantas-de-vaso-guia-pratico-de-repotacao\/#primaryimage\"},\"image\":{\"@id\":\"https:\/\/portaltela.pt\/noticias\/2026\/04\/22\/devo-mudar-as-plantas-de-vaso-guia-pratico-de-repotacao\/#primaryimage\"},\"thumbnailUrl\":\"https:\/\/portaltela.pt\/s.01k8rhncp4jt1\/2026\/04\/image-1373.jpg\",\"datePublished\":\"2026-04-22T17:18:46+00:00\",\"author\":{\"@id\":\"https:\/\/portaltela.pt\/#\/schema\/person\/c4278d4a6028830caff9ee44b42d32ed\"},\"breadcrumb\":{\"@id\":\"https:\/\/portaltela.pt\/noticias\/2026\/04\/22\/devo-mudar-as-plantas-de-vaso-guia-pratico-de-repotacao\/#breadcrumb\"},\"inLanguage\":\"pt-PT\",\"potentialAction\":[{\"@type\":\"ReadAction\",\"target\":[\"https:\/\/portaltela.pt\/noticias\/2026\/04\/22\/devo-mudar-as-plantas-de-vaso-guia-pratico-de-repotacao\/\"]}]},{\"@type\":\"ImageObject\",\"inLanguage\":\"pt-PT\",\"@id\":\"https:\/\/portaltela.pt\/noticias\/2026\/04\/22\/devo-mudar-as-plantas-de-vaso-guia-pratico-de-repotacao\/#primaryimage\",\"url\":\"https:\/\/portaltela.pt\/s.01k8rhncp4jt1\/2026\/04\/image-1373.jpg\",\"contentUrl\":\"https:\/\/portaltela.pt\/s.01k8rhncp4jt1\/2026\/04\/image-1373.jpg\",\"width\":796,\"height\":448,\"caption\":\"Imagem de contexto do artigo Devo mudar as plantas de vaso?\"},{\"@type\":\"BreadcrumbList\",\"@id\":\"https:\/\/portaltela.pt\/noticias\/2026\/04\/22\/devo-mudar-as-plantas-de-vaso-guia-pratico-de-repotacao\/#breadcrumb\",\"itemListElement\":[{\"@type\":\"ListItem\",\"position\":1,\"name\":\"In\u00edcio\",\"item\":\"https:\/\/portaltela.pt\/\"},{\"@type\":\"ListItem\",\"position\":2,\"name\":\"Devo mudar as plantas de vaso? Guia pr\u00e1tico de repota\u00e7\u00e3o\"}]},{\"@type\":\"WebSite\",\"@id\":\"https:\/\/portaltela.pt\/#website\",\"url\":\"https:\/\/portaltela.pt\/\",\"name\":\"Portal Tela Portugal\",\"description\":\"\",\"potentialAction\":[{\"@type\":\"SearchAction\",\"target\":{\"@type\":\"EntryPoint\",\"urlTemplate\":\"https:\/\/portaltela.pt\/?s={search_term_string}\"},\"query-input\":{\"@type\":\"PropertyValueSpecification\",\"valueRequired\":true,\"valueName\":\"search_term_string\"}}],\"inLanguage\":\"pt-PT\"},{\"@type\":\"Person\",\"@id\":\"https:\/\/portaltela.pt\/#\/schema\/person\/c4278d4a6028830caff9ee44b42d32ed\",\"name\":\"Telinha\",\"image\":{\"@type\":\"ImageObject\",\"inLanguage\":\"pt-PT\",\"@id\":\"https:\/\/portaltela.pt\/s.01k8rhncp4jt1\/2025\/11\/talking-bot-125x125.png\",\"url\":\"https:\/\/portaltela.pt\/s.01k8rhncp4jt1\/2025\/11\/talking-bot-125x125.png\",\"contentUrl\":\"https:\/\/portaltela.pt\/s.01k8rhncp4jt1\/2025\/11\/talking-bot-125x125.png\",\"caption\":\"Telinha\"},\"sameAs\":[\"https:\/\/portaltela.pt\/\"],\"url\":\"https:\/\/portaltela.pt\/por\/367410592786\/\"}]}<\/script>\n<!-- \/ Yoast SEO plugin. -->","yoast_head_json":{"title":"Devo mudar as plantas de vaso? Guia pr\u00e1tico de repota\u00e7\u00e3o - Portal Tela Portugal","robots":{"index":"index","follow":"follow","max-snippet":"max-snippet:-1","max-image-preview":"max-image-preview:large","max-video-preview":"max-video-preview:-1"},"og_locale":"pt_PT","og_type":"article","og_title":"Devo mudar as plantas de vaso? Guia pr\u00e1tico de repota\u00e7\u00e3o - Portal Tela Portugal","og_description":"Com a chegada da primavera, a not\u00edcia coloca a quest\u00e3o sobre trocar ou n\u00e3o as plantas de vaso. A pergunta \u00e9 apresentada pela autora Adriana. O texto aborda o tema de cuidado e manejo de plantas durante a primavera. O conte\u00fado centra-se na d\u00favida sobre quando realizar a troca de plantas de vaso na nova esta\u00e7\u00e3o.","og_url":"https:\/\/portaltela.pt\/noticias\/2026\/04\/22\/devo-mudar-as-plantas-de-vaso-guia-pratico-de-repotacao\/","og_site_name":"Portal Tela Portugal","article_published_time":"2026-04-22T17:18:46+00:00","author":"Telinha","twitter_card":"summary_large_image","twitter_misc":{"Escrito por":"Telinha","Tempo estimado de leitura":"1 minuto"},"schema":{"@context":"https:\/\/schema.org","@graph":[{"@type":"Article","@id":"https:\/\/portaltela.pt\/noticias\/2026\/04\/22\/devo-mudar-as-plantas-de-vaso-guia-pratico-de-repotacao\/#article","isPartOf":{"@id":"https:\/\/portaltela.pt\/noticias\/2026\/04\/22\/devo-mudar-as-plantas-de-vaso-guia-pratico-de-repotacao\/"},"author":{"name":"Telinha","@id":"https:\/\/portaltela.pt\/#\/schema\/person\/c4278d4a6028830caff9ee44b42d32ed"},"headline":"Devo mudar as plantas de vaso? Guia pr\u00e1tico de repota\u00e7\u00e3o","datePublished":"2026-04-22T17:18:46+00:00","mainEntityOfPage":{"@id":"https:\/\/portaltela.pt\/noticias\/2026\/04\/22\/devo-mudar-as-plantas-de-vaso-guia-pratico-de-repotacao\/"},"wordCount":164,"image":{"@id":"https:\/\/portaltela.pt\/noticias\/2026\/04\/22\/devo-mudar-as-plantas-de-vaso-guia-pratico-de-repotacao\/#primaryimage"},"thumbnailUrl":"https:\/\/portaltela.pt\/s.01k8rhncp4jt1\/2026\/04\/image-1373.jpg","keywords":["_ambiente","_habita\u00e7\u00e3o","_meio-ambiente","casa","jardinagem"],"articleSection":["Meio Ambiente"],"inLanguage":"pt-PT"},{"@type":"WebPage","@id":"https:\/\/portaltela.pt\/noticias\/2026\/04\/22\/devo-mudar-as-plantas-de-vaso-guia-pratico-de-repotacao\/","url":"https:\/\/portaltela.pt\/noticias\/2026\/04\/22\/devo-mudar-as-plantas-de-vaso-guia-pratico-de-repotacao\/","name":"Devo mudar as plantas de vaso? Guia pr\u00e1tico de repota\u00e7\u00e3o - Portal Tela Portugal","isPartOf":{"@id":"https:\/\/portaltela.pt\/#website"},"primaryImageOfPage":{"@id":"https:\/\/portaltela.pt\/noticias\/2026\/04\/22\/devo-mudar-as-plantas-de-vaso-guia-pratico-de-repotacao\/#primaryimage"},"image":{"@id":"https:\/\/portaltela.pt\/noticias\/2026\/04\/22\/devo-mudar-as-plantas-de-vaso-guia-pratico-de-repotacao\/#primaryimage"},"thumbnailUrl":"https:\/\/portaltela.pt\/s.01k8rhncp4jt1\/2026\/04\/image-1373.jpg","datePublished":"2026-04-22T17:18:46+00:00","author":{"@id":"https:\/\/portaltela.pt\/#\/schema\/person\/c4278d4a6028830caff9ee44b42d32ed"},"breadcrumb":{"@id":"https:\/\/portaltela.pt\/noticias\/2026\/04\/22\/devo-mudar-as-plantas-de-vaso-guia-pratico-de-repotacao\/#breadcrumb"},"inLanguage":"pt-PT","potentialAction":[{"@type":"ReadAction","target":["https:\/\/portaltela.pt\/noticias\/2026\/04\/22\/devo-mudar-as-plantas-de-vaso-guia-pratico-de-repotacao\/"]}]},{"@type":"ImageObject","inLanguage":"pt-PT","@id":"https:\/\/portaltela.pt\/noticias\/2026\/04\/22\/devo-mudar-as-plantas-de-vaso-guia-pratico-de-repotacao\/#primaryimage","url":"https:\/\/portaltela.pt\/s.01k8rhncp4jt1\/2026\/04\/image-1373.jpg","contentUrl":"https:\/\/portaltela.pt\/s.01k8rhncp4jt1\/2026\/04\/image-1373.jpg","width":796,"height":448,"caption":"Imagem de contexto do artigo Devo mudar as plantas de vaso?"},{"@type":"BreadcrumbList","@id":"https:\/\/portaltela.pt\/noticias\/2026\/04\/22\/devo-mudar-as-plantas-de-vaso-guia-pratico-de-repotacao\/#breadcrumb","itemListElement":[{"@type":"ListItem","position":1,"name":"In\u00edcio","item":"https:\/\/portaltela.pt\/"},{"@type":"ListItem","position":2,"name":"Devo mudar as plantas de vaso? Guia pr\u00e1tico de repota\u00e7\u00e3o"}]},{"@type":"WebSite","@id":"https:\/\/portaltela.pt\/#website","url":"https:\/\/portaltela.pt\/","name":"Portal Tela Portugal","description":"","potentialAction":[{"@type":"SearchAction","target":{"@type":"EntryPoint","urlTemplate":"https:\/\/portaltela.pt\/?s={search_term_string}"},"query-input":{"@type":"PropertyValueSpecification","valueRequired":true,"valueName":"search_term_string"}}],"inLanguage":"pt-PT"},{"@type":"Person","@id":"https:\/\/portaltela.pt\/#\/schema\/person\/c4278d4a6028830caff9ee44b42d32ed","name":"Telinha","image":{"@type":"ImageObject","inLanguage":"pt-PT","@id":"https:\/\/portaltela.pt\/s.01k8rhncp4jt1\/2025\/11\/talking-bot-125x125.png","url":"https:\/\/portaltela.pt\/s.01k8rhncp4jt1\/2025\/11\/talking-bot-125x125.png","contentUrl":"https:\/\/portaltela.pt\/s.01k8rhncp4jt1\/2025\/11\/talking-bot-125x125.png","caption":"Telinha"},"sameAs":["https:\/\/portaltela.pt\/"],"url":"https:\/\/portaltela.pt\/por\/367410592786\/"}]}},"_links":{"self":[{"href":"https:\/\/portaltela.pt\/api\/wp\/v2\/posts\/454855","targetHints":{"allow":["GET"]}}],"collection":[{"href":"https:\/\/portaltela.pt\/api\/wp\/v2\/posts"}],"about":[{"href":"https:\/\/portaltela.pt\/api\/wp\/v2\/types\/post"}],"author":[{"embeddable":true,"href":"https:\/\/portaltela.pt\/api\/wp\/v2\/users\/2"}],"replies":[{"embeddable":true,"href":"https:\/\/portaltela.pt\/api\/wp\/v2\/comments?post=454855"}],"version-history":[{"count":0,"href":"https:\/\/portaltela.pt\/api\/wp\/v2\/posts\/454855\/revisions"}],"wp:featuredmedia":[{"embeddable":true,"href":"https:\/\/portaltela.pt\/api\/wp\/v2\/media\/454863"}],"wp:attachment":[{"href":"https:\/\/portaltela.pt\/api\/wp\/v2\/media?parent=454855"}],"wp:term":[{"taxonomy":"category","embeddable":true,"href":"https:\/\/portaltela.pt\/api\/wp\/v2\/categories?post=454855"},{"taxonomy":"post_tag","embeddable":true,"href":"https:\/\/portaltela.pt\/api\/wp\/v2\/tags?post=454855"}],"curies":[{"name":"wp","href":"https:\/\/api.w.org\/{rel}","templated":true}]}}