{"id":454808,"date":"2026-04-22T14:02:06","date_gmt":"2026-04-22T17:02:06","guid":{"rendered":"https:\/\/portaltela.pt\/noticias\/2026\/04\/22\/video-divulgado-levanta-questoes-sobre-o-assunto-2\/"},"modified":"2026-04-22T14:02:06","modified_gmt":"2026-04-22T17:02:06","slug":"video-divulgado-levanta-questoes-sobre-o-assunto-2","status":"publish","type":"post","link":"https:\/\/portaltela.pt\/noticias\/internacional\/2026\/04\/22\/video-divulgado-levanta-questoes-sobre-o-assunto-2\/","title":{"rendered":"V\u00eddeo divulgado levanta quest\u00f5es sobre o assunto"},"content":{"rendered":"<p>Um v\u00eddeo de divulga\u00e7\u00e3o apresenta as Not\u00edcias do dia, edi\u00e7\u00e3o Noite de 22 de abril de 2026. A pe\u00e7a re\u00fane os acontecimentos mais relevantes da Europa e do resto do mundo.<\/p>\n<p>A produ\u00e7\u00e3o cobre as \u00faltimas novidades em mundo, neg\u00f3cios, entretenimento, pol\u00edtica, cultura e viagens, com atualiza\u00e7\u00e3o constante ao longo da noite.<\/p>\n<p>Lan\u00e7ado na noite de 22 de abril de 2026, o material oferece informa\u00e7\u00f5es r\u00e1pidas e factuais, sem opini\u00f5es ou percep\u00e7\u00f5es pessoais, para manter o p\u00fablico bem informado.<\/p>\n","protected":false},"excerpt":{"rendered":"<ul>\n<li>O conte\u00fado fornecido n\u00e3o inclui factos espec\u00edficos da not\u00edcia, apenas o t\u00edtulo e o tema do feed.<\/li>\n<li>Indica \u201cV\u00eddeo\u201d e \u201cNot\u00edcias do dia\u201d com data 22 de abril de 2026, noite.<\/li>\n<li>Promete manter-se a par das not\u00edcias mais importantes da Europa e do mundo.<\/li>\n<li>Abrange v\u00e1rias \u00e1reas: mundo, neg\u00f3cios, entretenimento, pol\u00edtica, cultura, viagens.<\/li>\n<li>N\u00e3o h\u00e1 informa\u00e7\u00f5es sobre ocorr\u00eancias ou desdobramentos no texto enviado.<\/li>\n<\/ul>\n","protected":false},"author":2,"featured_media":454809,"comment_status":"closed","ping_status":"closed","sticky":false,"template":"","format":"standard","meta":{"footnotes":""},"categories":[4,1],"tags":[6598,2487,31,7221,6014,2832],"class_list":["post-454808","post","type-post","status-publish","format-standard","has-post-thumbnail","hentry","category-internacional","category-noticias","tag-entretenimento","tag-europa","tag-negocios","tag-noticias","tag-noticias-internacionais","tag-politica"],"yoast_head":"<!-- This site is optimized with the Yoast SEO plugin v27.2 - https:\/\/yoast.com\/product\/yoast-seo-wordpress\/ -->\n<title>V\u00eddeo divulgado levanta quest\u00f5es sobre o assunto - Portal Tela Portugal<\/title>\n<meta name=\"robots\" content=\"index, follow, max-snippet:-1, max-image-preview:large, max-video-preview:-1\" \/>\n<meta property=\"og:locale\" content=\"pt_PT\" \/>\n<meta property=\"og:type\" content=\"article\" \/>\n<meta property=\"og:title\" content=\"V\u00eddeo divulgado levanta quest\u00f5es sobre o assunto - Portal Tela Portugal\" \/>\n<meta property=\"og:description\" content=\"O conte\u00fado fornecido n\u00e3o inclui factos espec\u00edficos da not\u00edcia, apenas o t\u00edtulo e o tema do feed. Indica \u201cV\u00eddeo\u201d e \u201cNot\u00edcias do dia\u201d com data 22 de abril de 2026, noite. Promete manter-se a par das not\u00edcias mais importantes da Europa e do mundo. Abrange v\u00e1rias \u00e1reas: mundo, neg\u00f3cios, entretenimento, pol\u00edtica, cultura, viagens. N\u00e3o h\u00e1 informa\u00e7\u00f5es sobre ocorr\u00eancias ou desdobramentos no texto enviado.\" \/>\n<meta property=\"og:url\" content=\"https:\/\/portaltela.pt\/noticias\/2026\/04\/22\/video-divulgado-levanta-questoes-sobre-o-assunto-2\/\" \/>\n<meta property=\"og:site_name\" content=\"Portal Tela Portugal\" \/>\n<meta property=\"article:published_time\" content=\"2026-04-22T17:02:06+00:00\" \/>\n<meta name=\"author\" content=\"Telinha\" \/>\n<meta name=\"twitter:card\" content=\"summary_large_image\" \/>\n<meta name=\"twitter:label1\" content=\"Escrito por\" \/>\n\t<meta name=\"twitter:data1\" content=\"Telinha\" \/>\n<script type=\"application\/ld+json\" class=\"yoast-schema-graph\">{\"@context\":\"https:\/\/schema.org\",\"@graph\":[{\"@type\":\"Article\",\"@id\":\"https:\/\/portaltela.pt\/noticias\/2026\/04\/22\/video-divulgado-levanta-questoes-sobre-o-assunto-2\/#article\",\"isPartOf\":{\"@id\":\"https:\/\/portaltela.pt\/noticias\/2026\/04\/22\/video-divulgado-levanta-questoes-sobre-o-assunto-2\/\"},\"author\":{\"name\":\"Telinha\",\"@id\":\"https:\/\/portaltela.pt\/#\/schema\/person\/c4278d4a6028830caff9ee44b42d32ed\"},\"headline\":\"V\u00eddeo divulgado levanta quest\u00f5es sobre o assunto\",\"datePublished\":\"2026-04-22T17:02:06+00:00\",\"mainEntityOfPage\":{\"@id\":\"https:\/\/portaltela.pt\/noticias\/2026\/04\/22\/video-divulgado-levanta-questoes-sobre-o-assunto-2\/\"},\"wordCount\":100,\"image\":{\"@id\":\"https:\/\/portaltela.pt\/noticias\/2026\/04\/22\/video-divulgado-levanta-questoes-sobre-o-assunto-2\/#primaryimage\"},\"thumbnailUrl\":\"https:\/\/portaltela.pt\/s.01k8rhncp4jt1\/2026\/04\/1536x864_cmsv2_fcc8463f-4f72-50b6-8ead-04fff8913620-9732084.jpg\",\"keywords\":[\"entretenimento\",\"Europa\",\"neg\u00f3cios\",\"not\u00edcias\",\"not\u00edcias internacionais\",\"pol\u00edtica\"],\"articleSection\":[\"Internacional\",\"Not\u00edcias\"],\"inLanguage\":\"pt-PT\"},{\"@type\":\"WebPage\",\"@id\":\"https:\/\/portaltela.pt\/noticias\/2026\/04\/22\/video-divulgado-levanta-questoes-sobre-o-assunto-2\/\",\"url\":\"https:\/\/portaltela.pt\/noticias\/2026\/04\/22\/video-divulgado-levanta-questoes-sobre-o-assunto-2\/\",\"name\":\"V\u00eddeo divulgado levanta quest\u00f5es sobre o assunto - Portal Tela Portugal\",\"isPartOf\":{\"@id\":\"https:\/\/portaltela.pt\/#website\"},\"primaryImageOfPage\":{\"@id\":\"https:\/\/portaltela.pt\/noticias\/2026\/04\/22\/video-divulgado-levanta-questoes-sobre-o-assunto-2\/#primaryimage\"},\"image\":{\"@id\":\"https:\/\/portaltela.pt\/noticias\/2026\/04\/22\/video-divulgado-levanta-questoes-sobre-o-assunto-2\/#primaryimage\"},\"thumbnailUrl\":\"https:\/\/portaltela.pt\/s.01k8rhncp4jt1\/2026\/04\/1536x864_cmsv2_fcc8463f-4f72-50b6-8ead-04fff8913620-9732084.jpg\",\"datePublished\":\"2026-04-22T17:02:06+00:00\",\"author\":{\"@id\":\"https:\/\/portaltela.pt\/#\/schema\/person\/c4278d4a6028830caff9ee44b42d32ed\"},\"breadcrumb\":{\"@id\":\"https:\/\/portaltela.pt\/noticias\/2026\/04\/22\/video-divulgado-levanta-questoes-sobre-o-assunto-2\/#breadcrumb\"},\"inLanguage\":\"pt-PT\",\"potentialAction\":[{\"@type\":\"ReadAction\",\"target\":[\"https:\/\/portaltela.pt\/noticias\/2026\/04\/22\/video-divulgado-levanta-questoes-sobre-o-assunto-2\/\"]}]},{\"@type\":\"ImageObject\",\"inLanguage\":\"pt-PT\",\"@id\":\"https:\/\/portaltela.pt\/noticias\/2026\/04\/22\/video-divulgado-levanta-questoes-sobre-o-assunto-2\/#primaryimage\",\"url\":\"https:\/\/portaltela.pt\/s.01k8rhncp4jt1\/2026\/04\/1536x864_cmsv2_fcc8463f-4f72-50b6-8ead-04fff8913620-9732084.jpg\",\"contentUrl\":\"https:\/\/portaltela.pt\/s.01k8rhncp4jt1\/2026\/04\/1536x864_cmsv2_fcc8463f-4f72-50b6-8ead-04fff8913620-9732084.jpg\",\"width\":1536,\"height\":864,\"caption\":\"Not\u00edcias do dia | 22 de abril 2026 - Noite\"},{\"@type\":\"BreadcrumbList\",\"@id\":\"https:\/\/portaltela.pt\/noticias\/2026\/04\/22\/video-divulgado-levanta-questoes-sobre-o-assunto-2\/#breadcrumb\",\"itemListElement\":[{\"@type\":\"ListItem\",\"position\":1,\"name\":\"In\u00edcio\",\"item\":\"https:\/\/portaltela.pt\/\"},{\"@type\":\"ListItem\",\"position\":2,\"name\":\"V\u00eddeo divulgado levanta quest\u00f5es sobre o assunto\"}]},{\"@type\":\"WebSite\",\"@id\":\"https:\/\/portaltela.pt\/#website\",\"url\":\"https:\/\/portaltela.pt\/\",\"name\":\"Portal Tela Portugal\",\"description\":\"\",\"potentialAction\":[{\"@type\":\"SearchAction\",\"target\":{\"@type\":\"EntryPoint\",\"urlTemplate\":\"https:\/\/portaltela.pt\/?s={search_term_string}\"},\"query-input\":{\"@type\":\"PropertyValueSpecification\",\"valueRequired\":true,\"valueName\":\"search_term_string\"}}],\"inLanguage\":\"pt-PT\"},{\"@type\":\"Person\",\"@id\":\"https:\/\/portaltela.pt\/#\/schema\/person\/c4278d4a6028830caff9ee44b42d32ed\",\"name\":\"Telinha\",\"image\":{\"@type\":\"ImageObject\",\"inLanguage\":\"pt-PT\",\"@id\":\"https:\/\/portaltela.pt\/s.01k8rhncp4jt1\/2025\/11\/talking-bot-125x125.png\",\"url\":\"https:\/\/portaltela.pt\/s.01k8rhncp4jt1\/2025\/11\/talking-bot-125x125.png\",\"contentUrl\":\"https:\/\/portaltela.pt\/s.01k8rhncp4jt1\/2025\/11\/talking-bot-125x125.png\",\"caption\":\"Telinha\"},\"sameAs\":[\"https:\/\/portaltela.pt\/\"],\"url\":\"https:\/\/portaltela.pt\/por\/367410592786\/\"}]}<\/script>\n<!-- \/ Yoast SEO plugin. -->","yoast_head_json":{"title":"V\u00eddeo divulgado levanta quest\u00f5es sobre o assunto - Portal Tela Portugal","robots":{"index":"index","follow":"follow","max-snippet":"max-snippet:-1","max-image-preview":"max-image-preview:large","max-video-preview":"max-video-preview:-1"},"og_locale":"pt_PT","og_type":"article","og_title":"V\u00eddeo divulgado levanta quest\u00f5es sobre o assunto - Portal Tela Portugal","og_description":"O conte\u00fado fornecido n\u00e3o inclui factos espec\u00edficos da not\u00edcia, apenas o t\u00edtulo e o tema do feed. Indica \u201cV\u00eddeo\u201d e \u201cNot\u00edcias do dia\u201d com data 22 de abril de 2026, noite. Promete manter-se a par das not\u00edcias mais importantes da Europa e do mundo. Abrange v\u00e1rias \u00e1reas: mundo, neg\u00f3cios, entretenimento, pol\u00edtica, cultura, viagens. N\u00e3o h\u00e1 informa\u00e7\u00f5es sobre ocorr\u00eancias ou desdobramentos no texto enviado.","og_url":"https:\/\/portaltela.pt\/noticias\/2026\/04\/22\/video-divulgado-levanta-questoes-sobre-o-assunto-2\/","og_site_name":"Portal Tela Portugal","article_published_time":"2026-04-22T17:02:06+00:00","author":"Telinha","twitter_card":"summary_large_image","twitter_misc":{"Escrito por":"Telinha"},"schema":{"@context":"https:\/\/schema.org","@graph":[{"@type":"Article","@id":"https:\/\/portaltela.pt\/noticias\/2026\/04\/22\/video-divulgado-levanta-questoes-sobre-o-assunto-2\/#article","isPartOf":{"@id":"https:\/\/portaltela.pt\/noticias\/2026\/04\/22\/video-divulgado-levanta-questoes-sobre-o-assunto-2\/"},"author":{"name":"Telinha","@id":"https:\/\/portaltela.pt\/#\/schema\/person\/c4278d4a6028830caff9ee44b42d32ed"},"headline":"V\u00eddeo divulgado levanta quest\u00f5es sobre o assunto","datePublished":"2026-04-22T17:02:06+00:00","mainEntityOfPage":{"@id":"https:\/\/portaltela.pt\/noticias\/2026\/04\/22\/video-divulgado-levanta-questoes-sobre-o-assunto-2\/"},"wordCount":100,"image":{"@id":"https:\/\/portaltela.pt\/noticias\/2026\/04\/22\/video-divulgado-levanta-questoes-sobre-o-assunto-2\/#primaryimage"},"thumbnailUrl":"https:\/\/portaltela.pt\/s.01k8rhncp4jt1\/2026\/04\/1536x864_cmsv2_fcc8463f-4f72-50b6-8ead-04fff8913620-9732084.jpg","keywords":["entretenimento","Europa","neg\u00f3cios","not\u00edcias","not\u00edcias internacionais","pol\u00edtica"],"articleSection":["Internacional","Not\u00edcias"],"inLanguage":"pt-PT"},{"@type":"WebPage","@id":"https:\/\/portaltela.pt\/noticias\/2026\/04\/22\/video-divulgado-levanta-questoes-sobre-o-assunto-2\/","url":"https:\/\/portaltela.pt\/noticias\/2026\/04\/22\/video-divulgado-levanta-questoes-sobre-o-assunto-2\/","name":"V\u00eddeo divulgado levanta quest\u00f5es sobre o assunto - Portal Tela Portugal","isPartOf":{"@id":"https:\/\/portaltela.pt\/#website"},"primaryImageOfPage":{"@id":"https:\/\/portaltela.pt\/noticias\/2026\/04\/22\/video-divulgado-levanta-questoes-sobre-o-assunto-2\/#primaryimage"},"image":{"@id":"https:\/\/portaltela.pt\/noticias\/2026\/04\/22\/video-divulgado-levanta-questoes-sobre-o-assunto-2\/#primaryimage"},"thumbnailUrl":"https:\/\/portaltela.pt\/s.01k8rhncp4jt1\/2026\/04\/1536x864_cmsv2_fcc8463f-4f72-50b6-8ead-04fff8913620-9732084.jpg","datePublished":"2026-04-22T17:02:06+00:00","author":{"@id":"https:\/\/portaltela.pt\/#\/schema\/person\/c4278d4a6028830caff9ee44b42d32ed"},"breadcrumb":{"@id":"https:\/\/portaltela.pt\/noticias\/2026\/04\/22\/video-divulgado-levanta-questoes-sobre-o-assunto-2\/#breadcrumb"},"inLanguage":"pt-PT","potentialAction":[{"@type":"ReadAction","target":["https:\/\/portaltela.pt\/noticias\/2026\/04\/22\/video-divulgado-levanta-questoes-sobre-o-assunto-2\/"]}]},{"@type":"ImageObject","inLanguage":"pt-PT","@id":"https:\/\/portaltela.pt\/noticias\/2026\/04\/22\/video-divulgado-levanta-questoes-sobre-o-assunto-2\/#primaryimage","url":"https:\/\/portaltela.pt\/s.01k8rhncp4jt1\/2026\/04\/1536x864_cmsv2_fcc8463f-4f72-50b6-8ead-04fff8913620-9732084.jpg","contentUrl":"https:\/\/portaltela.pt\/s.01k8rhncp4jt1\/2026\/04\/1536x864_cmsv2_fcc8463f-4f72-50b6-8ead-04fff8913620-9732084.jpg","width":1536,"height":864,"caption":"Not\u00edcias do dia | 22 de abril 2026 - Noite"},{"@type":"BreadcrumbList","@id":"https:\/\/portaltela.pt\/noticias\/2026\/04\/22\/video-divulgado-levanta-questoes-sobre-o-assunto-2\/#breadcrumb","itemListElement":[{"@type":"ListItem","position":1,"name":"In\u00edcio","item":"https:\/\/portaltela.pt\/"},{"@type":"ListItem","position":2,"name":"V\u00eddeo divulgado levanta quest\u00f5es sobre o assunto"}]},{"@type":"WebSite","@id":"https:\/\/portaltela.pt\/#website","url":"https:\/\/portaltela.pt\/","name":"Portal Tela Portugal","description":"","potentialAction":[{"@type":"SearchAction","target":{"@type":"EntryPoint","urlTemplate":"https:\/\/portaltela.pt\/?s={search_term_string}"},"query-input":{"@type":"PropertyValueSpecification","valueRequired":true,"valueName":"search_term_string"}}],"inLanguage":"pt-PT"},{"@type":"Person","@id":"https:\/\/portaltela.pt\/#\/schema\/person\/c4278d4a6028830caff9ee44b42d32ed","name":"Telinha","image":{"@type":"ImageObject","inLanguage":"pt-PT","@id":"https:\/\/portaltela.pt\/s.01k8rhncp4jt1\/2025\/11\/talking-bot-125x125.png","url":"https:\/\/portaltela.pt\/s.01k8rhncp4jt1\/2025\/11\/talking-bot-125x125.png","contentUrl":"https:\/\/portaltela.pt\/s.01k8rhncp4jt1\/2025\/11\/talking-bot-125x125.png","caption":"Telinha"},"sameAs":["https:\/\/portaltela.pt\/"],"url":"https:\/\/portaltela.pt\/por\/367410592786\/"}]}},"_links":{"self":[{"href":"https:\/\/portaltela.pt\/api\/wp\/v2\/posts\/454808","targetHints":{"allow":["GET"]}}],"collection":[{"href":"https:\/\/portaltela.pt\/api\/wp\/v2\/posts"}],"about":[{"href":"https:\/\/portaltela.pt\/api\/wp\/v2\/types\/post"}],"author":[{"embeddable":true,"href":"https:\/\/portaltela.pt\/api\/wp\/v2\/users\/2"}],"replies":[{"embeddable":true,"href":"https:\/\/portaltela.pt\/api\/wp\/v2\/comments?post=454808"}],"version-history":[{"count":0,"href":"https:\/\/portaltela.pt\/api\/wp\/v2\/posts\/454808\/revisions"}],"wp:featuredmedia":[{"embeddable":true,"href":"https:\/\/portaltela.pt\/api\/wp\/v2\/media\/454809"}],"wp:attachment":[{"href":"https:\/\/portaltela.pt\/api\/wp\/v2\/media?parent=454808"}],"wp:term":[{"taxonomy":"category","embeddable":true,"href":"https:\/\/portaltela.pt\/api\/wp\/v2\/categories?post=454808"},{"taxonomy":"post_tag","embeddable":true,"href":"https:\/\/portaltela.pt\/api\/wp\/v2\/tags?post=454808"}],"curies":[{"name":"wp","href":"https:\/\/api.w.org\/{rel}","templated":true}]}}