{"id":454777,"date":"2026-04-22T13:48:04","date_gmt":"2026-04-22T16:48:04","guid":{"rendered":"https:\/\/portaltela.pt\/noticias\/2026\/04\/22\/montenegro-envia-mensagem-de-esperanca-no-futuro-da-venezuela-a-corina-machado\/"},"modified":"2026-04-22T13:48:04","modified_gmt":"2026-04-22T16:48:04","slug":"montenegro-envia-mensagem-de-esperanca-no-futuro-da-venezuela-a-corina-machado","status":"publish","type":"post","link":"https:\/\/portaltela.pt\/politica-internacional\/2026\/04\/22\/montenegro-envia-mensagem-de-esperanca-no-futuro-da-venezuela-a-corina-machado\/","title":{"rendered":"Montenegro envia mensagem de esperan\u00e7a no futuro da Venezuela a Corina Machado"},"content":{"rendered":"<p>A l\u00edder da oposi\u00e7\u00e3o venezuelana, Mar\u00eda Corina Machado, foi recebida em Lisboa pelo primeiro-ministro portugu\u00eas, Lu\u00eds Montenegro, no Pal\u00e1cio de S\u00e3o Bento. O encontro da manh\u00e3 de quarta-feira durou menos de 40 minutos e centrou-se na necessidade de elei\u00e7\u00f5es livres na Venezuela.<\/p>\n<p>Machado chegou, cumprimentou, entrou e saiu do Pal\u00e1cio. Montenegro transmitiu uma mensagem de apoio e sublinhou a import\u00e2ncia de criar condi\u00e7\u00f5es para um acto eleitoral livre no pa\u00eds.<\/p>\n<p>\u00c0 sa\u00edda, Montenegro resumiu o di\u00e1logo como uma aposta numa melhoria do panorama venezuelano, com foco na participa\u00e7\u00e3o c\u00edvica e na estabilidade democr\u00e1tica. N\u00e3o foram dadas detalhes sobre acordos ou pr\u00f3ximos passos.<\/p>\n<h3>Desdobramentos<\/h3>\n<p>O encontro insere-se no aprofundamento das rela\u00e7\u00f5es entre Portugal e movimentos da oposi\u00e7\u00e3o venezuelana. N\u00e3o h\u00e1 confirma\u00e7\u00e3o de futuras reuni\u00f5es ou de medidas pr\u00e1ticas acordadas entre as partes.<\/p>\n","protected":false},"excerpt":{"rendered":"<ul>\n<li>A l\u00edder da oposi\u00e7\u00e3o venezuelana, Mar\u00eda Corina Machado, foi recebida pelo primeiro-ministro portugu\u00eas, Lu\u00eds Montenegro, no Pal\u00e1cio de S\u00e3o Bento, em Lisboa.<\/li>\n<li>O encontro n\u00e3o ultrapassou os 40 minutos.<\/li>\n<li>Lu\u00eds Montenegro transmitiu uma mensagem de \u201cesperan\u00e7a no futuro da Venezuela\u201d \u00e0 visitante.<\/li>\n<li>O primeiro-ministro afirmou que \u00e9 necess\u00e1rio garantir as condi\u00e7\u00f5es para um acto eleitoral livre no pa\u00eds.<\/li>\n<\/ul>\n","protected":false},"author":2,"featured_media":454781,"comment_status":"closed","ping_status":"closed","sticky":false,"template":"","format":"standard","meta":{"footnotes":""},"categories":[1,7127],"tags":[68,981,3767,2832,1014,2758],"class_list":["post-454777","post","type-post","status-publish","format-standard","has-post-thumbnail","hentry","category-noticias","category-politica-internacional","tag-eleicoes","tag-lisboa","tag-oposicao","tag-politica","tag-portugal","tag-venezuela"],"yoast_head":"<!-- This site is optimized with the Yoast SEO plugin v27.2 - https:\/\/yoast.com\/product\/yoast-seo-wordpress\/ -->\n<title>Montenegro envia mensagem de esperan\u00e7a no futuro da Venezuela a Corina Machado - Portal Tela Portugal<\/title>\n<meta name=\"robots\" content=\"index, follow, max-snippet:-1, max-image-preview:large, max-video-preview:-1\" \/>\n<meta property=\"og:locale\" content=\"pt_PT\" \/>\n<meta property=\"og:type\" content=\"article\" \/>\n<meta property=\"og:title\" content=\"Montenegro envia mensagem de esperan\u00e7a no futuro da Venezuela a Corina Machado - Portal Tela Portugal\" \/>\n<meta property=\"og:description\" content=\"A l\u00edder da oposi\u00e7\u00e3o venezuelana, Mar\u00eda Corina Machado, foi recebida pelo primeiro-ministro portugu\u00eas, Lu\u00eds Montenegro, no Pal\u00e1cio de S\u00e3o Bento, em Lisboa. O encontro n\u00e3o ultrapassou os 40 minutos. Lu\u00eds Montenegro transmitiu uma mensagem de \u201cesperan\u00e7a no futuro da Venezuela\u201d \u00e0 visitante. O primeiro-ministro afirmou que \u00e9 necess\u00e1rio garantir as condi\u00e7\u00f5es para um acto eleitoral livre no pa\u00eds.\" \/>\n<meta property=\"og:url\" content=\"https:\/\/portaltela.pt\/noticias\/2026\/04\/22\/montenegro-envia-mensagem-de-esperanca-no-futuro-da-venezuela-a-corina-machado\/\" \/>\n<meta property=\"og:site_name\" content=\"Portal Tela Portugal\" \/>\n<meta property=\"article:published_time\" content=\"2026-04-22T16:48:04+00:00\" \/>\n<meta name=\"author\" content=\"Telinha\" \/>\n<meta name=\"twitter:card\" content=\"summary_large_image\" \/>\n<meta name=\"twitter:label1\" content=\"Escrito por\" \/>\n\t<meta name=\"twitter:data1\" content=\"Telinha\" \/>\n\t<meta name=\"twitter:label2\" content=\"Tempo estimado de leitura\" \/>\n\t<meta name=\"twitter:data2\" content=\"1 minuto\" \/>\n<script type=\"application\/ld+json\" class=\"yoast-schema-graph\">{\"@context\":\"https:\/\/schema.org\",\"@graph\":[{\"@type\":\"Article\",\"@id\":\"https:\/\/portaltela.pt\/noticias\/2026\/04\/22\/montenegro-envia-mensagem-de-esperanca-no-futuro-da-venezuela-a-corina-machado\/#article\",\"isPartOf\":{\"@id\":\"https:\/\/portaltela.pt\/noticias\/2026\/04\/22\/montenegro-envia-mensagem-de-esperanca-no-futuro-da-venezuela-a-corina-machado\/\"},\"author\":{\"name\":\"Telinha\",\"@id\":\"https:\/\/portaltela.pt\/#\/schema\/person\/c4278d4a6028830caff9ee44b42d32ed\"},\"headline\":\"Montenegro envia mensagem de esperan\u00e7a no futuro da Venezuela a Corina Machado\",\"datePublished\":\"2026-04-22T16:48:04+00:00\",\"mainEntityOfPage\":{\"@id\":\"https:\/\/portaltela.pt\/noticias\/2026\/04\/22\/montenegro-envia-mensagem-de-esperanca-no-futuro-da-venezuela-a-corina-machado\/\"},\"wordCount\":167,\"image\":{\"@id\":\"https:\/\/portaltela.pt\/noticias\/2026\/04\/22\/montenegro-envia-mensagem-de-esperanca-no-futuro-da-venezuela-a-corina-machado\/#primaryimage\"},\"thumbnailUrl\":\"https:\/\/portaltela.pt\/s.01k8rhncp4jt1\/2026\/04\/2083296.jpg\",\"keywords\":[\"elei\u00e7\u00f5es\",\"Lisboa\",\"oposi\u00e7\u00e3o\",\"pol\u00edtica\",\"Portugal\",\"Venezuela\"],\"articleSection\":[\"Not\u00edcias\",\"Pol\u00edtica Internacional\"],\"inLanguage\":\"pt-PT\"},{\"@type\":\"WebPage\",\"@id\":\"https:\/\/portaltela.pt\/noticias\/2026\/04\/22\/montenegro-envia-mensagem-de-esperanca-no-futuro-da-venezuela-a-corina-machado\/\",\"url\":\"https:\/\/portaltela.pt\/noticias\/2026\/04\/22\/montenegro-envia-mensagem-de-esperanca-no-futuro-da-venezuela-a-corina-machado\/\",\"name\":\"Montenegro envia mensagem de esperan\u00e7a no futuro da Venezuela a Corina Machado - Portal Tela Portugal\",\"isPartOf\":{\"@id\":\"https:\/\/portaltela.pt\/#website\"},\"primaryImageOfPage\":{\"@id\":\"https:\/\/portaltela.pt\/noticias\/2026\/04\/22\/montenegro-envia-mensagem-de-esperanca-no-futuro-da-venezuela-a-corina-machado\/#primaryimage\"},\"image\":{\"@id\":\"https:\/\/portaltela.pt\/noticias\/2026\/04\/22\/montenegro-envia-mensagem-de-esperanca-no-futuro-da-venezuela-a-corina-machado\/#primaryimage\"},\"thumbnailUrl\":\"https:\/\/portaltela.pt\/s.01k8rhncp4jt1\/2026\/04\/2083296.jpg\",\"datePublished\":\"2026-04-22T16:48:04+00:00\",\"author\":{\"@id\":\"https:\/\/portaltela.pt\/#\/schema\/person\/c4278d4a6028830caff9ee44b42d32ed\"},\"breadcrumb\":{\"@id\":\"https:\/\/portaltela.pt\/noticias\/2026\/04\/22\/montenegro-envia-mensagem-de-esperanca-no-futuro-da-venezuela-a-corina-machado\/#breadcrumb\"},\"inLanguage\":\"pt-PT\",\"potentialAction\":[{\"@type\":\"ReadAction\",\"target\":[\"https:\/\/portaltela.pt\/noticias\/2026\/04\/22\/montenegro-envia-mensagem-de-esperanca-no-futuro-da-venezuela-a-corina-machado\/\"]}]},{\"@type\":\"ImageObject\",\"inLanguage\":\"pt-PT\",\"@id\":\"https:\/\/portaltela.pt\/noticias\/2026\/04\/22\/montenegro-envia-mensagem-de-esperanca-no-futuro-da-venezuela-a-corina-machado\/#primaryimage\",\"url\":\"https:\/\/portaltela.pt\/s.01k8rhncp4jt1\/2026\/04\/2083296.jpg\",\"contentUrl\":\"https:\/\/portaltela.pt\/s.01k8rhncp4jt1\/2026\/04\/2083296.jpg\",\"width\":796,\"height\":448,\"caption\":\"O encontro entre o primeiro-ministro, Lu\u00eds Montenegro, e a opositora venezuelana, Mar\u00eda Corina Machado\"},{\"@type\":\"BreadcrumbList\",\"@id\":\"https:\/\/portaltela.pt\/noticias\/2026\/04\/22\/montenegro-envia-mensagem-de-esperanca-no-futuro-da-venezuela-a-corina-machado\/#breadcrumb\",\"itemListElement\":[{\"@type\":\"ListItem\",\"position\":1,\"name\":\"In\u00edcio\",\"item\":\"https:\/\/portaltela.pt\/\"},{\"@type\":\"ListItem\",\"position\":2,\"name\":\"Montenegro envia mensagem de esperan\u00e7a no futuro da Venezuela a Corina Machado\"}]},{\"@type\":\"WebSite\",\"@id\":\"https:\/\/portaltela.pt\/#website\",\"url\":\"https:\/\/portaltela.pt\/\",\"name\":\"Portal Tela Portugal\",\"description\":\"\",\"potentialAction\":[{\"@type\":\"SearchAction\",\"target\":{\"@type\":\"EntryPoint\",\"urlTemplate\":\"https:\/\/portaltela.pt\/?s={search_term_string}\"},\"query-input\":{\"@type\":\"PropertyValueSpecification\",\"valueRequired\":true,\"valueName\":\"search_term_string\"}}],\"inLanguage\":\"pt-PT\"},{\"@type\":\"Person\",\"@id\":\"https:\/\/portaltela.pt\/#\/schema\/person\/c4278d4a6028830caff9ee44b42d32ed\",\"name\":\"Telinha\",\"image\":{\"@type\":\"ImageObject\",\"inLanguage\":\"pt-PT\",\"@id\":\"https:\/\/portaltela.pt\/s.01k8rhncp4jt1\/2025\/11\/talking-bot-125x125.png\",\"url\":\"https:\/\/portaltela.pt\/s.01k8rhncp4jt1\/2025\/11\/talking-bot-125x125.png\",\"contentUrl\":\"https:\/\/portaltela.pt\/s.01k8rhncp4jt1\/2025\/11\/talking-bot-125x125.png\",\"caption\":\"Telinha\"},\"sameAs\":[\"https:\/\/portaltela.pt\/\"],\"url\":\"https:\/\/portaltela.pt\/por\/367410592786\/\"}]}<\/script>\n<!-- \/ Yoast SEO plugin. -->","yoast_head_json":{"title":"Montenegro envia mensagem de esperan\u00e7a no futuro da Venezuela a Corina Machado - Portal Tela Portugal","robots":{"index":"index","follow":"follow","max-snippet":"max-snippet:-1","max-image-preview":"max-image-preview:large","max-video-preview":"max-video-preview:-1"},"og_locale":"pt_PT","og_type":"article","og_title":"Montenegro envia mensagem de esperan\u00e7a no futuro da Venezuela a Corina Machado - Portal Tela Portugal","og_description":"A l\u00edder da oposi\u00e7\u00e3o venezuelana, Mar\u00eda Corina Machado, foi recebida pelo primeiro-ministro portugu\u00eas, Lu\u00eds Montenegro, no Pal\u00e1cio de S\u00e3o Bento, em Lisboa. O encontro n\u00e3o ultrapassou os 40 minutos. Lu\u00eds Montenegro transmitiu uma mensagem de \u201cesperan\u00e7a no futuro da Venezuela\u201d \u00e0 visitante. O primeiro-ministro afirmou que \u00e9 necess\u00e1rio garantir as condi\u00e7\u00f5es para um acto eleitoral livre no pa\u00eds.","og_url":"https:\/\/portaltela.pt\/noticias\/2026\/04\/22\/montenegro-envia-mensagem-de-esperanca-no-futuro-da-venezuela-a-corina-machado\/","og_site_name":"Portal Tela Portugal","article_published_time":"2026-04-22T16:48:04+00:00","author":"Telinha","twitter_card":"summary_large_image","twitter_misc":{"Escrito por":"Telinha","Tempo estimado de leitura":"1 minuto"},"schema":{"@context":"https:\/\/schema.org","@graph":[{"@type":"Article","@id":"https:\/\/portaltela.pt\/noticias\/2026\/04\/22\/montenegro-envia-mensagem-de-esperanca-no-futuro-da-venezuela-a-corina-machado\/#article","isPartOf":{"@id":"https:\/\/portaltela.pt\/noticias\/2026\/04\/22\/montenegro-envia-mensagem-de-esperanca-no-futuro-da-venezuela-a-corina-machado\/"},"author":{"name":"Telinha","@id":"https:\/\/portaltela.pt\/#\/schema\/person\/c4278d4a6028830caff9ee44b42d32ed"},"headline":"Montenegro envia mensagem de esperan\u00e7a no futuro da Venezuela a Corina Machado","datePublished":"2026-04-22T16:48:04+00:00","mainEntityOfPage":{"@id":"https:\/\/portaltela.pt\/noticias\/2026\/04\/22\/montenegro-envia-mensagem-de-esperanca-no-futuro-da-venezuela-a-corina-machado\/"},"wordCount":167,"image":{"@id":"https:\/\/portaltela.pt\/noticias\/2026\/04\/22\/montenegro-envia-mensagem-de-esperanca-no-futuro-da-venezuela-a-corina-machado\/#primaryimage"},"thumbnailUrl":"https:\/\/portaltela.pt\/s.01k8rhncp4jt1\/2026\/04\/2083296.jpg","keywords":["elei\u00e7\u00f5es","Lisboa","oposi\u00e7\u00e3o","pol\u00edtica","Portugal","Venezuela"],"articleSection":["Not\u00edcias","Pol\u00edtica Internacional"],"inLanguage":"pt-PT"},{"@type":"WebPage","@id":"https:\/\/portaltela.pt\/noticias\/2026\/04\/22\/montenegro-envia-mensagem-de-esperanca-no-futuro-da-venezuela-a-corina-machado\/","url":"https:\/\/portaltela.pt\/noticias\/2026\/04\/22\/montenegro-envia-mensagem-de-esperanca-no-futuro-da-venezuela-a-corina-machado\/","name":"Montenegro envia mensagem de esperan\u00e7a no futuro da Venezuela a Corina Machado - Portal Tela Portugal","isPartOf":{"@id":"https:\/\/portaltela.pt\/#website"},"primaryImageOfPage":{"@id":"https:\/\/portaltela.pt\/noticias\/2026\/04\/22\/montenegro-envia-mensagem-de-esperanca-no-futuro-da-venezuela-a-corina-machado\/#primaryimage"},"image":{"@id":"https:\/\/portaltela.pt\/noticias\/2026\/04\/22\/montenegro-envia-mensagem-de-esperanca-no-futuro-da-venezuela-a-corina-machado\/#primaryimage"},"thumbnailUrl":"https:\/\/portaltela.pt\/s.01k8rhncp4jt1\/2026\/04\/2083296.jpg","datePublished":"2026-04-22T16:48:04+00:00","author":{"@id":"https:\/\/portaltela.pt\/#\/schema\/person\/c4278d4a6028830caff9ee44b42d32ed"},"breadcrumb":{"@id":"https:\/\/portaltela.pt\/noticias\/2026\/04\/22\/montenegro-envia-mensagem-de-esperanca-no-futuro-da-venezuela-a-corina-machado\/#breadcrumb"},"inLanguage":"pt-PT","potentialAction":[{"@type":"ReadAction","target":["https:\/\/portaltela.pt\/noticias\/2026\/04\/22\/montenegro-envia-mensagem-de-esperanca-no-futuro-da-venezuela-a-corina-machado\/"]}]},{"@type":"ImageObject","inLanguage":"pt-PT","@id":"https:\/\/portaltela.pt\/noticias\/2026\/04\/22\/montenegro-envia-mensagem-de-esperanca-no-futuro-da-venezuela-a-corina-machado\/#primaryimage","url":"https:\/\/portaltela.pt\/s.01k8rhncp4jt1\/2026\/04\/2083296.jpg","contentUrl":"https:\/\/portaltela.pt\/s.01k8rhncp4jt1\/2026\/04\/2083296.jpg","width":796,"height":448,"caption":"O encontro entre o primeiro-ministro, Lu\u00eds Montenegro, e a opositora venezuelana, Mar\u00eda Corina Machado"},{"@type":"BreadcrumbList","@id":"https:\/\/portaltela.pt\/noticias\/2026\/04\/22\/montenegro-envia-mensagem-de-esperanca-no-futuro-da-venezuela-a-corina-machado\/#breadcrumb","itemListElement":[{"@type":"ListItem","position":1,"name":"In\u00edcio","item":"https:\/\/portaltela.pt\/"},{"@type":"ListItem","position":2,"name":"Montenegro envia mensagem de esperan\u00e7a no futuro da Venezuela a Corina Machado"}]},{"@type":"WebSite","@id":"https:\/\/portaltela.pt\/#website","url":"https:\/\/portaltela.pt\/","name":"Portal Tela Portugal","description":"","potentialAction":[{"@type":"SearchAction","target":{"@type":"EntryPoint","urlTemplate":"https:\/\/portaltela.pt\/?s={search_term_string}"},"query-input":{"@type":"PropertyValueSpecification","valueRequired":true,"valueName":"search_term_string"}}],"inLanguage":"pt-PT"},{"@type":"Person","@id":"https:\/\/portaltela.pt\/#\/schema\/person\/c4278d4a6028830caff9ee44b42d32ed","name":"Telinha","image":{"@type":"ImageObject","inLanguage":"pt-PT","@id":"https:\/\/portaltela.pt\/s.01k8rhncp4jt1\/2025\/11\/talking-bot-125x125.png","url":"https:\/\/portaltela.pt\/s.01k8rhncp4jt1\/2025\/11\/talking-bot-125x125.png","contentUrl":"https:\/\/portaltela.pt\/s.01k8rhncp4jt1\/2025\/11\/talking-bot-125x125.png","caption":"Telinha"},"sameAs":["https:\/\/portaltela.pt\/"],"url":"https:\/\/portaltela.pt\/por\/367410592786\/"}]}},"_links":{"self":[{"href":"https:\/\/portaltela.pt\/api\/wp\/v2\/posts\/454777","targetHints":{"allow":["GET"]}}],"collection":[{"href":"https:\/\/portaltela.pt\/api\/wp\/v2\/posts"}],"about":[{"href":"https:\/\/portaltela.pt\/api\/wp\/v2\/types\/post"}],"author":[{"embeddable":true,"href":"https:\/\/portaltela.pt\/api\/wp\/v2\/users\/2"}],"replies":[{"embeddable":true,"href":"https:\/\/portaltela.pt\/api\/wp\/v2\/comments?post=454777"}],"version-history":[{"count":0,"href":"https:\/\/portaltela.pt\/api\/wp\/v2\/posts\/454777\/revisions"}],"wp:featuredmedia":[{"embeddable":true,"href":"https:\/\/portaltela.pt\/api\/wp\/v2\/media\/454781"}],"wp:attachment":[{"href":"https:\/\/portaltela.pt\/api\/wp\/v2\/media?parent=454777"}],"wp:term":[{"taxonomy":"category","embeddable":true,"href":"https:\/\/portaltela.pt\/api\/wp\/v2\/categories?post=454777"},{"taxonomy":"post_tag","embeddable":true,"href":"https:\/\/portaltela.pt\/api\/wp\/v2\/tags?post=454777"}],"curies":[{"name":"wp","href":"https:\/\/api.w.org\/{rel}","templated":true}]}}