{"id":454730,"date":"2026-04-22T13:17:44","date_gmt":"2026-04-22T16:17:44","guid":{"rendered":"https:\/\/portaltela.pt\/noticias\/2026\/04\/22\/ronaldo-e-felix-jogam-em-direto-na-cmtv\/"},"modified":"2026-04-22T13:17:44","modified_gmt":"2026-04-22T16:17:44","slug":"ronaldo-e-felix-jogam-em-direto-na-cmtv","status":"publish","type":"post","link":"https:\/\/portaltela.pt\/desporto\/futebol\/2026\/04\/22\/ronaldo-e-felix-jogam-em-direto-na-cmtv\/","title":{"rendered":"Ronaldo e F\u00e9lix jogam em direto na CMTV"},"content":{"rendered":"<p>Cristiano Ronaldo e Jo\u00e3o F\u00e9lix jogam em direto na CMTV.<\/p>\n<p>O encontro decorre no Dubai e come\u00e7ou pelas 17h00, com ambos os jogadores do Al-Nassr a entrar em campo frente ao Al-Ahli. A partida \u00e9 das meias-finais da Champions 2 da \u00c1sia, segundo a transmiss\u00e3o televisiva.<\/p>\n<p>A participa\u00e7\u00e3o dos dois portugueses no emblema do Al-Nassr foi confirmada pela estrutura do clube. A equipa disputava o jogo com o objetivo de chegar \u00e0 final, frente a uma forma\u00e7\u00e3o proveniente do Qatar.<\/p>\n<p>O t\u00e9cnico Jorge Jesus, respons\u00e1vel pelos dois jogadores, mostrou-se confiante nesta quarta-feira na perspetiva de alcan\u00e7ar o lugar na final. O duelo era transmitido em direto pela CMTV, no Dubai, com in\u00edcio \u00e0s 17h00.<\/p>\n<h3>An\u00e1lise e perspetivas<\/h3>\n<p>O alinhamento dos dois jogadores no Al-Nassr refor\u00e7a a aposta da equipa na competi\u00e7\u00e3o asi\u00e1tica. A cobertura ao vivo permitia acompanhar jogadas-chave e evolu\u00e7\u00f5es do encontro at\u00e9 ao fim.<\/p>\n","protected":false},"excerpt":{"rendered":"<ul>\n<li>Cristiano Ronaldo e Jo\u00e3o F\u00e9lix jogam agora em direto na CMTV.<\/li>\n<li>O jogo decorre no Dubai e come\u00e7ou \u00e0s 17h00 desta quarta-feira.<\/li>\n<li>Enfrentam-se Al-Nassr e Al-Ahli, nas meias-finais da Champions 2 da \u00c1sia.<\/li>\n<li>O treinador do Al-Nassr, Jorge Jesus, mostrou confian\u00e7a na disputa pela final frente a uma equipa do Qatar.<\/li>\n<\/ul>\n","protected":false},"author":2,"featured_media":454732,"comment_status":"closed","ping_status":"closed","sticky":false,"template":"","format":"standard","meta":{"footnotes":""},"categories":[21,24],"tags":[5342,3577,1947,32,242,5799],"class_list":["post-454730","post","type-post","status-publish","format-standard","has-post-thumbnail","hentry","category-desporto","category-futebol","tag-asia","tag-champions-league","tag-cristiano-ronaldo","tag-futebol","tag-jogadores","tag-transmissoes"],"yoast_head":"<!-- This site is optimized with the Yoast SEO plugin v27.2 - https:\/\/yoast.com\/product\/yoast-seo-wordpress\/ -->\n<title>Ronaldo e F\u00e9lix jogam em direto na CMTV - Portal Tela Portugal<\/title>\n<meta name=\"robots\" content=\"index, follow, max-snippet:-1, max-image-preview:large, max-video-preview:-1\" \/>\n<meta property=\"og:locale\" content=\"pt_PT\" \/>\n<meta property=\"og:type\" content=\"article\" \/>\n<meta property=\"og:title\" content=\"Ronaldo e F\u00e9lix jogam em direto na CMTV - Portal Tela Portugal\" \/>\n<meta property=\"og:description\" content=\"Cristiano Ronaldo e Jo\u00e3o F\u00e9lix jogam agora em direto na CMTV. O jogo decorre no Dubai e come\u00e7ou \u00e0s 17h00 desta quarta-feira. Enfrentam-se Al-Nassr e Al-Ahli, nas meias-finais da Champions 2 da \u00c1sia. O treinador do Al-Nassr, Jorge Jesus, mostrou confian\u00e7a na disputa pela final frente a uma equipa do Qatar.\" \/>\n<meta property=\"og:url\" content=\"https:\/\/portaltela.pt\/noticias\/2026\/04\/22\/ronaldo-e-felix-jogam-em-direto-na-cmtv\/\" \/>\n<meta property=\"og:site_name\" content=\"Portal Tela Portugal\" \/>\n<meta property=\"article:published_time\" content=\"2026-04-22T16:17:44+00:00\" \/>\n<meta name=\"author\" content=\"Telinha\" \/>\n<meta name=\"twitter:card\" content=\"summary_large_image\" \/>\n<meta name=\"twitter:label1\" content=\"Escrito por\" \/>\n\t<meta name=\"twitter:data1\" content=\"Telinha\" \/>\n\t<meta name=\"twitter:label2\" content=\"Tempo estimado de leitura\" \/>\n\t<meta name=\"twitter:data2\" content=\"1 minuto\" \/>\n<script type=\"application\/ld+json\" class=\"yoast-schema-graph\">{\"@context\":\"https:\/\/schema.org\",\"@graph\":[{\"@type\":\"Article\",\"@id\":\"https:\/\/portaltela.pt\/noticias\/2026\/04\/22\/ronaldo-e-felix-jogam-em-direto-na-cmtv\/#article\",\"isPartOf\":{\"@id\":\"https:\/\/portaltela.pt\/noticias\/2026\/04\/22\/ronaldo-e-felix-jogam-em-direto-na-cmtv\/\"},\"author\":{\"name\":\"Telinha\",\"@id\":\"https:\/\/portaltela.pt\/#\/schema\/person\/c4278d4a6028830caff9ee44b42d32ed\"},\"headline\":\"Ronaldo e F\u00e9lix jogam em direto na CMTV\",\"datePublished\":\"2026-04-22T16:17:44+00:00\",\"mainEntityOfPage\":{\"@id\":\"https:\/\/portaltela.pt\/noticias\/2026\/04\/22\/ronaldo-e-felix-jogam-em-direto-na-cmtv\/\"},\"wordCount\":167,\"image\":{\"@id\":\"https:\/\/portaltela.pt\/noticias\/2026\/04\/22\/ronaldo-e-felix-jogam-em-direto-na-cmtv\/#primaryimage\"},\"thumbnailUrl\":\"https:\/\/portaltela.pt\/s.01k8rhncp4jt1\/2026\/04\/img_1280x721uu2025-12-30-23-22-51-2257299.jpg\",\"keywords\":[\"\u00c1sia\",\"Champions League\",\"Cristiano Ronaldo\",\"futebol\",\"jogadores\",\"transmiss\u00f5es\"],\"articleSection\":[\"Desporto\",\"Futebol\"],\"inLanguage\":\"pt-PT\"},{\"@type\":\"WebPage\",\"@id\":\"https:\/\/portaltela.pt\/noticias\/2026\/04\/22\/ronaldo-e-felix-jogam-em-direto-na-cmtv\/\",\"url\":\"https:\/\/portaltela.pt\/noticias\/2026\/04\/22\/ronaldo-e-felix-jogam-em-direto-na-cmtv\/\",\"name\":\"Ronaldo e F\u00e9lix jogam em direto na CMTV - Portal Tela Portugal\",\"isPartOf\":{\"@id\":\"https:\/\/portaltela.pt\/#website\"},\"primaryImageOfPage\":{\"@id\":\"https:\/\/portaltela.pt\/noticias\/2026\/04\/22\/ronaldo-e-felix-jogam-em-direto-na-cmtv\/#primaryimage\"},\"image\":{\"@id\":\"https:\/\/portaltela.pt\/noticias\/2026\/04\/22\/ronaldo-e-felix-jogam-em-direto-na-cmtv\/#primaryimage\"},\"thumbnailUrl\":\"https:\/\/portaltela.pt\/s.01k8rhncp4jt1\/2026\/04\/img_1280x721uu2025-12-30-23-22-51-2257299.jpg\",\"datePublished\":\"2026-04-22T16:17:44+00:00\",\"author\":{\"@id\":\"https:\/\/portaltela.pt\/#\/schema\/person\/c4278d4a6028830caff9ee44b42d32ed\"},\"breadcrumb\":{\"@id\":\"https:\/\/portaltela.pt\/noticias\/2026\/04\/22\/ronaldo-e-felix-jogam-em-direto-na-cmtv\/#breadcrumb\"},\"inLanguage\":\"pt-PT\",\"potentialAction\":[{\"@type\":\"ReadAction\",\"target\":[\"https:\/\/portaltela.pt\/noticias\/2026\/04\/22\/ronaldo-e-felix-jogam-em-direto-na-cmtv\/\"]}]},{\"@type\":\"ImageObject\",\"inLanguage\":\"pt-PT\",\"@id\":\"https:\/\/portaltela.pt\/noticias\/2026\/04\/22\/ronaldo-e-felix-jogam-em-direto-na-cmtv\/#primaryimage\",\"url\":\"https:\/\/portaltela.pt\/s.01k8rhncp4jt1\/2026\/04\/img_1280x721uu2025-12-30-23-22-51-2257299.jpg\",\"contentUrl\":\"https:\/\/portaltela.pt\/s.01k8rhncp4jt1\/2026\/04\/img_1280x721uu2025-12-30-23-22-51-2257299.jpg\",\"width\":796,\"height\":448,\"caption\":\"Ronaldo e F\u00e9lix\"},{\"@type\":\"BreadcrumbList\",\"@id\":\"https:\/\/portaltela.pt\/noticias\/2026\/04\/22\/ronaldo-e-felix-jogam-em-direto-na-cmtv\/#breadcrumb\",\"itemListElement\":[{\"@type\":\"ListItem\",\"position\":1,\"name\":\"In\u00edcio\",\"item\":\"https:\/\/portaltela.pt\/\"},{\"@type\":\"ListItem\",\"position\":2,\"name\":\"Ronaldo e F\u00e9lix jogam em direto na CMTV\"}]},{\"@type\":\"WebSite\",\"@id\":\"https:\/\/portaltela.pt\/#website\",\"url\":\"https:\/\/portaltela.pt\/\",\"name\":\"Portal Tela Portugal\",\"description\":\"\",\"potentialAction\":[{\"@type\":\"SearchAction\",\"target\":{\"@type\":\"EntryPoint\",\"urlTemplate\":\"https:\/\/portaltela.pt\/?s={search_term_string}\"},\"query-input\":{\"@type\":\"PropertyValueSpecification\",\"valueRequired\":true,\"valueName\":\"search_term_string\"}}],\"inLanguage\":\"pt-PT\"},{\"@type\":\"Person\",\"@id\":\"https:\/\/portaltela.pt\/#\/schema\/person\/c4278d4a6028830caff9ee44b42d32ed\",\"name\":\"Telinha\",\"image\":{\"@type\":\"ImageObject\",\"inLanguage\":\"pt-PT\",\"@id\":\"https:\/\/portaltela.pt\/s.01k8rhncp4jt1\/2025\/11\/talking-bot-125x125.png\",\"url\":\"https:\/\/portaltela.pt\/s.01k8rhncp4jt1\/2025\/11\/talking-bot-125x125.png\",\"contentUrl\":\"https:\/\/portaltela.pt\/s.01k8rhncp4jt1\/2025\/11\/talking-bot-125x125.png\",\"caption\":\"Telinha\"},\"sameAs\":[\"https:\/\/portaltela.pt\/\"],\"url\":\"https:\/\/portaltela.pt\/por\/367410592786\/\"}]}<\/script>\n<!-- \/ Yoast SEO plugin. -->","yoast_head_json":{"title":"Ronaldo e F\u00e9lix jogam em direto na CMTV - Portal Tela Portugal","robots":{"index":"index","follow":"follow","max-snippet":"max-snippet:-1","max-image-preview":"max-image-preview:large","max-video-preview":"max-video-preview:-1"},"og_locale":"pt_PT","og_type":"article","og_title":"Ronaldo e F\u00e9lix jogam em direto na CMTV - Portal Tela Portugal","og_description":"Cristiano Ronaldo e Jo\u00e3o F\u00e9lix jogam agora em direto na CMTV. O jogo decorre no Dubai e come\u00e7ou \u00e0s 17h00 desta quarta-feira. Enfrentam-se Al-Nassr e Al-Ahli, nas meias-finais da Champions 2 da \u00c1sia. O treinador do Al-Nassr, Jorge Jesus, mostrou confian\u00e7a na disputa pela final frente a uma equipa do Qatar.","og_url":"https:\/\/portaltela.pt\/noticias\/2026\/04\/22\/ronaldo-e-felix-jogam-em-direto-na-cmtv\/","og_site_name":"Portal Tela Portugal","article_published_time":"2026-04-22T16:17:44+00:00","author":"Telinha","twitter_card":"summary_large_image","twitter_misc":{"Escrito por":"Telinha","Tempo estimado de leitura":"1 minuto"},"schema":{"@context":"https:\/\/schema.org","@graph":[{"@type":"Article","@id":"https:\/\/portaltela.pt\/noticias\/2026\/04\/22\/ronaldo-e-felix-jogam-em-direto-na-cmtv\/#article","isPartOf":{"@id":"https:\/\/portaltela.pt\/noticias\/2026\/04\/22\/ronaldo-e-felix-jogam-em-direto-na-cmtv\/"},"author":{"name":"Telinha","@id":"https:\/\/portaltela.pt\/#\/schema\/person\/c4278d4a6028830caff9ee44b42d32ed"},"headline":"Ronaldo e F\u00e9lix jogam em direto na CMTV","datePublished":"2026-04-22T16:17:44+00:00","mainEntityOfPage":{"@id":"https:\/\/portaltela.pt\/noticias\/2026\/04\/22\/ronaldo-e-felix-jogam-em-direto-na-cmtv\/"},"wordCount":167,"image":{"@id":"https:\/\/portaltela.pt\/noticias\/2026\/04\/22\/ronaldo-e-felix-jogam-em-direto-na-cmtv\/#primaryimage"},"thumbnailUrl":"https:\/\/portaltela.pt\/s.01k8rhncp4jt1\/2026\/04\/img_1280x721uu2025-12-30-23-22-51-2257299.jpg","keywords":["\u00c1sia","Champions League","Cristiano Ronaldo","futebol","jogadores","transmiss\u00f5es"],"articleSection":["Desporto","Futebol"],"inLanguage":"pt-PT"},{"@type":"WebPage","@id":"https:\/\/portaltela.pt\/noticias\/2026\/04\/22\/ronaldo-e-felix-jogam-em-direto-na-cmtv\/","url":"https:\/\/portaltela.pt\/noticias\/2026\/04\/22\/ronaldo-e-felix-jogam-em-direto-na-cmtv\/","name":"Ronaldo e F\u00e9lix jogam em direto na CMTV - Portal Tela Portugal","isPartOf":{"@id":"https:\/\/portaltela.pt\/#website"},"primaryImageOfPage":{"@id":"https:\/\/portaltela.pt\/noticias\/2026\/04\/22\/ronaldo-e-felix-jogam-em-direto-na-cmtv\/#primaryimage"},"image":{"@id":"https:\/\/portaltela.pt\/noticias\/2026\/04\/22\/ronaldo-e-felix-jogam-em-direto-na-cmtv\/#primaryimage"},"thumbnailUrl":"https:\/\/portaltela.pt\/s.01k8rhncp4jt1\/2026\/04\/img_1280x721uu2025-12-30-23-22-51-2257299.jpg","datePublished":"2026-04-22T16:17:44+00:00","author":{"@id":"https:\/\/portaltela.pt\/#\/schema\/person\/c4278d4a6028830caff9ee44b42d32ed"},"breadcrumb":{"@id":"https:\/\/portaltela.pt\/noticias\/2026\/04\/22\/ronaldo-e-felix-jogam-em-direto-na-cmtv\/#breadcrumb"},"inLanguage":"pt-PT","potentialAction":[{"@type":"ReadAction","target":["https:\/\/portaltela.pt\/noticias\/2026\/04\/22\/ronaldo-e-felix-jogam-em-direto-na-cmtv\/"]}]},{"@type":"ImageObject","inLanguage":"pt-PT","@id":"https:\/\/portaltela.pt\/noticias\/2026\/04\/22\/ronaldo-e-felix-jogam-em-direto-na-cmtv\/#primaryimage","url":"https:\/\/portaltela.pt\/s.01k8rhncp4jt1\/2026\/04\/img_1280x721uu2025-12-30-23-22-51-2257299.jpg","contentUrl":"https:\/\/portaltela.pt\/s.01k8rhncp4jt1\/2026\/04\/img_1280x721uu2025-12-30-23-22-51-2257299.jpg","width":796,"height":448,"caption":"Ronaldo e F\u00e9lix"},{"@type":"BreadcrumbList","@id":"https:\/\/portaltela.pt\/noticias\/2026\/04\/22\/ronaldo-e-felix-jogam-em-direto-na-cmtv\/#breadcrumb","itemListElement":[{"@type":"ListItem","position":1,"name":"In\u00edcio","item":"https:\/\/portaltela.pt\/"},{"@type":"ListItem","position":2,"name":"Ronaldo e F\u00e9lix jogam em direto na CMTV"}]},{"@type":"WebSite","@id":"https:\/\/portaltela.pt\/#website","url":"https:\/\/portaltela.pt\/","name":"Portal Tela Portugal","description":"","potentialAction":[{"@type":"SearchAction","target":{"@type":"EntryPoint","urlTemplate":"https:\/\/portaltela.pt\/?s={search_term_string}"},"query-input":{"@type":"PropertyValueSpecification","valueRequired":true,"valueName":"search_term_string"}}],"inLanguage":"pt-PT"},{"@type":"Person","@id":"https:\/\/portaltela.pt\/#\/schema\/person\/c4278d4a6028830caff9ee44b42d32ed","name":"Telinha","image":{"@type":"ImageObject","inLanguage":"pt-PT","@id":"https:\/\/portaltela.pt\/s.01k8rhncp4jt1\/2025\/11\/talking-bot-125x125.png","url":"https:\/\/portaltela.pt\/s.01k8rhncp4jt1\/2025\/11\/talking-bot-125x125.png","contentUrl":"https:\/\/portaltela.pt\/s.01k8rhncp4jt1\/2025\/11\/talking-bot-125x125.png","caption":"Telinha"},"sameAs":["https:\/\/portaltela.pt\/"],"url":"https:\/\/portaltela.pt\/por\/367410592786\/"}]}},"_links":{"self":[{"href":"https:\/\/portaltela.pt\/api\/wp\/v2\/posts\/454730","targetHints":{"allow":["GET"]}}],"collection":[{"href":"https:\/\/portaltela.pt\/api\/wp\/v2\/posts"}],"about":[{"href":"https:\/\/portaltela.pt\/api\/wp\/v2\/types\/post"}],"author":[{"embeddable":true,"href":"https:\/\/portaltela.pt\/api\/wp\/v2\/users\/2"}],"replies":[{"embeddable":true,"href":"https:\/\/portaltela.pt\/api\/wp\/v2\/comments?post=454730"}],"version-history":[{"count":0,"href":"https:\/\/portaltela.pt\/api\/wp\/v2\/posts\/454730\/revisions"}],"wp:featuredmedia":[{"embeddable":true,"href":"https:\/\/portaltela.pt\/api\/wp\/v2\/media\/454732"}],"wp:attachment":[{"href":"https:\/\/portaltela.pt\/api\/wp\/v2\/media?parent=454730"}],"wp:term":[{"taxonomy":"category","embeddable":true,"href":"https:\/\/portaltela.pt\/api\/wp\/v2\/categories?post=454730"},{"taxonomy":"post_tag","embeddable":true,"href":"https:\/\/portaltela.pt\/api\/wp\/v2\/tags?post=454730"}],"curies":[{"name":"wp","href":"https:\/\/api.w.org\/{rel}","templated":true}]}}