{"id":454694,"date":"2026-04-22T13:03:16","date_gmt":"2026-04-22T16:03:16","guid":{"rendered":"https:\/\/portaltela.pt\/noticias\/2026\/04\/22\/primeiro-ministro-sobre-acordo-com-a-ugt-esperanca-e-a-ultima-a-morrer\/"},"modified":"2026-04-22T13:03:16","modified_gmt":"2026-04-22T16:03:16","slug":"primeiro-ministro-sobre-acordo-com-a-ugt-esperanca-e-a-ultima-a-morrer","status":"publish","type":"post","link":"https:\/\/portaltela.pt\/noticias\/politica\/2026\/04\/22\/primeiro-ministro-sobre-acordo-com-a-ugt-esperanca-e-a-ultima-a-morrer\/","title":{"rendered":"Primeiro-ministro sobre acordo com a UGT: esperan\u00e7a \u00e9 a \u00faltima a morrer"},"content":{"rendered":"<p>O primeiro-ministro Lu\u00eds Montenegro manteve um tom otimista sobre o acordo na reforma laboral, dizendo que a esperan\u00e7a \u00e9 a \u00faltima a morrer. Em frente \u00e0 resid\u00eancia oficial, \u00e0 margem da rece\u00e7\u00e3o \u00e0 Nobel da Paz Mar\u00eda Corina Machado, afirmou que apenas raz\u00f5es de natureza pol\u00edtica podem impedir o consenso.<\/p>\n<p>Montenegro acrescentou que, nos \u00faltimos 10 meses, foram consensualizadas 138 altera\u00e7\u00f5es ao anteprojecto apresentado pelo Governo. Destas, 33 s\u00e3o propostas da UGT, cuja reda\u00e7\u00e3o foi total ou parcialmente acolhida. Al\u00e9m disso, 37 altera\u00e7\u00f5es resultaram de propostas de v\u00e1rios parceiros.<\/p>\n<p>Pontos em disc\u00f3rdia e perspetivas de negocia\u00e7\u00e3o<\/p>\n<p>A ministra do Trabalho j\u00e1 tinha indicado que os temas em aberto permanecem inalterados: banco de horas, terceiriza\u00e7\u00e3o, reintegra\u00e7\u00e3o ap\u00f3s despedimento il\u00edcito e horas de forma\u00e7\u00e3o obrigat\u00f3ria. O primeiro-ministro sublinhou que falta apenas ajustar reda\u00e7\u00f5es em algumas mat\u00e9rias.<\/p>\n<p>O Governo descreveu o esfor\u00e7o negocial como enorme e disse que a base de aproxima\u00e7\u00e3o esgotou a capacidade de conseguir uma legisla\u00e7\u00e3o laboral que favore\u00e7a o crescimento econ\u00f3mico, a produtividade e melhores sal\u00e1rios. O PTRR foi tamb\u00e9m debatido no Conselho de Ministros, com o formato final previsto para aprova\u00e7\u00e3o no dia 28 de Abril.<\/p>\n","protected":false},"excerpt":{"rendered":"<ul>\n<li>O primeiro-ministro Lu\u00eds Montenegro mant\u00e9m otimismo antes da reuni\u00e3o da UGT sobre a reforma laboral, dizendo que \u201ca esperan\u00e7a \u00e9 a \u00faltima a morrer\u201d e que apenas raz\u00f5es de natureza pol\u00edtica podem impedi-lo de acordo.<\/li>\n<li>O Governo j\u00e1 consensualizou 138 altera\u00e7\u00f5es no anteprojeto, com 33 propostas da UGT incorporadas total ou parcialmente; outras 37 altera\u00e7\u00f5es v\u00eam de acordo entre v\u00e1rios parceiros.<\/li>\n<li>Persistem pontos de disc\u00f3rdia: banco de horas, terceiriza\u00e7\u00e3o de servi\u00e7os, reintegra\u00e7\u00e3o de trabalhadores ap\u00f3s despedimento il\u00edcito e horas de forma\u00e7\u00e3o obrigat\u00f3ria, com algumas mat\u00e9rias ainda a melhorar na reda\u00e7\u00e3o.<\/li>\n<li>Montenegro afirmou que a base de aproxima\u00e7\u00e3o esgotou a capacidade de negocia\u00e7\u00e3o e que se pretende uma legisla\u00e7\u00e3o laboral que fomente o crescimento econ\u00f3mico, a produtividade e melhores sal\u00e1rios.<\/li>\n<li>O PTRR esteve em discuss\u00e3o no Conselho de Ministros; o envelope financeiro n\u00e3o foi revelado, e o formato final dever\u00e1 ser aprovado no dia 28 de abril.<\/li>\n<\/ul>\n","protected":false},"author":2,"featured_media":454699,"comment_status":"closed","ping_status":"closed","sticky":false,"template":"","format":"standard","meta":{"footnotes":""},"categories":[1,5],"tags":[8874,1006,34,6566,2201,8919],"class_list":["post-454694","post","type-post","status-publish","format-standard","has-post-thumbnail","hentry","category-noticias","category-politica","tag-acordo","tag-emprego","tag-governo","tag-negociacao","tag-trabalho","tag-ugt"],"yoast_head":"<!-- This site is optimized with the Yoast SEO plugin v27.2 - https:\/\/yoast.com\/product\/yoast-seo-wordpress\/ -->\n<title>Primeiro-ministro sobre acordo com a UGT: esperan\u00e7a \u00e9 a \u00faltima a morrer - Portal Tela Portugal<\/title>\n<meta name=\"robots\" content=\"index, follow, max-snippet:-1, max-image-preview:large, max-video-preview:-1\" \/>\n<meta property=\"og:locale\" content=\"pt_PT\" \/>\n<meta property=\"og:type\" content=\"article\" \/>\n<meta property=\"og:title\" content=\"Primeiro-ministro sobre acordo com a UGT: esperan\u00e7a \u00e9 a \u00faltima a morrer - Portal Tela Portugal\" \/>\n<meta property=\"og:description\" content=\"O primeiro-ministro Lu\u00eds Montenegro mant\u00e9m otimismo antes da reuni\u00e3o da UGT sobre a reforma laboral, dizendo que \u201ca esperan\u00e7a \u00e9 a \u00faltima a morrer\u201d e que apenas raz\u00f5es de natureza pol\u00edtica podem impedi-lo de acordo. O Governo j\u00e1 consensualizou 138 altera\u00e7\u00f5es no anteprojeto, com 33 propostas da UGT incorporadas total ou parcialmente; outras 37 altera\u00e7\u00f5es v\u00eam de acordo entre v\u00e1rios parceiros. Persistem pontos de disc\u00f3rdia: banco de horas, terceiriza\u00e7\u00e3o de servi\u00e7os, reintegra\u00e7\u00e3o de trabalhadores ap\u00f3s despedimento il\u00edcito e horas de forma\u00e7\u00e3o obrigat\u00f3ria, com algumas mat\u00e9rias ainda a melhorar na reda\u00e7\u00e3o. Montenegro afirmou que a base de aproxima\u00e7\u00e3o esgotou a capacidade de negocia\u00e7\u00e3o e que se pretende uma legisla\u00e7\u00e3o laboral que fomente o crescimento econ\u00f3mico, a produtividade e melhores sal\u00e1rios. O PTRR esteve em discuss\u00e3o no Conselho de Ministros; o envelope financeiro n\u00e3o foi revelado, e o formato final dever\u00e1 ser aprovado no dia 28 de abril.\" \/>\n<meta property=\"og:url\" content=\"https:\/\/portaltela.pt\/noticias\/2026\/04\/22\/primeiro-ministro-sobre-acordo-com-a-ugt-esperanca-e-a-ultima-a-morrer\/\" \/>\n<meta property=\"og:site_name\" content=\"Portal Tela Portugal\" \/>\n<meta property=\"article:published_time\" content=\"2026-04-22T16:03:16+00:00\" \/>\n<meta name=\"author\" content=\"Telinha\" \/>\n<meta name=\"twitter:card\" content=\"summary_large_image\" \/>\n<meta name=\"twitter:label1\" content=\"Escrito por\" \/>\n\t<meta name=\"twitter:data1\" content=\"Telinha\" \/>\n\t<meta name=\"twitter:label2\" content=\"Tempo estimado de leitura\" \/>\n\t<meta name=\"twitter:data2\" content=\"1 minuto\" \/>\n<script type=\"application\/ld+json\" class=\"yoast-schema-graph\">{\"@context\":\"https:\/\/schema.org\",\"@graph\":[{\"@type\":\"Article\",\"@id\":\"https:\/\/portaltela.pt\/noticias\/2026\/04\/22\/primeiro-ministro-sobre-acordo-com-a-ugt-esperanca-e-a-ultima-a-morrer\/#article\",\"isPartOf\":{\"@id\":\"https:\/\/portaltela.pt\/noticias\/2026\/04\/22\/primeiro-ministro-sobre-acordo-com-a-ugt-esperanca-e-a-ultima-a-morrer\/\"},\"author\":{\"name\":\"Telinha\",\"@id\":\"https:\/\/portaltela.pt\/#\/schema\/person\/c4278d4a6028830caff9ee44b42d32ed\"},\"headline\":\"Primeiro-ministro sobre acordo com a UGT: esperan\u00e7a \u00e9 a \u00faltima a morrer\",\"datePublished\":\"2026-04-22T16:03:16+00:00\",\"mainEntityOfPage\":{\"@id\":\"https:\/\/portaltela.pt\/noticias\/2026\/04\/22\/primeiro-ministro-sobre-acordo-com-a-ugt-esperanca-e-a-ultima-a-morrer\/\"},\"wordCount\":222,\"image\":{\"@id\":\"https:\/\/portaltela.pt\/noticias\/2026\/04\/22\/primeiro-ministro-sobre-acordo-com-a-ugt-esperanca-e-a-ultima-a-morrer\/#primaryimage\"},\"thumbnailUrl\":\"https:\/\/portaltela.pt\/s.01k8rhncp4jt1\/2026\/04\/2083278.jpg\",\"keywords\":[\"acordo\",\"emprego\",\"governo\",\"negocia\u00e7\u00e3o\",\"trabalho\",\"UGT\"],\"articleSection\":[\"Not\u00edcias\",\"Pol\u00edtica\"],\"inLanguage\":\"pt-PT\"},{\"@type\":\"WebPage\",\"@id\":\"https:\/\/portaltela.pt\/noticias\/2026\/04\/22\/primeiro-ministro-sobre-acordo-com-a-ugt-esperanca-e-a-ultima-a-morrer\/\",\"url\":\"https:\/\/portaltela.pt\/noticias\/2026\/04\/22\/primeiro-ministro-sobre-acordo-com-a-ugt-esperanca-e-a-ultima-a-morrer\/\",\"name\":\"Primeiro-ministro sobre acordo com a UGT: esperan\u00e7a \u00e9 a \u00faltima a morrer - Portal Tela Portugal\",\"isPartOf\":{\"@id\":\"https:\/\/portaltela.pt\/#website\"},\"primaryImageOfPage\":{\"@id\":\"https:\/\/portaltela.pt\/noticias\/2026\/04\/22\/primeiro-ministro-sobre-acordo-com-a-ugt-esperanca-e-a-ultima-a-morrer\/#primaryimage\"},\"image\":{\"@id\":\"https:\/\/portaltela.pt\/noticias\/2026\/04\/22\/primeiro-ministro-sobre-acordo-com-a-ugt-esperanca-e-a-ultima-a-morrer\/#primaryimage\"},\"thumbnailUrl\":\"https:\/\/portaltela.pt\/s.01k8rhncp4jt1\/2026\/04\/2083278.jpg\",\"datePublished\":\"2026-04-22T16:03:16+00:00\",\"author\":{\"@id\":\"https:\/\/portaltela.pt\/#\/schema\/person\/c4278d4a6028830caff9ee44b42d32ed\"},\"breadcrumb\":{\"@id\":\"https:\/\/portaltela.pt\/noticias\/2026\/04\/22\/primeiro-ministro-sobre-acordo-com-a-ugt-esperanca-e-a-ultima-a-morrer\/#breadcrumb\"},\"inLanguage\":\"pt-PT\",\"potentialAction\":[{\"@type\":\"ReadAction\",\"target\":[\"https:\/\/portaltela.pt\/noticias\/2026\/04\/22\/primeiro-ministro-sobre-acordo-com-a-ugt-esperanca-e-a-ultima-a-morrer\/\"]}]},{\"@type\":\"ImageObject\",\"inLanguage\":\"pt-PT\",\"@id\":\"https:\/\/portaltela.pt\/noticias\/2026\/04\/22\/primeiro-ministro-sobre-acordo-com-a-ugt-esperanca-e-a-ultima-a-morrer\/#primaryimage\",\"url\":\"https:\/\/portaltela.pt\/s.01k8rhncp4jt1\/2026\/04\/2083278.jpg\",\"contentUrl\":\"https:\/\/portaltela.pt\/s.01k8rhncp4jt1\/2026\/04\/2083278.jpg\",\"width\":796,\"height\":448,\"caption\":\"Lu\u00eds Montenegro diz que \\\"s\u00f3 raz\u00f5es pol\u00edticas podem impedir acordo\\\" com UGT na reforma laboral\"},{\"@type\":\"BreadcrumbList\",\"@id\":\"https:\/\/portaltela.pt\/noticias\/2026\/04\/22\/primeiro-ministro-sobre-acordo-com-a-ugt-esperanca-e-a-ultima-a-morrer\/#breadcrumb\",\"itemListElement\":[{\"@type\":\"ListItem\",\"position\":1,\"name\":\"In\u00edcio\",\"item\":\"https:\/\/portaltela.pt\/\"},{\"@type\":\"ListItem\",\"position\":2,\"name\":\"Primeiro-ministro sobre acordo com a UGT: esperan\u00e7a \u00e9 a \u00faltima a morrer\"}]},{\"@type\":\"WebSite\",\"@id\":\"https:\/\/portaltela.pt\/#website\",\"url\":\"https:\/\/portaltela.pt\/\",\"name\":\"Portal Tela Portugal\",\"description\":\"\",\"potentialAction\":[{\"@type\":\"SearchAction\",\"target\":{\"@type\":\"EntryPoint\",\"urlTemplate\":\"https:\/\/portaltela.pt\/?s={search_term_string}\"},\"query-input\":{\"@type\":\"PropertyValueSpecification\",\"valueRequired\":true,\"valueName\":\"search_term_string\"}}],\"inLanguage\":\"pt-PT\"},{\"@type\":\"Person\",\"@id\":\"https:\/\/portaltela.pt\/#\/schema\/person\/c4278d4a6028830caff9ee44b42d32ed\",\"name\":\"Telinha\",\"image\":{\"@type\":\"ImageObject\",\"inLanguage\":\"pt-PT\",\"@id\":\"https:\/\/portaltela.pt\/s.01k8rhncp4jt1\/2025\/11\/talking-bot-125x125.png\",\"url\":\"https:\/\/portaltela.pt\/s.01k8rhncp4jt1\/2025\/11\/talking-bot-125x125.png\",\"contentUrl\":\"https:\/\/portaltela.pt\/s.01k8rhncp4jt1\/2025\/11\/talking-bot-125x125.png\",\"caption\":\"Telinha\"},\"sameAs\":[\"https:\/\/portaltela.pt\/\"],\"url\":\"https:\/\/portaltela.pt\/por\/367410592786\/\"}]}<\/script>\n<!-- \/ Yoast SEO plugin. -->","yoast_head_json":{"title":"Primeiro-ministro sobre acordo com a UGT: esperan\u00e7a \u00e9 a \u00faltima a morrer - Portal Tela Portugal","robots":{"index":"index","follow":"follow","max-snippet":"max-snippet:-1","max-image-preview":"max-image-preview:large","max-video-preview":"max-video-preview:-1"},"og_locale":"pt_PT","og_type":"article","og_title":"Primeiro-ministro sobre acordo com a UGT: esperan\u00e7a \u00e9 a \u00faltima a morrer - Portal Tela Portugal","og_description":"O primeiro-ministro Lu\u00eds Montenegro mant\u00e9m otimismo antes da reuni\u00e3o da UGT sobre a reforma laboral, dizendo que \u201ca esperan\u00e7a \u00e9 a \u00faltima a morrer\u201d e que apenas raz\u00f5es de natureza pol\u00edtica podem impedi-lo de acordo. O Governo j\u00e1 consensualizou 138 altera\u00e7\u00f5es no anteprojeto, com 33 propostas da UGT incorporadas total ou parcialmente; outras 37 altera\u00e7\u00f5es v\u00eam de acordo entre v\u00e1rios parceiros. Persistem pontos de disc\u00f3rdia: banco de horas, terceiriza\u00e7\u00e3o de servi\u00e7os, reintegra\u00e7\u00e3o de trabalhadores ap\u00f3s despedimento il\u00edcito e horas de forma\u00e7\u00e3o obrigat\u00f3ria, com algumas mat\u00e9rias ainda a melhorar na reda\u00e7\u00e3o. Montenegro afirmou que a base de aproxima\u00e7\u00e3o esgotou a capacidade de negocia\u00e7\u00e3o e que se pretende uma legisla\u00e7\u00e3o laboral que fomente o crescimento econ\u00f3mico, a produtividade e melhores sal\u00e1rios. O PTRR esteve em discuss\u00e3o no Conselho de Ministros; o envelope financeiro n\u00e3o foi revelado, e o formato final dever\u00e1 ser aprovado no dia 28 de abril.","og_url":"https:\/\/portaltela.pt\/noticias\/2026\/04\/22\/primeiro-ministro-sobre-acordo-com-a-ugt-esperanca-e-a-ultima-a-morrer\/","og_site_name":"Portal Tela Portugal","article_published_time":"2026-04-22T16:03:16+00:00","author":"Telinha","twitter_card":"summary_large_image","twitter_misc":{"Escrito por":"Telinha","Tempo estimado de leitura":"1 minuto"},"schema":{"@context":"https:\/\/schema.org","@graph":[{"@type":"Article","@id":"https:\/\/portaltela.pt\/noticias\/2026\/04\/22\/primeiro-ministro-sobre-acordo-com-a-ugt-esperanca-e-a-ultima-a-morrer\/#article","isPartOf":{"@id":"https:\/\/portaltela.pt\/noticias\/2026\/04\/22\/primeiro-ministro-sobre-acordo-com-a-ugt-esperanca-e-a-ultima-a-morrer\/"},"author":{"name":"Telinha","@id":"https:\/\/portaltela.pt\/#\/schema\/person\/c4278d4a6028830caff9ee44b42d32ed"},"headline":"Primeiro-ministro sobre acordo com a UGT: esperan\u00e7a \u00e9 a \u00faltima a morrer","datePublished":"2026-04-22T16:03:16+00:00","mainEntityOfPage":{"@id":"https:\/\/portaltela.pt\/noticias\/2026\/04\/22\/primeiro-ministro-sobre-acordo-com-a-ugt-esperanca-e-a-ultima-a-morrer\/"},"wordCount":222,"image":{"@id":"https:\/\/portaltela.pt\/noticias\/2026\/04\/22\/primeiro-ministro-sobre-acordo-com-a-ugt-esperanca-e-a-ultima-a-morrer\/#primaryimage"},"thumbnailUrl":"https:\/\/portaltela.pt\/s.01k8rhncp4jt1\/2026\/04\/2083278.jpg","keywords":["acordo","emprego","governo","negocia\u00e7\u00e3o","trabalho","UGT"],"articleSection":["Not\u00edcias","Pol\u00edtica"],"inLanguage":"pt-PT"},{"@type":"WebPage","@id":"https:\/\/portaltela.pt\/noticias\/2026\/04\/22\/primeiro-ministro-sobre-acordo-com-a-ugt-esperanca-e-a-ultima-a-morrer\/","url":"https:\/\/portaltela.pt\/noticias\/2026\/04\/22\/primeiro-ministro-sobre-acordo-com-a-ugt-esperanca-e-a-ultima-a-morrer\/","name":"Primeiro-ministro sobre acordo com a UGT: esperan\u00e7a \u00e9 a \u00faltima a morrer - Portal Tela Portugal","isPartOf":{"@id":"https:\/\/portaltela.pt\/#website"},"primaryImageOfPage":{"@id":"https:\/\/portaltela.pt\/noticias\/2026\/04\/22\/primeiro-ministro-sobre-acordo-com-a-ugt-esperanca-e-a-ultima-a-morrer\/#primaryimage"},"image":{"@id":"https:\/\/portaltela.pt\/noticias\/2026\/04\/22\/primeiro-ministro-sobre-acordo-com-a-ugt-esperanca-e-a-ultima-a-morrer\/#primaryimage"},"thumbnailUrl":"https:\/\/portaltela.pt\/s.01k8rhncp4jt1\/2026\/04\/2083278.jpg","datePublished":"2026-04-22T16:03:16+00:00","author":{"@id":"https:\/\/portaltela.pt\/#\/schema\/person\/c4278d4a6028830caff9ee44b42d32ed"},"breadcrumb":{"@id":"https:\/\/portaltela.pt\/noticias\/2026\/04\/22\/primeiro-ministro-sobre-acordo-com-a-ugt-esperanca-e-a-ultima-a-morrer\/#breadcrumb"},"inLanguage":"pt-PT","potentialAction":[{"@type":"ReadAction","target":["https:\/\/portaltela.pt\/noticias\/2026\/04\/22\/primeiro-ministro-sobre-acordo-com-a-ugt-esperanca-e-a-ultima-a-morrer\/"]}]},{"@type":"ImageObject","inLanguage":"pt-PT","@id":"https:\/\/portaltela.pt\/noticias\/2026\/04\/22\/primeiro-ministro-sobre-acordo-com-a-ugt-esperanca-e-a-ultima-a-morrer\/#primaryimage","url":"https:\/\/portaltela.pt\/s.01k8rhncp4jt1\/2026\/04\/2083278.jpg","contentUrl":"https:\/\/portaltela.pt\/s.01k8rhncp4jt1\/2026\/04\/2083278.jpg","width":796,"height":448,"caption":"Lu\u00eds Montenegro diz que \"s\u00f3 raz\u00f5es pol\u00edticas podem impedir acordo\" com UGT na reforma laboral"},{"@type":"BreadcrumbList","@id":"https:\/\/portaltela.pt\/noticias\/2026\/04\/22\/primeiro-ministro-sobre-acordo-com-a-ugt-esperanca-e-a-ultima-a-morrer\/#breadcrumb","itemListElement":[{"@type":"ListItem","position":1,"name":"In\u00edcio","item":"https:\/\/portaltela.pt\/"},{"@type":"ListItem","position":2,"name":"Primeiro-ministro sobre acordo com a UGT: esperan\u00e7a \u00e9 a \u00faltima a morrer"}]},{"@type":"WebSite","@id":"https:\/\/portaltela.pt\/#website","url":"https:\/\/portaltela.pt\/","name":"Portal Tela Portugal","description":"","potentialAction":[{"@type":"SearchAction","target":{"@type":"EntryPoint","urlTemplate":"https:\/\/portaltela.pt\/?s={search_term_string}"},"query-input":{"@type":"PropertyValueSpecification","valueRequired":true,"valueName":"search_term_string"}}],"inLanguage":"pt-PT"},{"@type":"Person","@id":"https:\/\/portaltela.pt\/#\/schema\/person\/c4278d4a6028830caff9ee44b42d32ed","name":"Telinha","image":{"@type":"ImageObject","inLanguage":"pt-PT","@id":"https:\/\/portaltela.pt\/s.01k8rhncp4jt1\/2025\/11\/talking-bot-125x125.png","url":"https:\/\/portaltela.pt\/s.01k8rhncp4jt1\/2025\/11\/talking-bot-125x125.png","contentUrl":"https:\/\/portaltela.pt\/s.01k8rhncp4jt1\/2025\/11\/talking-bot-125x125.png","caption":"Telinha"},"sameAs":["https:\/\/portaltela.pt\/"],"url":"https:\/\/portaltela.pt\/por\/367410592786\/"}]}},"_links":{"self":[{"href":"https:\/\/portaltela.pt\/api\/wp\/v2\/posts\/454694","targetHints":{"allow":["GET"]}}],"collection":[{"href":"https:\/\/portaltela.pt\/api\/wp\/v2\/posts"}],"about":[{"href":"https:\/\/portaltela.pt\/api\/wp\/v2\/types\/post"}],"author":[{"embeddable":true,"href":"https:\/\/portaltela.pt\/api\/wp\/v2\/users\/2"}],"replies":[{"embeddable":true,"href":"https:\/\/portaltela.pt\/api\/wp\/v2\/comments?post=454694"}],"version-history":[{"count":0,"href":"https:\/\/portaltela.pt\/api\/wp\/v2\/posts\/454694\/revisions"}],"wp:featuredmedia":[{"embeddable":true,"href":"https:\/\/portaltela.pt\/api\/wp\/v2\/media\/454699"}],"wp:attachment":[{"href":"https:\/\/portaltela.pt\/api\/wp\/v2\/media?parent=454694"}],"wp:term":[{"taxonomy":"category","embeddable":true,"href":"https:\/\/portaltela.pt\/api\/wp\/v2\/categories?post=454694"},{"taxonomy":"post_tag","embeddable":true,"href":"https:\/\/portaltela.pt\/api\/wp\/v2\/tags?post=454694"}],"curies":[{"name":"wp","href":"https:\/\/api.w.org\/{rel}","templated":true}]}}