{"id":454659,"date":"2026-04-22T12:47:59","date_gmt":"2026-04-22T15:47:59","guid":{"rendered":"https:\/\/portaltela.pt\/noticias\/2026\/04\/22\/chelsea-deteta-nova-toupeira-barbeiro-de-cucurella-envolvido\/"},"modified":"2026-04-22T12:47:59","modified_gmt":"2026-04-22T15:47:59","slug":"chelsea-deteta-nova-toupeira-barbeiro-de-cucurella-envolvido","status":"publish","type":"post","link":"https:\/\/portaltela.pt\/desporto\/futebol\/2026\/04\/22\/chelsea-deteta-nova-toupeira-barbeiro-de-cucurella-envolvido\/","title":{"rendered":"Chelsea deteta nova &#8220;toupeira&#8221;; barbeiro de Cucurella envolvido"},"content":{"rendered":"<p>Um novo caso de vazamento de informa\u00e7\u00e3o envolve o Chelsea, desta vez ligado ao barbeiro de Marc Cucurella. A situa\u00e7\u00e3o teve impacto direto no plantel, com mensagens partilhadas nas redes sociais antes do encontro com o Brighton.<\/p>\n<p>Segundo apurou o jornal, o barbeiro publicou uma foto de Cucurella a cortar o cabelo, no X, e acrescentou que Palmer e Jo\u00e3o Pedro estavam lesionados. Pouco depois, foram confirmadas aus\u00eancias no onze inicial para o jogo com o Brighton, que terminou com vit\u00f3ria do advers\u00e1rio por 3-0.<\/p>\n<p>As publica\u00e7\u00f5es foram apagadas tanto do perfil do barbeiro como da respetiva conta, que ficou temporariamente indispon\u00edvel. Este \u00e9 o segundo caso de espionagem dentro do plantel londrino nesta \u00e9poca.<\/p>\n<h3>Antecedentes de espionagem<\/h3>\n<p>J\u00e1 durante o playoff da Liga dos Campe\u00f5es frente ao PSG, v\u00e1rias informa\u00e7\u00f5es sobre jogadores do Chelsea foram divulgadas pela imprensa francesa, incluindo o onze inicial da primeira m\u00e3o. Na altura, houve confirma\u00e7\u00e3o de quem seria a fonte do furo.<\/p>\n<h3>Repercuss\u00f5es neste momento<\/h3>\n<p>A dire\u00e7\u00e3o do Chelsea n\u00e3o revelou detalhes adicionais sobre o incidente nem indicou medidas espec\u00edficas adotadas at\u00e9 ao momento. A equipa continua a explorar formas de proteger informa\u00e7\u00f5es privadas para evitar novos vazamentos.<\/p>\n","protected":false},"excerpt":{"rendered":"<ul>\n<li>Chelsea detetou uma nova \u201ctoupeira\u201d: o barbeiro de Marc Cucurella partilhou informa\u00e7\u00f5es sobre a equipa antes do jogo com o Brighton.<\/li>\n<li>O post no X dizia que Palmer e Jo\u00e3o Pedro estavam lesionados, o que se confirmou com a aus\u00eancia dos dois no encontro.<\/li>\n<li>Os blues perderam o jogo por 3-0 frente ao Brighton.<\/li>\n<li>Tanto a publica\u00e7\u00e3o como a conta que vazou as informa\u00e7\u00f5es foram apagadas.<\/li>\n<li>Este \u00e9 o segundo caso de espionagem no plantel dos londrinos, j\u00e1 que, anteriormente, informa\u00e7\u00f5es sobre o onze inicial frente ao PSG tamb\u00e9m foram reveladas.<\/li>\n<\/ul>\n","protected":false},"author":2,"featured_media":454666,"comment_status":"closed","ping_status":"closed","sticky":false,"template":"","format":"standard","meta":{"footnotes":""},"categories":[21,24],"tags":[1469,3007,32,3338,195,2538],"class_list":["post-454659","post","type-post","status-publish","format-standard","has-post-thumbnail","hentry","category-desporto","category-futebol","tag-desinformacao","tag-espionagem","tag-futebol","tag-futebol-internacional","tag-informacao","tag-lesoes"],"yoast_head":"<!-- This site is optimized with the Yoast SEO plugin v27.2 - https:\/\/yoast.com\/product\/yoast-seo-wordpress\/ -->\n<title>Chelsea deteta nova &quot;toupeira&quot;; barbeiro de Cucurella envolvido - Portal Tela Portugal<\/title>\n<meta name=\"robots\" content=\"index, follow, max-snippet:-1, max-image-preview:large, max-video-preview:-1\" \/>\n<meta property=\"og:locale\" content=\"pt_PT\" \/>\n<meta property=\"og:type\" content=\"article\" \/>\n<meta property=\"og:title\" content=\"Chelsea deteta nova &quot;toupeira&quot;; barbeiro de Cucurella envolvido - Portal Tela Portugal\" \/>\n<meta property=\"og:description\" content=\"Chelsea detetou uma nova \u201ctoupeira\u201d: o barbeiro de Marc Cucurella partilhou informa\u00e7\u00f5es sobre a equipa antes do jogo com o Brighton. O post no X dizia que Palmer e Jo\u00e3o Pedro estavam lesionados, o que se confirmou com a aus\u00eancia dos dois no encontro. Os blues perderam o jogo por 3-0 frente ao Brighton. Tanto a publica\u00e7\u00e3o como a conta que vazou as informa\u00e7\u00f5es foram apagadas. Este \u00e9 o segundo caso de espionagem no plantel dos londrinos, j\u00e1 que, anteriormente, informa\u00e7\u00f5es sobre o onze inicial frente ao PSG tamb\u00e9m foram reveladas.\" \/>\n<meta property=\"og:url\" content=\"https:\/\/portaltela.pt\/noticias\/2026\/04\/22\/chelsea-deteta-nova-toupeira-barbeiro-de-cucurella-envolvido\/\" \/>\n<meta property=\"og:site_name\" content=\"Portal Tela Portugal\" \/>\n<meta property=\"article:published_time\" content=\"2026-04-22T15:47:59+00:00\" \/>\n<meta name=\"author\" content=\"Telinha\" \/>\n<meta name=\"twitter:card\" content=\"summary_large_image\" \/>\n<meta name=\"twitter:label1\" content=\"Escrito por\" \/>\n\t<meta name=\"twitter:data1\" content=\"Telinha\" \/>\n\t<meta name=\"twitter:label2\" content=\"Tempo estimado de leitura\" \/>\n\t<meta name=\"twitter:data2\" content=\"1 minuto\" \/>\n<script type=\"application\/ld+json\" class=\"yoast-schema-graph\">{\"@context\":\"https:\/\/schema.org\",\"@graph\":[{\"@type\":\"Article\",\"@id\":\"https:\/\/portaltela.pt\/noticias\/2026\/04\/22\/chelsea-deteta-nova-toupeira-barbeiro-de-cucurella-envolvido\/#article\",\"isPartOf\":{\"@id\":\"https:\/\/portaltela.pt\/noticias\/2026\/04\/22\/chelsea-deteta-nova-toupeira-barbeiro-de-cucurella-envolvido\/\"},\"author\":{\"name\":\"Telinha\",\"@id\":\"https:\/\/portaltela.pt\/#\/schema\/person\/c4278d4a6028830caff9ee44b42d32ed\"},\"headline\":\"Chelsea deteta nova &#8220;toupeira&#8221;; barbeiro de Cucurella envolvido\",\"datePublished\":\"2026-04-22T15:47:59+00:00\",\"mainEntityOfPage\":{\"@id\":\"https:\/\/portaltela.pt\/noticias\/2026\/04\/22\/chelsea-deteta-nova-toupeira-barbeiro-de-cucurella-envolvido\/\"},\"wordCount\":219,\"image\":{\"@id\":\"https:\/\/portaltela.pt\/noticias\/2026\/04\/22\/chelsea-deteta-nova-toupeira-barbeiro-de-cucurella-envolvido\/#primaryimage\"},\"thumbnailUrl\":\"https:\/\/portaltela.pt\/s.01k8rhncp4jt1\/2026\/04\/img_920x518uu2025-12-02-22-05-16-2406574-im-639124724940901769.jpg\",\"keywords\":[\"desinforma\u00e7\u00e3o\",\"espionagem\",\"futebol\",\"futebol internacional\",\"informa\u00e7\u00e3o\",\"les\u00f5es\"],\"articleSection\":[\"Desporto\",\"Futebol\"],\"inLanguage\":\"pt-PT\"},{\"@type\":\"WebPage\",\"@id\":\"https:\/\/portaltela.pt\/noticias\/2026\/04\/22\/chelsea-deteta-nova-toupeira-barbeiro-de-cucurella-envolvido\/\",\"url\":\"https:\/\/portaltela.pt\/noticias\/2026\/04\/22\/chelsea-deteta-nova-toupeira-barbeiro-de-cucurella-envolvido\/\",\"name\":\"Chelsea deteta nova \\\"toupeira\\\"; barbeiro de Cucurella envolvido - Portal Tela Portugal\",\"isPartOf\":{\"@id\":\"https:\/\/portaltela.pt\/#website\"},\"primaryImageOfPage\":{\"@id\":\"https:\/\/portaltela.pt\/noticias\/2026\/04\/22\/chelsea-deteta-nova-toupeira-barbeiro-de-cucurella-envolvido\/#primaryimage\"},\"image\":{\"@id\":\"https:\/\/portaltela.pt\/noticias\/2026\/04\/22\/chelsea-deteta-nova-toupeira-barbeiro-de-cucurella-envolvido\/#primaryimage\"},\"thumbnailUrl\":\"https:\/\/portaltela.pt\/s.01k8rhncp4jt1\/2026\/04\/img_920x518uu2025-12-02-22-05-16-2406574-im-639124724940901769.jpg\",\"datePublished\":\"2026-04-22T15:47:59+00:00\",\"author\":{\"@id\":\"https:\/\/portaltela.pt\/#\/schema\/person\/c4278d4a6028830caff9ee44b42d32ed\"},\"breadcrumb\":{\"@id\":\"https:\/\/portaltela.pt\/noticias\/2026\/04\/22\/chelsea-deteta-nova-toupeira-barbeiro-de-cucurella-envolvido\/#breadcrumb\"},\"inLanguage\":\"pt-PT\",\"potentialAction\":[{\"@type\":\"ReadAction\",\"target\":[\"https:\/\/portaltela.pt\/noticias\/2026\/04\/22\/chelsea-deteta-nova-toupeira-barbeiro-de-cucurella-envolvido\/\"]}]},{\"@type\":\"ImageObject\",\"inLanguage\":\"pt-PT\",\"@id\":\"https:\/\/portaltela.pt\/noticias\/2026\/04\/22\/chelsea-deteta-nova-toupeira-barbeiro-de-cucurella-envolvido\/#primaryimage\",\"url\":\"https:\/\/portaltela.pt\/s.01k8rhncp4jt1\/2026\/04\/img_920x518uu2025-12-02-22-05-16-2406574-im-639124724940901769.jpg\",\"contentUrl\":\"https:\/\/portaltela.pt\/s.01k8rhncp4jt1\/2026\/04\/img_920x518uu2025-12-02-22-05-16-2406574-im-639124724940901769.jpg\",\"width\":796,\"height\":448,\"caption\":\"Cucurella em maus len\u00e7\u00f3is\"},{\"@type\":\"BreadcrumbList\",\"@id\":\"https:\/\/portaltela.pt\/noticias\/2026\/04\/22\/chelsea-deteta-nova-toupeira-barbeiro-de-cucurella-envolvido\/#breadcrumb\",\"itemListElement\":[{\"@type\":\"ListItem\",\"position\":1,\"name\":\"In\u00edcio\",\"item\":\"https:\/\/portaltela.pt\/\"},{\"@type\":\"ListItem\",\"position\":2,\"name\":\"Chelsea deteta nova &#8220;toupeira&#8221;; barbeiro de Cucurella envolvido\"}]},{\"@type\":\"WebSite\",\"@id\":\"https:\/\/portaltela.pt\/#website\",\"url\":\"https:\/\/portaltela.pt\/\",\"name\":\"Portal Tela Portugal\",\"description\":\"\",\"potentialAction\":[{\"@type\":\"SearchAction\",\"target\":{\"@type\":\"EntryPoint\",\"urlTemplate\":\"https:\/\/portaltela.pt\/?s={search_term_string}\"},\"query-input\":{\"@type\":\"PropertyValueSpecification\",\"valueRequired\":true,\"valueName\":\"search_term_string\"}}],\"inLanguage\":\"pt-PT\"},{\"@type\":\"Person\",\"@id\":\"https:\/\/portaltela.pt\/#\/schema\/person\/c4278d4a6028830caff9ee44b42d32ed\",\"name\":\"Telinha\",\"image\":{\"@type\":\"ImageObject\",\"inLanguage\":\"pt-PT\",\"@id\":\"https:\/\/portaltela.pt\/s.01k8rhncp4jt1\/2025\/11\/talking-bot-125x125.png\",\"url\":\"https:\/\/portaltela.pt\/s.01k8rhncp4jt1\/2025\/11\/talking-bot-125x125.png\",\"contentUrl\":\"https:\/\/portaltela.pt\/s.01k8rhncp4jt1\/2025\/11\/talking-bot-125x125.png\",\"caption\":\"Telinha\"},\"sameAs\":[\"https:\/\/portaltela.pt\/\"],\"url\":\"https:\/\/portaltela.pt\/por\/367410592786\/\"}]}<\/script>\n<!-- \/ Yoast SEO plugin. -->","yoast_head_json":{"title":"Chelsea deteta nova \"toupeira\"; barbeiro de Cucurella envolvido - Portal Tela Portugal","robots":{"index":"index","follow":"follow","max-snippet":"max-snippet:-1","max-image-preview":"max-image-preview:large","max-video-preview":"max-video-preview:-1"},"og_locale":"pt_PT","og_type":"article","og_title":"Chelsea deteta nova \"toupeira\"; barbeiro de Cucurella envolvido - Portal Tela Portugal","og_description":"Chelsea detetou uma nova \u201ctoupeira\u201d: o barbeiro de Marc Cucurella partilhou informa\u00e7\u00f5es sobre a equipa antes do jogo com o Brighton. O post no X dizia que Palmer e Jo\u00e3o Pedro estavam lesionados, o que se confirmou com a aus\u00eancia dos dois no encontro. Os blues perderam o jogo por 3-0 frente ao Brighton. Tanto a publica\u00e7\u00e3o como a conta que vazou as informa\u00e7\u00f5es foram apagadas. Este \u00e9 o segundo caso de espionagem no plantel dos londrinos, j\u00e1 que, anteriormente, informa\u00e7\u00f5es sobre o onze inicial frente ao PSG tamb\u00e9m foram reveladas.","og_url":"https:\/\/portaltela.pt\/noticias\/2026\/04\/22\/chelsea-deteta-nova-toupeira-barbeiro-de-cucurella-envolvido\/","og_site_name":"Portal Tela Portugal","article_published_time":"2026-04-22T15:47:59+00:00","author":"Telinha","twitter_card":"summary_large_image","twitter_misc":{"Escrito por":"Telinha","Tempo estimado de leitura":"1 minuto"},"schema":{"@context":"https:\/\/schema.org","@graph":[{"@type":"Article","@id":"https:\/\/portaltela.pt\/noticias\/2026\/04\/22\/chelsea-deteta-nova-toupeira-barbeiro-de-cucurella-envolvido\/#article","isPartOf":{"@id":"https:\/\/portaltela.pt\/noticias\/2026\/04\/22\/chelsea-deteta-nova-toupeira-barbeiro-de-cucurella-envolvido\/"},"author":{"name":"Telinha","@id":"https:\/\/portaltela.pt\/#\/schema\/person\/c4278d4a6028830caff9ee44b42d32ed"},"headline":"Chelsea deteta nova &#8220;toupeira&#8221;; barbeiro de Cucurella envolvido","datePublished":"2026-04-22T15:47:59+00:00","mainEntityOfPage":{"@id":"https:\/\/portaltela.pt\/noticias\/2026\/04\/22\/chelsea-deteta-nova-toupeira-barbeiro-de-cucurella-envolvido\/"},"wordCount":219,"image":{"@id":"https:\/\/portaltela.pt\/noticias\/2026\/04\/22\/chelsea-deteta-nova-toupeira-barbeiro-de-cucurella-envolvido\/#primaryimage"},"thumbnailUrl":"https:\/\/portaltela.pt\/s.01k8rhncp4jt1\/2026\/04\/img_920x518uu2025-12-02-22-05-16-2406574-im-639124724940901769.jpg","keywords":["desinforma\u00e7\u00e3o","espionagem","futebol","futebol internacional","informa\u00e7\u00e3o","les\u00f5es"],"articleSection":["Desporto","Futebol"],"inLanguage":"pt-PT"},{"@type":"WebPage","@id":"https:\/\/portaltela.pt\/noticias\/2026\/04\/22\/chelsea-deteta-nova-toupeira-barbeiro-de-cucurella-envolvido\/","url":"https:\/\/portaltela.pt\/noticias\/2026\/04\/22\/chelsea-deteta-nova-toupeira-barbeiro-de-cucurella-envolvido\/","name":"Chelsea deteta nova \"toupeira\"; barbeiro de Cucurella envolvido - Portal Tela Portugal","isPartOf":{"@id":"https:\/\/portaltela.pt\/#website"},"primaryImageOfPage":{"@id":"https:\/\/portaltela.pt\/noticias\/2026\/04\/22\/chelsea-deteta-nova-toupeira-barbeiro-de-cucurella-envolvido\/#primaryimage"},"image":{"@id":"https:\/\/portaltela.pt\/noticias\/2026\/04\/22\/chelsea-deteta-nova-toupeira-barbeiro-de-cucurella-envolvido\/#primaryimage"},"thumbnailUrl":"https:\/\/portaltela.pt\/s.01k8rhncp4jt1\/2026\/04\/img_920x518uu2025-12-02-22-05-16-2406574-im-639124724940901769.jpg","datePublished":"2026-04-22T15:47:59+00:00","author":{"@id":"https:\/\/portaltela.pt\/#\/schema\/person\/c4278d4a6028830caff9ee44b42d32ed"},"breadcrumb":{"@id":"https:\/\/portaltela.pt\/noticias\/2026\/04\/22\/chelsea-deteta-nova-toupeira-barbeiro-de-cucurella-envolvido\/#breadcrumb"},"inLanguage":"pt-PT","potentialAction":[{"@type":"ReadAction","target":["https:\/\/portaltela.pt\/noticias\/2026\/04\/22\/chelsea-deteta-nova-toupeira-barbeiro-de-cucurella-envolvido\/"]}]},{"@type":"ImageObject","inLanguage":"pt-PT","@id":"https:\/\/portaltela.pt\/noticias\/2026\/04\/22\/chelsea-deteta-nova-toupeira-barbeiro-de-cucurella-envolvido\/#primaryimage","url":"https:\/\/portaltela.pt\/s.01k8rhncp4jt1\/2026\/04\/img_920x518uu2025-12-02-22-05-16-2406574-im-639124724940901769.jpg","contentUrl":"https:\/\/portaltela.pt\/s.01k8rhncp4jt1\/2026\/04\/img_920x518uu2025-12-02-22-05-16-2406574-im-639124724940901769.jpg","width":796,"height":448,"caption":"Cucurella em maus len\u00e7\u00f3is"},{"@type":"BreadcrumbList","@id":"https:\/\/portaltela.pt\/noticias\/2026\/04\/22\/chelsea-deteta-nova-toupeira-barbeiro-de-cucurella-envolvido\/#breadcrumb","itemListElement":[{"@type":"ListItem","position":1,"name":"In\u00edcio","item":"https:\/\/portaltela.pt\/"},{"@type":"ListItem","position":2,"name":"Chelsea deteta nova &#8220;toupeira&#8221;; barbeiro de Cucurella envolvido"}]},{"@type":"WebSite","@id":"https:\/\/portaltela.pt\/#website","url":"https:\/\/portaltela.pt\/","name":"Portal Tela Portugal","description":"","potentialAction":[{"@type":"SearchAction","target":{"@type":"EntryPoint","urlTemplate":"https:\/\/portaltela.pt\/?s={search_term_string}"},"query-input":{"@type":"PropertyValueSpecification","valueRequired":true,"valueName":"search_term_string"}}],"inLanguage":"pt-PT"},{"@type":"Person","@id":"https:\/\/portaltela.pt\/#\/schema\/person\/c4278d4a6028830caff9ee44b42d32ed","name":"Telinha","image":{"@type":"ImageObject","inLanguage":"pt-PT","@id":"https:\/\/portaltela.pt\/s.01k8rhncp4jt1\/2025\/11\/talking-bot-125x125.png","url":"https:\/\/portaltela.pt\/s.01k8rhncp4jt1\/2025\/11\/talking-bot-125x125.png","contentUrl":"https:\/\/portaltela.pt\/s.01k8rhncp4jt1\/2025\/11\/talking-bot-125x125.png","caption":"Telinha"},"sameAs":["https:\/\/portaltela.pt\/"],"url":"https:\/\/portaltela.pt\/por\/367410592786\/"}]}},"_links":{"self":[{"href":"https:\/\/portaltela.pt\/api\/wp\/v2\/posts\/454659","targetHints":{"allow":["GET"]}}],"collection":[{"href":"https:\/\/portaltela.pt\/api\/wp\/v2\/posts"}],"about":[{"href":"https:\/\/portaltela.pt\/api\/wp\/v2\/types\/post"}],"author":[{"embeddable":true,"href":"https:\/\/portaltela.pt\/api\/wp\/v2\/users\/2"}],"replies":[{"embeddable":true,"href":"https:\/\/portaltela.pt\/api\/wp\/v2\/comments?post=454659"}],"version-history":[{"count":0,"href":"https:\/\/portaltela.pt\/api\/wp\/v2\/posts\/454659\/revisions"}],"wp:featuredmedia":[{"embeddable":true,"href":"https:\/\/portaltela.pt\/api\/wp\/v2\/media\/454666"}],"wp:attachment":[{"href":"https:\/\/portaltela.pt\/api\/wp\/v2\/media?parent=454659"}],"wp:term":[{"taxonomy":"category","embeddable":true,"href":"https:\/\/portaltela.pt\/api\/wp\/v2\/categories?post=454659"},{"taxonomy":"post_tag","embeddable":true,"href":"https:\/\/portaltela.pt\/api\/wp\/v2\/tags?post=454659"}],"curies":[{"name":"wp","href":"https:\/\/api.w.org\/{rel}","templated":true}]}}