{"id":454596,"date":"2026-04-22T12:18:04","date_gmt":"2026-04-22T15:18:04","guid":{"rendered":"https:\/\/portaltela.pt\/noticias\/2026\/04\/22\/ronaldo-e-felix-no-onze-de-jorge-jesus-no-al-nassr-al-ahli\/"},"modified":"2026-04-22T12:18:04","modified_gmt":"2026-04-22T15:18:04","slug":"ronaldo-e-felix-no-onze-de-jorge-jesus-no-al-nassr-al-ahli","status":"publish","type":"post","link":"https:\/\/portaltela.pt\/desporto\/futebol\/2026\/04\/22\/ronaldo-e-felix-no-onze-de-jorge-jesus-no-al-nassr-al-ahli\/","title":{"rendered":"Ronaldo e F\u00e9lix no onze de Jorge Jesus no Al Nassr-Al Ahli"},"content":{"rendered":"<p>Al Nassr e Al Ahli disputam hoje a meia-final da Champions 2 da \u00c1sia no Dubai, com Ronaldo e Jo\u00e3o F\u00e9lix a integrar o onze do t\u00e9cnico Jorge Jesus. A partida tem in\u00edcio \u00e0s 17h00 e acompanha-se ao minuto a partir deste portal.<\/p>\n<p>O onze do Al Nassr inclui Bento; Boushal, Simakan, I\u00f1igo Mart\u00ednez, Al Amri; Marcelo Brozovic, \u00c2ngelo Gabriel; Kingsley Coman, Sadio Man\u00e9, Jo\u00e3o F\u00e9lix e Cristiano Ronaldo. Jo\u00e3o F\u00e9lix aparece como d\u00favida por um problema muscular numa coxa.<\/p>\n<p>Jo\u00e3o F\u00e9lix, em d\u00favida antes do encontro, esteve em avalia\u00e7\u00e3o na sess\u00e3o de treino. Ronaldo volta a ser op\u00e7\u00e3o de ataque para o conjunto saudita, que procura o acesso \u00e0 final da competi\u00e7\u00e3o.<\/p>\n<h3>Confronto e objetivo<\/h3>\n<p>Jorge Jesus afirmou confian\u00e7a no desempenho da equipa para o encontro frente ao Al Ahli Doha, do Qatar. O treinador frisou o respeito pelo advers\u00e1rio, mas reiterou o objetivo de chegar \u00e0 final da competi\u00e7\u00e3o.<\/p>\n<p>A equipa qatari tem ainda a ser confirmada, com d\u00favidas relativas a composition e substitui\u00e7\u00f5es. O duelo marca a primeira m\u00e3o da meia-final, com desfecho a definir-se na segundaparte.<\/p>\n","protected":false},"excerpt":{"rendered":"<ul>\n<li>O onze do Al Nassr inclui Bento, Boushal, Simakan, I\u00f1igo Mart\u00ednez, Al Amri; Marcelo Brozovic, \u00c2ngelo Gabriel; Kingsley Coman, Sadio Man\u00e9, Jo\u00e3o F\u00e9lix e Cristiano Ronaldo.<\/li>\n<li>O onze do Al Ahli ainda n\u00e3o est\u00e1 definido.<\/li>\n<li>Jorge Jesus mostrou confian\u00e7a na meia-final da Champions 2 da \u00c1sia, hoje, no Dubai, contra o Al Ahli Doha.<\/li>\n<li>Jo\u00e3o F\u00e9lix \u00e9 d\u00favida devido a um problema muscular numa coxa.<\/li>\n<li>O Al Nassr tenta chegar \u00e0 final; o t\u00e9cnico diz que n\u00e3o perderam nenhum jogo at\u00e9 agora e j\u00e1 est\u00e1 a jogar \u00e0s 17h00.<\/li>\n<\/ul>\n","protected":false},"author":2,"featured_media":454600,"comment_status":"closed","ping_status":"closed","sticky":false,"template":"","format":"standard","meta":{"footnotes":""},"categories":[21,24],"tags":[3577,1947,32,3338,2188,2448],"class_list":["post-454596","post","type-post","status-publish","format-standard","has-post-thumbnail","hentry","category-desporto","category-futebol","tag-champions-league","tag-cristiano-ronaldo","tag-futebol","tag-futebol-internacional","tag-joao-felix","tag-jorge-jesus"],"yoast_head":"<!-- This site is optimized with the Yoast SEO plugin v27.2 - https:\/\/yoast.com\/product\/yoast-seo-wordpress\/ -->\n<title>Ronaldo e F\u00e9lix no onze de Jorge Jesus no Al Nassr-Al Ahli - Portal Tela Portugal<\/title>\n<meta name=\"robots\" content=\"index, follow, max-snippet:-1, max-image-preview:large, max-video-preview:-1\" \/>\n<meta property=\"og:locale\" content=\"pt_PT\" \/>\n<meta property=\"og:type\" content=\"article\" \/>\n<meta property=\"og:title\" content=\"Ronaldo e F\u00e9lix no onze de Jorge Jesus no Al Nassr-Al Ahli - Portal Tela Portugal\" \/>\n<meta property=\"og:description\" content=\"O onze do Al Nassr inclui Bento, Boushal, Simakan, I\u00f1igo Mart\u00ednez, Al Amri; Marcelo Brozovic, \u00c2ngelo Gabriel; Kingsley Coman, Sadio Man\u00e9, Jo\u00e3o F\u00e9lix e Cristiano Ronaldo. O onze do Al Ahli ainda n\u00e3o est\u00e1 definido. Jorge Jesus mostrou confian\u00e7a na meia-final da Champions 2 da \u00c1sia, hoje, no Dubai, contra o Al Ahli Doha. Jo\u00e3o F\u00e9lix \u00e9 d\u00favida devido a um problema muscular numa coxa. O Al Nassr tenta chegar \u00e0 final; o t\u00e9cnico diz que n\u00e3o perderam nenhum jogo at\u00e9 agora e j\u00e1 est\u00e1 a jogar \u00e0s 17h00.\" \/>\n<meta property=\"og:url\" content=\"https:\/\/portaltela.pt\/noticias\/2026\/04\/22\/ronaldo-e-felix-no-onze-de-jorge-jesus-no-al-nassr-al-ahli\/\" \/>\n<meta property=\"og:site_name\" content=\"Portal Tela Portugal\" \/>\n<meta property=\"article:published_time\" content=\"2026-04-22T15:18:04+00:00\" \/>\n<meta name=\"author\" content=\"Telinha\" \/>\n<meta name=\"twitter:card\" content=\"summary_large_image\" \/>\n<meta name=\"twitter:label1\" content=\"Escrito por\" \/>\n\t<meta name=\"twitter:data1\" content=\"Telinha\" \/>\n\t<meta name=\"twitter:label2\" content=\"Tempo estimado de leitura\" \/>\n\t<meta name=\"twitter:data2\" content=\"1 minuto\" \/>\n<script type=\"application\/ld+json\" class=\"yoast-schema-graph\">{\"@context\":\"https:\/\/schema.org\",\"@graph\":[{\"@type\":\"Article\",\"@id\":\"https:\/\/portaltela.pt\/noticias\/2026\/04\/22\/ronaldo-e-felix-no-onze-de-jorge-jesus-no-al-nassr-al-ahli\/#article\",\"isPartOf\":{\"@id\":\"https:\/\/portaltela.pt\/noticias\/2026\/04\/22\/ronaldo-e-felix-no-onze-de-jorge-jesus-no-al-nassr-al-ahli\/\"},\"author\":{\"name\":\"Telinha\",\"@id\":\"https:\/\/portaltela.pt\/#\/schema\/person\/c4278d4a6028830caff9ee44b42d32ed\"},\"headline\":\"Ronaldo e F\u00e9lix no onze de Jorge Jesus no Al Nassr-Al Ahli\",\"datePublished\":\"2026-04-22T15:18:04+00:00\",\"mainEntityOfPage\":{\"@id\":\"https:\/\/portaltela.pt\/noticias\/2026\/04\/22\/ronaldo-e-felix-no-onze-de-jorge-jesus-no-al-nassr-al-ahli\/\"},\"wordCount\":214,\"image\":{\"@id\":\"https:\/\/portaltela.pt\/noticias\/2026\/04\/22\/ronaldo-e-felix-no-onze-de-jorge-jesus-no-al-nassr-al-ahli\/#primaryimage\"},\"thumbnailUrl\":\"https:\/\/portaltela.pt\/s.01k8rhncp4jt1\/2026\/04\/img_1200x721uu2026-04-22-14-00-12-2434615.jpg\",\"keywords\":[\"Champions League\",\"Cristiano Ronaldo\",\"futebol\",\"futebol internacional\",\"Jo\u00e3o F\u00e9lix\",\"Jorge Jesus\"],\"articleSection\":[\"Desporto\",\"Futebol\"],\"inLanguage\":\"pt-PT\"},{\"@type\":\"WebPage\",\"@id\":\"https:\/\/portaltela.pt\/noticias\/2026\/04\/22\/ronaldo-e-felix-no-onze-de-jorge-jesus-no-al-nassr-al-ahli\/\",\"url\":\"https:\/\/portaltela.pt\/noticias\/2026\/04\/22\/ronaldo-e-felix-no-onze-de-jorge-jesus-no-al-nassr-al-ahli\/\",\"name\":\"Ronaldo e F\u00e9lix no onze de Jorge Jesus no Al Nassr-Al Ahli - Portal Tela Portugal\",\"isPartOf\":{\"@id\":\"https:\/\/portaltela.pt\/#website\"},\"primaryImageOfPage\":{\"@id\":\"https:\/\/portaltela.pt\/noticias\/2026\/04\/22\/ronaldo-e-felix-no-onze-de-jorge-jesus-no-al-nassr-al-ahli\/#primaryimage\"},\"image\":{\"@id\":\"https:\/\/portaltela.pt\/noticias\/2026\/04\/22\/ronaldo-e-felix-no-onze-de-jorge-jesus-no-al-nassr-al-ahli\/#primaryimage\"},\"thumbnailUrl\":\"https:\/\/portaltela.pt\/s.01k8rhncp4jt1\/2026\/04\/img_1200x721uu2026-04-22-14-00-12-2434615.jpg\",\"datePublished\":\"2026-04-22T15:18:04+00:00\",\"author\":{\"@id\":\"https:\/\/portaltela.pt\/#\/schema\/person\/c4278d4a6028830caff9ee44b42d32ed\"},\"breadcrumb\":{\"@id\":\"https:\/\/portaltela.pt\/noticias\/2026\/04\/22\/ronaldo-e-felix-no-onze-de-jorge-jesus-no-al-nassr-al-ahli\/#breadcrumb\"},\"inLanguage\":\"pt-PT\",\"potentialAction\":[{\"@type\":\"ReadAction\",\"target\":[\"https:\/\/portaltela.pt\/noticias\/2026\/04\/22\/ronaldo-e-felix-no-onze-de-jorge-jesus-no-al-nassr-al-ahli\/\"]}]},{\"@type\":\"ImageObject\",\"inLanguage\":\"pt-PT\",\"@id\":\"https:\/\/portaltela.pt\/noticias\/2026\/04\/22\/ronaldo-e-felix-no-onze-de-jorge-jesus-no-al-nassr-al-ahli\/#primaryimage\",\"url\":\"https:\/\/portaltela.pt\/s.01k8rhncp4jt1\/2026\/04\/img_1200x721uu2026-04-22-14-00-12-2434615.jpg\",\"contentUrl\":\"https:\/\/portaltela.pt\/s.01k8rhncp4jt1\/2026\/04\/img_1200x721uu2026-04-22-14-00-12-2434615.jpg\",\"width\":796,\"height\":448,\"caption\":\"Jorge Jesus reage junto ao banco de suplentes do Al Nassr\"},{\"@type\":\"BreadcrumbList\",\"@id\":\"https:\/\/portaltela.pt\/noticias\/2026\/04\/22\/ronaldo-e-felix-no-onze-de-jorge-jesus-no-al-nassr-al-ahli\/#breadcrumb\",\"itemListElement\":[{\"@type\":\"ListItem\",\"position\":1,\"name\":\"In\u00edcio\",\"item\":\"https:\/\/portaltela.pt\/\"},{\"@type\":\"ListItem\",\"position\":2,\"name\":\"Ronaldo e F\u00e9lix no onze de Jorge Jesus no Al Nassr-Al Ahli\"}]},{\"@type\":\"WebSite\",\"@id\":\"https:\/\/portaltela.pt\/#website\",\"url\":\"https:\/\/portaltela.pt\/\",\"name\":\"Portal Tela Portugal\",\"description\":\"\",\"potentialAction\":[{\"@type\":\"SearchAction\",\"target\":{\"@type\":\"EntryPoint\",\"urlTemplate\":\"https:\/\/portaltela.pt\/?s={search_term_string}\"},\"query-input\":{\"@type\":\"PropertyValueSpecification\",\"valueRequired\":true,\"valueName\":\"search_term_string\"}}],\"inLanguage\":\"pt-PT\"},{\"@type\":\"Person\",\"@id\":\"https:\/\/portaltela.pt\/#\/schema\/person\/c4278d4a6028830caff9ee44b42d32ed\",\"name\":\"Telinha\",\"image\":{\"@type\":\"ImageObject\",\"inLanguage\":\"pt-PT\",\"@id\":\"https:\/\/portaltela.pt\/s.01k8rhncp4jt1\/2025\/11\/talking-bot-125x125.png\",\"url\":\"https:\/\/portaltela.pt\/s.01k8rhncp4jt1\/2025\/11\/talking-bot-125x125.png\",\"contentUrl\":\"https:\/\/portaltela.pt\/s.01k8rhncp4jt1\/2025\/11\/talking-bot-125x125.png\",\"caption\":\"Telinha\"},\"sameAs\":[\"https:\/\/portaltela.pt\/\"],\"url\":\"https:\/\/portaltela.pt\/por\/367410592786\/\"}]}<\/script>\n<!-- \/ Yoast SEO plugin. -->","yoast_head_json":{"title":"Ronaldo e F\u00e9lix no onze de Jorge Jesus no Al Nassr-Al Ahli - Portal Tela Portugal","robots":{"index":"index","follow":"follow","max-snippet":"max-snippet:-1","max-image-preview":"max-image-preview:large","max-video-preview":"max-video-preview:-1"},"og_locale":"pt_PT","og_type":"article","og_title":"Ronaldo e F\u00e9lix no onze de Jorge Jesus no Al Nassr-Al Ahli - Portal Tela Portugal","og_description":"O onze do Al Nassr inclui Bento, Boushal, Simakan, I\u00f1igo Mart\u00ednez, Al Amri; Marcelo Brozovic, \u00c2ngelo Gabriel; Kingsley Coman, Sadio Man\u00e9, Jo\u00e3o F\u00e9lix e Cristiano Ronaldo. O onze do Al Ahli ainda n\u00e3o est\u00e1 definido. Jorge Jesus mostrou confian\u00e7a na meia-final da Champions 2 da \u00c1sia, hoje, no Dubai, contra o Al Ahli Doha. Jo\u00e3o F\u00e9lix \u00e9 d\u00favida devido a um problema muscular numa coxa. O Al Nassr tenta chegar \u00e0 final; o t\u00e9cnico diz que n\u00e3o perderam nenhum jogo at\u00e9 agora e j\u00e1 est\u00e1 a jogar \u00e0s 17h00.","og_url":"https:\/\/portaltela.pt\/noticias\/2026\/04\/22\/ronaldo-e-felix-no-onze-de-jorge-jesus-no-al-nassr-al-ahli\/","og_site_name":"Portal Tela Portugal","article_published_time":"2026-04-22T15:18:04+00:00","author":"Telinha","twitter_card":"summary_large_image","twitter_misc":{"Escrito por":"Telinha","Tempo estimado de leitura":"1 minuto"},"schema":{"@context":"https:\/\/schema.org","@graph":[{"@type":"Article","@id":"https:\/\/portaltela.pt\/noticias\/2026\/04\/22\/ronaldo-e-felix-no-onze-de-jorge-jesus-no-al-nassr-al-ahli\/#article","isPartOf":{"@id":"https:\/\/portaltela.pt\/noticias\/2026\/04\/22\/ronaldo-e-felix-no-onze-de-jorge-jesus-no-al-nassr-al-ahli\/"},"author":{"name":"Telinha","@id":"https:\/\/portaltela.pt\/#\/schema\/person\/c4278d4a6028830caff9ee44b42d32ed"},"headline":"Ronaldo e F\u00e9lix no onze de Jorge Jesus no Al Nassr-Al Ahli","datePublished":"2026-04-22T15:18:04+00:00","mainEntityOfPage":{"@id":"https:\/\/portaltela.pt\/noticias\/2026\/04\/22\/ronaldo-e-felix-no-onze-de-jorge-jesus-no-al-nassr-al-ahli\/"},"wordCount":214,"image":{"@id":"https:\/\/portaltela.pt\/noticias\/2026\/04\/22\/ronaldo-e-felix-no-onze-de-jorge-jesus-no-al-nassr-al-ahli\/#primaryimage"},"thumbnailUrl":"https:\/\/portaltela.pt\/s.01k8rhncp4jt1\/2026\/04\/img_1200x721uu2026-04-22-14-00-12-2434615.jpg","keywords":["Champions League","Cristiano Ronaldo","futebol","futebol internacional","Jo\u00e3o F\u00e9lix","Jorge Jesus"],"articleSection":["Desporto","Futebol"],"inLanguage":"pt-PT"},{"@type":"WebPage","@id":"https:\/\/portaltela.pt\/noticias\/2026\/04\/22\/ronaldo-e-felix-no-onze-de-jorge-jesus-no-al-nassr-al-ahli\/","url":"https:\/\/portaltela.pt\/noticias\/2026\/04\/22\/ronaldo-e-felix-no-onze-de-jorge-jesus-no-al-nassr-al-ahli\/","name":"Ronaldo e F\u00e9lix no onze de Jorge Jesus no Al Nassr-Al Ahli - Portal Tela Portugal","isPartOf":{"@id":"https:\/\/portaltela.pt\/#website"},"primaryImageOfPage":{"@id":"https:\/\/portaltela.pt\/noticias\/2026\/04\/22\/ronaldo-e-felix-no-onze-de-jorge-jesus-no-al-nassr-al-ahli\/#primaryimage"},"image":{"@id":"https:\/\/portaltela.pt\/noticias\/2026\/04\/22\/ronaldo-e-felix-no-onze-de-jorge-jesus-no-al-nassr-al-ahli\/#primaryimage"},"thumbnailUrl":"https:\/\/portaltela.pt\/s.01k8rhncp4jt1\/2026\/04\/img_1200x721uu2026-04-22-14-00-12-2434615.jpg","datePublished":"2026-04-22T15:18:04+00:00","author":{"@id":"https:\/\/portaltela.pt\/#\/schema\/person\/c4278d4a6028830caff9ee44b42d32ed"},"breadcrumb":{"@id":"https:\/\/portaltela.pt\/noticias\/2026\/04\/22\/ronaldo-e-felix-no-onze-de-jorge-jesus-no-al-nassr-al-ahli\/#breadcrumb"},"inLanguage":"pt-PT","potentialAction":[{"@type":"ReadAction","target":["https:\/\/portaltela.pt\/noticias\/2026\/04\/22\/ronaldo-e-felix-no-onze-de-jorge-jesus-no-al-nassr-al-ahli\/"]}]},{"@type":"ImageObject","inLanguage":"pt-PT","@id":"https:\/\/portaltela.pt\/noticias\/2026\/04\/22\/ronaldo-e-felix-no-onze-de-jorge-jesus-no-al-nassr-al-ahli\/#primaryimage","url":"https:\/\/portaltela.pt\/s.01k8rhncp4jt1\/2026\/04\/img_1200x721uu2026-04-22-14-00-12-2434615.jpg","contentUrl":"https:\/\/portaltela.pt\/s.01k8rhncp4jt1\/2026\/04\/img_1200x721uu2026-04-22-14-00-12-2434615.jpg","width":796,"height":448,"caption":"Jorge Jesus reage junto ao banco de suplentes do Al Nassr"},{"@type":"BreadcrumbList","@id":"https:\/\/portaltela.pt\/noticias\/2026\/04\/22\/ronaldo-e-felix-no-onze-de-jorge-jesus-no-al-nassr-al-ahli\/#breadcrumb","itemListElement":[{"@type":"ListItem","position":1,"name":"In\u00edcio","item":"https:\/\/portaltela.pt\/"},{"@type":"ListItem","position":2,"name":"Ronaldo e F\u00e9lix no onze de Jorge Jesus no Al Nassr-Al Ahli"}]},{"@type":"WebSite","@id":"https:\/\/portaltela.pt\/#website","url":"https:\/\/portaltela.pt\/","name":"Portal Tela Portugal","description":"","potentialAction":[{"@type":"SearchAction","target":{"@type":"EntryPoint","urlTemplate":"https:\/\/portaltela.pt\/?s={search_term_string}"},"query-input":{"@type":"PropertyValueSpecification","valueRequired":true,"valueName":"search_term_string"}}],"inLanguage":"pt-PT"},{"@type":"Person","@id":"https:\/\/portaltela.pt\/#\/schema\/person\/c4278d4a6028830caff9ee44b42d32ed","name":"Telinha","image":{"@type":"ImageObject","inLanguage":"pt-PT","@id":"https:\/\/portaltela.pt\/s.01k8rhncp4jt1\/2025\/11\/talking-bot-125x125.png","url":"https:\/\/portaltela.pt\/s.01k8rhncp4jt1\/2025\/11\/talking-bot-125x125.png","contentUrl":"https:\/\/portaltela.pt\/s.01k8rhncp4jt1\/2025\/11\/talking-bot-125x125.png","caption":"Telinha"},"sameAs":["https:\/\/portaltela.pt\/"],"url":"https:\/\/portaltela.pt\/por\/367410592786\/"}]}},"_links":{"self":[{"href":"https:\/\/portaltela.pt\/api\/wp\/v2\/posts\/454596","targetHints":{"allow":["GET"]}}],"collection":[{"href":"https:\/\/portaltela.pt\/api\/wp\/v2\/posts"}],"about":[{"href":"https:\/\/portaltela.pt\/api\/wp\/v2\/types\/post"}],"author":[{"embeddable":true,"href":"https:\/\/portaltela.pt\/api\/wp\/v2\/users\/2"}],"replies":[{"embeddable":true,"href":"https:\/\/portaltela.pt\/api\/wp\/v2\/comments?post=454596"}],"version-history":[{"count":0,"href":"https:\/\/portaltela.pt\/api\/wp\/v2\/posts\/454596\/revisions"}],"wp:featuredmedia":[{"embeddable":true,"href":"https:\/\/portaltela.pt\/api\/wp\/v2\/media\/454600"}],"wp:attachment":[{"href":"https:\/\/portaltela.pt\/api\/wp\/v2\/media?parent=454596"}],"wp:term":[{"taxonomy":"category","embeddable":true,"href":"https:\/\/portaltela.pt\/api\/wp\/v2\/categories?post=454596"},{"taxonomy":"post_tag","embeddable":true,"href":"https:\/\/portaltela.pt\/api\/wp\/v2\/tags?post=454596"}],"curies":[{"name":"wp","href":"https:\/\/api.w.org\/{rel}","templated":true}]}}