{"id":454585,"date":"2026-04-22T12:03:48","date_gmt":"2026-04-22T15:03:48","guid":{"rendered":"https:\/\/portaltela.pt\/noticias\/2026\/04\/22\/arbitros-da-31-a-jornada-joao-pinheiro-do-sporting-benfica-para-a-2-a-liga\/"},"modified":"2026-04-22T12:03:48","modified_gmt":"2026-04-22T15:03:48","slug":"arbitros-da-31-a-jornada-joao-pinheiro-do-sporting-benfica-para-a-2-a-liga","status":"publish","type":"post","link":"https:\/\/portaltela.pt\/desporto\/futebol\/2026\/04\/22\/arbitros-da-31-a-jornada-joao-pinheiro-do-sporting-benfica-para-a-2-a-liga\/","title":{"rendered":"Arbitros da 31.\u00aa jornada: Jo\u00e3o Pinheiro do Sporting-Benfica para a 2.\u00aa Liga"},"content":{"rendered":"<p>O Conselho de Arbitragem da Federa\u00e7\u00e3o Portuguesa de Futebol divulgou as nomea\u00e7\u00f5es para a 31.\u00aa jornada, tanto da Liga Betclic como da 2.\u00aa Liga. O destaque recai em Jo\u00e3o Pinheiro, que orientou o d\u00e9rbi entre Sporting e Benfica na 30.\u00aa jornada e vai dirigir o Lus. Lourosa-P. Ferreira, da 2.\u00aa Liga.<\/p>\n<p>Para os encontros de FC Porto, Sporting e Benfica, est\u00e3o definidas as seguintes dirigias: Iancu Vasilica apita o Benfica-Moreirense (s\u00e1bado, 18h00), H\u00e9lder Carvalho dirige o Porto-AVS (domingo, 18h00) e Pedro Ramalho o Sporting-AVS (domingo, 20h30).<\/p>\n<h3>Liga Betclic<\/h3>\n<ul>\n<li>Alverca-Arouca: \u00c1rbitro Diogo Rosa; Assistentes Ricardo Carreira e Hugo Santos; 4.\u00ba \u00e1rbitro Fl\u00e1vio Duarte; VAR Rui Soares; AVAR M\u00e1rcio Azevedo<\/li>\n<li>Tondela-Nacional: \u00c1rbitro H\u00e9lder Malheiro; Assistentes Gon\u00e7alo Freire e Hugo Ribeiro; 4.\u00ba \u00e1rbitro Fl\u00e1vio Lima; VAR Tiago Martins; AVAR R\u00faben Silva<\/li>\n<li>Benfica-Moreirense: \u00c1rbitro Iancu Vasilica; Assistentes Jo\u00e3o Bessa Silva e In\u00e1cio Pereira; 4.\u00ba \u00e1rbitro Gon\u00e7alo Neves; VAR Manuel Oliveira; AVAR David Soares<\/li>\n<li>V. Guimar\u00e3es-Rio Ave: \u00c1rbitro David Silva; Assistentes Carlos Campos e Nelson Cunha; 4.\u00ba \u00e1rbitro Diogo Ara\u00fajo; VAR Pedro Ferreira; AVAR Nuno Eiras<\/li>\n<li>Estoril-Famalic\u00e3o: \u00c1rbitro Carlos Macedo; Assistentes Andreia Sousa e Renato Carvalho; 4.\u00ba \u00e1rbitro F\u00e1bio Ver\u00edssimo; VAR Cl\u00e1udia Ribeiro; AVAR Tiago Leandro<\/li>\n<li>Santa Clara-Sp. Braga: \u00c1rbitro Lu\u00eds Godinho; Assistentes Pedro Mota e Paulo Br\u00e1s; 4.\u00ba \u00e1rbitro Marcos Braz\u00e3o; VAR Manuel Mota; AVAR Paulo Miranda<\/li>\n<li>Estrela da Amadora-FC Porto: \u00c1rbitro H\u00e9lder Carvalho; Assistentes Jos\u00e9 Mira e Alexandre Ferreira; 4.\u00ba \u00e1rbitro Rui Madeira; VAR Lu\u00eds Ferreira; AVAR Valdemar Maia<\/li>\n<li>AVS-Sporting: \u00c1rbitro Pedro Ramalho; Assistentes Hugo Coimbra e Diogo Pereira; 4.\u00ba \u00e1rbitro Bruno Vieira; VAR Jo\u00e3o Casegas; AVAR Marco Vieira<\/li>\n<li>Gil Vicente-Casa Pia: \u00c1rbitro Bruno Costa; Assistentes Jorge Fernandes e Jo\u00e3o Morte; 4.\u00ba \u00e1rbitro Gustavo Correia; VAR Jo\u00e3o Malheiro Pinto; AVAR Rui Cidade<\/li>\n<\/ul>\n<h3>2.\u00aa Liga<\/h3>\n<ul>\n<li>Leix\u00f5es-Portimonense: \u00c1rbitro Andr\u00e9 Narciso; Assistentes Vasco Marques e Andr\u00e9 Botelho; 4.\u00ba \u00e1rbitro Rui Lima; VAR Pedro Ferreira; AVAR Nuno Eiras<\/li>\n<li>Farense-Ac. Viseu: \u00c1rbitro Jo\u00e3o Gon\u00e7alves; Assistentes Pedro Ribeiro e Miguel Martins; 4.\u00ba \u00e1rbitro Vasco Mira; VAR Jo\u00e3o Bento; AVAR Pedro Sousa<\/li>\n<li>Felgueiras-U. Leiria: \u00c1rbitro Cl\u00e1udio Pereira; Assistentes Tiago Costa e S\u00e9rgio Jesus; 4.\u00ba \u00e1rbitro Jo\u00e3o Pinho; VAR Rui Silva; AVAR \u00c1lvaro Mesquita<\/li>\n<li>Lus. Lourosa-Pa\u00e7os de Ferreira: \u00c1rbitro Jo\u00e3o Pinheiro; Assistentes Bruno Jesus e Luciano Maia; 4.\u00ba \u00e1rbitro Fl\u00e1vio Jesus; VAR Bruno Esteves; AVAR Catarina Campos<\/li>\n<li>Vizela-Sporting B: \u00c1rbitro V\u00edtor Ferreira; Assistentes N\u00e9lson Santos e Rudi Rodrigues; 4.\u00ba \u00e1rbitro M\u00e1rcio Torres; VAR Nelson Cunha; AVAR Andre Narciso<\/li>\n<li>Penafiel-FC Porto: \u00c1rbitro V\u00edtor Lopes; Assistentes Pedro Freitas e Carlos Dias; 4.\u00ba \u00e1rbitro S\u00e9rgio Guelho; VAR Paulo Barradas; AVAR Jonathan Babo<\/li>\n<li>Benfica B-Mar\u00edtimo: \u00c1rbitro Ant\u00f3nio Nobre; Assistentes N\u00e9lson Pereira e Francisco Pereira; 4.\u00ba \u00e1rbitro Miguel Nogueira; VAR Ricardo Moreira; AVAR Ricardo Luz<\/li>\n<li>Chaves-Oliveirense: \u00c1rbitro Lu\u00eds Filipe; Assistentes R\u00faben Silva e Andr\u00e9 Ferreira; 4.\u00ba \u00e1rbitro Jo\u00e3o Soares; VAR Ricardo Diogo; AVAR Pedro Felisberto<\/li>\n<li>Feirense-Torreense: \u00c1rbitro Miguel Fonseca; Assistentes Jo\u00e3o Martins e \u00c2ngelo Carneiro; 4.\u00ba \u00e1rbitro Daniel Pinto; VAR S\u00e9rgio Piscarreta; AVAR Pedro Sancho<\/li>\n<\/ul>\n<p>A lista completa de nomea\u00e7\u00f5es integra-se na \u00edntegra, com as respetivas prisas e indica\u00e7\u00f5es t\u00e9cnicas, conforme decidido pelo Conselho de Arbitragem.<\/p>\n","protected":false},"excerpt":{"rendered":"<ul>\n<li>O Conselho de Arbitragem da Federa\u00e7\u00e3o Portuguesa de Futebol divulgou os \u00e1rbitros nomeados para a 31.\u00aa jornada, tanto da Liga Betclic como da 2.\u00aa Liga.<\/li>\n<li>O destaque recai em Jo\u00e3o Pinheiro, que depois do derbi Sporting-Benfica da 30.\u00aa jornada vai apitar o Lus. Lourosa-P. Ferreira, na 2.\u00aa Liga.<\/li>\n<li>Nos encontros de FC Porto, Sporting e Benfica, Iancu Vasilica apita Benfica-Moreirense; H\u00e9lder Carvalho dirige a visita do FC Porto \u00e0 Reboleira; Pedro Ramalho est\u00e1 no desafio do Sporting em AVS.<\/li>\n<li>As restantes nomea\u00e7\u00f5es para a Liga Betclic e para a 2.\u00aa Liga est\u00e3o divulgadas pela Federa\u00e7\u00e3o e podem ser consultadas na lista oficial.<\/li>\n<\/ul>\n","protected":false},"author":2,"featured_media":454590,"comment_status":"closed","ping_status":"closed","sticky":false,"template":"","format":"standard","meta":{"footnotes":""},"categories":[21,24],"tags":[8832,8566,8096,8639,1336,6920],"class_list":["post-454585","post","type-post","status-publish","format-standard","has-post-thumbnail","hentry","category-desporto","category-futebol","tag-_2-a-liga","tag-_benfica","tag-_liga","tag-_sporting","tag-arbitro","tag-arbitros"],"yoast_head":"<!-- This site is optimized with the Yoast SEO plugin v27.2 - https:\/\/yoast.com\/product\/yoast-seo-wordpress\/ -->\n<title>Arbitros da 31.\u00aa jornada: Jo\u00e3o Pinheiro do Sporting-Benfica para a 2.\u00aa Liga - Portal Tela Portugal<\/title>\n<meta name=\"robots\" content=\"index, follow, max-snippet:-1, max-image-preview:large, max-video-preview:-1\" \/>\n<meta property=\"og:locale\" content=\"pt_PT\" \/>\n<meta property=\"og:type\" content=\"article\" \/>\n<meta property=\"og:title\" content=\"Arbitros da 31.\u00aa jornada: Jo\u00e3o Pinheiro do Sporting-Benfica para a 2.\u00aa Liga - Portal Tela Portugal\" \/>\n<meta property=\"og:description\" content=\"O Conselho de Arbitragem da Federa\u00e7\u00e3o Portuguesa de Futebol divulgou os \u00e1rbitros nomeados para a 31.\u00aa jornada, tanto da Liga Betclic como da 2.\u00aa Liga. O destaque recai em Jo\u00e3o Pinheiro, que depois do derbi Sporting-Benfica da 30.\u00aa jornada vai apitar o Lus. Lourosa-P. Ferreira, na 2.\u00aa Liga. Nos encontros de FC Porto, Sporting e Benfica, Iancu Vasilica apita Benfica-Moreirense; H\u00e9lder Carvalho dirige a visita do FC Porto \u00e0 Reboleira; Pedro Ramalho est\u00e1 no desafio do Sporting em AVS. As restantes nomea\u00e7\u00f5es para a Liga Betclic e para a 2.\u00aa Liga est\u00e3o divulgadas pela Federa\u00e7\u00e3o e podem ser consultadas na lista oficial.\" \/>\n<meta property=\"og:url\" content=\"https:\/\/portaltela.pt\/noticias\/2026\/04\/22\/arbitros-da-31-a-jornada-joao-pinheiro-do-sporting-benfica-para-a-2-a-liga\/\" \/>\n<meta property=\"og:site_name\" content=\"Portal Tela Portugal\" \/>\n<meta property=\"article:published_time\" content=\"2026-04-22T15:03:48+00:00\" \/>\n<meta name=\"author\" content=\"Telinha\" \/>\n<meta name=\"twitter:card\" content=\"summary_large_image\" \/>\n<meta name=\"twitter:label1\" content=\"Escrito por\" \/>\n\t<meta name=\"twitter:data1\" content=\"Telinha\" \/>\n\t<meta name=\"twitter:label2\" content=\"Tempo estimado de leitura\" \/>\n\t<meta name=\"twitter:data2\" content=\"3 minutos\" \/>\n<script type=\"application\/ld+json\" class=\"yoast-schema-graph\">{\"@context\":\"https:\/\/schema.org\",\"@graph\":[{\"@type\":\"Article\",\"@id\":\"https:\/\/portaltela.pt\/noticias\/2026\/04\/22\/arbitros-da-31-a-jornada-joao-pinheiro-do-sporting-benfica-para-a-2-a-liga\/#article\",\"isPartOf\":{\"@id\":\"https:\/\/portaltela.pt\/noticias\/2026\/04\/22\/arbitros-da-31-a-jornada-joao-pinheiro-do-sporting-benfica-para-a-2-a-liga\/\"},\"author\":{\"name\":\"Telinha\",\"@id\":\"https:\/\/portaltela.pt\/#\/schema\/person\/c4278d4a6028830caff9ee44b42d32ed\"},\"headline\":\"Arbitros da 31.\u00aa jornada: Jo\u00e3o Pinheiro do Sporting-Benfica para a 2.\u00aa Liga\",\"datePublished\":\"2026-04-22T15:03:48+00:00\",\"mainEntityOfPage\":{\"@id\":\"https:\/\/portaltela.pt\/noticias\/2026\/04\/22\/arbitros-da-31-a-jornada-joao-pinheiro-do-sporting-benfica-para-a-2-a-liga\/\"},\"wordCount\":534,\"image\":{\"@id\":\"https:\/\/portaltela.pt\/noticias\/2026\/04\/22\/arbitros-da-31-a-jornada-joao-pinheiro-do-sporting-benfica-para-a-2-a-liga\/#primaryimage\"},\"thumbnailUrl\":\"https:\/\/portaltela.pt\/s.01k8rhncp4jt1\/2026\/04\/img_920x518uu2026-04-22-15-49-37-2434624.jpg\",\"keywords\":[\"_2.\u00aa Liga\",\"_Benfica\",\"_Liga\",\"_Sporting\",\"\u00e1rbitro\",\"\u00e1rbitros\"],\"articleSection\":[\"Desporto\",\"Futebol\"],\"inLanguage\":\"pt-PT\"},{\"@type\":\"WebPage\",\"@id\":\"https:\/\/portaltela.pt\/noticias\/2026\/04\/22\/arbitros-da-31-a-jornada-joao-pinheiro-do-sporting-benfica-para-a-2-a-liga\/\",\"url\":\"https:\/\/portaltela.pt\/noticias\/2026\/04\/22\/arbitros-da-31-a-jornada-joao-pinheiro-do-sporting-benfica-para-a-2-a-liga\/\",\"name\":\"Arbitros da 31.\u00aa jornada: Jo\u00e3o Pinheiro do Sporting-Benfica para a 2.\u00aa Liga - Portal Tela Portugal\",\"isPartOf\":{\"@id\":\"https:\/\/portaltela.pt\/#website\"},\"primaryImageOfPage\":{\"@id\":\"https:\/\/portaltela.pt\/noticias\/2026\/04\/22\/arbitros-da-31-a-jornada-joao-pinheiro-do-sporting-benfica-para-a-2-a-liga\/#primaryimage\"},\"image\":{\"@id\":\"https:\/\/portaltela.pt\/noticias\/2026\/04\/22\/arbitros-da-31-a-jornada-joao-pinheiro-do-sporting-benfica-para-a-2-a-liga\/#primaryimage\"},\"thumbnailUrl\":\"https:\/\/portaltela.pt\/s.01k8rhncp4jt1\/2026\/04\/img_920x518uu2026-04-22-15-49-37-2434624.jpg\",\"datePublished\":\"2026-04-22T15:03:48+00:00\",\"author\":{\"@id\":\"https:\/\/portaltela.pt\/#\/schema\/person\/c4278d4a6028830caff9ee44b42d32ed\"},\"breadcrumb\":{\"@id\":\"https:\/\/portaltela.pt\/noticias\/2026\/04\/22\/arbitros-da-31-a-jornada-joao-pinheiro-do-sporting-benfica-para-a-2-a-liga\/#breadcrumb\"},\"inLanguage\":\"pt-PT\",\"potentialAction\":[{\"@type\":\"ReadAction\",\"target\":[\"https:\/\/portaltela.pt\/noticias\/2026\/04\/22\/arbitros-da-31-a-jornada-joao-pinheiro-do-sporting-benfica-para-a-2-a-liga\/\"]}]},{\"@type\":\"ImageObject\",\"inLanguage\":\"pt-PT\",\"@id\":\"https:\/\/portaltela.pt\/noticias\/2026\/04\/22\/arbitros-da-31-a-jornada-joao-pinheiro-do-sporting-benfica-para-a-2-a-liga\/#primaryimage\",\"url\":\"https:\/\/portaltela.pt\/s.01k8rhncp4jt1\/2026\/04\/img_920x518uu2026-04-22-15-49-37-2434624.jpg\",\"contentUrl\":\"https:\/\/portaltela.pt\/s.01k8rhncp4jt1\/2026\/04\/img_920x518uu2026-04-22-15-49-37-2434624.jpg\",\"width\":796,\"height\":448,\"caption\":\"Jo\u00e3o Pinheiro dirigiu o d\u00e9rbi entre Sporting e Benfica\"},{\"@type\":\"BreadcrumbList\",\"@id\":\"https:\/\/portaltela.pt\/noticias\/2026\/04\/22\/arbitros-da-31-a-jornada-joao-pinheiro-do-sporting-benfica-para-a-2-a-liga\/#breadcrumb\",\"itemListElement\":[{\"@type\":\"ListItem\",\"position\":1,\"name\":\"In\u00edcio\",\"item\":\"https:\/\/portaltela.pt\/\"},{\"@type\":\"ListItem\",\"position\":2,\"name\":\"Arbitros da 31.\u00aa jornada: Jo\u00e3o Pinheiro do Sporting-Benfica para a 2.\u00aa Liga\"}]},{\"@type\":\"WebSite\",\"@id\":\"https:\/\/portaltela.pt\/#website\",\"url\":\"https:\/\/portaltela.pt\/\",\"name\":\"Portal Tela Portugal\",\"description\":\"\",\"potentialAction\":[{\"@type\":\"SearchAction\",\"target\":{\"@type\":\"EntryPoint\",\"urlTemplate\":\"https:\/\/portaltela.pt\/?s={search_term_string}\"},\"query-input\":{\"@type\":\"PropertyValueSpecification\",\"valueRequired\":true,\"valueName\":\"search_term_string\"}}],\"inLanguage\":\"pt-PT\"},{\"@type\":\"Person\",\"@id\":\"https:\/\/portaltela.pt\/#\/schema\/person\/c4278d4a6028830caff9ee44b42d32ed\",\"name\":\"Telinha\",\"image\":{\"@type\":\"ImageObject\",\"inLanguage\":\"pt-PT\",\"@id\":\"https:\/\/portaltela.pt\/s.01k8rhncp4jt1\/2025\/11\/talking-bot-125x125.png\",\"url\":\"https:\/\/portaltela.pt\/s.01k8rhncp4jt1\/2025\/11\/talking-bot-125x125.png\",\"contentUrl\":\"https:\/\/portaltela.pt\/s.01k8rhncp4jt1\/2025\/11\/talking-bot-125x125.png\",\"caption\":\"Telinha\"},\"sameAs\":[\"https:\/\/portaltela.pt\/\"],\"url\":\"https:\/\/portaltela.pt\/por\/367410592786\/\"}]}<\/script>\n<!-- \/ Yoast SEO plugin. -->","yoast_head_json":{"title":"Arbitros da 31.\u00aa jornada: Jo\u00e3o Pinheiro do Sporting-Benfica para a 2.\u00aa Liga - Portal Tela Portugal","robots":{"index":"index","follow":"follow","max-snippet":"max-snippet:-1","max-image-preview":"max-image-preview:large","max-video-preview":"max-video-preview:-1"},"og_locale":"pt_PT","og_type":"article","og_title":"Arbitros da 31.\u00aa jornada: Jo\u00e3o Pinheiro do Sporting-Benfica para a 2.\u00aa Liga - Portal Tela Portugal","og_description":"O Conselho de Arbitragem da Federa\u00e7\u00e3o Portuguesa de Futebol divulgou os \u00e1rbitros nomeados para a 31.\u00aa jornada, tanto da Liga Betclic como da 2.\u00aa Liga. O destaque recai em Jo\u00e3o Pinheiro, que depois do derbi Sporting-Benfica da 30.\u00aa jornada vai apitar o Lus. Lourosa-P. Ferreira, na 2.\u00aa Liga. Nos encontros de FC Porto, Sporting e Benfica, Iancu Vasilica apita Benfica-Moreirense; H\u00e9lder Carvalho dirige a visita do FC Porto \u00e0 Reboleira; Pedro Ramalho est\u00e1 no desafio do Sporting em AVS. As restantes nomea\u00e7\u00f5es para a Liga Betclic e para a 2.\u00aa Liga est\u00e3o divulgadas pela Federa\u00e7\u00e3o e podem ser consultadas na lista oficial.","og_url":"https:\/\/portaltela.pt\/noticias\/2026\/04\/22\/arbitros-da-31-a-jornada-joao-pinheiro-do-sporting-benfica-para-a-2-a-liga\/","og_site_name":"Portal Tela Portugal","article_published_time":"2026-04-22T15:03:48+00:00","author":"Telinha","twitter_card":"summary_large_image","twitter_misc":{"Escrito por":"Telinha","Tempo estimado de leitura":"3 minutos"},"schema":{"@context":"https:\/\/schema.org","@graph":[{"@type":"Article","@id":"https:\/\/portaltela.pt\/noticias\/2026\/04\/22\/arbitros-da-31-a-jornada-joao-pinheiro-do-sporting-benfica-para-a-2-a-liga\/#article","isPartOf":{"@id":"https:\/\/portaltela.pt\/noticias\/2026\/04\/22\/arbitros-da-31-a-jornada-joao-pinheiro-do-sporting-benfica-para-a-2-a-liga\/"},"author":{"name":"Telinha","@id":"https:\/\/portaltela.pt\/#\/schema\/person\/c4278d4a6028830caff9ee44b42d32ed"},"headline":"Arbitros da 31.\u00aa jornada: Jo\u00e3o Pinheiro do Sporting-Benfica para a 2.\u00aa Liga","datePublished":"2026-04-22T15:03:48+00:00","mainEntityOfPage":{"@id":"https:\/\/portaltela.pt\/noticias\/2026\/04\/22\/arbitros-da-31-a-jornada-joao-pinheiro-do-sporting-benfica-para-a-2-a-liga\/"},"wordCount":534,"image":{"@id":"https:\/\/portaltela.pt\/noticias\/2026\/04\/22\/arbitros-da-31-a-jornada-joao-pinheiro-do-sporting-benfica-para-a-2-a-liga\/#primaryimage"},"thumbnailUrl":"https:\/\/portaltela.pt\/s.01k8rhncp4jt1\/2026\/04\/img_920x518uu2026-04-22-15-49-37-2434624.jpg","keywords":["_2.\u00aa Liga","_Benfica","_Liga","_Sporting","\u00e1rbitro","\u00e1rbitros"],"articleSection":["Desporto","Futebol"],"inLanguage":"pt-PT"},{"@type":"WebPage","@id":"https:\/\/portaltela.pt\/noticias\/2026\/04\/22\/arbitros-da-31-a-jornada-joao-pinheiro-do-sporting-benfica-para-a-2-a-liga\/","url":"https:\/\/portaltela.pt\/noticias\/2026\/04\/22\/arbitros-da-31-a-jornada-joao-pinheiro-do-sporting-benfica-para-a-2-a-liga\/","name":"Arbitros da 31.\u00aa jornada: Jo\u00e3o Pinheiro do Sporting-Benfica para a 2.\u00aa Liga - Portal Tela Portugal","isPartOf":{"@id":"https:\/\/portaltela.pt\/#website"},"primaryImageOfPage":{"@id":"https:\/\/portaltela.pt\/noticias\/2026\/04\/22\/arbitros-da-31-a-jornada-joao-pinheiro-do-sporting-benfica-para-a-2-a-liga\/#primaryimage"},"image":{"@id":"https:\/\/portaltela.pt\/noticias\/2026\/04\/22\/arbitros-da-31-a-jornada-joao-pinheiro-do-sporting-benfica-para-a-2-a-liga\/#primaryimage"},"thumbnailUrl":"https:\/\/portaltela.pt\/s.01k8rhncp4jt1\/2026\/04\/img_920x518uu2026-04-22-15-49-37-2434624.jpg","datePublished":"2026-04-22T15:03:48+00:00","author":{"@id":"https:\/\/portaltela.pt\/#\/schema\/person\/c4278d4a6028830caff9ee44b42d32ed"},"breadcrumb":{"@id":"https:\/\/portaltela.pt\/noticias\/2026\/04\/22\/arbitros-da-31-a-jornada-joao-pinheiro-do-sporting-benfica-para-a-2-a-liga\/#breadcrumb"},"inLanguage":"pt-PT","potentialAction":[{"@type":"ReadAction","target":["https:\/\/portaltela.pt\/noticias\/2026\/04\/22\/arbitros-da-31-a-jornada-joao-pinheiro-do-sporting-benfica-para-a-2-a-liga\/"]}]},{"@type":"ImageObject","inLanguage":"pt-PT","@id":"https:\/\/portaltela.pt\/noticias\/2026\/04\/22\/arbitros-da-31-a-jornada-joao-pinheiro-do-sporting-benfica-para-a-2-a-liga\/#primaryimage","url":"https:\/\/portaltela.pt\/s.01k8rhncp4jt1\/2026\/04\/img_920x518uu2026-04-22-15-49-37-2434624.jpg","contentUrl":"https:\/\/portaltela.pt\/s.01k8rhncp4jt1\/2026\/04\/img_920x518uu2026-04-22-15-49-37-2434624.jpg","width":796,"height":448,"caption":"Jo\u00e3o Pinheiro dirigiu o d\u00e9rbi entre Sporting e Benfica"},{"@type":"BreadcrumbList","@id":"https:\/\/portaltela.pt\/noticias\/2026\/04\/22\/arbitros-da-31-a-jornada-joao-pinheiro-do-sporting-benfica-para-a-2-a-liga\/#breadcrumb","itemListElement":[{"@type":"ListItem","position":1,"name":"In\u00edcio","item":"https:\/\/portaltela.pt\/"},{"@type":"ListItem","position":2,"name":"Arbitros da 31.\u00aa jornada: Jo\u00e3o Pinheiro do Sporting-Benfica para a 2.\u00aa Liga"}]},{"@type":"WebSite","@id":"https:\/\/portaltela.pt\/#website","url":"https:\/\/portaltela.pt\/","name":"Portal Tela Portugal","description":"","potentialAction":[{"@type":"SearchAction","target":{"@type":"EntryPoint","urlTemplate":"https:\/\/portaltela.pt\/?s={search_term_string}"},"query-input":{"@type":"PropertyValueSpecification","valueRequired":true,"valueName":"search_term_string"}}],"inLanguage":"pt-PT"},{"@type":"Person","@id":"https:\/\/portaltela.pt\/#\/schema\/person\/c4278d4a6028830caff9ee44b42d32ed","name":"Telinha","image":{"@type":"ImageObject","inLanguage":"pt-PT","@id":"https:\/\/portaltela.pt\/s.01k8rhncp4jt1\/2025\/11\/talking-bot-125x125.png","url":"https:\/\/portaltela.pt\/s.01k8rhncp4jt1\/2025\/11\/talking-bot-125x125.png","contentUrl":"https:\/\/portaltela.pt\/s.01k8rhncp4jt1\/2025\/11\/talking-bot-125x125.png","caption":"Telinha"},"sameAs":["https:\/\/portaltela.pt\/"],"url":"https:\/\/portaltela.pt\/por\/367410592786\/"}]}},"_links":{"self":[{"href":"https:\/\/portaltela.pt\/api\/wp\/v2\/posts\/454585","targetHints":{"allow":["GET"]}}],"collection":[{"href":"https:\/\/portaltela.pt\/api\/wp\/v2\/posts"}],"about":[{"href":"https:\/\/portaltela.pt\/api\/wp\/v2\/types\/post"}],"author":[{"embeddable":true,"href":"https:\/\/portaltela.pt\/api\/wp\/v2\/users\/2"}],"replies":[{"embeddable":true,"href":"https:\/\/portaltela.pt\/api\/wp\/v2\/comments?post=454585"}],"version-history":[{"count":0,"href":"https:\/\/portaltela.pt\/api\/wp\/v2\/posts\/454585\/revisions"}],"wp:featuredmedia":[{"embeddable":true,"href":"https:\/\/portaltela.pt\/api\/wp\/v2\/media\/454590"}],"wp:attachment":[{"href":"https:\/\/portaltela.pt\/api\/wp\/v2\/media?parent=454585"}],"wp:term":[{"taxonomy":"category","embeddable":true,"href":"https:\/\/portaltela.pt\/api\/wp\/v2\/categories?post=454585"},{"taxonomy":"post_tag","embeddable":true,"href":"https:\/\/portaltela.pt\/api\/wp\/v2\/tags?post=454585"}],"curies":[{"name":"wp","href":"https:\/\/api.w.org\/{rel}","templated":true}]}}