{"id":454579,"date":"2026-04-22T12:03:37","date_gmt":"2026-04-22T15:03:37","guid":{"rendered":"https:\/\/portaltela.pt\/noticias\/2026\/04\/22\/fiscalidade-salarial-em-2025-sobe-na-ocde-para-nivel-maximo-desde-2018\/"},"modified":"2026-04-22T12:03:37","modified_gmt":"2026-04-22T15:03:37","slug":"fiscalidade-salarial-em-2025-sobe-na-ocde-para-nivel-maximo-desde-2018","status":"publish","type":"post","link":"https:\/\/portaltela.pt\/noticias\/economia\/2026\/04\/22\/fiscalidade-salarial-em-2025-sobe-na-ocde-para-nivel-maximo-desde-2018\/","title":{"rendered":"Fiscalidade salarial em 2025 sobe na OCDE para n\u00edvel m\u00e1ximo desde 2018"},"content":{"rendered":"<p>A fiscalidade sobre os sal\u00e1rios em 2025 aumentou na maioria dos pa\u00edses da OCDE pelo quarto ano consecutivo, atingindo o n\u00edvel m\u00e1ximo desde 2018. A m\u00e9dia global passou a 35,1% dos custos laborais, face a 34,96% em 2024.<\/p>\n<p>Para uma refer\u00eancia de sal\u00e1rio m\u00e9dio, solteiro sem filhos, a carga fiscal subiu 0,15 pontos percentuais no conjunto dos membros, com 24 dos 38 pa\u00edses a registarem aumentos, 11 a diminu\u00edrem e tr\u00eas sem altera\u00e7\u00e3o.<\/p>\n<p>O Reino Unido destacou-se pela maior subida relativa, com 2,45 pontos adicionais, ainda assim ficando abaixo da m\u00e9dia, em 32,4%. A Est\u00f3nia (1,95 p.p.), a Alemanha (1,34 p.p.) e Israel (1,09 p.p.) tamb\u00e9m registaram aumentos relevantes.<\/p>\n<h3>Pa\u00edses com maior e menor carga fiscal<\/h3>\n<p>Em sentido contr\u00e1rio, It\u00e1lia (\u20111,21 p.p.), Let\u00f3nia (\u20111,44 p.p.) e Austr\u00e1lia (\u20111,67 p.p.) viram quedas expressivas, modificando o ranking de encargos salariais.<\/p>\n<p>A B\u00e9lgica manteve a lideran\u00e7a, com 52,5% de carga sobre o sal\u00e1rio, seguida pela Alemanha (49,3%), Fran\u00e7a (47,2%), \u00c1ustria (47,1%) e It\u00e1lia (45,8%). Os Estados Unidos mant\u00eam-se abaixo da m\u00e9dia, com 30%.<\/p>\n<p>Entre os quatro \u00faltimos, Nova Zel\u00e2ndia soma 20,8%, e aparecem tr\u00eas dos quatro membros latino-americanos: M\u00e9xico 21,7%, Chile 7,5% e Col\u00f4mbia 0%.<\/p>\n<h3>Custo total da m\u00e3o-de-obra e impacto econ\u00f3mico<\/h3>\n<p>No total da m\u00e3o-de-obra, a Alemanha apresenta o maior custo, com 113.595 d\u00f3lares em paridade de poder de compra. Seguem-se Su\u00ed\u00e7a (113.350) e B\u00e9lgica (111.350).<\/p>\n<p>Luxemburgo, \u00c1ustria e Pa\u00edses Baixos aparecem no grupo com custos elevados, acima de 100 mil d\u00f3lares. Os quatro membros latino-americanos (Costa Rica, Chile, M\u00e9xico e Col\u00f4mbia) ocupam as posi\u00e7\u00f5es mais baixas.<\/p>\n<h3>Observa\u00e7\u00f5es da OCDE<\/h3>\n<p>A OCDE nota que o aumento da carga fiscal tende a diminuir incentivos ao trabalho e \u00e0 contrata\u00e7\u00e3o, reduzindo o sal\u00e1rio l\u00edquido e aumentando os custos para as empresas. As tend\u00eancias variam entre os pa\u00edses, conforme estruturas de imposto e contributos sociais.<\/p>\n","protected":false},"excerpt":{"rendered":"<ul>\n<li>Em 2025 a carga fiscal sobre sal\u00e1rios na OCDE subiu pelo quarto ano consecutivo, em 0,15 pontos percentuais, para uma m\u00e9dia de 35,1% dos custos laborais.<\/li>\n<li>Dos 38 pa\u00edses, 24 registaram aumento, 11 baixaram e 3 mantiveram-se.<\/li>\n<li>Maior subida relativa: Reino Unido, com +2,45 p.p. (agora 32,4%), seguidos pela Est\u00f3nia (+1,95 p.p. para 42,6%), Alemanha (+1,34 p.p. para 49,3%) e Israel (+1,09 p.p. para 26,1%).<\/li>\n<li>Quedas significativas em It\u00e1lia (-1,21 p.p. para 45,8%), Let\u00f3nia (-1,44 p.p. para 40,1%) e Austr\u00e1lia (-1,67 p.p. para 27,9%).<\/li>\n<li>Pa\u00edses com maior carga fiscal: B\u00e9lgica, 52,5%; Alemanha, 49,3%; Fran\u00e7a, 47,2%; \u00c1ustria, 47,1%; It\u00e1lia, 45,8%. Estados Unidos, 30%; Nova Zel\u00e2ndia, 20,8%; M\u00e9xico, 21,7%; Chile, 7,5%; Col\u00f4mbia, 0% (com tratamento especial para rendimentos). A OCDE avisa que o aumento penaliza o trabalho e a contrata\u00e7\u00e3o.<\/li>\n<\/ul>\n","protected":false},"author":2,"featured_media":454580,"comment_status":"closed","ping_status":"closed","sticky":false,"template":"","format":"standard","meta":{"footnotes":""},"categories":[2,6850],"tags":[28,2487,3613,4345,6645,2201],"class_list":["post-454579","post","type-post","status-publish","format-standard","has-post-thumbnail","hentry","category-economia","category-financas","tag-economia","tag-europa","tag-impostos","tag-ocde","tag-salarios","tag-trabalho"],"yoast_head":"<!-- This site is optimized with the Yoast SEO plugin v27.2 - https:\/\/yoast.com\/product\/yoast-seo-wordpress\/ -->\n<title>Fiscalidade salarial em 2025 sobe na OCDE para n\u00edvel m\u00e1ximo desde 2018 - Portal Tela Portugal<\/title>\n<meta name=\"robots\" content=\"index, follow, max-snippet:-1, max-image-preview:large, max-video-preview:-1\" \/>\n<meta property=\"og:locale\" content=\"pt_PT\" \/>\n<meta property=\"og:type\" content=\"article\" \/>\n<meta property=\"og:title\" content=\"Fiscalidade salarial em 2025 sobe na OCDE para n\u00edvel m\u00e1ximo desde 2018 - Portal Tela Portugal\" \/>\n<meta property=\"og:description\" content=\"Em 2025 a carga fiscal sobre sal\u00e1rios na OCDE subiu pelo quarto ano consecutivo, em 0,15 pontos percentuais, para uma m\u00e9dia de 35,1% dos custos laborais. Dos 38 pa\u00edses, 24 registaram aumento, 11 baixaram e 3 mantiveram-se. Maior subida relativa: Reino Unido, com +2,45 p.p. (agora 32,4%), seguidos pela Est\u00f3nia (+1,95 p.p. para 42,6%), Alemanha (+1,34 p.p. para 49,3%) e Israel (+1,09 p.p. para 26,1%). Quedas significativas em It\u00e1lia (-1,21 p.p. para 45,8%), Let\u00f3nia (-1,44 p.p. para 40,1%) e Austr\u00e1lia (-1,67 p.p. para 27,9%). Pa\u00edses com maior carga fiscal: B\u00e9lgica, 52,5%; Alemanha, 49,3%; Fran\u00e7a, 47,2%; \u00c1ustria, 47,1%; It\u00e1lia, 45,8%. Estados Unidos, 30%; Nova Zel\u00e2ndia, 20,8%; M\u00e9xico, 21,7%; Chile, 7,5%; Col\u00f4mbia, 0% (com tratamento especial para rendimentos). A OCDE avisa que o aumento penaliza o trabalho e a contrata\u00e7\u00e3o.\" \/>\n<meta property=\"og:url\" content=\"https:\/\/portaltela.pt\/noticias\/2026\/04\/22\/fiscalidade-salarial-em-2025-sobe-na-ocde-para-nivel-maximo-desde-2018\/\" \/>\n<meta property=\"og:site_name\" content=\"Portal Tela Portugal\" \/>\n<meta property=\"article:published_time\" content=\"2026-04-22T15:03:37+00:00\" \/>\n<meta name=\"author\" content=\"Telinha\" \/>\n<meta name=\"twitter:card\" content=\"summary_large_image\" \/>\n<meta name=\"twitter:label1\" content=\"Escrito por\" \/>\n\t<meta name=\"twitter:data1\" content=\"Telinha\" \/>\n\t<meta name=\"twitter:label2\" content=\"Tempo estimado de leitura\" \/>\n\t<meta name=\"twitter:data2\" content=\"2 minutos\" \/>\n<script type=\"application\/ld+json\" class=\"yoast-schema-graph\">{\"@context\":\"https:\/\/schema.org\",\"@graph\":[{\"@type\":\"Article\",\"@id\":\"https:\/\/portaltela.pt\/noticias\/2026\/04\/22\/fiscalidade-salarial-em-2025-sobe-na-ocde-para-nivel-maximo-desde-2018\/#article\",\"isPartOf\":{\"@id\":\"https:\/\/portaltela.pt\/noticias\/2026\/04\/22\/fiscalidade-salarial-em-2025-sobe-na-ocde-para-nivel-maximo-desde-2018\/\"},\"author\":{\"name\":\"Telinha\",\"@id\":\"https:\/\/portaltela.pt\/#\/schema\/person\/c4278d4a6028830caff9ee44b42d32ed\"},\"headline\":\"Fiscalidade salarial em 2025 sobe na OCDE para n\u00edvel m\u00e1ximo desde 2018\",\"datePublished\":\"2026-04-22T15:03:37+00:00\",\"mainEntityOfPage\":{\"@id\":\"https:\/\/portaltela.pt\/noticias\/2026\/04\/22\/fiscalidade-salarial-em-2025-sobe-na-ocde-para-nivel-maximo-desde-2018\/\"},\"wordCount\":334,\"image\":{\"@id\":\"https:\/\/portaltela.pt\/noticias\/2026\/04\/22\/fiscalidade-salarial-em-2025-sobe-na-ocde-para-nivel-maximo-desde-2018\/#primaryimage\"},\"thumbnailUrl\":\"https:\/\/portaltela.pt\/s.01k8rhncp4jt1\/2026\/04\/img_1280x721uu2020-06-28-02-35-28-952896.jpg\",\"keywords\":[\"economia\",\"Europa\",\"impostos\",\"OCDE\",\"sal\u00e1rios\",\"trabalho\"],\"articleSection\":[\"Economia\",\"Finan\u00e7as\"],\"inLanguage\":\"pt-PT\"},{\"@type\":\"WebPage\",\"@id\":\"https:\/\/portaltela.pt\/noticias\/2026\/04\/22\/fiscalidade-salarial-em-2025-sobe-na-ocde-para-nivel-maximo-desde-2018\/\",\"url\":\"https:\/\/portaltela.pt\/noticias\/2026\/04\/22\/fiscalidade-salarial-em-2025-sobe-na-ocde-para-nivel-maximo-desde-2018\/\",\"name\":\"Fiscalidade salarial em 2025 sobe na OCDE para n\u00edvel m\u00e1ximo desde 2018 - Portal Tela Portugal\",\"isPartOf\":{\"@id\":\"https:\/\/portaltela.pt\/#website\"},\"primaryImageOfPage\":{\"@id\":\"https:\/\/portaltela.pt\/noticias\/2026\/04\/22\/fiscalidade-salarial-em-2025-sobe-na-ocde-para-nivel-maximo-desde-2018\/#primaryimage\"},\"image\":{\"@id\":\"https:\/\/portaltela.pt\/noticias\/2026\/04\/22\/fiscalidade-salarial-em-2025-sobe-na-ocde-para-nivel-maximo-desde-2018\/#primaryimage\"},\"thumbnailUrl\":\"https:\/\/portaltela.pt\/s.01k8rhncp4jt1\/2026\/04\/img_1280x721uu2020-06-28-02-35-28-952896.jpg\",\"datePublished\":\"2026-04-22T15:03:37+00:00\",\"author\":{\"@id\":\"https:\/\/portaltela.pt\/#\/schema\/person\/c4278d4a6028830caff9ee44b42d32ed\"},\"breadcrumb\":{\"@id\":\"https:\/\/portaltela.pt\/noticias\/2026\/04\/22\/fiscalidade-salarial-em-2025-sobe-na-ocde-para-nivel-maximo-desde-2018\/#breadcrumb\"},\"inLanguage\":\"pt-PT\",\"potentialAction\":[{\"@type\":\"ReadAction\",\"target\":[\"https:\/\/portaltela.pt\/noticias\/2026\/04\/22\/fiscalidade-salarial-em-2025-sobe-na-ocde-para-nivel-maximo-desde-2018\/\"]}]},{\"@type\":\"ImageObject\",\"inLanguage\":\"pt-PT\",\"@id\":\"https:\/\/portaltela.pt\/noticias\/2026\/04\/22\/fiscalidade-salarial-em-2025-sobe-na-ocde-para-nivel-maximo-desde-2018\/#primaryimage\",\"url\":\"https:\/\/portaltela.pt\/s.01k8rhncp4jt1\/2026\/04\/img_1280x721uu2020-06-28-02-35-28-952896.jpg\",\"contentUrl\":\"https:\/\/portaltela.pt\/s.01k8rhncp4jt1\/2026\/04\/img_1280x721uu2020-06-28-02-35-28-952896.jpg\",\"width\":796,\"height\":448,\"caption\":\"Photo\"},{\"@type\":\"BreadcrumbList\",\"@id\":\"https:\/\/portaltela.pt\/noticias\/2026\/04\/22\/fiscalidade-salarial-em-2025-sobe-na-ocde-para-nivel-maximo-desde-2018\/#breadcrumb\",\"itemListElement\":[{\"@type\":\"ListItem\",\"position\":1,\"name\":\"In\u00edcio\",\"item\":\"https:\/\/portaltela.pt\/\"},{\"@type\":\"ListItem\",\"position\":2,\"name\":\"Fiscalidade salarial em 2025 sobe na OCDE para n\u00edvel m\u00e1ximo desde 2018\"}]},{\"@type\":\"WebSite\",\"@id\":\"https:\/\/portaltela.pt\/#website\",\"url\":\"https:\/\/portaltela.pt\/\",\"name\":\"Portal Tela Portugal\",\"description\":\"\",\"potentialAction\":[{\"@type\":\"SearchAction\",\"target\":{\"@type\":\"EntryPoint\",\"urlTemplate\":\"https:\/\/portaltela.pt\/?s={search_term_string}\"},\"query-input\":{\"@type\":\"PropertyValueSpecification\",\"valueRequired\":true,\"valueName\":\"search_term_string\"}}],\"inLanguage\":\"pt-PT\"},{\"@type\":\"Person\",\"@id\":\"https:\/\/portaltela.pt\/#\/schema\/person\/c4278d4a6028830caff9ee44b42d32ed\",\"name\":\"Telinha\",\"image\":{\"@type\":\"ImageObject\",\"inLanguage\":\"pt-PT\",\"@id\":\"https:\/\/portaltela.pt\/s.01k8rhncp4jt1\/2025\/11\/talking-bot-125x125.png\",\"url\":\"https:\/\/portaltela.pt\/s.01k8rhncp4jt1\/2025\/11\/talking-bot-125x125.png\",\"contentUrl\":\"https:\/\/portaltela.pt\/s.01k8rhncp4jt1\/2025\/11\/talking-bot-125x125.png\",\"caption\":\"Telinha\"},\"sameAs\":[\"https:\/\/portaltela.pt\/\"],\"url\":\"https:\/\/portaltela.pt\/por\/367410592786\/\"}]}<\/script>\n<!-- \/ Yoast SEO plugin. -->","yoast_head_json":{"title":"Fiscalidade salarial em 2025 sobe na OCDE para n\u00edvel m\u00e1ximo desde 2018 - Portal Tela Portugal","robots":{"index":"index","follow":"follow","max-snippet":"max-snippet:-1","max-image-preview":"max-image-preview:large","max-video-preview":"max-video-preview:-1"},"og_locale":"pt_PT","og_type":"article","og_title":"Fiscalidade salarial em 2025 sobe na OCDE para n\u00edvel m\u00e1ximo desde 2018 - Portal Tela Portugal","og_description":"Em 2025 a carga fiscal sobre sal\u00e1rios na OCDE subiu pelo quarto ano consecutivo, em 0,15 pontos percentuais, para uma m\u00e9dia de 35,1% dos custos laborais. Dos 38 pa\u00edses, 24 registaram aumento, 11 baixaram e 3 mantiveram-se. Maior subida relativa: Reino Unido, com +2,45 p.p. (agora 32,4%), seguidos pela Est\u00f3nia (+1,95 p.p. para 42,6%), Alemanha (+1,34 p.p. para 49,3%) e Israel (+1,09 p.p. para 26,1%). Quedas significativas em It\u00e1lia (-1,21 p.p. para 45,8%), Let\u00f3nia (-1,44 p.p. para 40,1%) e Austr\u00e1lia (-1,67 p.p. para 27,9%). Pa\u00edses com maior carga fiscal: B\u00e9lgica, 52,5%; Alemanha, 49,3%; Fran\u00e7a, 47,2%; \u00c1ustria, 47,1%; It\u00e1lia, 45,8%. Estados Unidos, 30%; Nova Zel\u00e2ndia, 20,8%; M\u00e9xico, 21,7%; Chile, 7,5%; Col\u00f4mbia, 0% (com tratamento especial para rendimentos). A OCDE avisa que o aumento penaliza o trabalho e a contrata\u00e7\u00e3o.","og_url":"https:\/\/portaltela.pt\/noticias\/2026\/04\/22\/fiscalidade-salarial-em-2025-sobe-na-ocde-para-nivel-maximo-desde-2018\/","og_site_name":"Portal Tela Portugal","article_published_time":"2026-04-22T15:03:37+00:00","author":"Telinha","twitter_card":"summary_large_image","twitter_misc":{"Escrito por":"Telinha","Tempo estimado de leitura":"2 minutos"},"schema":{"@context":"https:\/\/schema.org","@graph":[{"@type":"Article","@id":"https:\/\/portaltela.pt\/noticias\/2026\/04\/22\/fiscalidade-salarial-em-2025-sobe-na-ocde-para-nivel-maximo-desde-2018\/#article","isPartOf":{"@id":"https:\/\/portaltela.pt\/noticias\/2026\/04\/22\/fiscalidade-salarial-em-2025-sobe-na-ocde-para-nivel-maximo-desde-2018\/"},"author":{"name":"Telinha","@id":"https:\/\/portaltela.pt\/#\/schema\/person\/c4278d4a6028830caff9ee44b42d32ed"},"headline":"Fiscalidade salarial em 2025 sobe na OCDE para n\u00edvel m\u00e1ximo desde 2018","datePublished":"2026-04-22T15:03:37+00:00","mainEntityOfPage":{"@id":"https:\/\/portaltela.pt\/noticias\/2026\/04\/22\/fiscalidade-salarial-em-2025-sobe-na-ocde-para-nivel-maximo-desde-2018\/"},"wordCount":334,"image":{"@id":"https:\/\/portaltela.pt\/noticias\/2026\/04\/22\/fiscalidade-salarial-em-2025-sobe-na-ocde-para-nivel-maximo-desde-2018\/#primaryimage"},"thumbnailUrl":"https:\/\/portaltela.pt\/s.01k8rhncp4jt1\/2026\/04\/img_1280x721uu2020-06-28-02-35-28-952896.jpg","keywords":["economia","Europa","impostos","OCDE","sal\u00e1rios","trabalho"],"articleSection":["Economia","Finan\u00e7as"],"inLanguage":"pt-PT"},{"@type":"WebPage","@id":"https:\/\/portaltela.pt\/noticias\/2026\/04\/22\/fiscalidade-salarial-em-2025-sobe-na-ocde-para-nivel-maximo-desde-2018\/","url":"https:\/\/portaltela.pt\/noticias\/2026\/04\/22\/fiscalidade-salarial-em-2025-sobe-na-ocde-para-nivel-maximo-desde-2018\/","name":"Fiscalidade salarial em 2025 sobe na OCDE para n\u00edvel m\u00e1ximo desde 2018 - Portal Tela Portugal","isPartOf":{"@id":"https:\/\/portaltela.pt\/#website"},"primaryImageOfPage":{"@id":"https:\/\/portaltela.pt\/noticias\/2026\/04\/22\/fiscalidade-salarial-em-2025-sobe-na-ocde-para-nivel-maximo-desde-2018\/#primaryimage"},"image":{"@id":"https:\/\/portaltela.pt\/noticias\/2026\/04\/22\/fiscalidade-salarial-em-2025-sobe-na-ocde-para-nivel-maximo-desde-2018\/#primaryimage"},"thumbnailUrl":"https:\/\/portaltela.pt\/s.01k8rhncp4jt1\/2026\/04\/img_1280x721uu2020-06-28-02-35-28-952896.jpg","datePublished":"2026-04-22T15:03:37+00:00","author":{"@id":"https:\/\/portaltela.pt\/#\/schema\/person\/c4278d4a6028830caff9ee44b42d32ed"},"breadcrumb":{"@id":"https:\/\/portaltela.pt\/noticias\/2026\/04\/22\/fiscalidade-salarial-em-2025-sobe-na-ocde-para-nivel-maximo-desde-2018\/#breadcrumb"},"inLanguage":"pt-PT","potentialAction":[{"@type":"ReadAction","target":["https:\/\/portaltela.pt\/noticias\/2026\/04\/22\/fiscalidade-salarial-em-2025-sobe-na-ocde-para-nivel-maximo-desde-2018\/"]}]},{"@type":"ImageObject","inLanguage":"pt-PT","@id":"https:\/\/portaltela.pt\/noticias\/2026\/04\/22\/fiscalidade-salarial-em-2025-sobe-na-ocde-para-nivel-maximo-desde-2018\/#primaryimage","url":"https:\/\/portaltela.pt\/s.01k8rhncp4jt1\/2026\/04\/img_1280x721uu2020-06-28-02-35-28-952896.jpg","contentUrl":"https:\/\/portaltela.pt\/s.01k8rhncp4jt1\/2026\/04\/img_1280x721uu2020-06-28-02-35-28-952896.jpg","width":796,"height":448,"caption":"Photo"},{"@type":"BreadcrumbList","@id":"https:\/\/portaltela.pt\/noticias\/2026\/04\/22\/fiscalidade-salarial-em-2025-sobe-na-ocde-para-nivel-maximo-desde-2018\/#breadcrumb","itemListElement":[{"@type":"ListItem","position":1,"name":"In\u00edcio","item":"https:\/\/portaltela.pt\/"},{"@type":"ListItem","position":2,"name":"Fiscalidade salarial em 2025 sobe na OCDE para n\u00edvel m\u00e1ximo desde 2018"}]},{"@type":"WebSite","@id":"https:\/\/portaltela.pt\/#website","url":"https:\/\/portaltela.pt\/","name":"Portal Tela Portugal","description":"","potentialAction":[{"@type":"SearchAction","target":{"@type":"EntryPoint","urlTemplate":"https:\/\/portaltela.pt\/?s={search_term_string}"},"query-input":{"@type":"PropertyValueSpecification","valueRequired":true,"valueName":"search_term_string"}}],"inLanguage":"pt-PT"},{"@type":"Person","@id":"https:\/\/portaltela.pt\/#\/schema\/person\/c4278d4a6028830caff9ee44b42d32ed","name":"Telinha","image":{"@type":"ImageObject","inLanguage":"pt-PT","@id":"https:\/\/portaltela.pt\/s.01k8rhncp4jt1\/2025\/11\/talking-bot-125x125.png","url":"https:\/\/portaltela.pt\/s.01k8rhncp4jt1\/2025\/11\/talking-bot-125x125.png","contentUrl":"https:\/\/portaltela.pt\/s.01k8rhncp4jt1\/2025\/11\/talking-bot-125x125.png","caption":"Telinha"},"sameAs":["https:\/\/portaltela.pt\/"],"url":"https:\/\/portaltela.pt\/por\/367410592786\/"}]}},"_links":{"self":[{"href":"https:\/\/portaltela.pt\/api\/wp\/v2\/posts\/454579","targetHints":{"allow":["GET"]}}],"collection":[{"href":"https:\/\/portaltela.pt\/api\/wp\/v2\/posts"}],"about":[{"href":"https:\/\/portaltela.pt\/api\/wp\/v2\/types\/post"}],"author":[{"embeddable":true,"href":"https:\/\/portaltela.pt\/api\/wp\/v2\/users\/2"}],"replies":[{"embeddable":true,"href":"https:\/\/portaltela.pt\/api\/wp\/v2\/comments?post=454579"}],"version-history":[{"count":0,"href":"https:\/\/portaltela.pt\/api\/wp\/v2\/posts\/454579\/revisions"}],"wp:featuredmedia":[{"embeddable":true,"href":"https:\/\/portaltela.pt\/api\/wp\/v2\/media\/454580"}],"wp:attachment":[{"href":"https:\/\/portaltela.pt\/api\/wp\/v2\/media?parent=454579"}],"wp:term":[{"taxonomy":"category","embeddable":true,"href":"https:\/\/portaltela.pt\/api\/wp\/v2\/categories?post=454579"},{"taxonomy":"post_tag","embeddable":true,"href":"https:\/\/portaltela.pt\/api\/wp\/v2\/tags?post=454579"}],"curies":[{"name":"wp","href":"https:\/\/api.w.org\/{rel}","templated":true}]}}