{"id":454512,"date":"2026-04-22T11:18:32","date_gmt":"2026-04-22T14:18:32","guid":{"rendered":"https:\/\/portaltela.pt\/noticias\/2026\/04\/22\/porto-de-maputo-conclui-expansao-de-terminais-de-contentores-e-carvao-em-2027\/"},"modified":"2026-04-22T11:18:32","modified_gmt":"2026-04-22T14:18:32","slug":"porto-de-maputo-conclui-expansao-de-terminais-de-contentores-e-carvao-em-2027","status":"publish","type":"post","link":"https:\/\/portaltela.pt\/noticias\/economia\/2026\/04\/22\/porto-de-maputo-conclui-expansao-de-terminais-de-contentores-e-carvao-em-2027\/","title":{"rendered":"Porto de Maputo conclui expans\u00e3o de terminais de contentores e carv\u00e3o em 2027"},"content":{"rendered":"<p>O Porto de Maputo anunciou que a expans\u00e3o dos terminais de contentores e de carv\u00e3o ficar\u00e1 conclu\u00edda em 2027, no \u00e2mbito de um plano de investimento na capacidade do complexo portu\u00e1rio na cidade de Maputo, Mo\u00e7ambique.<\/p>\n<p>O projeto prev\u00ea melhorias na infraestrutura de carregamento, armazenamento e movimenta\u00e7\u00e3o de mercadorias, com foco na efici\u00eancia operacional e na competitividade log\u00edstica. Detalhes adicionais n\u00e3o foram tornados p\u00fablicos.<\/p>\n<p>Autoridades portu\u00e1rias dizem que a conclus\u00e3o em 2027 poder\u00e1 criar ganhos de efici\u00eancia e melhorar a integra\u00e7\u00e3o com cadeias de abastecimento regionais, ainda que as etapas do cronograma n\u00e3o tenham sido divulgadas.<\/p>\n","protected":false},"excerpt":{"rendered":"<ul>\n<li>O Porto de Maputo prev\u00ea terminar a expans\u00e3o de terminais de contentores e de carv\u00e3o em 2027.<\/li>\n<li>O projeto envolve a melhoria de infraestruturas portu\u00e1rias para contentores e carv\u00e3o no porto de Maputo.<\/li>\n<li>A data-alvo para a conclus\u00e3o da expans\u00e3o \u00e9 2027.<\/li>\n<li>O conte\u00fado completo da not\u00edcia est\u00e1 dispon\u00edvel apenas para subscritores.<\/li>\n<\/ul>\n","protected":false},"author":2,"featured_media":454513,"comment_status":"closed","ping_status":"closed","sticky":false,"template":"","format":"standard","meta":{"footnotes":""},"categories":[2,6735],"tags":[8643,8313,8114,8253,8159,961],"class_list":["post-454512","post","type-post","status-publish","format-standard","has-post-thumbnail","hentry","category-economia","category-negocios","tag-_cadeias-de-abastecimento","tag-_infraestruturas","tag-_investimento","tag-_mocambique","tag-_portos","tag-logistica"],"yoast_head":"<!-- This site is optimized with the Yoast SEO plugin v27.2 - https:\/\/yoast.com\/product\/yoast-seo-wordpress\/ -->\n<title>Porto de Maputo conclui expans\u00e3o de terminais de contentores e carv\u00e3o em 2027 - Portal Tela Portugal<\/title>\n<meta name=\"robots\" content=\"index, follow, max-snippet:-1, max-image-preview:large, max-video-preview:-1\" \/>\n<meta property=\"og:locale\" content=\"pt_PT\" \/>\n<meta property=\"og:type\" content=\"article\" \/>\n<meta property=\"og:title\" content=\"Porto de Maputo conclui expans\u00e3o de terminais de contentores e carv\u00e3o em 2027 - Portal Tela Portugal\" \/>\n<meta property=\"og:description\" content=\"O Porto de Maputo prev\u00ea terminar a expans\u00e3o de terminais de contentores e de carv\u00e3o em 2027. O projeto envolve a melhoria de infraestruturas portu\u00e1rias para contentores e carv\u00e3o no porto de Maputo. A data-alvo para a conclus\u00e3o da expans\u00e3o \u00e9 2027. O conte\u00fado completo da not\u00edcia est\u00e1 dispon\u00edvel apenas para subscritores.\" \/>\n<meta property=\"og:url\" content=\"https:\/\/portaltela.pt\/noticias\/2026\/04\/22\/porto-de-maputo-conclui-expansao-de-terminais-de-contentores-e-carvao-em-2027\/\" \/>\n<meta property=\"og:site_name\" content=\"Portal Tela Portugal\" \/>\n<meta property=\"article:published_time\" content=\"2026-04-22T14:18:32+00:00\" \/>\n<meta name=\"author\" content=\"Telinha\" \/>\n<meta name=\"twitter:card\" content=\"summary_large_image\" \/>\n<meta name=\"twitter:label1\" content=\"Escrito por\" \/>\n\t<meta name=\"twitter:data1\" content=\"Telinha\" \/>\n\t<meta name=\"twitter:label2\" content=\"Tempo estimado de leitura\" \/>\n\t<meta name=\"twitter:data2\" content=\"1 minuto\" \/>\n<script type=\"application\/ld+json\" class=\"yoast-schema-graph\">{\"@context\":\"https:\/\/schema.org\",\"@graph\":[{\"@type\":\"Article\",\"@id\":\"https:\/\/portaltela.pt\/noticias\/2026\/04\/22\/porto-de-maputo-conclui-expansao-de-terminais-de-contentores-e-carvao-em-2027\/#article\",\"isPartOf\":{\"@id\":\"https:\/\/portaltela.pt\/noticias\/2026\/04\/22\/porto-de-maputo-conclui-expansao-de-terminais-de-contentores-e-carvao-em-2027\/\"},\"author\":{\"name\":\"Telinha\",\"@id\":\"https:\/\/portaltela.pt\/#\/schema\/person\/c4278d4a6028830caff9ee44b42d32ed\"},\"headline\":\"Porto de Maputo conclui expans\u00e3o de terminais de contentores e carv\u00e3o em 2027\",\"datePublished\":\"2026-04-22T14:18:32+00:00\",\"mainEntityOfPage\":{\"@id\":\"https:\/\/portaltela.pt\/noticias\/2026\/04\/22\/porto-de-maputo-conclui-expansao-de-terminais-de-contentores-e-carvao-em-2027\/\"},\"wordCount\":123,\"image\":{\"@id\":\"https:\/\/portaltela.pt\/noticias\/2026\/04\/22\/porto-de-maputo-conclui-expansao-de-terminais-de-contentores-e-carvao-em-2027\/#primaryimage\"},\"thumbnailUrl\":\"https:\/\/portaltela.pt\/s.01k8rhncp4jt1\/2026\/04\/CACHE_780X1200_ANALOG_WATERMARKED_42253368_3129535_01022024012447-1.jpg\",\"keywords\":[\"_cadeias de abastecimento\",\"_infraestruturas\",\"_investimento\",\"_Mo\u00e7ambique\",\"_portos\",\"Log\u00edstica\"],\"articleSection\":[\"Economia\",\"Neg\u00f3cios\"],\"inLanguage\":\"pt-PT\"},{\"@type\":\"WebPage\",\"@id\":\"https:\/\/portaltela.pt\/noticias\/2026\/04\/22\/porto-de-maputo-conclui-expansao-de-terminais-de-contentores-e-carvao-em-2027\/\",\"url\":\"https:\/\/portaltela.pt\/noticias\/2026\/04\/22\/porto-de-maputo-conclui-expansao-de-terminais-de-contentores-e-carvao-em-2027\/\",\"name\":\"Porto de Maputo conclui expans\u00e3o de terminais de contentores e carv\u00e3o em 2027 - Portal Tela Portugal\",\"isPartOf\":{\"@id\":\"https:\/\/portaltela.pt\/#website\"},\"primaryImageOfPage\":{\"@id\":\"https:\/\/portaltela.pt\/noticias\/2026\/04\/22\/porto-de-maputo-conclui-expansao-de-terminais-de-contentores-e-carvao-em-2027\/#primaryimage\"},\"image\":{\"@id\":\"https:\/\/portaltela.pt\/noticias\/2026\/04\/22\/porto-de-maputo-conclui-expansao-de-terminais-de-contentores-e-carvao-em-2027\/#primaryimage\"},\"thumbnailUrl\":\"https:\/\/portaltela.pt\/s.01k8rhncp4jt1\/2026\/04\/CACHE_780X1200_ANALOG_WATERMARKED_42253368_3129535_01022024012447-1.jpg\",\"datePublished\":\"2026-04-22T14:18:32+00:00\",\"author\":{\"@id\":\"https:\/\/portaltela.pt\/#\/schema\/person\/c4278d4a6028830caff9ee44b42d32ed\"},\"breadcrumb\":{\"@id\":\"https:\/\/portaltela.pt\/noticias\/2026\/04\/22\/porto-de-maputo-conclui-expansao-de-terminais-de-contentores-e-carvao-em-2027\/#breadcrumb\"},\"inLanguage\":\"pt-PT\",\"potentialAction\":[{\"@type\":\"ReadAction\",\"target\":[\"https:\/\/portaltela.pt\/noticias\/2026\/04\/22\/porto-de-maputo-conclui-expansao-de-terminais-de-contentores-e-carvao-em-2027\/\"]}]},{\"@type\":\"ImageObject\",\"inLanguage\":\"pt-PT\",\"@id\":\"https:\/\/portaltela.pt\/noticias\/2026\/04\/22\/porto-de-maputo-conclui-expansao-de-terminais-de-contentores-e-carvao-em-2027\/#primaryimage\",\"url\":\"https:\/\/portaltela.pt\/s.01k8rhncp4jt1\/2026\/04\/CACHE_780X1200_ANALOG_WATERMARKED_42253368_3129535_01022024012447-1.jpg\",\"contentUrl\":\"https:\/\/portaltela.pt\/s.01k8rhncp4jt1\/2026\/04\/CACHE_780X1200_ANALOG_WATERMARKED_42253368_3129535_01022024012447-1.jpg\",\"width\":768,\"height\":512,\"caption\":\"Porto de Maputo termina expans\u00e3o de terminais de contentores e carv\u00e3o em 2027\"},{\"@type\":\"BreadcrumbList\",\"@id\":\"https:\/\/portaltela.pt\/noticias\/2026\/04\/22\/porto-de-maputo-conclui-expansao-de-terminais-de-contentores-e-carvao-em-2027\/#breadcrumb\",\"itemListElement\":[{\"@type\":\"ListItem\",\"position\":1,\"name\":\"In\u00edcio\",\"item\":\"https:\/\/portaltela.pt\/\"},{\"@type\":\"ListItem\",\"position\":2,\"name\":\"Porto de Maputo conclui expans\u00e3o de terminais de contentores e carv\u00e3o em 2027\"}]},{\"@type\":\"WebSite\",\"@id\":\"https:\/\/portaltela.pt\/#website\",\"url\":\"https:\/\/portaltela.pt\/\",\"name\":\"Portal Tela Portugal\",\"description\":\"\",\"potentialAction\":[{\"@type\":\"SearchAction\",\"target\":{\"@type\":\"EntryPoint\",\"urlTemplate\":\"https:\/\/portaltela.pt\/?s={search_term_string}\"},\"query-input\":{\"@type\":\"PropertyValueSpecification\",\"valueRequired\":true,\"valueName\":\"search_term_string\"}}],\"inLanguage\":\"pt-PT\"},{\"@type\":\"Person\",\"@id\":\"https:\/\/portaltela.pt\/#\/schema\/person\/c4278d4a6028830caff9ee44b42d32ed\",\"name\":\"Telinha\",\"image\":{\"@type\":\"ImageObject\",\"inLanguage\":\"pt-PT\",\"@id\":\"https:\/\/portaltela.pt\/s.01k8rhncp4jt1\/2025\/11\/talking-bot-125x125.png\",\"url\":\"https:\/\/portaltela.pt\/s.01k8rhncp4jt1\/2025\/11\/talking-bot-125x125.png\",\"contentUrl\":\"https:\/\/portaltela.pt\/s.01k8rhncp4jt1\/2025\/11\/talking-bot-125x125.png\",\"caption\":\"Telinha\"},\"sameAs\":[\"https:\/\/portaltela.pt\/\"],\"url\":\"https:\/\/portaltela.pt\/por\/367410592786\/\"}]}<\/script>\n<!-- \/ Yoast SEO plugin. -->","yoast_head_json":{"title":"Porto de Maputo conclui expans\u00e3o de terminais de contentores e carv\u00e3o em 2027 - Portal Tela Portugal","robots":{"index":"index","follow":"follow","max-snippet":"max-snippet:-1","max-image-preview":"max-image-preview:large","max-video-preview":"max-video-preview:-1"},"og_locale":"pt_PT","og_type":"article","og_title":"Porto de Maputo conclui expans\u00e3o de terminais de contentores e carv\u00e3o em 2027 - Portal Tela Portugal","og_description":"O Porto de Maputo prev\u00ea terminar a expans\u00e3o de terminais de contentores e de carv\u00e3o em 2027. O projeto envolve a melhoria de infraestruturas portu\u00e1rias para contentores e carv\u00e3o no porto de Maputo. A data-alvo para a conclus\u00e3o da expans\u00e3o \u00e9 2027. O conte\u00fado completo da not\u00edcia est\u00e1 dispon\u00edvel apenas para subscritores.","og_url":"https:\/\/portaltela.pt\/noticias\/2026\/04\/22\/porto-de-maputo-conclui-expansao-de-terminais-de-contentores-e-carvao-em-2027\/","og_site_name":"Portal Tela Portugal","article_published_time":"2026-04-22T14:18:32+00:00","author":"Telinha","twitter_card":"summary_large_image","twitter_misc":{"Escrito por":"Telinha","Tempo estimado de leitura":"1 minuto"},"schema":{"@context":"https:\/\/schema.org","@graph":[{"@type":"Article","@id":"https:\/\/portaltela.pt\/noticias\/2026\/04\/22\/porto-de-maputo-conclui-expansao-de-terminais-de-contentores-e-carvao-em-2027\/#article","isPartOf":{"@id":"https:\/\/portaltela.pt\/noticias\/2026\/04\/22\/porto-de-maputo-conclui-expansao-de-terminais-de-contentores-e-carvao-em-2027\/"},"author":{"name":"Telinha","@id":"https:\/\/portaltela.pt\/#\/schema\/person\/c4278d4a6028830caff9ee44b42d32ed"},"headline":"Porto de Maputo conclui expans\u00e3o de terminais de contentores e carv\u00e3o em 2027","datePublished":"2026-04-22T14:18:32+00:00","mainEntityOfPage":{"@id":"https:\/\/portaltela.pt\/noticias\/2026\/04\/22\/porto-de-maputo-conclui-expansao-de-terminais-de-contentores-e-carvao-em-2027\/"},"wordCount":123,"image":{"@id":"https:\/\/portaltela.pt\/noticias\/2026\/04\/22\/porto-de-maputo-conclui-expansao-de-terminais-de-contentores-e-carvao-em-2027\/#primaryimage"},"thumbnailUrl":"https:\/\/portaltela.pt\/s.01k8rhncp4jt1\/2026\/04\/CACHE_780X1200_ANALOG_WATERMARKED_42253368_3129535_01022024012447-1.jpg","keywords":["_cadeias de abastecimento","_infraestruturas","_investimento","_Mo\u00e7ambique","_portos","Log\u00edstica"],"articleSection":["Economia","Neg\u00f3cios"],"inLanguage":"pt-PT"},{"@type":"WebPage","@id":"https:\/\/portaltela.pt\/noticias\/2026\/04\/22\/porto-de-maputo-conclui-expansao-de-terminais-de-contentores-e-carvao-em-2027\/","url":"https:\/\/portaltela.pt\/noticias\/2026\/04\/22\/porto-de-maputo-conclui-expansao-de-terminais-de-contentores-e-carvao-em-2027\/","name":"Porto de Maputo conclui expans\u00e3o de terminais de contentores e carv\u00e3o em 2027 - Portal Tela Portugal","isPartOf":{"@id":"https:\/\/portaltela.pt\/#website"},"primaryImageOfPage":{"@id":"https:\/\/portaltela.pt\/noticias\/2026\/04\/22\/porto-de-maputo-conclui-expansao-de-terminais-de-contentores-e-carvao-em-2027\/#primaryimage"},"image":{"@id":"https:\/\/portaltela.pt\/noticias\/2026\/04\/22\/porto-de-maputo-conclui-expansao-de-terminais-de-contentores-e-carvao-em-2027\/#primaryimage"},"thumbnailUrl":"https:\/\/portaltela.pt\/s.01k8rhncp4jt1\/2026\/04\/CACHE_780X1200_ANALOG_WATERMARKED_42253368_3129535_01022024012447-1.jpg","datePublished":"2026-04-22T14:18:32+00:00","author":{"@id":"https:\/\/portaltela.pt\/#\/schema\/person\/c4278d4a6028830caff9ee44b42d32ed"},"breadcrumb":{"@id":"https:\/\/portaltela.pt\/noticias\/2026\/04\/22\/porto-de-maputo-conclui-expansao-de-terminais-de-contentores-e-carvao-em-2027\/#breadcrumb"},"inLanguage":"pt-PT","potentialAction":[{"@type":"ReadAction","target":["https:\/\/portaltela.pt\/noticias\/2026\/04\/22\/porto-de-maputo-conclui-expansao-de-terminais-de-contentores-e-carvao-em-2027\/"]}]},{"@type":"ImageObject","inLanguage":"pt-PT","@id":"https:\/\/portaltela.pt\/noticias\/2026\/04\/22\/porto-de-maputo-conclui-expansao-de-terminais-de-contentores-e-carvao-em-2027\/#primaryimage","url":"https:\/\/portaltela.pt\/s.01k8rhncp4jt1\/2026\/04\/CACHE_780X1200_ANALOG_WATERMARKED_42253368_3129535_01022024012447-1.jpg","contentUrl":"https:\/\/portaltela.pt\/s.01k8rhncp4jt1\/2026\/04\/CACHE_780X1200_ANALOG_WATERMARKED_42253368_3129535_01022024012447-1.jpg","width":768,"height":512,"caption":"Porto de Maputo termina expans\u00e3o de terminais de contentores e carv\u00e3o em 2027"},{"@type":"BreadcrumbList","@id":"https:\/\/portaltela.pt\/noticias\/2026\/04\/22\/porto-de-maputo-conclui-expansao-de-terminais-de-contentores-e-carvao-em-2027\/#breadcrumb","itemListElement":[{"@type":"ListItem","position":1,"name":"In\u00edcio","item":"https:\/\/portaltela.pt\/"},{"@type":"ListItem","position":2,"name":"Porto de Maputo conclui expans\u00e3o de terminais de contentores e carv\u00e3o em 2027"}]},{"@type":"WebSite","@id":"https:\/\/portaltela.pt\/#website","url":"https:\/\/portaltela.pt\/","name":"Portal Tela Portugal","description":"","potentialAction":[{"@type":"SearchAction","target":{"@type":"EntryPoint","urlTemplate":"https:\/\/portaltela.pt\/?s={search_term_string}"},"query-input":{"@type":"PropertyValueSpecification","valueRequired":true,"valueName":"search_term_string"}}],"inLanguage":"pt-PT"},{"@type":"Person","@id":"https:\/\/portaltela.pt\/#\/schema\/person\/c4278d4a6028830caff9ee44b42d32ed","name":"Telinha","image":{"@type":"ImageObject","inLanguage":"pt-PT","@id":"https:\/\/portaltela.pt\/s.01k8rhncp4jt1\/2025\/11\/talking-bot-125x125.png","url":"https:\/\/portaltela.pt\/s.01k8rhncp4jt1\/2025\/11\/talking-bot-125x125.png","contentUrl":"https:\/\/portaltela.pt\/s.01k8rhncp4jt1\/2025\/11\/talking-bot-125x125.png","caption":"Telinha"},"sameAs":["https:\/\/portaltela.pt\/"],"url":"https:\/\/portaltela.pt\/por\/367410592786\/"}]}},"_links":{"self":[{"href":"https:\/\/portaltela.pt\/api\/wp\/v2\/posts\/454512","targetHints":{"allow":["GET"]}}],"collection":[{"href":"https:\/\/portaltela.pt\/api\/wp\/v2\/posts"}],"about":[{"href":"https:\/\/portaltela.pt\/api\/wp\/v2\/types\/post"}],"author":[{"embeddable":true,"href":"https:\/\/portaltela.pt\/api\/wp\/v2\/users\/2"}],"replies":[{"embeddable":true,"href":"https:\/\/portaltela.pt\/api\/wp\/v2\/comments?post=454512"}],"version-history":[{"count":0,"href":"https:\/\/portaltela.pt\/api\/wp\/v2\/posts\/454512\/revisions"}],"wp:featuredmedia":[{"embeddable":true,"href":"https:\/\/portaltela.pt\/api\/wp\/v2\/media\/454513"}],"wp:attachment":[{"href":"https:\/\/portaltela.pt\/api\/wp\/v2\/media?parent=454512"}],"wp:term":[{"taxonomy":"category","embeddable":true,"href":"https:\/\/portaltela.pt\/api\/wp\/v2\/categories?post=454512"},{"taxonomy":"post_tag","embeddable":true,"href":"https:\/\/portaltela.pt\/api\/wp\/v2\/tags?post=454512"}],"curies":[{"name":"wp","href":"https:\/\/api.w.org\/{rel}","templated":true}]}}