{"id":454481,"date":"2026-04-22T11:03:29","date_gmt":"2026-04-22T14:03:29","guid":{"rendered":"https:\/\/portaltela.pt\/noticias\/2026\/04\/22\/macron-anuncia-morte-de-militar-frances-em-ataque-do-hezbollah-no-libano\/"},"modified":"2026-04-22T11:03:29","modified_gmt":"2026-04-22T14:03:29","slug":"macron-anuncia-morte-de-militar-frances-em-ataque-do-hezbollah-no-libano","status":"publish","type":"post","link":"https:\/\/portaltela.pt\/guerra\/2026\/04\/22\/macron-anuncia-morte-de-militar-frances-em-ataque-do-hezbollah-no-libano\/","title":{"rendered":"Macron anuncia morte de militar franc\u00eas em ataque do Hezbollah no L\u00edbano"},"content":{"rendered":"<p>O presidente franc\u00eas Emmanuel Macron confirmou a morte do militar Anicet Girardin, ocorrida nesta quarta-feira de manh\u00e3 no L\u00edbano, ap\u00f3s ataque do Hezbollah. O cabo-chefe ficou ferido e foi repatriado; n\u00e3o resistiu.<\/p>\n<p>O ataque ocorreu no contexto de confrontos entre for\u00e7as locais e grupos armados no territ\u00f3rio liban\u00eas. Girardin foi atingido durante as a\u00e7\u00f5es, recebendo assist\u00eancia m\u00e9dica, mas acabou por falecer.<\/p>\n<p>Em mar\u00e7o, j\u00e1 tinha morrido outro soldado franc\u00eas no M\u00e9dio Oriente: o suboficial Arnaud Frion, de 42 anos, na regi\u00e3o de Arbil, no Curdist\u00e3o iraquiano, v\u00edtima de um drone iraniano.<\/p>\n<h3>Contexto<\/h3>\n<p>Este \u00e9 o segundo caso de fatalidades entre militares franceses no M\u00e9dio Oriente este ano, ap\u00f3s o incidente em Arbil. N\u00e3o foram divulgados detalhes adicionais sobre feridos ou sobre as opera\u00e7\u00f5es em curso.<\/p>\n","protected":false},"excerpt":{"rendered":"<ul>\n<li>O presidente franc\u00eas, Emmanuel Macron, anunciou a morte do militar Anicet Girardin, cabo-chefe, na sequ\u00eancia de um ataque do Hezbollah no L\u00edbano.<\/li>\n<li>Girardin ficou gravemente ferido e teve de ser repatriado, mas n\u00e3o resistiu aos ferimentos.<\/li>\n<li>O ataque ocorreu esta quarta-feira de manh\u00e3, segundo o chefe de Estado franc\u00eas.<\/li>\n<li>Em mar\u00e7o, morreu o suboficial Arnaud Frion, de 42 anos, durante um ataque na regi\u00e3o de Arbil, no Curdist\u00e3o iraquiano, morto por drone iraniano.<\/li>\n<\/ul>\n","protected":false},"author":2,"featured_media":454486,"comment_status":"closed","ping_status":"closed","sticky":false,"template":"","format":"standard","meta":{"footnotes":""},"categories":[6790,6804],"tags":[9068,8389,8626,1856,6429],"class_list":["post-454481","post","type-post","status-publish","format-standard","has-post-thumbnail","hentry","category-conflitos","category-guerra","tag-_conflitos","tag-_forcas-armadas","tag-_libano","tag-franca","tag-mortes"],"yoast_head":"<!-- This site is optimized with the Yoast SEO plugin v27.2 - https:\/\/yoast.com\/product\/yoast-seo-wordpress\/ -->\n<title>Macron anuncia morte de militar franc\u00eas em ataque do Hezbollah no L\u00edbano - Portal Tela Portugal<\/title>\n<meta name=\"robots\" content=\"index, follow, max-snippet:-1, max-image-preview:large, max-video-preview:-1\" \/>\n<meta property=\"og:locale\" content=\"pt_PT\" \/>\n<meta property=\"og:type\" content=\"article\" \/>\n<meta property=\"og:title\" content=\"Macron anuncia morte de militar franc\u00eas em ataque do Hezbollah no L\u00edbano - Portal Tela Portugal\" \/>\n<meta property=\"og:description\" content=\"O presidente franc\u00eas, Emmanuel Macron, anunciou a morte do militar Anicet Girardin, cabo-chefe, na sequ\u00eancia de um ataque do Hezbollah no L\u00edbano. Girardin ficou gravemente ferido e teve de ser repatriado, mas n\u00e3o resistiu aos ferimentos. O ataque ocorreu esta quarta-feira de manh\u00e3, segundo o chefe de Estado franc\u00eas. Em mar\u00e7o, morreu o suboficial Arnaud Frion, de 42 anos, durante um ataque na regi\u00e3o de Arbil, no Curdist\u00e3o iraquiano, morto por drone iraniano.\" \/>\n<meta property=\"og:url\" content=\"https:\/\/portaltela.pt\/noticias\/2026\/04\/22\/macron-anuncia-morte-de-militar-frances-em-ataque-do-hezbollah-no-libano\/\" \/>\n<meta property=\"og:site_name\" content=\"Portal Tela Portugal\" \/>\n<meta property=\"article:published_time\" content=\"2026-04-22T14:03:29+00:00\" \/>\n<meta name=\"author\" content=\"Telinha\" \/>\n<meta name=\"twitter:card\" content=\"summary_large_image\" \/>\n<meta name=\"twitter:label1\" content=\"Escrito por\" \/>\n\t<meta name=\"twitter:data1\" content=\"Telinha\" \/>\n\t<meta name=\"twitter:label2\" content=\"Tempo estimado de leitura\" \/>\n\t<meta name=\"twitter:data2\" content=\"1 minuto\" \/>\n<script type=\"application\/ld+json\" class=\"yoast-schema-graph\">{\"@context\":\"https:\/\/schema.org\",\"@graph\":[{\"@type\":\"Article\",\"@id\":\"https:\/\/portaltela.pt\/noticias\/2026\/04\/22\/macron-anuncia-morte-de-militar-frances-em-ataque-do-hezbollah-no-libano\/#article\",\"isPartOf\":{\"@id\":\"https:\/\/portaltela.pt\/noticias\/2026\/04\/22\/macron-anuncia-morte-de-militar-frances-em-ataque-do-hezbollah-no-libano\/\"},\"author\":{\"name\":\"Telinha\",\"@id\":\"https:\/\/portaltela.pt\/#\/schema\/person\/c4278d4a6028830caff9ee44b42d32ed\"},\"headline\":\"Macron anuncia morte de militar franc\u00eas em ataque do Hezbollah no L\u00edbano\",\"datePublished\":\"2026-04-22T14:03:29+00:00\",\"mainEntityOfPage\":{\"@id\":\"https:\/\/portaltela.pt\/noticias\/2026\/04\/22\/macron-anuncia-morte-de-militar-frances-em-ataque-do-hezbollah-no-libano\/\"},\"wordCount\":157,\"image\":{\"@id\":\"https:\/\/portaltela.pt\/noticias\/2026\/04\/22\/macron-anuncia-morte-de-militar-frances-em-ataque-do-hezbollah-no-libano\/#primaryimage\"},\"thumbnailUrl\":\"https:\/\/portaltela.pt\/s.01k8rhncp4jt1\/2026\/04\/img_1500x1000uu2026-04-22-14-44-37-2280315.jpg\",\"keywords\":[\"_conflitos\",\"_For\u00e7as Armadas\",\"_L\u00edbano\",\"Fran\u00e7a\",\"mortes\"],\"articleSection\":[\"Conflitos\",\"Guerra\"],\"inLanguage\":\"pt-PT\"},{\"@type\":\"WebPage\",\"@id\":\"https:\/\/portaltela.pt\/noticias\/2026\/04\/22\/macron-anuncia-morte-de-militar-frances-em-ataque-do-hezbollah-no-libano\/\",\"url\":\"https:\/\/portaltela.pt\/noticias\/2026\/04\/22\/macron-anuncia-morte-de-militar-frances-em-ataque-do-hezbollah-no-libano\/\",\"name\":\"Macron anuncia morte de militar franc\u00eas em ataque do Hezbollah no L\u00edbano - Portal Tela Portugal\",\"isPartOf\":{\"@id\":\"https:\/\/portaltela.pt\/#website\"},\"primaryImageOfPage\":{\"@id\":\"https:\/\/portaltela.pt\/noticias\/2026\/04\/22\/macron-anuncia-morte-de-militar-frances-em-ataque-do-hezbollah-no-libano\/#primaryimage\"},\"image\":{\"@id\":\"https:\/\/portaltela.pt\/noticias\/2026\/04\/22\/macron-anuncia-morte-de-militar-frances-em-ataque-do-hezbollah-no-libano\/#primaryimage\"},\"thumbnailUrl\":\"https:\/\/portaltela.pt\/s.01k8rhncp4jt1\/2026\/04\/img_1500x1000uu2026-04-22-14-44-37-2280315.jpg\",\"datePublished\":\"2026-04-22T14:03:29+00:00\",\"author\":{\"@id\":\"https:\/\/portaltela.pt\/#\/schema\/person\/c4278d4a6028830caff9ee44b42d32ed\"},\"breadcrumb\":{\"@id\":\"https:\/\/portaltela.pt\/noticias\/2026\/04\/22\/macron-anuncia-morte-de-militar-frances-em-ataque-do-hezbollah-no-libano\/#breadcrumb\"},\"inLanguage\":\"pt-PT\",\"potentialAction\":[{\"@type\":\"ReadAction\",\"target\":[\"https:\/\/portaltela.pt\/noticias\/2026\/04\/22\/macron-anuncia-morte-de-militar-frances-em-ataque-do-hezbollah-no-libano\/\"]}]},{\"@type\":\"ImageObject\",\"inLanguage\":\"pt-PT\",\"@id\":\"https:\/\/portaltela.pt\/noticias\/2026\/04\/22\/macron-anuncia-morte-de-militar-frances-em-ataque-do-hezbollah-no-libano\/#primaryimage\",\"url\":\"https:\/\/portaltela.pt\/s.01k8rhncp4jt1\/2026\/04\/img_1500x1000uu2026-04-22-14-44-37-2280315.jpg\",\"contentUrl\":\"https:\/\/portaltela.pt\/s.01k8rhncp4jt1\/2026\/04\/img_1500x1000uu2026-04-22-14-44-37-2280315.jpg\",\"width\":796,\"height\":448,\"caption\":\"Anicet Girardin, o militar franc\u00eas que morreu num ataque do Hezbollah no L\u00edbano\"},{\"@type\":\"BreadcrumbList\",\"@id\":\"https:\/\/portaltela.pt\/noticias\/2026\/04\/22\/macron-anuncia-morte-de-militar-frances-em-ataque-do-hezbollah-no-libano\/#breadcrumb\",\"itemListElement\":[{\"@type\":\"ListItem\",\"position\":1,\"name\":\"In\u00edcio\",\"item\":\"https:\/\/portaltela.pt\/\"},{\"@type\":\"ListItem\",\"position\":2,\"name\":\"Macron anuncia morte de militar franc\u00eas em ataque do Hezbollah no L\u00edbano\"}]},{\"@type\":\"WebSite\",\"@id\":\"https:\/\/portaltela.pt\/#website\",\"url\":\"https:\/\/portaltela.pt\/\",\"name\":\"Portal Tela Portugal\",\"description\":\"\",\"potentialAction\":[{\"@type\":\"SearchAction\",\"target\":{\"@type\":\"EntryPoint\",\"urlTemplate\":\"https:\/\/portaltela.pt\/?s={search_term_string}\"},\"query-input\":{\"@type\":\"PropertyValueSpecification\",\"valueRequired\":true,\"valueName\":\"search_term_string\"}}],\"inLanguage\":\"pt-PT\"},{\"@type\":\"Person\",\"@id\":\"https:\/\/portaltela.pt\/#\/schema\/person\/c4278d4a6028830caff9ee44b42d32ed\",\"name\":\"Telinha\",\"image\":{\"@type\":\"ImageObject\",\"inLanguage\":\"pt-PT\",\"@id\":\"https:\/\/portaltela.pt\/s.01k8rhncp4jt1\/2025\/11\/talking-bot-125x125.png\",\"url\":\"https:\/\/portaltela.pt\/s.01k8rhncp4jt1\/2025\/11\/talking-bot-125x125.png\",\"contentUrl\":\"https:\/\/portaltela.pt\/s.01k8rhncp4jt1\/2025\/11\/talking-bot-125x125.png\",\"caption\":\"Telinha\"},\"sameAs\":[\"https:\/\/portaltela.pt\/\"],\"url\":\"https:\/\/portaltela.pt\/por\/367410592786\/\"}]}<\/script>\n<!-- \/ Yoast SEO plugin. -->","yoast_head_json":{"title":"Macron anuncia morte de militar franc\u00eas em ataque do Hezbollah no L\u00edbano - Portal Tela Portugal","robots":{"index":"index","follow":"follow","max-snippet":"max-snippet:-1","max-image-preview":"max-image-preview:large","max-video-preview":"max-video-preview:-1"},"og_locale":"pt_PT","og_type":"article","og_title":"Macron anuncia morte de militar franc\u00eas em ataque do Hezbollah no L\u00edbano - Portal Tela Portugal","og_description":"O presidente franc\u00eas, Emmanuel Macron, anunciou a morte do militar Anicet Girardin, cabo-chefe, na sequ\u00eancia de um ataque do Hezbollah no L\u00edbano. Girardin ficou gravemente ferido e teve de ser repatriado, mas n\u00e3o resistiu aos ferimentos. O ataque ocorreu esta quarta-feira de manh\u00e3, segundo o chefe de Estado franc\u00eas. Em mar\u00e7o, morreu o suboficial Arnaud Frion, de 42 anos, durante um ataque na regi\u00e3o de Arbil, no Curdist\u00e3o iraquiano, morto por drone iraniano.","og_url":"https:\/\/portaltela.pt\/noticias\/2026\/04\/22\/macron-anuncia-morte-de-militar-frances-em-ataque-do-hezbollah-no-libano\/","og_site_name":"Portal Tela Portugal","article_published_time":"2026-04-22T14:03:29+00:00","author":"Telinha","twitter_card":"summary_large_image","twitter_misc":{"Escrito por":"Telinha","Tempo estimado de leitura":"1 minuto"},"schema":{"@context":"https:\/\/schema.org","@graph":[{"@type":"Article","@id":"https:\/\/portaltela.pt\/noticias\/2026\/04\/22\/macron-anuncia-morte-de-militar-frances-em-ataque-do-hezbollah-no-libano\/#article","isPartOf":{"@id":"https:\/\/portaltela.pt\/noticias\/2026\/04\/22\/macron-anuncia-morte-de-militar-frances-em-ataque-do-hezbollah-no-libano\/"},"author":{"name":"Telinha","@id":"https:\/\/portaltela.pt\/#\/schema\/person\/c4278d4a6028830caff9ee44b42d32ed"},"headline":"Macron anuncia morte de militar franc\u00eas em ataque do Hezbollah no L\u00edbano","datePublished":"2026-04-22T14:03:29+00:00","mainEntityOfPage":{"@id":"https:\/\/portaltela.pt\/noticias\/2026\/04\/22\/macron-anuncia-morte-de-militar-frances-em-ataque-do-hezbollah-no-libano\/"},"wordCount":157,"image":{"@id":"https:\/\/portaltela.pt\/noticias\/2026\/04\/22\/macron-anuncia-morte-de-militar-frances-em-ataque-do-hezbollah-no-libano\/#primaryimage"},"thumbnailUrl":"https:\/\/portaltela.pt\/s.01k8rhncp4jt1\/2026\/04\/img_1500x1000uu2026-04-22-14-44-37-2280315.jpg","keywords":["_conflitos","_For\u00e7as Armadas","_L\u00edbano","Fran\u00e7a","mortes"],"articleSection":["Conflitos","Guerra"],"inLanguage":"pt-PT"},{"@type":"WebPage","@id":"https:\/\/portaltela.pt\/noticias\/2026\/04\/22\/macron-anuncia-morte-de-militar-frances-em-ataque-do-hezbollah-no-libano\/","url":"https:\/\/portaltela.pt\/noticias\/2026\/04\/22\/macron-anuncia-morte-de-militar-frances-em-ataque-do-hezbollah-no-libano\/","name":"Macron anuncia morte de militar franc\u00eas em ataque do Hezbollah no L\u00edbano - Portal Tela Portugal","isPartOf":{"@id":"https:\/\/portaltela.pt\/#website"},"primaryImageOfPage":{"@id":"https:\/\/portaltela.pt\/noticias\/2026\/04\/22\/macron-anuncia-morte-de-militar-frances-em-ataque-do-hezbollah-no-libano\/#primaryimage"},"image":{"@id":"https:\/\/portaltela.pt\/noticias\/2026\/04\/22\/macron-anuncia-morte-de-militar-frances-em-ataque-do-hezbollah-no-libano\/#primaryimage"},"thumbnailUrl":"https:\/\/portaltela.pt\/s.01k8rhncp4jt1\/2026\/04\/img_1500x1000uu2026-04-22-14-44-37-2280315.jpg","datePublished":"2026-04-22T14:03:29+00:00","author":{"@id":"https:\/\/portaltela.pt\/#\/schema\/person\/c4278d4a6028830caff9ee44b42d32ed"},"breadcrumb":{"@id":"https:\/\/portaltela.pt\/noticias\/2026\/04\/22\/macron-anuncia-morte-de-militar-frances-em-ataque-do-hezbollah-no-libano\/#breadcrumb"},"inLanguage":"pt-PT","potentialAction":[{"@type":"ReadAction","target":["https:\/\/portaltela.pt\/noticias\/2026\/04\/22\/macron-anuncia-morte-de-militar-frances-em-ataque-do-hezbollah-no-libano\/"]}]},{"@type":"ImageObject","inLanguage":"pt-PT","@id":"https:\/\/portaltela.pt\/noticias\/2026\/04\/22\/macron-anuncia-morte-de-militar-frances-em-ataque-do-hezbollah-no-libano\/#primaryimage","url":"https:\/\/portaltela.pt\/s.01k8rhncp4jt1\/2026\/04\/img_1500x1000uu2026-04-22-14-44-37-2280315.jpg","contentUrl":"https:\/\/portaltela.pt\/s.01k8rhncp4jt1\/2026\/04\/img_1500x1000uu2026-04-22-14-44-37-2280315.jpg","width":796,"height":448,"caption":"Anicet Girardin, o militar franc\u00eas que morreu num ataque do Hezbollah no L\u00edbano"},{"@type":"BreadcrumbList","@id":"https:\/\/portaltela.pt\/noticias\/2026\/04\/22\/macron-anuncia-morte-de-militar-frances-em-ataque-do-hezbollah-no-libano\/#breadcrumb","itemListElement":[{"@type":"ListItem","position":1,"name":"In\u00edcio","item":"https:\/\/portaltela.pt\/"},{"@type":"ListItem","position":2,"name":"Macron anuncia morte de militar franc\u00eas em ataque do Hezbollah no L\u00edbano"}]},{"@type":"WebSite","@id":"https:\/\/portaltela.pt\/#website","url":"https:\/\/portaltela.pt\/","name":"Portal Tela Portugal","description":"","potentialAction":[{"@type":"SearchAction","target":{"@type":"EntryPoint","urlTemplate":"https:\/\/portaltela.pt\/?s={search_term_string}"},"query-input":{"@type":"PropertyValueSpecification","valueRequired":true,"valueName":"search_term_string"}}],"inLanguage":"pt-PT"},{"@type":"Person","@id":"https:\/\/portaltela.pt\/#\/schema\/person\/c4278d4a6028830caff9ee44b42d32ed","name":"Telinha","image":{"@type":"ImageObject","inLanguage":"pt-PT","@id":"https:\/\/portaltela.pt\/s.01k8rhncp4jt1\/2025\/11\/talking-bot-125x125.png","url":"https:\/\/portaltela.pt\/s.01k8rhncp4jt1\/2025\/11\/talking-bot-125x125.png","contentUrl":"https:\/\/portaltela.pt\/s.01k8rhncp4jt1\/2025\/11\/talking-bot-125x125.png","caption":"Telinha"},"sameAs":["https:\/\/portaltela.pt\/"],"url":"https:\/\/portaltela.pt\/por\/367410592786\/"}]}},"_links":{"self":[{"href":"https:\/\/portaltela.pt\/api\/wp\/v2\/posts\/454481","targetHints":{"allow":["GET"]}}],"collection":[{"href":"https:\/\/portaltela.pt\/api\/wp\/v2\/posts"}],"about":[{"href":"https:\/\/portaltela.pt\/api\/wp\/v2\/types\/post"}],"author":[{"embeddable":true,"href":"https:\/\/portaltela.pt\/api\/wp\/v2\/users\/2"}],"replies":[{"embeddable":true,"href":"https:\/\/portaltela.pt\/api\/wp\/v2\/comments?post=454481"}],"version-history":[{"count":0,"href":"https:\/\/portaltela.pt\/api\/wp\/v2\/posts\/454481\/revisions"}],"wp:featuredmedia":[{"embeddable":true,"href":"https:\/\/portaltela.pt\/api\/wp\/v2\/media\/454486"}],"wp:attachment":[{"href":"https:\/\/portaltela.pt\/api\/wp\/v2\/media?parent=454481"}],"wp:term":[{"taxonomy":"category","embeddable":true,"href":"https:\/\/portaltela.pt\/api\/wp\/v2\/categories?post=454481"},{"taxonomy":"post_tag","embeddable":true,"href":"https:\/\/portaltela.pt\/api\/wp\/v2\/tags?post=454481"}],"curies":[{"name":"wp","href":"https:\/\/api.w.org\/{rel}","templated":true}]}}