{"id":454446,"date":"2026-04-22T10:48:15","date_gmt":"2026-04-22T13:48:15","guid":{"rendered":"https:\/\/portaltela.pt\/noticias\/2026\/04\/22\/escritor-franco-argelino-exilado-condenado-a-tres-anos-de-prisao-na-argelia\/"},"modified":"2026-04-22T10:48:15","modified_gmt":"2026-04-22T13:48:15","slug":"escritor-franco-argelino-exilado-condenado-a-tres-anos-de-prisao-na-argelia","status":"publish","type":"post","link":"https:\/\/portaltela.pt\/internacionais\/2026\/04\/22\/escritor-franco-argelino-exilado-condenado-a-tres-anos-de-prisao-na-argelia\/","title":{"rendered":"Escritor franco-argelino exilado condenado a tr\u00eas anos de pris\u00e3o na Arg\u00e9lia"},"content":{"rendered":"<p>Um escritor franco-argelino, atualmente exilado em Fran\u00e7a, foi condenado a tr\u00eas anos de pris\u00e3o efetiva na Arg\u00e9lia. A informa\u00e7\u00e3o indica que a senten\u00e7a \u00e9 para cumprimento direto, mas n\u00e3o foram avan\u00e7ados detalhes sobre o crime ou o processo.<\/p>\n<p>A decis\u00e3o foi reportada pela ag\u00eancia LUSA, sem divulga\u00e7\u00e3o de dados adicionais sobre a audi\u00eancia, o tribunal ou as circunst\u00e2ncias que levaram \u00e0 condena\u00e7\u00e3o.<\/p>\n<p>At\u00e9 ao momento, n\u00e3o foram fornecidos esclarecimentos oficiais sobre eventuais recursos, nem sobre o estado atual do caso. A not\u00edcia mant\u00e9m o foco na natureza da pena imposta e no perfil do condenado.<\/p>\n","protected":false},"excerpt":{"rendered":"<ul>\n<li>Um escritor franco-argelino, exilado em Fran\u00e7a, foi condenado na Arg\u00e9lia.<\/li>\n<li>A pena \u00e9 de tr\u00eas anos de pris\u00e3o efetiva.<\/li>\n<li>A not\u00edcia baseia-se no t\u00edtulo do texto, sem detalhes adicionais no conte\u00fado fornecido.<\/li>\n<li>N\u00e3o h\u00e1 informa\u00e7\u00f5es adicionais inclu\u00eddas no conte\u00fado apresentado.<\/li>\n<\/ul>\n","protected":false},"author":2,"featured_media":454449,"comment_status":"closed","ping_status":"closed","sticky":false,"template":"","format":"standard","meta":{"footnotes":""},"categories":[6912],"tags":[2254,6543,147,1856,803,4343],"class_list":["post-454446","post","type-post","status-publish","format-standard","has-post-thumbnail","hentry","category-internacionais","tag-argelia","tag-condenacao","tag-crime","tag-franca","tag-justica","tag-prisoes"],"yoast_head":"<!-- This site is optimized with the Yoast SEO plugin v27.2 - https:\/\/yoast.com\/product\/yoast-seo-wordpress\/ -->\n<title>Escritor franco-argelino exilado condenado a tr\u00eas anos de pris\u00e3o na Arg\u00e9lia - Portal Tela Portugal<\/title>\n<meta name=\"robots\" content=\"index, follow, max-snippet:-1, max-image-preview:large, max-video-preview:-1\" \/>\n<meta property=\"og:locale\" content=\"pt_PT\" \/>\n<meta property=\"og:type\" content=\"article\" \/>\n<meta property=\"og:title\" content=\"Escritor franco-argelino exilado condenado a tr\u00eas anos de pris\u00e3o na Arg\u00e9lia - Portal Tela Portugal\" \/>\n<meta property=\"og:description\" content=\"Um escritor franco-argelino, exilado em Fran\u00e7a, foi condenado na Arg\u00e9lia. A pena \u00e9 de tr\u00eas anos de pris\u00e3o efetiva. A not\u00edcia baseia-se no t\u00edtulo do texto, sem detalhes adicionais no conte\u00fado fornecido. N\u00e3o h\u00e1 informa\u00e7\u00f5es adicionais inclu\u00eddas no conte\u00fado apresentado.\" \/>\n<meta property=\"og:url\" content=\"https:\/\/portaltela.pt\/noticias\/2026\/04\/22\/escritor-franco-argelino-exilado-condenado-a-tres-anos-de-prisao-na-argelia\/\" \/>\n<meta property=\"og:site_name\" content=\"Portal Tela Portugal\" \/>\n<meta property=\"article:published_time\" content=\"2026-04-22T13:48:15+00:00\" \/>\n<meta name=\"author\" content=\"Telinha\" \/>\n<meta name=\"twitter:card\" content=\"summary_large_image\" \/>\n<meta name=\"twitter:label1\" content=\"Escrito por\" \/>\n\t<meta name=\"twitter:data1\" content=\"Telinha\" \/>\n\t<meta name=\"twitter:label2\" content=\"Tempo estimado de leitura\" \/>\n\t<meta name=\"twitter:data2\" content=\"1 minuto\" \/>\n<script type=\"application\/ld+json\" class=\"yoast-schema-graph\">{\"@context\":\"https:\/\/schema.org\",\"@graph\":[{\"@type\":\"Article\",\"@id\":\"https:\/\/portaltela.pt\/noticias\/2026\/04\/22\/escritor-franco-argelino-exilado-condenado-a-tres-anos-de-prisao-na-argelia\/#article\",\"isPartOf\":{\"@id\":\"https:\/\/portaltela.pt\/noticias\/2026\/04\/22\/escritor-franco-argelino-exilado-condenado-a-tres-anos-de-prisao-na-argelia\/\"},\"author\":{\"name\":\"Telinha\",\"@id\":\"https:\/\/portaltela.pt\/#\/schema\/person\/c4278d4a6028830caff9ee44b42d32ed\"},\"headline\":\"Escritor franco-argelino exilado condenado a tr\u00eas anos de pris\u00e3o na Arg\u00e9lia\",\"datePublished\":\"2026-04-22T13:48:15+00:00\",\"mainEntityOfPage\":{\"@id\":\"https:\/\/portaltela.pt\/noticias\/2026\/04\/22\/escritor-franco-argelino-exilado-condenado-a-tres-anos-de-prisao-na-argelia\/\"},\"wordCount\":124,\"image\":{\"@id\":\"https:\/\/portaltela.pt\/noticias\/2026\/04\/22\/escritor-franco-argelino-exilado-condenado-a-tres-anos-de-prisao-na-argelia\/#primaryimage\"},\"thumbnailUrl\":\"https:\/\/portaltela.pt\/s.01k8rhncp4jt1\/2026\/04\/CACHE_780X1200_ANALOG_WATERMARKED_43849599_215946511861093.jpg\",\"keywords\":[\"Arg\u00e9lia\",\"condena\u00e7\u00e3o\",\"crime\",\"Fran\u00e7a\",\"justi\u00e7a\",\"pris\u00f5es\"],\"articleSection\":[\"Internacionais\"],\"inLanguage\":\"pt-PT\"},{\"@type\":\"WebPage\",\"@id\":\"https:\/\/portaltela.pt\/noticias\/2026\/04\/22\/escritor-franco-argelino-exilado-condenado-a-tres-anos-de-prisao-na-argelia\/\",\"url\":\"https:\/\/portaltela.pt\/noticias\/2026\/04\/22\/escritor-franco-argelino-exilado-condenado-a-tres-anos-de-prisao-na-argelia\/\",\"name\":\"Escritor franco-argelino exilado condenado a tr\u00eas anos de pris\u00e3o na Arg\u00e9lia - Portal Tela Portugal\",\"isPartOf\":{\"@id\":\"https:\/\/portaltela.pt\/#website\"},\"primaryImageOfPage\":{\"@id\":\"https:\/\/portaltela.pt\/noticias\/2026\/04\/22\/escritor-franco-argelino-exilado-condenado-a-tres-anos-de-prisao-na-argelia\/#primaryimage\"},\"image\":{\"@id\":\"https:\/\/portaltela.pt\/noticias\/2026\/04\/22\/escritor-franco-argelino-exilado-condenado-a-tres-anos-de-prisao-na-argelia\/#primaryimage\"},\"thumbnailUrl\":\"https:\/\/portaltela.pt\/s.01k8rhncp4jt1\/2026\/04\/CACHE_780X1200_ANALOG_WATERMARKED_43849599_215946511861093.jpg\",\"datePublished\":\"2026-04-22T13:48:15+00:00\",\"author\":{\"@id\":\"https:\/\/portaltela.pt\/#\/schema\/person\/c4278d4a6028830caff9ee44b42d32ed\"},\"breadcrumb\":{\"@id\":\"https:\/\/portaltela.pt\/noticias\/2026\/04\/22\/escritor-franco-argelino-exilado-condenado-a-tres-anos-de-prisao-na-argelia\/#breadcrumb\"},\"inLanguage\":\"pt-PT\",\"potentialAction\":[{\"@type\":\"ReadAction\",\"target\":[\"https:\/\/portaltela.pt\/noticias\/2026\/04\/22\/escritor-franco-argelino-exilado-condenado-a-tres-anos-de-prisao-na-argelia\/\"]}]},{\"@type\":\"ImageObject\",\"inLanguage\":\"pt-PT\",\"@id\":\"https:\/\/portaltela.pt\/noticias\/2026\/04\/22\/escritor-franco-argelino-exilado-condenado-a-tres-anos-de-prisao-na-argelia\/#primaryimage\",\"url\":\"https:\/\/portaltela.pt\/s.01k8rhncp4jt1\/2026\/04\/CACHE_780X1200_ANALOG_WATERMARKED_43849599_215946511861093.jpg\",\"contentUrl\":\"https:\/\/portaltela.pt\/s.01k8rhncp4jt1\/2026\/04\/CACHE_780X1200_ANALOG_WATERMARKED_43849599_215946511861093.jpg\",\"width\":796,\"height\":448,\"caption\":\"Escritor franco-argelino exilado em Fran\u00e7a condenado a tr\u00eas anos de pris\u00e3o efetiva na Arg\u00e9lia\"},{\"@type\":\"BreadcrumbList\",\"@id\":\"https:\/\/portaltela.pt\/noticias\/2026\/04\/22\/escritor-franco-argelino-exilado-condenado-a-tres-anos-de-prisao-na-argelia\/#breadcrumb\",\"itemListElement\":[{\"@type\":\"ListItem\",\"position\":1,\"name\":\"In\u00edcio\",\"item\":\"https:\/\/portaltela.pt\/\"},{\"@type\":\"ListItem\",\"position\":2,\"name\":\"Escritor franco-argelino exilado condenado a tr\u00eas anos de pris\u00e3o na Arg\u00e9lia\"}]},{\"@type\":\"WebSite\",\"@id\":\"https:\/\/portaltela.pt\/#website\",\"url\":\"https:\/\/portaltela.pt\/\",\"name\":\"Portal Tela Portugal\",\"description\":\"\",\"potentialAction\":[{\"@type\":\"SearchAction\",\"target\":{\"@type\":\"EntryPoint\",\"urlTemplate\":\"https:\/\/portaltela.pt\/?s={search_term_string}\"},\"query-input\":{\"@type\":\"PropertyValueSpecification\",\"valueRequired\":true,\"valueName\":\"search_term_string\"}}],\"inLanguage\":\"pt-PT\"},{\"@type\":\"Person\",\"@id\":\"https:\/\/portaltela.pt\/#\/schema\/person\/c4278d4a6028830caff9ee44b42d32ed\",\"name\":\"Telinha\",\"image\":{\"@type\":\"ImageObject\",\"inLanguage\":\"pt-PT\",\"@id\":\"https:\/\/portaltela.pt\/s.01k8rhncp4jt1\/2025\/11\/talking-bot-125x125.png\",\"url\":\"https:\/\/portaltela.pt\/s.01k8rhncp4jt1\/2025\/11\/talking-bot-125x125.png\",\"contentUrl\":\"https:\/\/portaltela.pt\/s.01k8rhncp4jt1\/2025\/11\/talking-bot-125x125.png\",\"caption\":\"Telinha\"},\"sameAs\":[\"https:\/\/portaltela.pt\/\"],\"url\":\"https:\/\/portaltela.pt\/por\/367410592786\/\"}]}<\/script>\n<!-- \/ Yoast SEO plugin. -->","yoast_head_json":{"title":"Escritor franco-argelino exilado condenado a tr\u00eas anos de pris\u00e3o na Arg\u00e9lia - Portal Tela Portugal","robots":{"index":"index","follow":"follow","max-snippet":"max-snippet:-1","max-image-preview":"max-image-preview:large","max-video-preview":"max-video-preview:-1"},"og_locale":"pt_PT","og_type":"article","og_title":"Escritor franco-argelino exilado condenado a tr\u00eas anos de pris\u00e3o na Arg\u00e9lia - Portal Tela Portugal","og_description":"Um escritor franco-argelino, exilado em Fran\u00e7a, foi condenado na Arg\u00e9lia. A pena \u00e9 de tr\u00eas anos de pris\u00e3o efetiva. A not\u00edcia baseia-se no t\u00edtulo do texto, sem detalhes adicionais no conte\u00fado fornecido. N\u00e3o h\u00e1 informa\u00e7\u00f5es adicionais inclu\u00eddas no conte\u00fado apresentado.","og_url":"https:\/\/portaltela.pt\/noticias\/2026\/04\/22\/escritor-franco-argelino-exilado-condenado-a-tres-anos-de-prisao-na-argelia\/","og_site_name":"Portal Tela Portugal","article_published_time":"2026-04-22T13:48:15+00:00","author":"Telinha","twitter_card":"summary_large_image","twitter_misc":{"Escrito por":"Telinha","Tempo estimado de leitura":"1 minuto"},"schema":{"@context":"https:\/\/schema.org","@graph":[{"@type":"Article","@id":"https:\/\/portaltela.pt\/noticias\/2026\/04\/22\/escritor-franco-argelino-exilado-condenado-a-tres-anos-de-prisao-na-argelia\/#article","isPartOf":{"@id":"https:\/\/portaltela.pt\/noticias\/2026\/04\/22\/escritor-franco-argelino-exilado-condenado-a-tres-anos-de-prisao-na-argelia\/"},"author":{"name":"Telinha","@id":"https:\/\/portaltela.pt\/#\/schema\/person\/c4278d4a6028830caff9ee44b42d32ed"},"headline":"Escritor franco-argelino exilado condenado a tr\u00eas anos de pris\u00e3o na Arg\u00e9lia","datePublished":"2026-04-22T13:48:15+00:00","mainEntityOfPage":{"@id":"https:\/\/portaltela.pt\/noticias\/2026\/04\/22\/escritor-franco-argelino-exilado-condenado-a-tres-anos-de-prisao-na-argelia\/"},"wordCount":124,"image":{"@id":"https:\/\/portaltela.pt\/noticias\/2026\/04\/22\/escritor-franco-argelino-exilado-condenado-a-tres-anos-de-prisao-na-argelia\/#primaryimage"},"thumbnailUrl":"https:\/\/portaltela.pt\/s.01k8rhncp4jt1\/2026\/04\/CACHE_780X1200_ANALOG_WATERMARKED_43849599_215946511861093.jpg","keywords":["Arg\u00e9lia","condena\u00e7\u00e3o","crime","Fran\u00e7a","justi\u00e7a","pris\u00f5es"],"articleSection":["Internacionais"],"inLanguage":"pt-PT"},{"@type":"WebPage","@id":"https:\/\/portaltela.pt\/noticias\/2026\/04\/22\/escritor-franco-argelino-exilado-condenado-a-tres-anos-de-prisao-na-argelia\/","url":"https:\/\/portaltela.pt\/noticias\/2026\/04\/22\/escritor-franco-argelino-exilado-condenado-a-tres-anos-de-prisao-na-argelia\/","name":"Escritor franco-argelino exilado condenado a tr\u00eas anos de pris\u00e3o na Arg\u00e9lia - Portal Tela Portugal","isPartOf":{"@id":"https:\/\/portaltela.pt\/#website"},"primaryImageOfPage":{"@id":"https:\/\/portaltela.pt\/noticias\/2026\/04\/22\/escritor-franco-argelino-exilado-condenado-a-tres-anos-de-prisao-na-argelia\/#primaryimage"},"image":{"@id":"https:\/\/portaltela.pt\/noticias\/2026\/04\/22\/escritor-franco-argelino-exilado-condenado-a-tres-anos-de-prisao-na-argelia\/#primaryimage"},"thumbnailUrl":"https:\/\/portaltela.pt\/s.01k8rhncp4jt1\/2026\/04\/CACHE_780X1200_ANALOG_WATERMARKED_43849599_215946511861093.jpg","datePublished":"2026-04-22T13:48:15+00:00","author":{"@id":"https:\/\/portaltela.pt\/#\/schema\/person\/c4278d4a6028830caff9ee44b42d32ed"},"breadcrumb":{"@id":"https:\/\/portaltela.pt\/noticias\/2026\/04\/22\/escritor-franco-argelino-exilado-condenado-a-tres-anos-de-prisao-na-argelia\/#breadcrumb"},"inLanguage":"pt-PT","potentialAction":[{"@type":"ReadAction","target":["https:\/\/portaltela.pt\/noticias\/2026\/04\/22\/escritor-franco-argelino-exilado-condenado-a-tres-anos-de-prisao-na-argelia\/"]}]},{"@type":"ImageObject","inLanguage":"pt-PT","@id":"https:\/\/portaltela.pt\/noticias\/2026\/04\/22\/escritor-franco-argelino-exilado-condenado-a-tres-anos-de-prisao-na-argelia\/#primaryimage","url":"https:\/\/portaltela.pt\/s.01k8rhncp4jt1\/2026\/04\/CACHE_780X1200_ANALOG_WATERMARKED_43849599_215946511861093.jpg","contentUrl":"https:\/\/portaltela.pt\/s.01k8rhncp4jt1\/2026\/04\/CACHE_780X1200_ANALOG_WATERMARKED_43849599_215946511861093.jpg","width":796,"height":448,"caption":"Escritor franco-argelino exilado em Fran\u00e7a condenado a tr\u00eas anos de pris\u00e3o efetiva na Arg\u00e9lia"},{"@type":"BreadcrumbList","@id":"https:\/\/portaltela.pt\/noticias\/2026\/04\/22\/escritor-franco-argelino-exilado-condenado-a-tres-anos-de-prisao-na-argelia\/#breadcrumb","itemListElement":[{"@type":"ListItem","position":1,"name":"In\u00edcio","item":"https:\/\/portaltela.pt\/"},{"@type":"ListItem","position":2,"name":"Escritor franco-argelino exilado condenado a tr\u00eas anos de pris\u00e3o na Arg\u00e9lia"}]},{"@type":"WebSite","@id":"https:\/\/portaltela.pt\/#website","url":"https:\/\/portaltela.pt\/","name":"Portal Tela Portugal","description":"","potentialAction":[{"@type":"SearchAction","target":{"@type":"EntryPoint","urlTemplate":"https:\/\/portaltela.pt\/?s={search_term_string}"},"query-input":{"@type":"PropertyValueSpecification","valueRequired":true,"valueName":"search_term_string"}}],"inLanguage":"pt-PT"},{"@type":"Person","@id":"https:\/\/portaltela.pt\/#\/schema\/person\/c4278d4a6028830caff9ee44b42d32ed","name":"Telinha","image":{"@type":"ImageObject","inLanguage":"pt-PT","@id":"https:\/\/portaltela.pt\/s.01k8rhncp4jt1\/2025\/11\/talking-bot-125x125.png","url":"https:\/\/portaltela.pt\/s.01k8rhncp4jt1\/2025\/11\/talking-bot-125x125.png","contentUrl":"https:\/\/portaltela.pt\/s.01k8rhncp4jt1\/2025\/11\/talking-bot-125x125.png","caption":"Telinha"},"sameAs":["https:\/\/portaltela.pt\/"],"url":"https:\/\/portaltela.pt\/por\/367410592786\/"}]}},"_links":{"self":[{"href":"https:\/\/portaltela.pt\/api\/wp\/v2\/posts\/454446","targetHints":{"allow":["GET"]}}],"collection":[{"href":"https:\/\/portaltela.pt\/api\/wp\/v2\/posts"}],"about":[{"href":"https:\/\/portaltela.pt\/api\/wp\/v2\/types\/post"}],"author":[{"embeddable":true,"href":"https:\/\/portaltela.pt\/api\/wp\/v2\/users\/2"}],"replies":[{"embeddable":true,"href":"https:\/\/portaltela.pt\/api\/wp\/v2\/comments?post=454446"}],"version-history":[{"count":0,"href":"https:\/\/portaltela.pt\/api\/wp\/v2\/posts\/454446\/revisions"}],"wp:featuredmedia":[{"embeddable":true,"href":"https:\/\/portaltela.pt\/api\/wp\/v2\/media\/454449"}],"wp:attachment":[{"href":"https:\/\/portaltela.pt\/api\/wp\/v2\/media?parent=454446"}],"wp:term":[{"taxonomy":"category","embeddable":true,"href":"https:\/\/portaltela.pt\/api\/wp\/v2\/categories?post=454446"},{"taxonomy":"post_tag","embeddable":true,"href":"https:\/\/portaltela.pt\/api\/wp\/v2\/tags?post=454446"}],"curies":[{"name":"wp","href":"https:\/\/api.w.org\/{rel}","templated":true}]}}