{"id":454369,"date":"2026-04-22T10:02:56","date_gmt":"2026-04-22T13:02:56","guid":{"rendered":"https:\/\/portaltela.pt\/noticias\/2026\/04\/22\/bebe-de-dois-anos-em-estado-grave-apos-queda-de-tres-metros-num-cruzeiro-no-funchal\/"},"modified":"2026-04-22T10:02:56","modified_gmt":"2026-04-22T13:02:56","slug":"bebe-de-dois-anos-em-estado-grave-apos-queda-de-tres-metros-num-cruzeiro-no-funchal","status":"publish","type":"post","link":"https:\/\/portaltela.pt\/acidentes\/2026\/04\/22\/bebe-de-dois-anos-em-estado-grave-apos-queda-de-tres-metros-num-cruzeiro-no-funchal\/","title":{"rendered":"Beb\u00e9 de dois anos em estado grave ap\u00f3s queda de tr\u00eas metros num cruzeiro no Funchal"},"content":{"rendered":"<p>Um beb\u00e9 de dois anos ficou gravemente ferido ap\u00f3s cair de tr\u00eas metros num cruzeiro no Funchal, Madeira, nesta quarta-feira. O acidente aconteceu a bordo do navio, ainda sem indica\u00e7\u00e3o do nome.<\/p>\n<p>A crian\u00e7a recebeu assist\u00eancia imediata da equipa m\u00e9dica do navio, que conseguiu estabiliz\u00e1-la no local. Seguiu-se a transfer\u00eancia para o Hospital Dr. N\u00e9lio Mendon\u00e7a.<\/p>\n<p>No hospital, o beb\u00e9 encontra-se internado nas urg\u00eancias da ala pedi\u00e1trica, em estado grave. A equipa m\u00e9dica acompanha o seu programa de avalia\u00e7\u00e3o e tratamento.<\/p>\n<p>As causas do acidente est\u00e3o a ser apuradas pelas autoridades competentes. N\u00e3o foram divulgados mais detalhes sobre as circunst\u00e2ncias que levaram \u00e0 queda.<\/p>\n<p>Em atualiza\u00e7\u00e3o.<\/p>\n","protected":false},"excerpt":{"rendered":"<ul>\n<li>Um beb\u00e9 de dois anos caiu de tr\u00eas metros num cruzeiro no Funchal, Madeira, nesta quarta-feira, e ficou em estado grave.<\/li>\n<li>A equipa m\u00e9dica do navio estabilizou a crian\u00e7a no local antes de a transportar para o Hospital Dr. N\u00e9lio Mendon\u00e7a.<\/li>\n<li>O beb\u00e9 est\u00e1 internado nas urg\u00eancias da ala pedi\u00e1trica do hospital.<\/li>\n<li>As causas do acidente est\u00e3o por apurar.<\/li>\n<\/ul>\n","protected":false},"author":2,"featured_media":454374,"comment_status":"closed","ping_status":"closed","sticky":false,"template":"","format":"standard","meta":{"footnotes":""},"categories":[6849],"tags":[8341,7925,9424,8414,8392],"class_list":["post-454369","post","type-post","status-publish","format-standard","has-post-thumbnail","hentry","category-acidentes","tag-_acidente","tag-_criancas","tag-_funchal","tag-_hospitais","tag-_madeira"],"yoast_head":"<!-- This site is optimized with the Yoast SEO plugin v27.2 - https:\/\/yoast.com\/product\/yoast-seo-wordpress\/ -->\n<title>Beb\u00e9 de dois anos em estado grave ap\u00f3s queda de tr\u00eas metros num cruzeiro no Funchal - Portal Tela Portugal<\/title>\n<meta name=\"robots\" content=\"index, follow, max-snippet:-1, max-image-preview:large, max-video-preview:-1\" \/>\n<meta property=\"og:locale\" content=\"pt_PT\" \/>\n<meta property=\"og:type\" content=\"article\" \/>\n<meta property=\"og:title\" content=\"Beb\u00e9 de dois anos em estado grave ap\u00f3s queda de tr\u00eas metros num cruzeiro no Funchal - Portal Tela Portugal\" \/>\n<meta property=\"og:description\" content=\"Um beb\u00e9 de dois anos caiu de tr\u00eas metros num cruzeiro no Funchal, Madeira, nesta quarta-feira, e ficou em estado grave. A equipa m\u00e9dica do navio estabilizou a crian\u00e7a no local antes de a transportar para o Hospital Dr. N\u00e9lio Mendon\u00e7a. O beb\u00e9 est\u00e1 internado nas urg\u00eancias da ala pedi\u00e1trica do hospital. As causas do acidente est\u00e3o por apurar.\" \/>\n<meta property=\"og:url\" content=\"https:\/\/portaltela.pt\/noticias\/2026\/04\/22\/bebe-de-dois-anos-em-estado-grave-apos-queda-de-tres-metros-num-cruzeiro-no-funchal\/\" \/>\n<meta property=\"og:site_name\" content=\"Portal Tela Portugal\" \/>\n<meta property=\"article:published_time\" content=\"2026-04-22T13:02:56+00:00\" \/>\n<meta name=\"author\" content=\"Telinha\" \/>\n<meta name=\"twitter:card\" content=\"summary_large_image\" \/>\n<meta name=\"twitter:label1\" content=\"Escrito por\" \/>\n\t<meta name=\"twitter:data1\" content=\"Telinha\" \/>\n\t<meta name=\"twitter:label2\" content=\"Tempo estimado de leitura\" \/>\n\t<meta name=\"twitter:data2\" content=\"1 minuto\" \/>\n<script type=\"application\/ld+json\" class=\"yoast-schema-graph\">{\"@context\":\"https:\/\/schema.org\",\"@graph\":[{\"@type\":\"Article\",\"@id\":\"https:\/\/portaltela.pt\/noticias\/2026\/04\/22\/bebe-de-dois-anos-em-estado-grave-apos-queda-de-tres-metros-num-cruzeiro-no-funchal\/#article\",\"isPartOf\":{\"@id\":\"https:\/\/portaltela.pt\/noticias\/2026\/04\/22\/bebe-de-dois-anos-em-estado-grave-apos-queda-de-tres-metros-num-cruzeiro-no-funchal\/\"},\"author\":{\"name\":\"Telinha\",\"@id\":\"https:\/\/portaltela.pt\/#\/schema\/person\/c4278d4a6028830caff9ee44b42d32ed\"},\"headline\":\"Beb\u00e9 de dois anos em estado grave ap\u00f3s queda de tr\u00eas metros num cruzeiro no Funchal\",\"datePublished\":\"2026-04-22T13:02:56+00:00\",\"mainEntityOfPage\":{\"@id\":\"https:\/\/portaltela.pt\/noticias\/2026\/04\/22\/bebe-de-dois-anos-em-estado-grave-apos-queda-de-tres-metros-num-cruzeiro-no-funchal\/\"},\"wordCount\":141,\"image\":{\"@id\":\"https:\/\/portaltela.pt\/noticias\/2026\/04\/22\/bebe-de-dois-anos-em-estado-grave-apos-queda-de-tres-metros-num-cruzeiro-no-funchal\/#primaryimage\"},\"thumbnailUrl\":\"https:\/\/portaltela.pt\/s.01k8rhncp4jt1\/2026\/04\/img_1500x1000uu2026-04-22-14-00-37-2280303.jpg\",\"keywords\":[\"_acidente\",\"_crian\u00e7as\",\"_Funchal\",\"_hospitais\",\"_Madeira\"],\"articleSection\":[\"Acidentes\"],\"inLanguage\":\"pt-PT\"},{\"@type\":\"WebPage\",\"@id\":\"https:\/\/portaltela.pt\/noticias\/2026\/04\/22\/bebe-de-dois-anos-em-estado-grave-apos-queda-de-tres-metros-num-cruzeiro-no-funchal\/\",\"url\":\"https:\/\/portaltela.pt\/noticias\/2026\/04\/22\/bebe-de-dois-anos-em-estado-grave-apos-queda-de-tres-metros-num-cruzeiro-no-funchal\/\",\"name\":\"Beb\u00e9 de dois anos em estado grave ap\u00f3s queda de tr\u00eas metros num cruzeiro no Funchal - Portal Tela Portugal\",\"isPartOf\":{\"@id\":\"https:\/\/portaltela.pt\/#website\"},\"primaryImageOfPage\":{\"@id\":\"https:\/\/portaltela.pt\/noticias\/2026\/04\/22\/bebe-de-dois-anos-em-estado-grave-apos-queda-de-tres-metros-num-cruzeiro-no-funchal\/#primaryimage\"},\"image\":{\"@id\":\"https:\/\/portaltela.pt\/noticias\/2026\/04\/22\/bebe-de-dois-anos-em-estado-grave-apos-queda-de-tres-metros-num-cruzeiro-no-funchal\/#primaryimage\"},\"thumbnailUrl\":\"https:\/\/portaltela.pt\/s.01k8rhncp4jt1\/2026\/04\/img_1500x1000uu2026-04-22-14-00-37-2280303.jpg\",\"datePublished\":\"2026-04-22T13:02:56+00:00\",\"author\":{\"@id\":\"https:\/\/portaltela.pt\/#\/schema\/person\/c4278d4a6028830caff9ee44b42d32ed\"},\"breadcrumb\":{\"@id\":\"https:\/\/portaltela.pt\/noticias\/2026\/04\/22\/bebe-de-dois-anos-em-estado-grave-apos-queda-de-tres-metros-num-cruzeiro-no-funchal\/#breadcrumb\"},\"inLanguage\":\"pt-PT\",\"potentialAction\":[{\"@type\":\"ReadAction\",\"target\":[\"https:\/\/portaltela.pt\/noticias\/2026\/04\/22\/bebe-de-dois-anos-em-estado-grave-apos-queda-de-tres-metros-num-cruzeiro-no-funchal\/\"]}]},{\"@type\":\"ImageObject\",\"inLanguage\":\"pt-PT\",\"@id\":\"https:\/\/portaltela.pt\/noticias\/2026\/04\/22\/bebe-de-dois-anos-em-estado-grave-apos-queda-de-tres-metros-num-cruzeiro-no-funchal\/#primaryimage\",\"url\":\"https:\/\/portaltela.pt\/s.01k8rhncp4jt1\/2026\/04\/img_1500x1000uu2026-04-22-14-00-37-2280303.jpg\",\"contentUrl\":\"https:\/\/portaltela.pt\/s.01k8rhncp4jt1\/2026\/04\/img_1500x1000uu2026-04-22-14-00-37-2280303.jpg\",\"width\":796,\"height\":448,\"caption\":\"Beb\u00e9 de dois anos em estado grave ap\u00f3s queda de tr\u00eas metros em cruzeiro no Funchal\"},{\"@type\":\"BreadcrumbList\",\"@id\":\"https:\/\/portaltela.pt\/noticias\/2026\/04\/22\/bebe-de-dois-anos-em-estado-grave-apos-queda-de-tres-metros-num-cruzeiro-no-funchal\/#breadcrumb\",\"itemListElement\":[{\"@type\":\"ListItem\",\"position\":1,\"name\":\"In\u00edcio\",\"item\":\"https:\/\/portaltela.pt\/\"},{\"@type\":\"ListItem\",\"position\":2,\"name\":\"Beb\u00e9 de dois anos em estado grave ap\u00f3s queda de tr\u00eas metros num cruzeiro no Funchal\"}]},{\"@type\":\"WebSite\",\"@id\":\"https:\/\/portaltela.pt\/#website\",\"url\":\"https:\/\/portaltela.pt\/\",\"name\":\"Portal Tela Portugal\",\"description\":\"\",\"potentialAction\":[{\"@type\":\"SearchAction\",\"target\":{\"@type\":\"EntryPoint\",\"urlTemplate\":\"https:\/\/portaltela.pt\/?s={search_term_string}\"},\"query-input\":{\"@type\":\"PropertyValueSpecification\",\"valueRequired\":true,\"valueName\":\"search_term_string\"}}],\"inLanguage\":\"pt-PT\"},{\"@type\":\"Person\",\"@id\":\"https:\/\/portaltela.pt\/#\/schema\/person\/c4278d4a6028830caff9ee44b42d32ed\",\"name\":\"Telinha\",\"image\":{\"@type\":\"ImageObject\",\"inLanguage\":\"pt-PT\",\"@id\":\"https:\/\/portaltela.pt\/s.01k8rhncp4jt1\/2025\/11\/talking-bot-125x125.png\",\"url\":\"https:\/\/portaltela.pt\/s.01k8rhncp4jt1\/2025\/11\/talking-bot-125x125.png\",\"contentUrl\":\"https:\/\/portaltela.pt\/s.01k8rhncp4jt1\/2025\/11\/talking-bot-125x125.png\",\"caption\":\"Telinha\"},\"sameAs\":[\"https:\/\/portaltela.pt\/\"],\"url\":\"https:\/\/portaltela.pt\/por\/367410592786\/\"}]}<\/script>\n<!-- \/ Yoast SEO plugin. -->","yoast_head_json":{"title":"Beb\u00e9 de dois anos em estado grave ap\u00f3s queda de tr\u00eas metros num cruzeiro no Funchal - Portal Tela Portugal","robots":{"index":"index","follow":"follow","max-snippet":"max-snippet:-1","max-image-preview":"max-image-preview:large","max-video-preview":"max-video-preview:-1"},"og_locale":"pt_PT","og_type":"article","og_title":"Beb\u00e9 de dois anos em estado grave ap\u00f3s queda de tr\u00eas metros num cruzeiro no Funchal - Portal Tela Portugal","og_description":"Um beb\u00e9 de dois anos caiu de tr\u00eas metros num cruzeiro no Funchal, Madeira, nesta quarta-feira, e ficou em estado grave. A equipa m\u00e9dica do navio estabilizou a crian\u00e7a no local antes de a transportar para o Hospital Dr. N\u00e9lio Mendon\u00e7a. O beb\u00e9 est\u00e1 internado nas urg\u00eancias da ala pedi\u00e1trica do hospital. As causas do acidente est\u00e3o por apurar.","og_url":"https:\/\/portaltela.pt\/noticias\/2026\/04\/22\/bebe-de-dois-anos-em-estado-grave-apos-queda-de-tres-metros-num-cruzeiro-no-funchal\/","og_site_name":"Portal Tela Portugal","article_published_time":"2026-04-22T13:02:56+00:00","author":"Telinha","twitter_card":"summary_large_image","twitter_misc":{"Escrito por":"Telinha","Tempo estimado de leitura":"1 minuto"},"schema":{"@context":"https:\/\/schema.org","@graph":[{"@type":"Article","@id":"https:\/\/portaltela.pt\/noticias\/2026\/04\/22\/bebe-de-dois-anos-em-estado-grave-apos-queda-de-tres-metros-num-cruzeiro-no-funchal\/#article","isPartOf":{"@id":"https:\/\/portaltela.pt\/noticias\/2026\/04\/22\/bebe-de-dois-anos-em-estado-grave-apos-queda-de-tres-metros-num-cruzeiro-no-funchal\/"},"author":{"name":"Telinha","@id":"https:\/\/portaltela.pt\/#\/schema\/person\/c4278d4a6028830caff9ee44b42d32ed"},"headline":"Beb\u00e9 de dois anos em estado grave ap\u00f3s queda de tr\u00eas metros num cruzeiro no Funchal","datePublished":"2026-04-22T13:02:56+00:00","mainEntityOfPage":{"@id":"https:\/\/portaltela.pt\/noticias\/2026\/04\/22\/bebe-de-dois-anos-em-estado-grave-apos-queda-de-tres-metros-num-cruzeiro-no-funchal\/"},"wordCount":141,"image":{"@id":"https:\/\/portaltela.pt\/noticias\/2026\/04\/22\/bebe-de-dois-anos-em-estado-grave-apos-queda-de-tres-metros-num-cruzeiro-no-funchal\/#primaryimage"},"thumbnailUrl":"https:\/\/portaltela.pt\/s.01k8rhncp4jt1\/2026\/04\/img_1500x1000uu2026-04-22-14-00-37-2280303.jpg","keywords":["_acidente","_crian\u00e7as","_Funchal","_hospitais","_Madeira"],"articleSection":["Acidentes"],"inLanguage":"pt-PT"},{"@type":"WebPage","@id":"https:\/\/portaltela.pt\/noticias\/2026\/04\/22\/bebe-de-dois-anos-em-estado-grave-apos-queda-de-tres-metros-num-cruzeiro-no-funchal\/","url":"https:\/\/portaltela.pt\/noticias\/2026\/04\/22\/bebe-de-dois-anos-em-estado-grave-apos-queda-de-tres-metros-num-cruzeiro-no-funchal\/","name":"Beb\u00e9 de dois anos em estado grave ap\u00f3s queda de tr\u00eas metros num cruzeiro no Funchal - Portal Tela Portugal","isPartOf":{"@id":"https:\/\/portaltela.pt\/#website"},"primaryImageOfPage":{"@id":"https:\/\/portaltela.pt\/noticias\/2026\/04\/22\/bebe-de-dois-anos-em-estado-grave-apos-queda-de-tres-metros-num-cruzeiro-no-funchal\/#primaryimage"},"image":{"@id":"https:\/\/portaltela.pt\/noticias\/2026\/04\/22\/bebe-de-dois-anos-em-estado-grave-apos-queda-de-tres-metros-num-cruzeiro-no-funchal\/#primaryimage"},"thumbnailUrl":"https:\/\/portaltela.pt\/s.01k8rhncp4jt1\/2026\/04\/img_1500x1000uu2026-04-22-14-00-37-2280303.jpg","datePublished":"2026-04-22T13:02:56+00:00","author":{"@id":"https:\/\/portaltela.pt\/#\/schema\/person\/c4278d4a6028830caff9ee44b42d32ed"},"breadcrumb":{"@id":"https:\/\/portaltela.pt\/noticias\/2026\/04\/22\/bebe-de-dois-anos-em-estado-grave-apos-queda-de-tres-metros-num-cruzeiro-no-funchal\/#breadcrumb"},"inLanguage":"pt-PT","potentialAction":[{"@type":"ReadAction","target":["https:\/\/portaltela.pt\/noticias\/2026\/04\/22\/bebe-de-dois-anos-em-estado-grave-apos-queda-de-tres-metros-num-cruzeiro-no-funchal\/"]}]},{"@type":"ImageObject","inLanguage":"pt-PT","@id":"https:\/\/portaltela.pt\/noticias\/2026\/04\/22\/bebe-de-dois-anos-em-estado-grave-apos-queda-de-tres-metros-num-cruzeiro-no-funchal\/#primaryimage","url":"https:\/\/portaltela.pt\/s.01k8rhncp4jt1\/2026\/04\/img_1500x1000uu2026-04-22-14-00-37-2280303.jpg","contentUrl":"https:\/\/portaltela.pt\/s.01k8rhncp4jt1\/2026\/04\/img_1500x1000uu2026-04-22-14-00-37-2280303.jpg","width":796,"height":448,"caption":"Beb\u00e9 de dois anos em estado grave ap\u00f3s queda de tr\u00eas metros em cruzeiro no Funchal"},{"@type":"BreadcrumbList","@id":"https:\/\/portaltela.pt\/noticias\/2026\/04\/22\/bebe-de-dois-anos-em-estado-grave-apos-queda-de-tres-metros-num-cruzeiro-no-funchal\/#breadcrumb","itemListElement":[{"@type":"ListItem","position":1,"name":"In\u00edcio","item":"https:\/\/portaltela.pt\/"},{"@type":"ListItem","position":2,"name":"Beb\u00e9 de dois anos em estado grave ap\u00f3s queda de tr\u00eas metros num cruzeiro no Funchal"}]},{"@type":"WebSite","@id":"https:\/\/portaltela.pt\/#website","url":"https:\/\/portaltela.pt\/","name":"Portal Tela Portugal","description":"","potentialAction":[{"@type":"SearchAction","target":{"@type":"EntryPoint","urlTemplate":"https:\/\/portaltela.pt\/?s={search_term_string}"},"query-input":{"@type":"PropertyValueSpecification","valueRequired":true,"valueName":"search_term_string"}}],"inLanguage":"pt-PT"},{"@type":"Person","@id":"https:\/\/portaltela.pt\/#\/schema\/person\/c4278d4a6028830caff9ee44b42d32ed","name":"Telinha","image":{"@type":"ImageObject","inLanguage":"pt-PT","@id":"https:\/\/portaltela.pt\/s.01k8rhncp4jt1\/2025\/11\/talking-bot-125x125.png","url":"https:\/\/portaltela.pt\/s.01k8rhncp4jt1\/2025\/11\/talking-bot-125x125.png","contentUrl":"https:\/\/portaltela.pt\/s.01k8rhncp4jt1\/2025\/11\/talking-bot-125x125.png","caption":"Telinha"},"sameAs":["https:\/\/portaltela.pt\/"],"url":"https:\/\/portaltela.pt\/por\/367410592786\/"}]}},"_links":{"self":[{"href":"https:\/\/portaltela.pt\/api\/wp\/v2\/posts\/454369","targetHints":{"allow":["GET"]}}],"collection":[{"href":"https:\/\/portaltela.pt\/api\/wp\/v2\/posts"}],"about":[{"href":"https:\/\/portaltela.pt\/api\/wp\/v2\/types\/post"}],"author":[{"embeddable":true,"href":"https:\/\/portaltela.pt\/api\/wp\/v2\/users\/2"}],"replies":[{"embeddable":true,"href":"https:\/\/portaltela.pt\/api\/wp\/v2\/comments?post=454369"}],"version-history":[{"count":0,"href":"https:\/\/portaltela.pt\/api\/wp\/v2\/posts\/454369\/revisions"}],"wp:featuredmedia":[{"embeddable":true,"href":"https:\/\/portaltela.pt\/api\/wp\/v2\/media\/454374"}],"wp:attachment":[{"href":"https:\/\/portaltela.pt\/api\/wp\/v2\/media?parent=454369"}],"wp:term":[{"taxonomy":"category","embeddable":true,"href":"https:\/\/portaltela.pt\/api\/wp\/v2\/categories?post=454369"},{"taxonomy":"post_tag","embeddable":true,"href":"https:\/\/portaltela.pt\/api\/wp\/v2\/tags?post=454369"}],"curies":[{"name":"wp","href":"https:\/\/api.w.org\/{rel}","templated":true}]}}