{"id":454287,"date":"2026-04-22T09:03:30","date_gmt":"2026-04-22T12:03:30","guid":{"rendered":"https:\/\/portaltela.pt\/noticias\/2026\/04\/22\/antes-de-cortar-lacos-com-um-familiar-nove-perguntas-a-considerar\/"},"modified":"2026-04-22T09:03:30","modified_gmt":"2026-04-22T12:03:30","slug":"antes-de-cortar-lacos-com-um-familiar-nove-perguntas-a-considerar","status":"publish","type":"post","link":"https:\/\/portaltela.pt\/familia\/2026\/04\/22\/antes-de-cortar-lacos-com-um-familiar-nove-perguntas-a-considerar\/","title":{"rendered":"Antes de cortar la\u00e7os com um familiar: nove perguntas a considerar"},"content":{"rendered":"<p>Durante sess\u00f5es de terapia, surgem perguntas sobre o afastamento de familiares, incluindo o que \u00e9 necess\u00e1rio antes de alcan\u00e7ar o contacto zero. A escolha pode ser protetora em situa\u00e7\u00f5es de abuso, mas nem sempre \u00e9 inevit\u00e1vel cortar o la\u00e7o de imediato. O foco est\u00e1 em avaliar alternativas que possam resultar em mudan\u00e7a sem perder o v\u00ednculo.<\/p>\n<p>Em vez de rotular a rela\u00e7\u00e3o com termos agressivos, \u00e9 crucial descrever comportamentos e impactos emocionais de forma clara. A linguagem negativa pode dificultar o entendimento da outra pessoa e impedir respostas construtivas. Preparar o terreno facilita o di\u00e1logo subsequente.<\/p>\n<p>A conversa inicial deve ser bem estruturada: explicar que se quer ouvir sem defesa imediata, indicar as raz\u00f5es e pedir repeti\u00e7\u00e3o do que foi entendido para confirmar o grasp. Clarificar o objetivo ajuda a evitar mal-entendidos e favorece a comunica\u00e7\u00e3o.<\/p>\n<p>Ao identificar o que magoa, \u00e9 essencial focar nas pr\u00f3prias rea\u00e7\u00f5es, n\u00e3o no car\u00e1cter da outra pessoa. Exemplo: reconhecer que determinadas atitudes geraram auto-censura ou humilha\u00e7\u00e3o, e comunicar o desejo de mudar esse padr\u00e3o.<\/p>\n<p>Ouvir a perspetiva da outra parte pode parecer desvalorizante, mas a pr\u00e1tica recomenda responder com empatia, responsabilidade e vontade de mudan\u00e7a. Repetir o que foi dito sem julgamento demonstra que se foi ouvido e compreendido.<\/p>\n<p>O tempo para repara\u00e7\u00e3o \u00e9 um elemento chave. Muitos pais n\u00e3o possuem experi\u00eancias de comunica\u00e7\u00e3o semelhantes \u00e0s que os filhos adultos exigem, e pode ser necess\u00e1ria terapia adicional. A clareza sobre o que \u00e9 aceit\u00e1vel deve permanecer firme.<\/p>\n<p>\u00c9 poss\u00edvel manter a conversa sem citar o terapeuta, adotando a pr\u00f3pria autoridade para fundamentar as posi\u00e7\u00f5es. Se a cita\u00e7\u00e3o for usada, pode sinalizar ainda alguma inseguran\u00e7a na defesa das pr\u00f3prias ideias.<\/p>\n<p>A influ\u00eancia de um companheiro pode acelerar o afastamento, intencionalmente ou por indu\u00e7\u00e3o, mas \u00e9 importante reconhecer quando o distanciamento passa a ser uma forma de evitar conflitos, em vez de resolver o problema.<\/p>\n<p>Antes de decidir cortar rela\u00e7\u00f5es, ponderar as consequ\u00eancias \u00e9 essencial. O afastamento altera din\u00e2micas familiares, afetando irm\u00e3os, primos e netos, e pode exigir ajustes ao longo do tempo.<\/p>\n<p>Em \u00faltimo plano, o afastamento n\u00e3o \u00e9 sempre inevit\u00e1vel. Em algumas situa\u00e7\u00f5es, vale explorar limites e novas condi\u00e7\u00f5es de contacto, em vez de um corte definitivo, para manter o que ainda \u00e9 valioso no relacionamento.<\/p>\n","protected":false},"excerpt":{"rendered":"<ul>\n<li>O afastamento pode ser necess\u00e1rio em casos de abuso; quando a rela\u00e7\u00e3o est\u00e1 desgastada, vale explorar mudan\u00e7as sem cortar contacto por completo.<\/li>\n<li>Comunique claramente as preocupa\u00e7\u00f5es, explique o que pretende que o outro ou\u00e7a e pe\u00e7a que repitam para confirmar que entenderam.<\/li>\n<li>Identifique o que magoa e pe\u00e7a mudan\u00e7a, centrando-se nas pr\u00f3prias reac\u00e7\u00f5es em vez de apontar o car\u00e1cter da outra pessoa.<\/li>\n<li>Esteja aberto a ouvir a perspetiva do outro, responda com empatia e considere terapia como forma de facilitar a repara\u00e7\u00e3o.<\/li>\n<li>Pense nas consequ\u00eancias para o sistema familiar e no tempo necess\u00e1rio; o afastamento envolve impacto noutras rela\u00e7\u00f5es, e em alguns casos o caminho pode incluir limites definidos ou novo tipo de contacto.<\/li>\n<\/ul>\n","protected":false},"author":2,"featured_media":454289,"comment_status":"closed","ping_status":"closed","sticky":false,"template":"","format":"standard","meta":{"footnotes":""},"categories":[7366],"tags":[7933,8441,9068,7924,8206,8931],"class_list":["post-454287","post","type-post","status-publish","format-standard","has-post-thumbnail","hentry","category-familia","tag-_comunicacao-social","tag-_conflito","tag-_conflitos","tag-_familia","tag-_familias","tag-_planeamento-familiar"],"yoast_head":"<!-- This site is optimized with the Yoast SEO plugin v27.2 - https:\/\/yoast.com\/product\/yoast-seo-wordpress\/ -->\n<title>Antes de cortar la\u00e7os com um familiar: nove perguntas a considerar - Portal Tela Portugal<\/title>\n<meta name=\"robots\" content=\"index, follow, max-snippet:-1, max-image-preview:large, max-video-preview:-1\" \/>\n<meta property=\"og:locale\" content=\"pt_PT\" \/>\n<meta property=\"og:type\" content=\"article\" \/>\n<meta property=\"og:title\" content=\"Antes de cortar la\u00e7os com um familiar: nove perguntas a considerar - Portal Tela Portugal\" \/>\n<meta property=\"og:description\" content=\"O afastamento pode ser necess\u00e1rio em casos de abuso; quando a rela\u00e7\u00e3o est\u00e1 desgastada, vale explorar mudan\u00e7as sem cortar contacto por completo. Comunique claramente as preocupa\u00e7\u00f5es, explique o que pretende que o outro ou\u00e7a e pe\u00e7a que repitam para confirmar que entenderam. Identifique o que magoa e pe\u00e7a mudan\u00e7a, centrando-se nas pr\u00f3prias reac\u00e7\u00f5es em vez de apontar o car\u00e1cter da outra pessoa. Esteja aberto a ouvir a perspetiva do outro, responda com empatia e considere terapia como forma de facilitar a repara\u00e7\u00e3o. Pense nas consequ\u00eancias para o sistema familiar e no tempo necess\u00e1rio; o afastamento envolve impacto noutras rela\u00e7\u00f5es, e em alguns casos o caminho pode incluir limites definidos ou novo tipo de contacto.\" \/>\n<meta property=\"og:url\" content=\"https:\/\/portaltela.pt\/noticias\/2026\/04\/22\/antes-de-cortar-lacos-com-um-familiar-nove-perguntas-a-considerar\/\" \/>\n<meta property=\"og:site_name\" content=\"Portal Tela Portugal\" \/>\n<meta property=\"article:published_time\" content=\"2026-04-22T12:03:30+00:00\" \/>\n<meta name=\"author\" content=\"Telinha\" \/>\n<meta name=\"twitter:card\" content=\"summary_large_image\" \/>\n<meta name=\"twitter:label1\" content=\"Escrito por\" \/>\n\t<meta name=\"twitter:data1\" content=\"Telinha\" \/>\n\t<meta name=\"twitter:label2\" content=\"Tempo estimado de leitura\" \/>\n\t<meta name=\"twitter:data2\" content=\"2 minutos\" \/>\n<script type=\"application\/ld+json\" class=\"yoast-schema-graph\">{\"@context\":\"https:\/\/schema.org\",\"@graph\":[{\"@type\":\"Article\",\"@id\":\"https:\/\/portaltela.pt\/noticias\/2026\/04\/22\/antes-de-cortar-lacos-com-um-familiar-nove-perguntas-a-considerar\/#article\",\"isPartOf\":{\"@id\":\"https:\/\/portaltela.pt\/noticias\/2026\/04\/22\/antes-de-cortar-lacos-com-um-familiar-nove-perguntas-a-considerar\/\"},\"author\":{\"name\":\"Telinha\",\"@id\":\"https:\/\/portaltela.pt\/#\/schema\/person\/c4278d4a6028830caff9ee44b42d32ed\"},\"headline\":\"Antes de cortar la\u00e7os com um familiar: nove perguntas a considerar\",\"datePublished\":\"2026-04-22T12:03:30+00:00\",\"mainEntityOfPage\":{\"@id\":\"https:\/\/portaltela.pt\/noticias\/2026\/04\/22\/antes-de-cortar-lacos-com-um-familiar-nove-perguntas-a-considerar\/\"},\"wordCount\":416,\"image\":{\"@id\":\"https:\/\/portaltela.pt\/noticias\/2026\/04\/22\/antes-de-cortar-lacos-com-um-familiar-nove-perguntas-a-considerar\/#primaryimage\"},\"thumbnailUrl\":\"https:\/\/portaltela.pt\/s.01k8rhncp4jt1\/2026\/04\/2083104.jpg\",\"keywords\":[\"_comunica\u00e7\u00e3o social\",\"_conflito\",\"_conflitos\",\"_fam\u00edlia\",\"_fam\u00edlias\",\"_planeamento familiar\"],\"articleSection\":[\"Fam\u00edlia\"],\"inLanguage\":\"pt-PT\"},{\"@type\":\"WebPage\",\"@id\":\"https:\/\/portaltela.pt\/noticias\/2026\/04\/22\/antes-de-cortar-lacos-com-um-familiar-nove-perguntas-a-considerar\/\",\"url\":\"https:\/\/portaltela.pt\/noticias\/2026\/04\/22\/antes-de-cortar-lacos-com-um-familiar-nove-perguntas-a-considerar\/\",\"name\":\"Antes de cortar la\u00e7os com um familiar: nove perguntas a considerar - Portal Tela Portugal\",\"isPartOf\":{\"@id\":\"https:\/\/portaltela.pt\/#website\"},\"primaryImageOfPage\":{\"@id\":\"https:\/\/portaltela.pt\/noticias\/2026\/04\/22\/antes-de-cortar-lacos-com-um-familiar-nove-perguntas-a-considerar\/#primaryimage\"},\"image\":{\"@id\":\"https:\/\/portaltela.pt\/noticias\/2026\/04\/22\/antes-de-cortar-lacos-com-um-familiar-nove-perguntas-a-considerar\/#primaryimage\"},\"thumbnailUrl\":\"https:\/\/portaltela.pt\/s.01k8rhncp4jt1\/2026\/04\/2083104.jpg\",\"datePublished\":\"2026-04-22T12:03:30+00:00\",\"author\":{\"@id\":\"https:\/\/portaltela.pt\/#\/schema\/person\/c4278d4a6028830caff9ee44b42d32ed\"},\"breadcrumb\":{\"@id\":\"https:\/\/portaltela.pt\/noticias\/2026\/04\/22\/antes-de-cortar-lacos-com-um-familiar-nove-perguntas-a-considerar\/#breadcrumb\"},\"inLanguage\":\"pt-PT\",\"potentialAction\":[{\"@type\":\"ReadAction\",\"target\":[\"https:\/\/portaltela.pt\/noticias\/2026\/04\/22\/antes-de-cortar-lacos-com-um-familiar-nove-perguntas-a-considerar\/\"]}]},{\"@type\":\"ImageObject\",\"inLanguage\":\"pt-PT\",\"@id\":\"https:\/\/portaltela.pt\/noticias\/2026\/04\/22\/antes-de-cortar-lacos-com-um-familiar-nove-perguntas-a-considerar\/#primaryimage\",\"url\":\"https:\/\/portaltela.pt\/s.01k8rhncp4jt1\/2026\/04\/2083104.jpg\",\"contentUrl\":\"https:\/\/portaltela.pt\/s.01k8rhncp4jt1\/2026\/04\/2083104.jpg\",\"width\":796,\"height\":448,\"caption\":\"Em situa\u00e7\u00f5es que envolvem abuso, o afastamento pode ser necess\u00e1rio e protector\"},{\"@type\":\"BreadcrumbList\",\"@id\":\"https:\/\/portaltela.pt\/noticias\/2026\/04\/22\/antes-de-cortar-lacos-com-um-familiar-nove-perguntas-a-considerar\/#breadcrumb\",\"itemListElement\":[{\"@type\":\"ListItem\",\"position\":1,\"name\":\"In\u00edcio\",\"item\":\"https:\/\/portaltela.pt\/\"},{\"@type\":\"ListItem\",\"position\":2,\"name\":\"Antes de cortar la\u00e7os com um familiar: nove perguntas a considerar\"}]},{\"@type\":\"WebSite\",\"@id\":\"https:\/\/portaltela.pt\/#website\",\"url\":\"https:\/\/portaltela.pt\/\",\"name\":\"Portal Tela Portugal\",\"description\":\"\",\"potentialAction\":[{\"@type\":\"SearchAction\",\"target\":{\"@type\":\"EntryPoint\",\"urlTemplate\":\"https:\/\/portaltela.pt\/?s={search_term_string}\"},\"query-input\":{\"@type\":\"PropertyValueSpecification\",\"valueRequired\":true,\"valueName\":\"search_term_string\"}}],\"inLanguage\":\"pt-PT\"},{\"@type\":\"Person\",\"@id\":\"https:\/\/portaltela.pt\/#\/schema\/person\/c4278d4a6028830caff9ee44b42d32ed\",\"name\":\"Telinha\",\"image\":{\"@type\":\"ImageObject\",\"inLanguage\":\"pt-PT\",\"@id\":\"https:\/\/portaltela.pt\/s.01k8rhncp4jt1\/2025\/11\/talking-bot-125x125.png\",\"url\":\"https:\/\/portaltela.pt\/s.01k8rhncp4jt1\/2025\/11\/talking-bot-125x125.png\",\"contentUrl\":\"https:\/\/portaltela.pt\/s.01k8rhncp4jt1\/2025\/11\/talking-bot-125x125.png\",\"caption\":\"Telinha\"},\"sameAs\":[\"https:\/\/portaltela.pt\/\"],\"url\":\"https:\/\/portaltela.pt\/por\/367410592786\/\"}]}<\/script>\n<!-- \/ Yoast SEO plugin. -->","yoast_head_json":{"title":"Antes de cortar la\u00e7os com um familiar: nove perguntas a considerar - Portal Tela Portugal","robots":{"index":"index","follow":"follow","max-snippet":"max-snippet:-1","max-image-preview":"max-image-preview:large","max-video-preview":"max-video-preview:-1"},"og_locale":"pt_PT","og_type":"article","og_title":"Antes de cortar la\u00e7os com um familiar: nove perguntas a considerar - Portal Tela Portugal","og_description":"O afastamento pode ser necess\u00e1rio em casos de abuso; quando a rela\u00e7\u00e3o est\u00e1 desgastada, vale explorar mudan\u00e7as sem cortar contacto por completo. Comunique claramente as preocupa\u00e7\u00f5es, explique o que pretende que o outro ou\u00e7a e pe\u00e7a que repitam para confirmar que entenderam. Identifique o que magoa e pe\u00e7a mudan\u00e7a, centrando-se nas pr\u00f3prias reac\u00e7\u00f5es em vez de apontar o car\u00e1cter da outra pessoa. Esteja aberto a ouvir a perspetiva do outro, responda com empatia e considere terapia como forma de facilitar a repara\u00e7\u00e3o. Pense nas consequ\u00eancias para o sistema familiar e no tempo necess\u00e1rio; o afastamento envolve impacto noutras rela\u00e7\u00f5es, e em alguns casos o caminho pode incluir limites definidos ou novo tipo de contacto.","og_url":"https:\/\/portaltela.pt\/noticias\/2026\/04\/22\/antes-de-cortar-lacos-com-um-familiar-nove-perguntas-a-considerar\/","og_site_name":"Portal Tela Portugal","article_published_time":"2026-04-22T12:03:30+00:00","author":"Telinha","twitter_card":"summary_large_image","twitter_misc":{"Escrito por":"Telinha","Tempo estimado de leitura":"2 minutos"},"schema":{"@context":"https:\/\/schema.org","@graph":[{"@type":"Article","@id":"https:\/\/portaltela.pt\/noticias\/2026\/04\/22\/antes-de-cortar-lacos-com-um-familiar-nove-perguntas-a-considerar\/#article","isPartOf":{"@id":"https:\/\/portaltela.pt\/noticias\/2026\/04\/22\/antes-de-cortar-lacos-com-um-familiar-nove-perguntas-a-considerar\/"},"author":{"name":"Telinha","@id":"https:\/\/portaltela.pt\/#\/schema\/person\/c4278d4a6028830caff9ee44b42d32ed"},"headline":"Antes de cortar la\u00e7os com um familiar: nove perguntas a considerar","datePublished":"2026-04-22T12:03:30+00:00","mainEntityOfPage":{"@id":"https:\/\/portaltela.pt\/noticias\/2026\/04\/22\/antes-de-cortar-lacos-com-um-familiar-nove-perguntas-a-considerar\/"},"wordCount":416,"image":{"@id":"https:\/\/portaltela.pt\/noticias\/2026\/04\/22\/antes-de-cortar-lacos-com-um-familiar-nove-perguntas-a-considerar\/#primaryimage"},"thumbnailUrl":"https:\/\/portaltela.pt\/s.01k8rhncp4jt1\/2026\/04\/2083104.jpg","keywords":["_comunica\u00e7\u00e3o social","_conflito","_conflitos","_fam\u00edlia","_fam\u00edlias","_planeamento familiar"],"articleSection":["Fam\u00edlia"],"inLanguage":"pt-PT"},{"@type":"WebPage","@id":"https:\/\/portaltela.pt\/noticias\/2026\/04\/22\/antes-de-cortar-lacos-com-um-familiar-nove-perguntas-a-considerar\/","url":"https:\/\/portaltela.pt\/noticias\/2026\/04\/22\/antes-de-cortar-lacos-com-um-familiar-nove-perguntas-a-considerar\/","name":"Antes de cortar la\u00e7os com um familiar: nove perguntas a considerar - Portal Tela Portugal","isPartOf":{"@id":"https:\/\/portaltela.pt\/#website"},"primaryImageOfPage":{"@id":"https:\/\/portaltela.pt\/noticias\/2026\/04\/22\/antes-de-cortar-lacos-com-um-familiar-nove-perguntas-a-considerar\/#primaryimage"},"image":{"@id":"https:\/\/portaltela.pt\/noticias\/2026\/04\/22\/antes-de-cortar-lacos-com-um-familiar-nove-perguntas-a-considerar\/#primaryimage"},"thumbnailUrl":"https:\/\/portaltela.pt\/s.01k8rhncp4jt1\/2026\/04\/2083104.jpg","datePublished":"2026-04-22T12:03:30+00:00","author":{"@id":"https:\/\/portaltela.pt\/#\/schema\/person\/c4278d4a6028830caff9ee44b42d32ed"},"breadcrumb":{"@id":"https:\/\/portaltela.pt\/noticias\/2026\/04\/22\/antes-de-cortar-lacos-com-um-familiar-nove-perguntas-a-considerar\/#breadcrumb"},"inLanguage":"pt-PT","potentialAction":[{"@type":"ReadAction","target":["https:\/\/portaltela.pt\/noticias\/2026\/04\/22\/antes-de-cortar-lacos-com-um-familiar-nove-perguntas-a-considerar\/"]}]},{"@type":"ImageObject","inLanguage":"pt-PT","@id":"https:\/\/portaltela.pt\/noticias\/2026\/04\/22\/antes-de-cortar-lacos-com-um-familiar-nove-perguntas-a-considerar\/#primaryimage","url":"https:\/\/portaltela.pt\/s.01k8rhncp4jt1\/2026\/04\/2083104.jpg","contentUrl":"https:\/\/portaltela.pt\/s.01k8rhncp4jt1\/2026\/04\/2083104.jpg","width":796,"height":448,"caption":"Em situa\u00e7\u00f5es que envolvem abuso, o afastamento pode ser necess\u00e1rio e protector"},{"@type":"BreadcrumbList","@id":"https:\/\/portaltela.pt\/noticias\/2026\/04\/22\/antes-de-cortar-lacos-com-um-familiar-nove-perguntas-a-considerar\/#breadcrumb","itemListElement":[{"@type":"ListItem","position":1,"name":"In\u00edcio","item":"https:\/\/portaltela.pt\/"},{"@type":"ListItem","position":2,"name":"Antes de cortar la\u00e7os com um familiar: nove perguntas a considerar"}]},{"@type":"WebSite","@id":"https:\/\/portaltela.pt\/#website","url":"https:\/\/portaltela.pt\/","name":"Portal Tela Portugal","description":"","potentialAction":[{"@type":"SearchAction","target":{"@type":"EntryPoint","urlTemplate":"https:\/\/portaltela.pt\/?s={search_term_string}"},"query-input":{"@type":"PropertyValueSpecification","valueRequired":true,"valueName":"search_term_string"}}],"inLanguage":"pt-PT"},{"@type":"Person","@id":"https:\/\/portaltela.pt\/#\/schema\/person\/c4278d4a6028830caff9ee44b42d32ed","name":"Telinha","image":{"@type":"ImageObject","inLanguage":"pt-PT","@id":"https:\/\/portaltela.pt\/s.01k8rhncp4jt1\/2025\/11\/talking-bot-125x125.png","url":"https:\/\/portaltela.pt\/s.01k8rhncp4jt1\/2025\/11\/talking-bot-125x125.png","contentUrl":"https:\/\/portaltela.pt\/s.01k8rhncp4jt1\/2025\/11\/talking-bot-125x125.png","caption":"Telinha"},"sameAs":["https:\/\/portaltela.pt\/"],"url":"https:\/\/portaltela.pt\/por\/367410592786\/"}]}},"_links":{"self":[{"href":"https:\/\/portaltela.pt\/api\/wp\/v2\/posts\/454287","targetHints":{"allow":["GET"]}}],"collection":[{"href":"https:\/\/portaltela.pt\/api\/wp\/v2\/posts"}],"about":[{"href":"https:\/\/portaltela.pt\/api\/wp\/v2\/types\/post"}],"author":[{"embeddable":true,"href":"https:\/\/portaltela.pt\/api\/wp\/v2\/users\/2"}],"replies":[{"embeddable":true,"href":"https:\/\/portaltela.pt\/api\/wp\/v2\/comments?post=454287"}],"version-history":[{"count":0,"href":"https:\/\/portaltela.pt\/api\/wp\/v2\/posts\/454287\/revisions"}],"wp:featuredmedia":[{"embeddable":true,"href":"https:\/\/portaltela.pt\/api\/wp\/v2\/media\/454289"}],"wp:attachment":[{"href":"https:\/\/portaltela.pt\/api\/wp\/v2\/media?parent=454287"}],"wp:term":[{"taxonomy":"category","embeddable":true,"href":"https:\/\/portaltela.pt\/api\/wp\/v2\/categories?post=454287"},{"taxonomy":"post_tag","embeddable":true,"href":"https:\/\/portaltela.pt\/api\/wp\/v2\/tags?post=454287"}],"curies":[{"name":"wp","href":"https:\/\/api.w.org\/{rel}","templated":true}]}}