{"id":454250,"date":"2026-04-22T08:48:15","date_gmt":"2026-04-22T11:48:15","guid":{"rendered":"https:\/\/portaltela.pt\/noticias\/2026\/04\/22\/homem-tenta-matar-mulher-e-suicidar-se-em-oliveira-do-bairro\/"},"modified":"2026-04-22T08:48:15","modified_gmt":"2026-04-22T11:48:15","slug":"homem-tenta-matar-mulher-e-suicidar-se-em-oliveira-do-bairro","status":"publish","type":"post","link":"https:\/\/portaltela.pt\/policia\/2026\/04\/22\/homem-tenta-matar-mulher-e-suicidar-se-em-oliveira-do-bairro\/","title":{"rendered":"Homem tenta matar mulher e suicidar-se em Oliveira do Bairro"},"content":{"rendered":"<p>Um homem ter\u00e1 tentado matar a mulher e suicidar-se em Oliveira do Bairro, de acordo com informa\u00e7\u00f5es preliminares. O epis\u00f3dio ocorreu na localidade, em momento ainda n\u00e3o confirmado pelas autoridades.<\/p>\n<p>O casal encontra-se em estado grave, segundo fontes da prote\u00e7\u00e3o civil local. N\u00e3o foram divulgadas linhas de investiga\u00e7\u00e3o oficiais nem detalhes sobre a motiva\u00e7\u00e3o do incidente.<\/p>\n<p>As autoridades j\u00e1 foram acionadas e asseguram que a situa\u00e7\u00e3o est\u00e1 a ser averiguada pela investiga\u00e7\u00e3o policial. N\u00e3o h\u00e1 confirma\u00e7\u00e3o de antecedentes ou de testemunhas que tenham presenciado o sucedido.<\/p>\n<p>Ainda n\u00e3o h\u00e1 confirma\u00e7\u00e3o sobre eventual interven\u00e7\u00e3o de terceiros ou de intervenientes adicionais no local do incidente. As informa\u00e7\u00f5es oficiais devem ser atualizadas pelos organismos competentes \u00e0 medida que avancem as dilig\u00eancias.<\/p>\n","protected":false},"excerpt":{"rendered":"<ul>\n<li>Homem ter\u00e1 tentado matar a mulher e suicidar-se em Oliveira do Bairro.<\/li>\n<li>Casal encontra-se em estado grave.<\/li>\n<li>O incidente ocorreu em Oliveira do Bairro.<\/li>\n<li>N\u00e3o foram fornecidos mais detalhes no conte\u00fado apresentado.<\/li>\n<li>A not\u00edcia \u00e9 atribu\u00edda ao CM Jornal.<\/li>\n<\/ul>\n","protected":false},"author":2,"featured_media":454253,"comment_status":"closed","ping_status":"closed","sticky":false,"template":"","format":"standard","meta":{"footnotes":""},"categories":[6907,6781],"tags":[147,3418,1014,5445,939],"class_list":["post-454250","post","type-post","status-publish","format-standard","has-post-thumbnail","hentry","category-crime","category-policia","tag-crime","tag-policia-de-seguranca-publica","tag-portugal","tag-tentativa-de-homicidio","tag-violencia"],"yoast_head":"<!-- This site is optimized with the Yoast SEO plugin v27.2 - https:\/\/yoast.com\/product\/yoast-seo-wordpress\/ -->\n<title>Homem tenta matar mulher e suicidar-se em Oliveira do Bairro - Portal Tela Portugal<\/title>\n<meta name=\"robots\" content=\"index, follow, max-snippet:-1, max-image-preview:large, max-video-preview:-1\" \/>\n<meta property=\"og:locale\" content=\"pt_PT\" \/>\n<meta property=\"og:type\" content=\"article\" \/>\n<meta property=\"og:title\" content=\"Homem tenta matar mulher e suicidar-se em Oliveira do Bairro - Portal Tela Portugal\" \/>\n<meta property=\"og:description\" content=\"Homem ter\u00e1 tentado matar a mulher e suicidar-se em Oliveira do Bairro. Casal encontra-se em estado grave. O incidente ocorreu em Oliveira do Bairro. N\u00e3o foram fornecidos mais detalhes no conte\u00fado apresentado. A not\u00edcia \u00e9 atribu\u00edda ao CM Jornal.\" \/>\n<meta property=\"og:url\" content=\"https:\/\/portaltela.pt\/noticias\/2026\/04\/22\/homem-tenta-matar-mulher-e-suicidar-se-em-oliveira-do-bairro\/\" \/>\n<meta property=\"og:site_name\" content=\"Portal Tela Portugal\" \/>\n<meta property=\"article:published_time\" content=\"2026-04-22T11:48:15+00:00\" \/>\n<meta name=\"author\" content=\"Telinha\" \/>\n<meta name=\"twitter:card\" content=\"summary_large_image\" \/>\n<meta name=\"twitter:label1\" content=\"Escrito por\" \/>\n\t<meta name=\"twitter:data1\" content=\"Telinha\" \/>\n\t<meta name=\"twitter:label2\" content=\"Tempo estimado de leitura\" \/>\n\t<meta name=\"twitter:data2\" content=\"1 minuto\" \/>\n<script type=\"application\/ld+json\" class=\"yoast-schema-graph\">{\"@context\":\"https:\/\/schema.org\",\"@graph\":[{\"@type\":\"Article\",\"@id\":\"https:\/\/portaltela.pt\/noticias\/2026\/04\/22\/homem-tenta-matar-mulher-e-suicidar-se-em-oliveira-do-bairro\/#article\",\"isPartOf\":{\"@id\":\"https:\/\/portaltela.pt\/noticias\/2026\/04\/22\/homem-tenta-matar-mulher-e-suicidar-se-em-oliveira-do-bairro\/\"},\"author\":{\"name\":\"Telinha\",\"@id\":\"https:\/\/portaltela.pt\/#\/schema\/person\/c4278d4a6028830caff9ee44b42d32ed\"},\"headline\":\"Homem tenta matar mulher e suicidar-se em Oliveira do Bairro\",\"datePublished\":\"2026-04-22T11:48:15+00:00\",\"mainEntityOfPage\":{\"@id\":\"https:\/\/portaltela.pt\/noticias\/2026\/04\/22\/homem-tenta-matar-mulher-e-suicidar-se-em-oliveira-do-bairro\/\"},\"wordCount\":143,\"image\":{\"@id\":\"https:\/\/portaltela.pt\/noticias\/2026\/04\/22\/homem-tenta-matar-mulher-e-suicidar-se-em-oliveira-do-bairro\/#primaryimage\"},\"thumbnailUrl\":\"https:\/\/portaltela.pt\/s.01k8rhncp4jt1\/2026\/04\/img_1280x722uu2026-04-22-10-55-33-2280270.jpg\",\"keywords\":[\"crime\",\"Pol\u00edcia de Seguran\u00e7a P\u00fablica\",\"Portugal\",\"tentativa de homic\u00eddio\",\"viol\u00eancia\"],\"articleSection\":[\"Crime\",\"Pol\u00edcia\"],\"inLanguage\":\"pt-PT\"},{\"@type\":\"WebPage\",\"@id\":\"https:\/\/portaltela.pt\/noticias\/2026\/04\/22\/homem-tenta-matar-mulher-e-suicidar-se-em-oliveira-do-bairro\/\",\"url\":\"https:\/\/portaltela.pt\/noticias\/2026\/04\/22\/homem-tenta-matar-mulher-e-suicidar-se-em-oliveira-do-bairro\/\",\"name\":\"Homem tenta matar mulher e suicidar-se em Oliveira do Bairro - Portal Tela Portugal\",\"isPartOf\":{\"@id\":\"https:\/\/portaltela.pt\/#website\"},\"primaryImageOfPage\":{\"@id\":\"https:\/\/portaltela.pt\/noticias\/2026\/04\/22\/homem-tenta-matar-mulher-e-suicidar-se-em-oliveira-do-bairro\/#primaryimage\"},\"image\":{\"@id\":\"https:\/\/portaltela.pt\/noticias\/2026\/04\/22\/homem-tenta-matar-mulher-e-suicidar-se-em-oliveira-do-bairro\/#primaryimage\"},\"thumbnailUrl\":\"https:\/\/portaltela.pt\/s.01k8rhncp4jt1\/2026\/04\/img_1280x722uu2026-04-22-10-55-33-2280270.jpg\",\"datePublished\":\"2026-04-22T11:48:15+00:00\",\"author\":{\"@id\":\"https:\/\/portaltela.pt\/#\/schema\/person\/c4278d4a6028830caff9ee44b42d32ed\"},\"breadcrumb\":{\"@id\":\"https:\/\/portaltela.pt\/noticias\/2026\/04\/22\/homem-tenta-matar-mulher-e-suicidar-se-em-oliveira-do-bairro\/#breadcrumb\"},\"inLanguage\":\"pt-PT\",\"potentialAction\":[{\"@type\":\"ReadAction\",\"target\":[\"https:\/\/portaltela.pt\/noticias\/2026\/04\/22\/homem-tenta-matar-mulher-e-suicidar-se-em-oliveira-do-bairro\/\"]}]},{\"@type\":\"ImageObject\",\"inLanguage\":\"pt-PT\",\"@id\":\"https:\/\/portaltela.pt\/noticias\/2026\/04\/22\/homem-tenta-matar-mulher-e-suicidar-se-em-oliveira-do-bairro\/#primaryimage\",\"url\":\"https:\/\/portaltela.pt\/s.01k8rhncp4jt1\/2026\/04\/img_1280x722uu2026-04-22-10-55-33-2280270.jpg\",\"contentUrl\":\"https:\/\/portaltela.pt\/s.01k8rhncp4jt1\/2026\/04\/img_1280x722uu2026-04-22-10-55-33-2280270.jpg\",\"width\":796,\"height\":448,\"caption\":\"Photo\"},{\"@type\":\"BreadcrumbList\",\"@id\":\"https:\/\/portaltela.pt\/noticias\/2026\/04\/22\/homem-tenta-matar-mulher-e-suicidar-se-em-oliveira-do-bairro\/#breadcrumb\",\"itemListElement\":[{\"@type\":\"ListItem\",\"position\":1,\"name\":\"In\u00edcio\",\"item\":\"https:\/\/portaltela.pt\/\"},{\"@type\":\"ListItem\",\"position\":2,\"name\":\"Homem tenta matar mulher e suicidar-se em Oliveira do Bairro\"}]},{\"@type\":\"WebSite\",\"@id\":\"https:\/\/portaltela.pt\/#website\",\"url\":\"https:\/\/portaltela.pt\/\",\"name\":\"Portal Tela Portugal\",\"description\":\"\",\"potentialAction\":[{\"@type\":\"SearchAction\",\"target\":{\"@type\":\"EntryPoint\",\"urlTemplate\":\"https:\/\/portaltela.pt\/?s={search_term_string}\"},\"query-input\":{\"@type\":\"PropertyValueSpecification\",\"valueRequired\":true,\"valueName\":\"search_term_string\"}}],\"inLanguage\":\"pt-PT\"},{\"@type\":\"Person\",\"@id\":\"https:\/\/portaltela.pt\/#\/schema\/person\/c4278d4a6028830caff9ee44b42d32ed\",\"name\":\"Telinha\",\"image\":{\"@type\":\"ImageObject\",\"inLanguage\":\"pt-PT\",\"@id\":\"https:\/\/portaltela.pt\/s.01k8rhncp4jt1\/2025\/11\/talking-bot-125x125.png\",\"url\":\"https:\/\/portaltela.pt\/s.01k8rhncp4jt1\/2025\/11\/talking-bot-125x125.png\",\"contentUrl\":\"https:\/\/portaltela.pt\/s.01k8rhncp4jt1\/2025\/11\/talking-bot-125x125.png\",\"caption\":\"Telinha\"},\"sameAs\":[\"https:\/\/portaltela.pt\/\"],\"url\":\"https:\/\/portaltela.pt\/por\/367410592786\/\"}]}<\/script>\n<!-- \/ Yoast SEO plugin. -->","yoast_head_json":{"title":"Homem tenta matar mulher e suicidar-se em Oliveira do Bairro - Portal Tela Portugal","robots":{"index":"index","follow":"follow","max-snippet":"max-snippet:-1","max-image-preview":"max-image-preview:large","max-video-preview":"max-video-preview:-1"},"og_locale":"pt_PT","og_type":"article","og_title":"Homem tenta matar mulher e suicidar-se em Oliveira do Bairro - Portal Tela Portugal","og_description":"Homem ter\u00e1 tentado matar a mulher e suicidar-se em Oliveira do Bairro. Casal encontra-se em estado grave. O incidente ocorreu em Oliveira do Bairro. N\u00e3o foram fornecidos mais detalhes no conte\u00fado apresentado. A not\u00edcia \u00e9 atribu\u00edda ao CM Jornal.","og_url":"https:\/\/portaltela.pt\/noticias\/2026\/04\/22\/homem-tenta-matar-mulher-e-suicidar-se-em-oliveira-do-bairro\/","og_site_name":"Portal Tela Portugal","article_published_time":"2026-04-22T11:48:15+00:00","author":"Telinha","twitter_card":"summary_large_image","twitter_misc":{"Escrito por":"Telinha","Tempo estimado de leitura":"1 minuto"},"schema":{"@context":"https:\/\/schema.org","@graph":[{"@type":"Article","@id":"https:\/\/portaltela.pt\/noticias\/2026\/04\/22\/homem-tenta-matar-mulher-e-suicidar-se-em-oliveira-do-bairro\/#article","isPartOf":{"@id":"https:\/\/portaltela.pt\/noticias\/2026\/04\/22\/homem-tenta-matar-mulher-e-suicidar-se-em-oliveira-do-bairro\/"},"author":{"name":"Telinha","@id":"https:\/\/portaltela.pt\/#\/schema\/person\/c4278d4a6028830caff9ee44b42d32ed"},"headline":"Homem tenta matar mulher e suicidar-se em Oliveira do Bairro","datePublished":"2026-04-22T11:48:15+00:00","mainEntityOfPage":{"@id":"https:\/\/portaltela.pt\/noticias\/2026\/04\/22\/homem-tenta-matar-mulher-e-suicidar-se-em-oliveira-do-bairro\/"},"wordCount":143,"image":{"@id":"https:\/\/portaltela.pt\/noticias\/2026\/04\/22\/homem-tenta-matar-mulher-e-suicidar-se-em-oliveira-do-bairro\/#primaryimage"},"thumbnailUrl":"https:\/\/portaltela.pt\/s.01k8rhncp4jt1\/2026\/04\/img_1280x722uu2026-04-22-10-55-33-2280270.jpg","keywords":["crime","Pol\u00edcia de Seguran\u00e7a P\u00fablica","Portugal","tentativa de homic\u00eddio","viol\u00eancia"],"articleSection":["Crime","Pol\u00edcia"],"inLanguage":"pt-PT"},{"@type":"WebPage","@id":"https:\/\/portaltela.pt\/noticias\/2026\/04\/22\/homem-tenta-matar-mulher-e-suicidar-se-em-oliveira-do-bairro\/","url":"https:\/\/portaltela.pt\/noticias\/2026\/04\/22\/homem-tenta-matar-mulher-e-suicidar-se-em-oliveira-do-bairro\/","name":"Homem tenta matar mulher e suicidar-se em Oliveira do Bairro - Portal Tela Portugal","isPartOf":{"@id":"https:\/\/portaltela.pt\/#website"},"primaryImageOfPage":{"@id":"https:\/\/portaltela.pt\/noticias\/2026\/04\/22\/homem-tenta-matar-mulher-e-suicidar-se-em-oliveira-do-bairro\/#primaryimage"},"image":{"@id":"https:\/\/portaltela.pt\/noticias\/2026\/04\/22\/homem-tenta-matar-mulher-e-suicidar-se-em-oliveira-do-bairro\/#primaryimage"},"thumbnailUrl":"https:\/\/portaltela.pt\/s.01k8rhncp4jt1\/2026\/04\/img_1280x722uu2026-04-22-10-55-33-2280270.jpg","datePublished":"2026-04-22T11:48:15+00:00","author":{"@id":"https:\/\/portaltela.pt\/#\/schema\/person\/c4278d4a6028830caff9ee44b42d32ed"},"breadcrumb":{"@id":"https:\/\/portaltela.pt\/noticias\/2026\/04\/22\/homem-tenta-matar-mulher-e-suicidar-se-em-oliveira-do-bairro\/#breadcrumb"},"inLanguage":"pt-PT","potentialAction":[{"@type":"ReadAction","target":["https:\/\/portaltela.pt\/noticias\/2026\/04\/22\/homem-tenta-matar-mulher-e-suicidar-se-em-oliveira-do-bairro\/"]}]},{"@type":"ImageObject","inLanguage":"pt-PT","@id":"https:\/\/portaltela.pt\/noticias\/2026\/04\/22\/homem-tenta-matar-mulher-e-suicidar-se-em-oliveira-do-bairro\/#primaryimage","url":"https:\/\/portaltela.pt\/s.01k8rhncp4jt1\/2026\/04\/img_1280x722uu2026-04-22-10-55-33-2280270.jpg","contentUrl":"https:\/\/portaltela.pt\/s.01k8rhncp4jt1\/2026\/04\/img_1280x722uu2026-04-22-10-55-33-2280270.jpg","width":796,"height":448,"caption":"Photo"},{"@type":"BreadcrumbList","@id":"https:\/\/portaltela.pt\/noticias\/2026\/04\/22\/homem-tenta-matar-mulher-e-suicidar-se-em-oliveira-do-bairro\/#breadcrumb","itemListElement":[{"@type":"ListItem","position":1,"name":"In\u00edcio","item":"https:\/\/portaltela.pt\/"},{"@type":"ListItem","position":2,"name":"Homem tenta matar mulher e suicidar-se em Oliveira do Bairro"}]},{"@type":"WebSite","@id":"https:\/\/portaltela.pt\/#website","url":"https:\/\/portaltela.pt\/","name":"Portal Tela Portugal","description":"","potentialAction":[{"@type":"SearchAction","target":{"@type":"EntryPoint","urlTemplate":"https:\/\/portaltela.pt\/?s={search_term_string}"},"query-input":{"@type":"PropertyValueSpecification","valueRequired":true,"valueName":"search_term_string"}}],"inLanguage":"pt-PT"},{"@type":"Person","@id":"https:\/\/portaltela.pt\/#\/schema\/person\/c4278d4a6028830caff9ee44b42d32ed","name":"Telinha","image":{"@type":"ImageObject","inLanguage":"pt-PT","@id":"https:\/\/portaltela.pt\/s.01k8rhncp4jt1\/2025\/11\/talking-bot-125x125.png","url":"https:\/\/portaltela.pt\/s.01k8rhncp4jt1\/2025\/11\/talking-bot-125x125.png","contentUrl":"https:\/\/portaltela.pt\/s.01k8rhncp4jt1\/2025\/11\/talking-bot-125x125.png","caption":"Telinha"},"sameAs":["https:\/\/portaltela.pt\/"],"url":"https:\/\/portaltela.pt\/por\/367410592786\/"}]}},"_links":{"self":[{"href":"https:\/\/portaltela.pt\/api\/wp\/v2\/posts\/454250","targetHints":{"allow":["GET"]}}],"collection":[{"href":"https:\/\/portaltela.pt\/api\/wp\/v2\/posts"}],"about":[{"href":"https:\/\/portaltela.pt\/api\/wp\/v2\/types\/post"}],"author":[{"embeddable":true,"href":"https:\/\/portaltela.pt\/api\/wp\/v2\/users\/2"}],"replies":[{"embeddable":true,"href":"https:\/\/portaltela.pt\/api\/wp\/v2\/comments?post=454250"}],"version-history":[{"count":0,"href":"https:\/\/portaltela.pt\/api\/wp\/v2\/posts\/454250\/revisions"}],"wp:featuredmedia":[{"embeddable":true,"href":"https:\/\/portaltela.pt\/api\/wp\/v2\/media\/454253"}],"wp:attachment":[{"href":"https:\/\/portaltela.pt\/api\/wp\/v2\/media?parent=454250"}],"wp:term":[{"taxonomy":"category","embeddable":true,"href":"https:\/\/portaltela.pt\/api\/wp\/v2\/categories?post=454250"},{"taxonomy":"post_tag","embeddable":true,"href":"https:\/\/portaltela.pt\/api\/wp\/v2\/tags?post=454250"}],"curies":[{"name":"wp","href":"https:\/\/api.w.org\/{rel}","templated":true}]}}