{"id":454207,"date":"2026-04-22T03:52:00","date_gmt":"2026-04-22T06:52:00","guid":{"rendered":"https:\/\/portaltela.pt\/noticias\/2026\/04\/22\/porta-contentores-alvo-de-disparos-iranianos-ao-largo-de-oma-2\/"},"modified":"2026-04-22T03:52:00","modified_gmt":"2026-04-22T06:52:00","slug":"porta-contentores-alvo-de-disparos-iranianos-ao-largo-de-oma-2","status":"publish","type":"post","link":"https:\/\/portaltela.pt\/noticias\/internacional\/2026\/04\/22\/porta-contentores-alvo-de-disparos-iranianos-ao-largo-de-oma-2\/","title":{"rendered":"Porta-contentores alvo de disparos iranianos ao largo de Om\u00e3"},"content":{"rendered":"<p>Um porta-contentores foi alvo de disparos no Golfo de Om\u00e3, segundo relatos preliminares. A origem apontada \u00e9 iraniana, mas n\u00e3o h\u00e1 confirma\u00e7\u00e3o oficial nem detalhes sobre danos ou v\u00edtimas.<\/p>\n<p>Autoridades regionais e a empresa de navega\u00e7\u00e3o acompanham a evolu\u00e7\u00e3o do incidente. At\u00e9 ao momento, nenhuma entidade assumiu responsabilidade nem forneceu informa\u00e7\u00f5es adicionais verific\u00e1veis.<\/p>\n<p>Analistas destacam que o epis\u00f3dio pode ter impacto nas rotas comerciais esquematizadas na regi\u00e3o, com poss\u00edveis repercuss\u00f5es em seguros, fretes e prazos de entrega. Fontes oficiais mant\u00eam sil\u00eancio neste momento.<\/p>\n","protected":false},"excerpt":{"rendered":"<ul>\n<li>Um porta-contentores foi alvo de disparos iranianos ao largo de Om\u00e3.<\/li>\n<li>O incidente ocorreu no mar junto a Om\u00e3, ainda sem detalhes oficiais sobre danos.<\/li>\n<li>N\u00e3o existem informa\u00e7\u00f5es adicionais no resumo dispon\u00edvel neste momento.<\/li>\n<li>O conte\u00fado completo da mat\u00e9ria est\u00e1 acess\u00edvel apenas para subscritores.<\/li>\n<li>N\u00e3o houve confirma\u00e7\u00e3o de v\u00edtimas ou consequ\u00eancias a bordo, segundo o que consta no resumo.<\/li>\n<\/ul>\n","protected":false},"author":2,"featured_media":454218,"comment_status":"closed","ping_status":"closed","sticky":false,"template":"","format":"standard","meta":{"footnotes":""},"categories":[6814,4],"tags":[7934,8132,9121,7899,8943,5997],"class_list":["post-454207","post","type-post","status-publish","format-standard","has-post-thumbnail","hentry","category-geopolitica","category-internacional","tag-_conflitos-internacionais","tag-_iran","tag-_navios","tag-_seguranca-internacional","tag-_transporte-maritimo","tag-oma"],"yoast_head":"<!-- This site is optimized with the Yoast SEO plugin v27.2 - https:\/\/yoast.com\/product\/yoast-seo-wordpress\/ -->\n<title>Porta-contentores alvo de disparos iranianos ao largo de Om\u00e3 - Portal Tela Portugal<\/title>\n<meta name=\"robots\" content=\"index, follow, max-snippet:-1, max-image-preview:large, max-video-preview:-1\" \/>\n<meta property=\"og:locale\" content=\"pt_PT\" \/>\n<meta property=\"og:type\" content=\"article\" \/>\n<meta property=\"og:title\" content=\"Porta-contentores alvo de disparos iranianos ao largo de Om\u00e3 - Portal Tela Portugal\" \/>\n<meta property=\"og:description\" content=\"Um porta-contentores foi alvo de disparos iranianos ao largo de Om\u00e3. O incidente ocorreu no mar junto a Om\u00e3, ainda sem detalhes oficiais sobre danos. N\u00e3o existem informa\u00e7\u00f5es adicionais no resumo dispon\u00edvel neste momento. O conte\u00fado completo da mat\u00e9ria est\u00e1 acess\u00edvel apenas para subscritores. N\u00e3o houve confirma\u00e7\u00e3o de v\u00edtimas ou consequ\u00eancias a bordo, segundo o que consta no resumo.\" \/>\n<meta property=\"og:url\" content=\"https:\/\/portaltela.pt\/noticias\/2026\/04\/22\/porta-contentores-alvo-de-disparos-iranianos-ao-largo-de-oma-2\/\" \/>\n<meta property=\"og:site_name\" content=\"Portal Tela Portugal\" \/>\n<meta property=\"article:published_time\" content=\"2026-04-22T06:52:00+00:00\" \/>\n<meta name=\"author\" content=\"Telinha\" \/>\n<meta name=\"twitter:card\" content=\"summary_large_image\" \/>\n<meta name=\"twitter:label1\" content=\"Escrito por\" \/>\n\t<meta name=\"twitter:data1\" content=\"Telinha\" \/>\n<script type=\"application\/ld+json\" class=\"yoast-schema-graph\">{\"@context\":\"https:\/\/schema.org\",\"@graph\":[{\"@type\":\"Article\",\"@id\":\"https:\/\/portaltela.pt\/noticias\/2026\/04\/22\/porta-contentores-alvo-de-disparos-iranianos-ao-largo-de-oma-2\/#article\",\"isPartOf\":{\"@id\":\"https:\/\/portaltela.pt\/noticias\/2026\/04\/22\/porta-contentores-alvo-de-disparos-iranianos-ao-largo-de-oma-2\/\"},\"author\":{\"name\":\"Telinha\",\"@id\":\"https:\/\/portaltela.pt\/#\/schema\/person\/c4278d4a6028830caff9ee44b42d32ed\"},\"headline\":\"Porta-contentores alvo de disparos iranianos ao largo de Om\u00e3\",\"datePublished\":\"2026-04-22T06:52:00+00:00\",\"mainEntityOfPage\":{\"@id\":\"https:\/\/portaltela.pt\/noticias\/2026\/04\/22\/porta-contentores-alvo-de-disparos-iranianos-ao-largo-de-oma-2\/\"},\"wordCount\":104,\"image\":{\"@id\":\"https:\/\/portaltela.pt\/noticias\/2026\/04\/22\/porta-contentores-alvo-de-disparos-iranianos-ao-largo-de-oma-2\/#primaryimage\"},\"thumbnailUrl\":\"https:\/\/portaltela.pt\/s.01k8rhncp4jt1\/2026\/04\/CACHE_780X1200_ANALOG_WATERMARKED_46957084_467311115852215-1.jpg\",\"keywords\":[\"_conflitos internacionais\",\"_\u00cdr\u00e1n\",\"_navios\",\"_seguran\u00e7a internacional\",\"_transporte mar\u00edtimo\",\"Om\u00e3\"],\"articleSection\":[\"Geopol\u00edtica\",\"Internacional\"],\"inLanguage\":\"pt-PT\"},{\"@type\":\"WebPage\",\"@id\":\"https:\/\/portaltela.pt\/noticias\/2026\/04\/22\/porta-contentores-alvo-de-disparos-iranianos-ao-largo-de-oma-2\/\",\"url\":\"https:\/\/portaltela.pt\/noticias\/2026\/04\/22\/porta-contentores-alvo-de-disparos-iranianos-ao-largo-de-oma-2\/\",\"name\":\"Porta-contentores alvo de disparos iranianos ao largo de Om\u00e3 - Portal Tela Portugal\",\"isPartOf\":{\"@id\":\"https:\/\/portaltela.pt\/#website\"},\"primaryImageOfPage\":{\"@id\":\"https:\/\/portaltela.pt\/noticias\/2026\/04\/22\/porta-contentores-alvo-de-disparos-iranianos-ao-largo-de-oma-2\/#primaryimage\"},\"image\":{\"@id\":\"https:\/\/portaltela.pt\/noticias\/2026\/04\/22\/porta-contentores-alvo-de-disparos-iranianos-ao-largo-de-oma-2\/#primaryimage\"},\"thumbnailUrl\":\"https:\/\/portaltela.pt\/s.01k8rhncp4jt1\/2026\/04\/CACHE_780X1200_ANALOG_WATERMARKED_46957084_467311115852215-1.jpg\",\"datePublished\":\"2026-04-22T06:52:00+00:00\",\"author\":{\"@id\":\"https:\/\/portaltela.pt\/#\/schema\/person\/c4278d4a6028830caff9ee44b42d32ed\"},\"breadcrumb\":{\"@id\":\"https:\/\/portaltela.pt\/noticias\/2026\/04\/22\/porta-contentores-alvo-de-disparos-iranianos-ao-largo-de-oma-2\/#breadcrumb\"},\"inLanguage\":\"pt-PT\",\"potentialAction\":[{\"@type\":\"ReadAction\",\"target\":[\"https:\/\/portaltela.pt\/noticias\/2026\/04\/22\/porta-contentores-alvo-de-disparos-iranianos-ao-largo-de-oma-2\/\"]}]},{\"@type\":\"ImageObject\",\"inLanguage\":\"pt-PT\",\"@id\":\"https:\/\/portaltela.pt\/noticias\/2026\/04\/22\/porta-contentores-alvo-de-disparos-iranianos-ao-largo-de-oma-2\/#primaryimage\",\"url\":\"https:\/\/portaltela.pt\/s.01k8rhncp4jt1\/2026\/04\/CACHE_780X1200_ANALOG_WATERMARKED_46957084_467311115852215-1.jpg\",\"contentUrl\":\"https:\/\/portaltela.pt\/s.01k8rhncp4jt1\/2026\/04\/CACHE_780X1200_ANALOG_WATERMARKED_46957084_467311115852215-1.jpg\",\"width\":796,\"height\":448,\"caption\":\"Porta-contentores alvo de disparos iranianos ao largo de Om\u00e3\"},{\"@type\":\"BreadcrumbList\",\"@id\":\"https:\/\/portaltela.pt\/noticias\/2026\/04\/22\/porta-contentores-alvo-de-disparos-iranianos-ao-largo-de-oma-2\/#breadcrumb\",\"itemListElement\":[{\"@type\":\"ListItem\",\"position\":1,\"name\":\"In\u00edcio\",\"item\":\"https:\/\/portaltela.pt\/\"},{\"@type\":\"ListItem\",\"position\":2,\"name\":\"Porta-contentores alvo de disparos iranianos ao largo de Om\u00e3\"}]},{\"@type\":\"WebSite\",\"@id\":\"https:\/\/portaltela.pt\/#website\",\"url\":\"https:\/\/portaltela.pt\/\",\"name\":\"Portal Tela Portugal\",\"description\":\"\",\"potentialAction\":[{\"@type\":\"SearchAction\",\"target\":{\"@type\":\"EntryPoint\",\"urlTemplate\":\"https:\/\/portaltela.pt\/?s={search_term_string}\"},\"query-input\":{\"@type\":\"PropertyValueSpecification\",\"valueRequired\":true,\"valueName\":\"search_term_string\"}}],\"inLanguage\":\"pt-PT\"},{\"@type\":\"Person\",\"@id\":\"https:\/\/portaltela.pt\/#\/schema\/person\/c4278d4a6028830caff9ee44b42d32ed\",\"name\":\"Telinha\",\"image\":{\"@type\":\"ImageObject\",\"inLanguage\":\"pt-PT\",\"@id\":\"https:\/\/portaltela.pt\/s.01k8rhncp4jt1\/2025\/11\/talking-bot-125x125.png\",\"url\":\"https:\/\/portaltela.pt\/s.01k8rhncp4jt1\/2025\/11\/talking-bot-125x125.png\",\"contentUrl\":\"https:\/\/portaltela.pt\/s.01k8rhncp4jt1\/2025\/11\/talking-bot-125x125.png\",\"caption\":\"Telinha\"},\"sameAs\":[\"https:\/\/portaltela.pt\/\"],\"url\":\"https:\/\/portaltela.pt\/por\/367410592786\/\"}]}<\/script>\n<!-- \/ Yoast SEO plugin. -->","yoast_head_json":{"title":"Porta-contentores alvo de disparos iranianos ao largo de Om\u00e3 - Portal Tela Portugal","robots":{"index":"index","follow":"follow","max-snippet":"max-snippet:-1","max-image-preview":"max-image-preview:large","max-video-preview":"max-video-preview:-1"},"og_locale":"pt_PT","og_type":"article","og_title":"Porta-contentores alvo de disparos iranianos ao largo de Om\u00e3 - Portal Tela Portugal","og_description":"Um porta-contentores foi alvo de disparos iranianos ao largo de Om\u00e3. O incidente ocorreu no mar junto a Om\u00e3, ainda sem detalhes oficiais sobre danos. N\u00e3o existem informa\u00e7\u00f5es adicionais no resumo dispon\u00edvel neste momento. O conte\u00fado completo da mat\u00e9ria est\u00e1 acess\u00edvel apenas para subscritores. N\u00e3o houve confirma\u00e7\u00e3o de v\u00edtimas ou consequ\u00eancias a bordo, segundo o que consta no resumo.","og_url":"https:\/\/portaltela.pt\/noticias\/2026\/04\/22\/porta-contentores-alvo-de-disparos-iranianos-ao-largo-de-oma-2\/","og_site_name":"Portal Tela Portugal","article_published_time":"2026-04-22T06:52:00+00:00","author":"Telinha","twitter_card":"summary_large_image","twitter_misc":{"Escrito por":"Telinha"},"schema":{"@context":"https:\/\/schema.org","@graph":[{"@type":"Article","@id":"https:\/\/portaltela.pt\/noticias\/2026\/04\/22\/porta-contentores-alvo-de-disparos-iranianos-ao-largo-de-oma-2\/#article","isPartOf":{"@id":"https:\/\/portaltela.pt\/noticias\/2026\/04\/22\/porta-contentores-alvo-de-disparos-iranianos-ao-largo-de-oma-2\/"},"author":{"name":"Telinha","@id":"https:\/\/portaltela.pt\/#\/schema\/person\/c4278d4a6028830caff9ee44b42d32ed"},"headline":"Porta-contentores alvo de disparos iranianos ao largo de Om\u00e3","datePublished":"2026-04-22T06:52:00+00:00","mainEntityOfPage":{"@id":"https:\/\/portaltela.pt\/noticias\/2026\/04\/22\/porta-contentores-alvo-de-disparos-iranianos-ao-largo-de-oma-2\/"},"wordCount":104,"image":{"@id":"https:\/\/portaltela.pt\/noticias\/2026\/04\/22\/porta-contentores-alvo-de-disparos-iranianos-ao-largo-de-oma-2\/#primaryimage"},"thumbnailUrl":"https:\/\/portaltela.pt\/s.01k8rhncp4jt1\/2026\/04\/CACHE_780X1200_ANALOG_WATERMARKED_46957084_467311115852215-1.jpg","keywords":["_conflitos internacionais","_\u00cdr\u00e1n","_navios","_seguran\u00e7a internacional","_transporte mar\u00edtimo","Om\u00e3"],"articleSection":["Geopol\u00edtica","Internacional"],"inLanguage":"pt-PT"},{"@type":"WebPage","@id":"https:\/\/portaltela.pt\/noticias\/2026\/04\/22\/porta-contentores-alvo-de-disparos-iranianos-ao-largo-de-oma-2\/","url":"https:\/\/portaltela.pt\/noticias\/2026\/04\/22\/porta-contentores-alvo-de-disparos-iranianos-ao-largo-de-oma-2\/","name":"Porta-contentores alvo de disparos iranianos ao largo de Om\u00e3 - Portal Tela Portugal","isPartOf":{"@id":"https:\/\/portaltela.pt\/#website"},"primaryImageOfPage":{"@id":"https:\/\/portaltela.pt\/noticias\/2026\/04\/22\/porta-contentores-alvo-de-disparos-iranianos-ao-largo-de-oma-2\/#primaryimage"},"image":{"@id":"https:\/\/portaltela.pt\/noticias\/2026\/04\/22\/porta-contentores-alvo-de-disparos-iranianos-ao-largo-de-oma-2\/#primaryimage"},"thumbnailUrl":"https:\/\/portaltela.pt\/s.01k8rhncp4jt1\/2026\/04\/CACHE_780X1200_ANALOG_WATERMARKED_46957084_467311115852215-1.jpg","datePublished":"2026-04-22T06:52:00+00:00","author":{"@id":"https:\/\/portaltela.pt\/#\/schema\/person\/c4278d4a6028830caff9ee44b42d32ed"},"breadcrumb":{"@id":"https:\/\/portaltela.pt\/noticias\/2026\/04\/22\/porta-contentores-alvo-de-disparos-iranianos-ao-largo-de-oma-2\/#breadcrumb"},"inLanguage":"pt-PT","potentialAction":[{"@type":"ReadAction","target":["https:\/\/portaltela.pt\/noticias\/2026\/04\/22\/porta-contentores-alvo-de-disparos-iranianos-ao-largo-de-oma-2\/"]}]},{"@type":"ImageObject","inLanguage":"pt-PT","@id":"https:\/\/portaltela.pt\/noticias\/2026\/04\/22\/porta-contentores-alvo-de-disparos-iranianos-ao-largo-de-oma-2\/#primaryimage","url":"https:\/\/portaltela.pt\/s.01k8rhncp4jt1\/2026\/04\/CACHE_780X1200_ANALOG_WATERMARKED_46957084_467311115852215-1.jpg","contentUrl":"https:\/\/portaltela.pt\/s.01k8rhncp4jt1\/2026\/04\/CACHE_780X1200_ANALOG_WATERMARKED_46957084_467311115852215-1.jpg","width":796,"height":448,"caption":"Porta-contentores alvo de disparos iranianos ao largo de Om\u00e3"},{"@type":"BreadcrumbList","@id":"https:\/\/portaltela.pt\/noticias\/2026\/04\/22\/porta-contentores-alvo-de-disparos-iranianos-ao-largo-de-oma-2\/#breadcrumb","itemListElement":[{"@type":"ListItem","position":1,"name":"In\u00edcio","item":"https:\/\/portaltela.pt\/"},{"@type":"ListItem","position":2,"name":"Porta-contentores alvo de disparos iranianos ao largo de Om\u00e3"}]},{"@type":"WebSite","@id":"https:\/\/portaltela.pt\/#website","url":"https:\/\/portaltela.pt\/","name":"Portal Tela Portugal","description":"","potentialAction":[{"@type":"SearchAction","target":{"@type":"EntryPoint","urlTemplate":"https:\/\/portaltela.pt\/?s={search_term_string}"},"query-input":{"@type":"PropertyValueSpecification","valueRequired":true,"valueName":"search_term_string"}}],"inLanguage":"pt-PT"},{"@type":"Person","@id":"https:\/\/portaltela.pt\/#\/schema\/person\/c4278d4a6028830caff9ee44b42d32ed","name":"Telinha","image":{"@type":"ImageObject","inLanguage":"pt-PT","@id":"https:\/\/portaltela.pt\/s.01k8rhncp4jt1\/2025\/11\/talking-bot-125x125.png","url":"https:\/\/portaltela.pt\/s.01k8rhncp4jt1\/2025\/11\/talking-bot-125x125.png","contentUrl":"https:\/\/portaltela.pt\/s.01k8rhncp4jt1\/2025\/11\/talking-bot-125x125.png","caption":"Telinha"},"sameAs":["https:\/\/portaltela.pt\/"],"url":"https:\/\/portaltela.pt\/por\/367410592786\/"}]}},"_links":{"self":[{"href":"https:\/\/portaltela.pt\/api\/wp\/v2\/posts\/454207","targetHints":{"allow":["GET"]}}],"collection":[{"href":"https:\/\/portaltela.pt\/api\/wp\/v2\/posts"}],"about":[{"href":"https:\/\/portaltela.pt\/api\/wp\/v2\/types\/post"}],"author":[{"embeddable":true,"href":"https:\/\/portaltela.pt\/api\/wp\/v2\/users\/2"}],"replies":[{"embeddable":true,"href":"https:\/\/portaltela.pt\/api\/wp\/v2\/comments?post=454207"}],"version-history":[{"count":0,"href":"https:\/\/portaltela.pt\/api\/wp\/v2\/posts\/454207\/revisions"}],"wp:featuredmedia":[{"embeddable":true,"href":"https:\/\/portaltela.pt\/api\/wp\/v2\/media\/454218"}],"wp:attachment":[{"href":"https:\/\/portaltela.pt\/api\/wp\/v2\/media?parent=454207"}],"wp:term":[{"taxonomy":"category","embeddable":true,"href":"https:\/\/portaltela.pt\/api\/wp\/v2\/categories?post=454207"},{"taxonomy":"post_tag","embeddable":true,"href":"https:\/\/portaltela.pt\/api\/wp\/v2\/tags?post=454207"}],"curies":[{"name":"wp","href":"https:\/\/api.w.org\/{rel}","templated":true}]}}