{"id":454176,"date":"2026-04-22T08:17:10","date_gmt":"2026-04-22T11:17:10","guid":{"rendered":"https:\/\/portaltela.pt\/noticias\/2026\/04\/22\/vasco-de-mello-defende-papel-das-grandes-empresas-na-economia-portuguesa\/"},"modified":"2026-04-22T08:17:10","modified_gmt":"2026-04-22T11:17:10","slug":"vasco-de-mello-defende-papel-das-grandes-empresas-na-economia-portuguesa","status":"publish","type":"post","link":"https:\/\/portaltela.pt\/noticias\/economia\/2026\/04\/22\/vasco-de-mello-defende-papel-das-grandes-empresas-na-economia-portuguesa\/","title":{"rendered":"Vasco de Mello defende papel das grandes empresas na economia portuguesa"},"content":{"rendered":"<p>Na confer\u00eancia M&amp;A &#8211; Consolidar para Crescer, Vasco de Mello defendeu o papel das grandes empresas em Portugal, destacando a escala, a cria\u00e7\u00e3o de valor e o contributo para o crescimento econ\u00f3mico.<\/p>\n<p>O orador salientou que Portugal \u00e9 um pa\u00eds de pequenas empresas, mas que as grandes contribuem mais para dinamizar o tecido empresarial, refor\u00e7ar a competitividade e atrair private equity, gerando investimentos de milhares de milh\u00f5es de euros.<\/p>\n<p>Segundo ele, a presen\u00e7a de grandes empresas facilita o investimento e aumenta a capacidade de crescer em escala, com impactos relevantes para o ecossistema empresarial nacional.<\/p>\n<p>Em tom de apelo nacional, afirmou que o objetivo deve ser o crescimento com ambi\u00e7\u00e3o, defendendo uma vis\u00e3o de pa\u00eds que valorize a escalabilidade das empresas.<\/p>\n<p>Foi ainda sublinhado que n\u00e3o \u00e9 aceit\u00e1vel discriminar as grandes, pois o contributo destas para a economia \u00e9 relevante e deve ser considerado no planeamento econ\u00f3mico.<\/p>\n","protected":false},"excerpt":{"rendered":"<ul>\n<li>Vasco de Mello, na confer\u00eancia M&amp;A &#8211; Consolidar para Crescer, defende o papel das grandes empresas na economia portuguesa.<\/li>\n<li>Sinaliza que Portugal \u00e9 um pa\u00eds de pequenas empresas, mas s\u00e3o as grandes as que mais contribuem para o dinamismo econ\u00f3mico.<\/li>\n<li>Aponta que as grandes fortalecem o tecido empresarial, a competitividade e o apoio ao private equity, potenciando investimentos de milhares de milh\u00f5es de euros.<\/li>\n<li>Defende que n\u00e3o se deve discriminar as grandes, mas reconhecer o seu contributo para o crescimento econ\u00f3mico nacional.<\/li>\n<li>O discurso enfatiza, ainda, a cria\u00e7\u00e3o de valor e a escala como motores de desenvolvimento.<\/li>\n<\/ul>\n","protected":false},"author":2,"featured_media":454177,"comment_status":"closed","ping_status":"closed","sticky":false,"template":"","format":"standard","meta":{"footnotes":""},"categories":[2,6735],"tags":[5872,28,2697,316,31,1014],"class_list":["post-454176","post","type-post","status-publish","format-standard","has-post-thumbnail","hentry","category-economia","category-negocios","tag-crescimento-economico","tag-economia","tag-empresas","tag-investimento","tag-negocios","tag-portugal"],"yoast_head":"<!-- This site is optimized with the Yoast SEO plugin v27.2 - https:\/\/yoast.com\/product\/yoast-seo-wordpress\/ -->\n<title>Vasco de Mello defende papel das grandes empresas na economia portuguesa - Portal Tela Portugal<\/title>\n<meta name=\"robots\" content=\"index, follow, max-snippet:-1, max-image-preview:large, max-video-preview:-1\" \/>\n<meta property=\"og:locale\" content=\"pt_PT\" \/>\n<meta property=\"og:type\" content=\"article\" \/>\n<meta property=\"og:title\" content=\"Vasco de Mello defende papel das grandes empresas na economia portuguesa - Portal Tela Portugal\" \/>\n<meta property=\"og:description\" content=\"Vasco de Mello, na confer\u00eancia M&amp;A - Consolidar para Crescer, defende o papel das grandes empresas na economia portuguesa. Sinaliza que Portugal \u00e9 um pa\u00eds de pequenas empresas, mas s\u00e3o as grandes as que mais contribuem para o dinamismo econ\u00f3mico. Aponta que as grandes fortalecem o tecido empresarial, a competitividade e o apoio ao private equity, potenciando investimentos de milhares de milh\u00f5es de euros. Defende que n\u00e3o se deve discriminar as grandes, mas reconhecer o seu contributo para o crescimento econ\u00f3mico nacional. O discurso enfatiza, ainda, a cria\u00e7\u00e3o de valor e a escala como motores de desenvolvimento.\" \/>\n<meta property=\"og:url\" content=\"https:\/\/portaltela.pt\/noticias\/2026\/04\/22\/vasco-de-mello-defende-papel-das-grandes-empresas-na-economia-portuguesa\/\" \/>\n<meta property=\"og:site_name\" content=\"Portal Tela Portugal\" \/>\n<meta property=\"article:published_time\" content=\"2026-04-22T11:17:10+00:00\" \/>\n<meta name=\"author\" content=\"Telinha\" \/>\n<meta name=\"twitter:card\" content=\"summary_large_image\" \/>\n<meta name=\"twitter:label1\" content=\"Escrito por\" \/>\n\t<meta name=\"twitter:data1\" content=\"Telinha\" \/>\n\t<meta name=\"twitter:label2\" content=\"Tempo estimado de leitura\" \/>\n\t<meta name=\"twitter:data2\" content=\"1 minuto\" \/>\n<script type=\"application\/ld+json\" class=\"yoast-schema-graph\">{\"@context\":\"https:\/\/schema.org\",\"@graph\":[{\"@type\":\"Article\",\"@id\":\"https:\/\/portaltela.pt\/noticias\/2026\/04\/22\/vasco-de-mello-defende-papel-das-grandes-empresas-na-economia-portuguesa\/#article\",\"isPartOf\":{\"@id\":\"https:\/\/portaltela.pt\/noticias\/2026\/04\/22\/vasco-de-mello-defende-papel-das-grandes-empresas-na-economia-portuguesa\/\"},\"author\":{\"name\":\"Telinha\",\"@id\":\"https:\/\/portaltela.pt\/#\/schema\/person\/c4278d4a6028830caff9ee44b42d32ed\"},\"headline\":\"Vasco de Mello defende papel das grandes empresas na economia portuguesa\",\"datePublished\":\"2026-04-22T11:17:10+00:00\",\"mainEntityOfPage\":{\"@id\":\"https:\/\/portaltela.pt\/noticias\/2026\/04\/22\/vasco-de-mello-defende-papel-das-grandes-empresas-na-economia-portuguesa\/\"},\"wordCount\":170,\"image\":{\"@id\":\"https:\/\/portaltela.pt\/noticias\/2026\/04\/22\/vasco-de-mello-defende-papel-das-grandes-empresas-na-economia-portuguesa\/#primaryimage\"},\"thumbnailUrl\":\"https:\/\/portaltela.pt\/s.01k8rhncp4jt1\/2026\/04\/dn2F2026-04-222F06hgnzb12FWhatsApp-Image-2026-04-22-at-11.33.07.jpeg\",\"keywords\":[\"crescimento econ\u00f3mico\",\"economia\",\"empresas\",\"investimento\",\"neg\u00f3cios\",\"Portugal\"],\"articleSection\":[\"Economia\",\"Neg\u00f3cios\"],\"inLanguage\":\"pt-PT\"},{\"@type\":\"WebPage\",\"@id\":\"https:\/\/portaltela.pt\/noticias\/2026\/04\/22\/vasco-de-mello-defende-papel-das-grandes-empresas-na-economia-portuguesa\/\",\"url\":\"https:\/\/portaltela.pt\/noticias\/2026\/04\/22\/vasco-de-mello-defende-papel-das-grandes-empresas-na-economia-portuguesa\/\",\"name\":\"Vasco de Mello defende papel das grandes empresas na economia portuguesa - Portal Tela Portugal\",\"isPartOf\":{\"@id\":\"https:\/\/portaltela.pt\/#website\"},\"primaryImageOfPage\":{\"@id\":\"https:\/\/portaltela.pt\/noticias\/2026\/04\/22\/vasco-de-mello-defende-papel-das-grandes-empresas-na-economia-portuguesa\/#primaryimage\"},\"image\":{\"@id\":\"https:\/\/portaltela.pt\/noticias\/2026\/04\/22\/vasco-de-mello-defende-papel-das-grandes-empresas-na-economia-portuguesa\/#primaryimage\"},\"thumbnailUrl\":\"https:\/\/portaltela.pt\/s.01k8rhncp4jt1\/2026\/04\/dn2F2026-04-222F06hgnzb12FWhatsApp-Image-2026-04-22-at-11.33.07.jpeg\",\"datePublished\":\"2026-04-22T11:17:10+00:00\",\"author\":{\"@id\":\"https:\/\/portaltela.pt\/#\/schema\/person\/c4278d4a6028830caff9ee44b42d32ed\"},\"breadcrumb\":{\"@id\":\"https:\/\/portaltela.pt\/noticias\/2026\/04\/22\/vasco-de-mello-defende-papel-das-grandes-empresas-na-economia-portuguesa\/#breadcrumb\"},\"inLanguage\":\"pt-PT\",\"potentialAction\":[{\"@type\":\"ReadAction\",\"target\":[\"https:\/\/portaltela.pt\/noticias\/2026\/04\/22\/vasco-de-mello-defende-papel-das-grandes-empresas-na-economia-portuguesa\/\"]}]},{\"@type\":\"ImageObject\",\"inLanguage\":\"pt-PT\",\"@id\":\"https:\/\/portaltela.pt\/noticias\/2026\/04\/22\/vasco-de-mello-defende-papel-das-grandes-empresas-na-economia-portuguesa\/#primaryimage\",\"url\":\"https:\/\/portaltela.pt\/s.01k8rhncp4jt1\/2026\/04\/dn2F2026-04-222F06hgnzb12FWhatsApp-Image-2026-04-22-at-11.33.07.jpeg\",\"contentUrl\":\"https:\/\/portaltela.pt\/s.01k8rhncp4jt1\/2026\/04\/dn2F2026-04-222F06hgnzb12FWhatsApp-Image-2026-04-22-at-11.33.07.jpeg\",\"width\":1200,\"height\":798,\"caption\":\"Reinaldo Rodrigues\"},{\"@type\":\"BreadcrumbList\",\"@id\":\"https:\/\/portaltela.pt\/noticias\/2026\/04\/22\/vasco-de-mello-defende-papel-das-grandes-empresas-na-economia-portuguesa\/#breadcrumb\",\"itemListElement\":[{\"@type\":\"ListItem\",\"position\":1,\"name\":\"In\u00edcio\",\"item\":\"https:\/\/portaltela.pt\/\"},{\"@type\":\"ListItem\",\"position\":2,\"name\":\"Vasco de Mello defende papel das grandes empresas na economia portuguesa\"}]},{\"@type\":\"WebSite\",\"@id\":\"https:\/\/portaltela.pt\/#website\",\"url\":\"https:\/\/portaltela.pt\/\",\"name\":\"Portal Tela Portugal\",\"description\":\"\",\"potentialAction\":[{\"@type\":\"SearchAction\",\"target\":{\"@type\":\"EntryPoint\",\"urlTemplate\":\"https:\/\/portaltela.pt\/?s={search_term_string}\"},\"query-input\":{\"@type\":\"PropertyValueSpecification\",\"valueRequired\":true,\"valueName\":\"search_term_string\"}}],\"inLanguage\":\"pt-PT\"},{\"@type\":\"Person\",\"@id\":\"https:\/\/portaltela.pt\/#\/schema\/person\/c4278d4a6028830caff9ee44b42d32ed\",\"name\":\"Telinha\",\"image\":{\"@type\":\"ImageObject\",\"inLanguage\":\"pt-PT\",\"@id\":\"https:\/\/portaltela.pt\/s.01k8rhncp4jt1\/2025\/11\/talking-bot-125x125.png\",\"url\":\"https:\/\/portaltela.pt\/s.01k8rhncp4jt1\/2025\/11\/talking-bot-125x125.png\",\"contentUrl\":\"https:\/\/portaltela.pt\/s.01k8rhncp4jt1\/2025\/11\/talking-bot-125x125.png\",\"caption\":\"Telinha\"},\"sameAs\":[\"https:\/\/portaltela.pt\/\"],\"url\":\"https:\/\/portaltela.pt\/por\/367410592786\/\"}]}<\/script>\n<!-- \/ Yoast SEO plugin. -->","yoast_head_json":{"title":"Vasco de Mello defende papel das grandes empresas na economia portuguesa - Portal Tela Portugal","robots":{"index":"index","follow":"follow","max-snippet":"max-snippet:-1","max-image-preview":"max-image-preview:large","max-video-preview":"max-video-preview:-1"},"og_locale":"pt_PT","og_type":"article","og_title":"Vasco de Mello defende papel das grandes empresas na economia portuguesa - Portal Tela Portugal","og_description":"Vasco de Mello, na confer\u00eancia M&amp;A - Consolidar para Crescer, defende o papel das grandes empresas na economia portuguesa. Sinaliza que Portugal \u00e9 um pa\u00eds de pequenas empresas, mas s\u00e3o as grandes as que mais contribuem para o dinamismo econ\u00f3mico. Aponta que as grandes fortalecem o tecido empresarial, a competitividade e o apoio ao private equity, potenciando investimentos de milhares de milh\u00f5es de euros. Defende que n\u00e3o se deve discriminar as grandes, mas reconhecer o seu contributo para o crescimento econ\u00f3mico nacional. O discurso enfatiza, ainda, a cria\u00e7\u00e3o de valor e a escala como motores de desenvolvimento.","og_url":"https:\/\/portaltela.pt\/noticias\/2026\/04\/22\/vasco-de-mello-defende-papel-das-grandes-empresas-na-economia-portuguesa\/","og_site_name":"Portal Tela Portugal","article_published_time":"2026-04-22T11:17:10+00:00","author":"Telinha","twitter_card":"summary_large_image","twitter_misc":{"Escrito por":"Telinha","Tempo estimado de leitura":"1 minuto"},"schema":{"@context":"https:\/\/schema.org","@graph":[{"@type":"Article","@id":"https:\/\/portaltela.pt\/noticias\/2026\/04\/22\/vasco-de-mello-defende-papel-das-grandes-empresas-na-economia-portuguesa\/#article","isPartOf":{"@id":"https:\/\/portaltela.pt\/noticias\/2026\/04\/22\/vasco-de-mello-defende-papel-das-grandes-empresas-na-economia-portuguesa\/"},"author":{"name":"Telinha","@id":"https:\/\/portaltela.pt\/#\/schema\/person\/c4278d4a6028830caff9ee44b42d32ed"},"headline":"Vasco de Mello defende papel das grandes empresas na economia portuguesa","datePublished":"2026-04-22T11:17:10+00:00","mainEntityOfPage":{"@id":"https:\/\/portaltela.pt\/noticias\/2026\/04\/22\/vasco-de-mello-defende-papel-das-grandes-empresas-na-economia-portuguesa\/"},"wordCount":170,"image":{"@id":"https:\/\/portaltela.pt\/noticias\/2026\/04\/22\/vasco-de-mello-defende-papel-das-grandes-empresas-na-economia-portuguesa\/#primaryimage"},"thumbnailUrl":"https:\/\/portaltela.pt\/s.01k8rhncp4jt1\/2026\/04\/dn2F2026-04-222F06hgnzb12FWhatsApp-Image-2026-04-22-at-11.33.07.jpeg","keywords":["crescimento econ\u00f3mico","economia","empresas","investimento","neg\u00f3cios","Portugal"],"articleSection":["Economia","Neg\u00f3cios"],"inLanguage":"pt-PT"},{"@type":"WebPage","@id":"https:\/\/portaltela.pt\/noticias\/2026\/04\/22\/vasco-de-mello-defende-papel-das-grandes-empresas-na-economia-portuguesa\/","url":"https:\/\/portaltela.pt\/noticias\/2026\/04\/22\/vasco-de-mello-defende-papel-das-grandes-empresas-na-economia-portuguesa\/","name":"Vasco de Mello defende papel das grandes empresas na economia portuguesa - Portal Tela Portugal","isPartOf":{"@id":"https:\/\/portaltela.pt\/#website"},"primaryImageOfPage":{"@id":"https:\/\/portaltela.pt\/noticias\/2026\/04\/22\/vasco-de-mello-defende-papel-das-grandes-empresas-na-economia-portuguesa\/#primaryimage"},"image":{"@id":"https:\/\/portaltela.pt\/noticias\/2026\/04\/22\/vasco-de-mello-defende-papel-das-grandes-empresas-na-economia-portuguesa\/#primaryimage"},"thumbnailUrl":"https:\/\/portaltela.pt\/s.01k8rhncp4jt1\/2026\/04\/dn2F2026-04-222F06hgnzb12FWhatsApp-Image-2026-04-22-at-11.33.07.jpeg","datePublished":"2026-04-22T11:17:10+00:00","author":{"@id":"https:\/\/portaltela.pt\/#\/schema\/person\/c4278d4a6028830caff9ee44b42d32ed"},"breadcrumb":{"@id":"https:\/\/portaltela.pt\/noticias\/2026\/04\/22\/vasco-de-mello-defende-papel-das-grandes-empresas-na-economia-portuguesa\/#breadcrumb"},"inLanguage":"pt-PT","potentialAction":[{"@type":"ReadAction","target":["https:\/\/portaltela.pt\/noticias\/2026\/04\/22\/vasco-de-mello-defende-papel-das-grandes-empresas-na-economia-portuguesa\/"]}]},{"@type":"ImageObject","inLanguage":"pt-PT","@id":"https:\/\/portaltela.pt\/noticias\/2026\/04\/22\/vasco-de-mello-defende-papel-das-grandes-empresas-na-economia-portuguesa\/#primaryimage","url":"https:\/\/portaltela.pt\/s.01k8rhncp4jt1\/2026\/04\/dn2F2026-04-222F06hgnzb12FWhatsApp-Image-2026-04-22-at-11.33.07.jpeg","contentUrl":"https:\/\/portaltela.pt\/s.01k8rhncp4jt1\/2026\/04\/dn2F2026-04-222F06hgnzb12FWhatsApp-Image-2026-04-22-at-11.33.07.jpeg","width":1200,"height":798,"caption":"Reinaldo Rodrigues"},{"@type":"BreadcrumbList","@id":"https:\/\/portaltela.pt\/noticias\/2026\/04\/22\/vasco-de-mello-defende-papel-das-grandes-empresas-na-economia-portuguesa\/#breadcrumb","itemListElement":[{"@type":"ListItem","position":1,"name":"In\u00edcio","item":"https:\/\/portaltela.pt\/"},{"@type":"ListItem","position":2,"name":"Vasco de Mello defende papel das grandes empresas na economia portuguesa"}]},{"@type":"WebSite","@id":"https:\/\/portaltela.pt\/#website","url":"https:\/\/portaltela.pt\/","name":"Portal Tela Portugal","description":"","potentialAction":[{"@type":"SearchAction","target":{"@type":"EntryPoint","urlTemplate":"https:\/\/portaltela.pt\/?s={search_term_string}"},"query-input":{"@type":"PropertyValueSpecification","valueRequired":true,"valueName":"search_term_string"}}],"inLanguage":"pt-PT"},{"@type":"Person","@id":"https:\/\/portaltela.pt\/#\/schema\/person\/c4278d4a6028830caff9ee44b42d32ed","name":"Telinha","image":{"@type":"ImageObject","inLanguage":"pt-PT","@id":"https:\/\/portaltela.pt\/s.01k8rhncp4jt1\/2025\/11\/talking-bot-125x125.png","url":"https:\/\/portaltela.pt\/s.01k8rhncp4jt1\/2025\/11\/talking-bot-125x125.png","contentUrl":"https:\/\/portaltela.pt\/s.01k8rhncp4jt1\/2025\/11\/talking-bot-125x125.png","caption":"Telinha"},"sameAs":["https:\/\/portaltela.pt\/"],"url":"https:\/\/portaltela.pt\/por\/367410592786\/"}]}},"_links":{"self":[{"href":"https:\/\/portaltela.pt\/api\/wp\/v2\/posts\/454176","targetHints":{"allow":["GET"]}}],"collection":[{"href":"https:\/\/portaltela.pt\/api\/wp\/v2\/posts"}],"about":[{"href":"https:\/\/portaltela.pt\/api\/wp\/v2\/types\/post"}],"author":[{"embeddable":true,"href":"https:\/\/portaltela.pt\/api\/wp\/v2\/users\/2"}],"replies":[{"embeddable":true,"href":"https:\/\/portaltela.pt\/api\/wp\/v2\/comments?post=454176"}],"version-history":[{"count":0,"href":"https:\/\/portaltela.pt\/api\/wp\/v2\/posts\/454176\/revisions"}],"wp:featuredmedia":[{"embeddable":true,"href":"https:\/\/portaltela.pt\/api\/wp\/v2\/media\/454177"}],"wp:attachment":[{"href":"https:\/\/portaltela.pt\/api\/wp\/v2\/media?parent=454176"}],"wp:term":[{"taxonomy":"category","embeddable":true,"href":"https:\/\/portaltela.pt\/api\/wp\/v2\/categories?post=454176"},{"taxonomy":"post_tag","embeddable":true,"href":"https:\/\/portaltela.pt\/api\/wp\/v2\/tags?post=454176"}],"curies":[{"name":"wp","href":"https:\/\/api.w.org\/{rel}","templated":true}]}}