{"id":454168,"date":"2026-04-22T08:03:20","date_gmt":"2026-04-22T11:03:20","guid":{"rendered":"https:\/\/portaltela.pt\/noticias\/2026\/04\/22\/sandra-ines-cruz-mostra-aceitacao-fe-e-resistencia-humana\/"},"modified":"2026-04-22T08:03:20","modified_gmt":"2026-04-22T11:03:20","slug":"sandra-ines-cruz-mostra-aceitacao-fe-e-resistencia-humana","status":"publish","type":"post","link":"https:\/\/portaltela.pt\/series-e-filmes\/2026\/04\/22\/sandra-ines-cruz-mostra-aceitacao-fe-e-resistencia-humana\/","title":{"rendered":"Sandra In\u00eas Cruz mostra aceita\u00e7\u00e3o, f\u00e9 e resist\u00eancia humana"},"content":{"rendered":"<p>Sandra In\u00eas Cruz apresenta uma vis\u00e3o sobre aceita\u00e7\u00e3o, f\u00e9 e resist\u00eancia humana atrav\u00e9s do cinema e da mem\u00f3ria coletiva. O seu pr\u00f3ximo trabalho aborda a passagem pelo Tarrafal, numa produ\u00e7\u00e3o que cruza passado e presente. A estreia est\u00e1 marcada para 23 de abril.<\/p>\n<p>O filme em quest\u00e3o acompanha Luandino Vieira no regresso ao Tarrafal, lugar hist\u00f3rico de deten\u00e7\u00e3o. A obra junta elementos de mem\u00f3ria, hist\u00f3ria e reflex\u00e3o sobre liberdade e dignidade humana. A produ\u00e7\u00e3o surge no \u00e2mbito de uma linha de cinema documental e de investiga\u00e7\u00e3o cultural.<\/p>\n<p>Sandra In\u00eas Cruz, jornalista e cineasta, utiliza o formato para explorar temas de aceita\u00e7\u00e3o e f\u00e9 diante de adversidades. A narrativa procura conectar biografias com contextos hist\u00f3ricos, sem perder o eixo da experi\u00eancia humana comum.<\/p>\n<h3>Contexto criativo<\/h3>\n<p>Monet e os pintores impressionistas aparecem como refer\u00eancia est\u00e9tica na sua trajet\u00f3ria criativa. A ideia \u00e9 evocar o fugaz, a perda e a mem\u00f3ria que se gravam na tela, sem perder a temporalidade do momento presente.<\/p>\n<p>A cineasta recorda ainda a rela\u00e7\u00e3o com espa\u00e7os de encarcera\u00e7\u00e3o, moldada pela curiosidade jornal\u00edstica. A reflex\u00e3o sobre liberdade nasce da observa\u00e7\u00e3o de pris\u00f5es e do impacto emocional dessas experi\u00eancias no corpo social.<\/p>\n<p>Entre as influ\u00eancias, destacam-se obras liter\u00e1rias de autores cabo-verdianos. A leitura de Manuel Lopes, h\u00e1 mais de duas d\u00e9cadas, moldou uma vis\u00e3o de priva\u00e7\u00e3o, aceita\u00e7\u00e3o e resist\u00eancia que ressoa no seu trabalho contempor\u00e2neo.<\/p>\n","protected":false},"excerpt":{"rendered":"<ul>\n<li>O filme &#8220;Ch\u00e3o verde de p\u00e1ssaros escritos&#8221;, da cineasta e jornalista Sandra In\u00eas Cruz, acompanha Luandino Vieira no regresso ao Tarrafal e estreia a 23 de abril.<\/li>\n<li>A autora partilha escolhas culturais, destacando Claude Monet e os pintores impressionistas pela reflex\u00e3o sobre o fugaz, a mem\u00f3ria e a dissolu\u00e7\u00e3o da vida.<\/li>\n<li>Ao falar de pris\u00f5es, explica o fasc\u00ednio pelo tema e afirma que o lugar de deten\u00e7\u00e3o \u00e9 um espa\u00e7o prop\u00edcio para refletir sobre a liberdade, recordando experi\u00eancias pr\u00f3prias.<\/li>\n<li>Antes de defender o Tarrafal na sua tese de doutoramento, j\u00e1 tinha interesse em espa\u00e7os de encarceramento, alimentado pela sua experi\u00eancia como jornalista.<\/li>\n<li>O livro Os flagelados do vento leste, de Manuel Lopes, teve grande impacto na vida de Sandra In\u00eas Cruz, associando priva\u00e7\u00e3o, aceita\u00e7\u00e3o, f\u00e9 e resist\u00eancia humana.<\/li>\n<\/ul>\n","protected":false},"author":2,"featured_media":454175,"comment_status":"closed","ping_status":"closed","sticky":false,"template":"","format":"standard","meta":{"footnotes":""},"categories":[7375,7368],"tags":[2329,112,196,9408,7490,7906],"class_list":["post-454168","post","type-post","status-publish","format-standard","has-post-thumbnail","hentry","category-cultura","category-series-e-filmes","tag-cabo-verde","tag-cinema","tag-documentarios","tag-manuel-lopes","tag-memoria-publica","tag-tarrafal"],"yoast_head":"<!-- This site is optimized with the Yoast SEO plugin v27.2 - https:\/\/yoast.com\/product\/yoast-seo-wordpress\/ -->\n<title>Sandra In\u00eas Cruz mostra aceita\u00e7\u00e3o, f\u00e9 e resist\u00eancia humana - Portal Tela Portugal<\/title>\n<meta name=\"robots\" content=\"index, follow, max-snippet:-1, max-image-preview:large, max-video-preview:-1\" \/>\n<meta property=\"og:locale\" content=\"pt_PT\" \/>\n<meta property=\"og:type\" content=\"article\" \/>\n<meta property=\"og:title\" content=\"Sandra In\u00eas Cruz mostra aceita\u00e7\u00e3o, f\u00e9 e resist\u00eancia humana - Portal Tela Portugal\" \/>\n<meta property=\"og:description\" content=\"O filme &quot;Ch\u00e3o verde de p\u00e1ssaros escritos&quot;, da cineasta e jornalista Sandra In\u00eas Cruz, acompanha Luandino Vieira no regresso ao Tarrafal e estreia a 23 de abril. A autora partilha escolhas culturais, destacando Claude Monet e os pintores impressionistas pela reflex\u00e3o sobre o fugaz, a mem\u00f3ria e a dissolu\u00e7\u00e3o da vida. Ao falar de pris\u00f5es, explica o fasc\u00ednio pelo tema e afirma que o lugar de deten\u00e7\u00e3o \u00e9 um espa\u00e7o prop\u00edcio para refletir sobre a liberdade, recordando experi\u00eancias pr\u00f3prias. Antes de defender o Tarrafal na sua tese de doutoramento, j\u00e1 tinha interesse em espa\u00e7os de encarceramento, alimentado pela sua experi\u00eancia como jornalista. O livro Os flagelados do vento leste, de Manuel Lopes, teve grande impacto na vida de Sandra In\u00eas Cruz, associando priva\u00e7\u00e3o, aceita\u00e7\u00e3o, f\u00e9 e resist\u00eancia humana.\" \/>\n<meta property=\"og:url\" content=\"https:\/\/portaltela.pt\/noticias\/2026\/04\/22\/sandra-ines-cruz-mostra-aceitacao-fe-e-resistencia-humana\/\" \/>\n<meta property=\"og:site_name\" content=\"Portal Tela Portugal\" \/>\n<meta property=\"article:published_time\" content=\"2026-04-22T11:03:20+00:00\" \/>\n<meta name=\"author\" content=\"Telinha\" \/>\n<meta name=\"twitter:card\" content=\"summary_large_image\" \/>\n<meta name=\"twitter:label1\" content=\"Escrito por\" \/>\n\t<meta name=\"twitter:data1\" content=\"Telinha\" \/>\n\t<meta name=\"twitter:label2\" content=\"Tempo estimado de leitura\" \/>\n\t<meta name=\"twitter:data2\" content=\"1 minuto\" \/>\n<script type=\"application\/ld+json\" class=\"yoast-schema-graph\">{\"@context\":\"https:\/\/schema.org\",\"@graph\":[{\"@type\":\"Article\",\"@id\":\"https:\/\/portaltela.pt\/noticias\/2026\/04\/22\/sandra-ines-cruz-mostra-aceitacao-fe-e-resistencia-humana\/#article\",\"isPartOf\":{\"@id\":\"https:\/\/portaltela.pt\/noticias\/2026\/04\/22\/sandra-ines-cruz-mostra-aceitacao-fe-e-resistencia-humana\/\"},\"author\":{\"name\":\"Telinha\",\"@id\":\"https:\/\/portaltela.pt\/#\/schema\/person\/c4278d4a6028830caff9ee44b42d32ed\"},\"headline\":\"Sandra In\u00eas Cruz mostra aceita\u00e7\u00e3o, f\u00e9 e resist\u00eancia humana\",\"datePublished\":\"2026-04-22T11:03:20+00:00\",\"mainEntityOfPage\":{\"@id\":\"https:\/\/portaltela.pt\/noticias\/2026\/04\/22\/sandra-ines-cruz-mostra-aceitacao-fe-e-resistencia-humana\/\"},\"wordCount\":275,\"image\":{\"@id\":\"https:\/\/portaltela.pt\/noticias\/2026\/04\/22\/sandra-ines-cruz-mostra-aceitacao-fe-e-resistencia-humana\/#primaryimage\"},\"thumbnailUrl\":\"https:\/\/portaltela.pt\/s.01k8rhncp4jt1\/2026\/04\/image-1345.jpg\",\"keywords\":[\"Cabo Verde\",\"cinema\",\"document\u00e1rios\",\"Manuel Lopes\",\"mem\u00f3ria p\u00fablica\",\"Tarrafal\"],\"articleSection\":[\"Cultura\",\"S\u00e9ries e filmes\"],\"inLanguage\":\"pt-PT\"},{\"@type\":\"WebPage\",\"@id\":\"https:\/\/portaltela.pt\/noticias\/2026\/04\/22\/sandra-ines-cruz-mostra-aceitacao-fe-e-resistencia-humana\/\",\"url\":\"https:\/\/portaltela.pt\/noticias\/2026\/04\/22\/sandra-ines-cruz-mostra-aceitacao-fe-e-resistencia-humana\/\",\"name\":\"Sandra In\u00eas Cruz mostra aceita\u00e7\u00e3o, f\u00e9 e resist\u00eancia humana - Portal Tela Portugal\",\"isPartOf\":{\"@id\":\"https:\/\/portaltela.pt\/#website\"},\"primaryImageOfPage\":{\"@id\":\"https:\/\/portaltela.pt\/noticias\/2026\/04\/22\/sandra-ines-cruz-mostra-aceitacao-fe-e-resistencia-humana\/#primaryimage\"},\"image\":{\"@id\":\"https:\/\/portaltela.pt\/noticias\/2026\/04\/22\/sandra-ines-cruz-mostra-aceitacao-fe-e-resistencia-humana\/#primaryimage\"},\"thumbnailUrl\":\"https:\/\/portaltela.pt\/s.01k8rhncp4jt1\/2026\/04\/image-1345.jpg\",\"datePublished\":\"2026-04-22T11:03:20+00:00\",\"author\":{\"@id\":\"https:\/\/portaltela.pt\/#\/schema\/person\/c4278d4a6028830caff9ee44b42d32ed\"},\"breadcrumb\":{\"@id\":\"https:\/\/portaltela.pt\/noticias\/2026\/04\/22\/sandra-ines-cruz-mostra-aceitacao-fe-e-resistencia-humana\/#breadcrumb\"},\"inLanguage\":\"pt-PT\",\"potentialAction\":[{\"@type\":\"ReadAction\",\"target\":[\"https:\/\/portaltela.pt\/noticias\/2026\/04\/22\/sandra-ines-cruz-mostra-aceitacao-fe-e-resistencia-humana\/\"]}]},{\"@type\":\"ImageObject\",\"inLanguage\":\"pt-PT\",\"@id\":\"https:\/\/portaltela.pt\/noticias\/2026\/04\/22\/sandra-ines-cruz-mostra-aceitacao-fe-e-resistencia-humana\/#primaryimage\",\"url\":\"https:\/\/portaltela.pt\/s.01k8rhncp4jt1\/2026\/04\/image-1345.jpg\",\"contentUrl\":\"https:\/\/portaltela.pt\/s.01k8rhncp4jt1\/2026\/04\/image-1345.jpg\",\"width\":796,\"height\":448,\"caption\":\"'Ch\u00e3o verde de p\u00e1ssaros escritos', filme realizado por Sandra In\u00eas Cruz, acompanha Luandino Vieira no regresso ao Tarrafal. Estreia nas salas a 23 de abril\"},{\"@type\":\"BreadcrumbList\",\"@id\":\"https:\/\/portaltela.pt\/noticias\/2026\/04\/22\/sandra-ines-cruz-mostra-aceitacao-fe-e-resistencia-humana\/#breadcrumb\",\"itemListElement\":[{\"@type\":\"ListItem\",\"position\":1,\"name\":\"In\u00edcio\",\"item\":\"https:\/\/portaltela.pt\/\"},{\"@type\":\"ListItem\",\"position\":2,\"name\":\"Sandra In\u00eas Cruz mostra aceita\u00e7\u00e3o, f\u00e9 e resist\u00eancia humana\"}]},{\"@type\":\"WebSite\",\"@id\":\"https:\/\/portaltela.pt\/#website\",\"url\":\"https:\/\/portaltela.pt\/\",\"name\":\"Portal Tela Portugal\",\"description\":\"\",\"potentialAction\":[{\"@type\":\"SearchAction\",\"target\":{\"@type\":\"EntryPoint\",\"urlTemplate\":\"https:\/\/portaltela.pt\/?s={search_term_string}\"},\"query-input\":{\"@type\":\"PropertyValueSpecification\",\"valueRequired\":true,\"valueName\":\"search_term_string\"}}],\"inLanguage\":\"pt-PT\"},{\"@type\":\"Person\",\"@id\":\"https:\/\/portaltela.pt\/#\/schema\/person\/c4278d4a6028830caff9ee44b42d32ed\",\"name\":\"Telinha\",\"image\":{\"@type\":\"ImageObject\",\"inLanguage\":\"pt-PT\",\"@id\":\"https:\/\/portaltela.pt\/s.01k8rhncp4jt1\/2025\/11\/talking-bot-125x125.png\",\"url\":\"https:\/\/portaltela.pt\/s.01k8rhncp4jt1\/2025\/11\/talking-bot-125x125.png\",\"contentUrl\":\"https:\/\/portaltela.pt\/s.01k8rhncp4jt1\/2025\/11\/talking-bot-125x125.png\",\"caption\":\"Telinha\"},\"sameAs\":[\"https:\/\/portaltela.pt\/\"],\"url\":\"https:\/\/portaltela.pt\/por\/367410592786\/\"}]}<\/script>\n<!-- \/ Yoast SEO plugin. -->","yoast_head_json":{"title":"Sandra In\u00eas Cruz mostra aceita\u00e7\u00e3o, f\u00e9 e resist\u00eancia humana - Portal Tela Portugal","robots":{"index":"index","follow":"follow","max-snippet":"max-snippet:-1","max-image-preview":"max-image-preview:large","max-video-preview":"max-video-preview:-1"},"og_locale":"pt_PT","og_type":"article","og_title":"Sandra In\u00eas Cruz mostra aceita\u00e7\u00e3o, f\u00e9 e resist\u00eancia humana - Portal Tela Portugal","og_description":"O filme \"Ch\u00e3o verde de p\u00e1ssaros escritos\", da cineasta e jornalista Sandra In\u00eas Cruz, acompanha Luandino Vieira no regresso ao Tarrafal e estreia a 23 de abril. A autora partilha escolhas culturais, destacando Claude Monet e os pintores impressionistas pela reflex\u00e3o sobre o fugaz, a mem\u00f3ria e a dissolu\u00e7\u00e3o da vida. Ao falar de pris\u00f5es, explica o fasc\u00ednio pelo tema e afirma que o lugar de deten\u00e7\u00e3o \u00e9 um espa\u00e7o prop\u00edcio para refletir sobre a liberdade, recordando experi\u00eancias pr\u00f3prias. Antes de defender o Tarrafal na sua tese de doutoramento, j\u00e1 tinha interesse em espa\u00e7os de encarceramento, alimentado pela sua experi\u00eancia como jornalista. O livro Os flagelados do vento leste, de Manuel Lopes, teve grande impacto na vida de Sandra In\u00eas Cruz, associando priva\u00e7\u00e3o, aceita\u00e7\u00e3o, f\u00e9 e resist\u00eancia humana.","og_url":"https:\/\/portaltela.pt\/noticias\/2026\/04\/22\/sandra-ines-cruz-mostra-aceitacao-fe-e-resistencia-humana\/","og_site_name":"Portal Tela Portugal","article_published_time":"2026-04-22T11:03:20+00:00","author":"Telinha","twitter_card":"summary_large_image","twitter_misc":{"Escrito por":"Telinha","Tempo estimado de leitura":"1 minuto"},"schema":{"@context":"https:\/\/schema.org","@graph":[{"@type":"Article","@id":"https:\/\/portaltela.pt\/noticias\/2026\/04\/22\/sandra-ines-cruz-mostra-aceitacao-fe-e-resistencia-humana\/#article","isPartOf":{"@id":"https:\/\/portaltela.pt\/noticias\/2026\/04\/22\/sandra-ines-cruz-mostra-aceitacao-fe-e-resistencia-humana\/"},"author":{"name":"Telinha","@id":"https:\/\/portaltela.pt\/#\/schema\/person\/c4278d4a6028830caff9ee44b42d32ed"},"headline":"Sandra In\u00eas Cruz mostra aceita\u00e7\u00e3o, f\u00e9 e resist\u00eancia humana","datePublished":"2026-04-22T11:03:20+00:00","mainEntityOfPage":{"@id":"https:\/\/portaltela.pt\/noticias\/2026\/04\/22\/sandra-ines-cruz-mostra-aceitacao-fe-e-resistencia-humana\/"},"wordCount":275,"image":{"@id":"https:\/\/portaltela.pt\/noticias\/2026\/04\/22\/sandra-ines-cruz-mostra-aceitacao-fe-e-resistencia-humana\/#primaryimage"},"thumbnailUrl":"https:\/\/portaltela.pt\/s.01k8rhncp4jt1\/2026\/04\/image-1345.jpg","keywords":["Cabo Verde","cinema","document\u00e1rios","Manuel Lopes","mem\u00f3ria p\u00fablica","Tarrafal"],"articleSection":["Cultura","S\u00e9ries e filmes"],"inLanguage":"pt-PT"},{"@type":"WebPage","@id":"https:\/\/portaltela.pt\/noticias\/2026\/04\/22\/sandra-ines-cruz-mostra-aceitacao-fe-e-resistencia-humana\/","url":"https:\/\/portaltela.pt\/noticias\/2026\/04\/22\/sandra-ines-cruz-mostra-aceitacao-fe-e-resistencia-humana\/","name":"Sandra In\u00eas Cruz mostra aceita\u00e7\u00e3o, f\u00e9 e resist\u00eancia humana - Portal Tela Portugal","isPartOf":{"@id":"https:\/\/portaltela.pt\/#website"},"primaryImageOfPage":{"@id":"https:\/\/portaltela.pt\/noticias\/2026\/04\/22\/sandra-ines-cruz-mostra-aceitacao-fe-e-resistencia-humana\/#primaryimage"},"image":{"@id":"https:\/\/portaltela.pt\/noticias\/2026\/04\/22\/sandra-ines-cruz-mostra-aceitacao-fe-e-resistencia-humana\/#primaryimage"},"thumbnailUrl":"https:\/\/portaltela.pt\/s.01k8rhncp4jt1\/2026\/04\/image-1345.jpg","datePublished":"2026-04-22T11:03:20+00:00","author":{"@id":"https:\/\/portaltela.pt\/#\/schema\/person\/c4278d4a6028830caff9ee44b42d32ed"},"breadcrumb":{"@id":"https:\/\/portaltela.pt\/noticias\/2026\/04\/22\/sandra-ines-cruz-mostra-aceitacao-fe-e-resistencia-humana\/#breadcrumb"},"inLanguage":"pt-PT","potentialAction":[{"@type":"ReadAction","target":["https:\/\/portaltela.pt\/noticias\/2026\/04\/22\/sandra-ines-cruz-mostra-aceitacao-fe-e-resistencia-humana\/"]}]},{"@type":"ImageObject","inLanguage":"pt-PT","@id":"https:\/\/portaltela.pt\/noticias\/2026\/04\/22\/sandra-ines-cruz-mostra-aceitacao-fe-e-resistencia-humana\/#primaryimage","url":"https:\/\/portaltela.pt\/s.01k8rhncp4jt1\/2026\/04\/image-1345.jpg","contentUrl":"https:\/\/portaltela.pt\/s.01k8rhncp4jt1\/2026\/04\/image-1345.jpg","width":796,"height":448,"caption":"'Ch\u00e3o verde de p\u00e1ssaros escritos', filme realizado por Sandra In\u00eas Cruz, acompanha Luandino Vieira no regresso ao Tarrafal. Estreia nas salas a 23 de abril"},{"@type":"BreadcrumbList","@id":"https:\/\/portaltela.pt\/noticias\/2026\/04\/22\/sandra-ines-cruz-mostra-aceitacao-fe-e-resistencia-humana\/#breadcrumb","itemListElement":[{"@type":"ListItem","position":1,"name":"In\u00edcio","item":"https:\/\/portaltela.pt\/"},{"@type":"ListItem","position":2,"name":"Sandra In\u00eas Cruz mostra aceita\u00e7\u00e3o, f\u00e9 e resist\u00eancia humana"}]},{"@type":"WebSite","@id":"https:\/\/portaltela.pt\/#website","url":"https:\/\/portaltela.pt\/","name":"Portal Tela Portugal","description":"","potentialAction":[{"@type":"SearchAction","target":{"@type":"EntryPoint","urlTemplate":"https:\/\/portaltela.pt\/?s={search_term_string}"},"query-input":{"@type":"PropertyValueSpecification","valueRequired":true,"valueName":"search_term_string"}}],"inLanguage":"pt-PT"},{"@type":"Person","@id":"https:\/\/portaltela.pt\/#\/schema\/person\/c4278d4a6028830caff9ee44b42d32ed","name":"Telinha","image":{"@type":"ImageObject","inLanguage":"pt-PT","@id":"https:\/\/portaltela.pt\/s.01k8rhncp4jt1\/2025\/11\/talking-bot-125x125.png","url":"https:\/\/portaltela.pt\/s.01k8rhncp4jt1\/2025\/11\/talking-bot-125x125.png","contentUrl":"https:\/\/portaltela.pt\/s.01k8rhncp4jt1\/2025\/11\/talking-bot-125x125.png","caption":"Telinha"},"sameAs":["https:\/\/portaltela.pt\/"],"url":"https:\/\/portaltela.pt\/por\/367410592786\/"}]}},"_links":{"self":[{"href":"https:\/\/portaltela.pt\/api\/wp\/v2\/posts\/454168","targetHints":{"allow":["GET"]}}],"collection":[{"href":"https:\/\/portaltela.pt\/api\/wp\/v2\/posts"}],"about":[{"href":"https:\/\/portaltela.pt\/api\/wp\/v2\/types\/post"}],"author":[{"embeddable":true,"href":"https:\/\/portaltela.pt\/api\/wp\/v2\/users\/2"}],"replies":[{"embeddable":true,"href":"https:\/\/portaltela.pt\/api\/wp\/v2\/comments?post=454168"}],"version-history":[{"count":0,"href":"https:\/\/portaltela.pt\/api\/wp\/v2\/posts\/454168\/revisions"}],"wp:featuredmedia":[{"embeddable":true,"href":"https:\/\/portaltela.pt\/api\/wp\/v2\/media\/454175"}],"wp:attachment":[{"href":"https:\/\/portaltela.pt\/api\/wp\/v2\/media?parent=454168"}],"wp:term":[{"taxonomy":"category","embeddable":true,"href":"https:\/\/portaltela.pt\/api\/wp\/v2\/categories?post=454168"},{"taxonomy":"post_tag","embeddable":true,"href":"https:\/\/portaltela.pt\/api\/wp\/v2\/tags?post=454168"}],"curies":[{"name":"wp","href":"https:\/\/api.w.org\/{rel}","templated":true}]}}