{"id":454161,"date":"2026-04-22T08:03:12","date_gmt":"2026-04-22T11:03:12","guid":{"rendered":"https:\/\/portaltela.pt\/noticias\/2026\/04\/22\/festival-de-bd-de-angouleme-tem-nova-organizacao-2027-continua-em-risco\/"},"modified":"2026-04-22T08:03:12","modified_gmt":"2026-04-22T11:03:12","slug":"festival-de-bd-de-angouleme-tem-nova-organizacao-2027-continua-em-risco","status":"publish","type":"post","link":"https:\/\/portaltela.pt\/noticias\/2026\/04\/22\/festival-de-bd-de-angouleme-tem-nova-organizacao-2027-continua-em-risco\/","title":{"rendered":"Festival de BD de Angoul\u00eame tem nova organiza\u00e7\u00e3o, 2027 continua em risco"},"content":{"rendered":"<p>O Festival Internacional de Banda Desenhada de Angoul\u00eame, considerado o maior do mundo, teve a gest\u00e3o da edi\u00e7\u00e3o de 2026 encerrada ap\u00f3s den\u00fancias de m\u00e1 organiza\u00e7\u00e3o. A Associa\u00e7\u00e3o para o Desenvolvimento da Banda Desenhada em Angoul\u00eame (ADBDA) anunciou, por\u00e9m, que a organiza\u00e7\u00e3o do festival seguiria no pr\u00f3ximo ciclo com novos parceiros. A decis\u00e3o foi recebida com surpresa e abriu uma batalha legal entre entidades envolvidas.<\/p>\n<p>A ADBDA confirmou que, a partir de 2027, o festival ficar\u00e1 a cargo de um grupo independente ligado \u00e0 produ\u00e7\u00e3o de eventos, liderado por Marie Parisot, ex-diretiva de Dargaud e Les Humano\u00efdes Associ\u00e9s, e C\u00e9line Bagot, fundadora do Festival Pop Women em Reims. O grupo Morgane, j\u00e1 respons\u00e1vel pelos festivais Francofolies e Printemps de Bourges, foi escolhido entre quatro candidatos.<\/p>\n<h3>Mudan\u00e7a de organiza\u00e7\u00e3o<\/h3>\n<p>A 9e Art+, empresa que at\u00e9 2025 organizou o festival, contesta a decis\u00e3o. Alega que est\u00e1 contratualmente ligada ao evento at\u00e9 ao pr\u00f3ximo ano e acusa a ADBDA de apropria\u00e7\u00e3o do festival. A 9e Art+ exige uma indemniza\u00e7\u00e3o de 300 mil euros pela n\u00e3o-realiza\u00e7\u00e3o de 2026. A associa\u00e7\u00e3o FIBD apoia a posi\u00e7\u00e3o da 9e Art+.<\/p>\n<p>Parcerias, actuais e antigas, tamb\u00e9m est\u00e3o envolvidas na disputa. A ADBDA sustenta que a mudan\u00e7a atende \u00e0s expectativas da ind\u00fastria, nomeadamente em padr\u00f5es art\u00edsticos e diversidade est\u00e9tica. Uma audi\u00eancia civil est\u00e1 marcada para 20 de Maio, em Angoul\u00eame, ap\u00f3s reagendamentos.<\/p>\n<h3>Impacto na edi\u00e7\u00e3o de 2027<\/h3>\n<p>Paralelamente, a prepara\u00e7\u00e3o da pr\u00f3xima edi\u00e7\u00e3o enfrenta press\u00e3o temporal. O tempo para convidar autores e abrir candidaturas est\u00e1 a diminuir, o que poder\u00e1 afectar a programa\u00e7\u00e3o e a qualidade do evento. O festival recebe anualmente cerca de 200 mil visitantes, tornando a edi\u00e7\u00e3o de 2027 especialmente sens\u00edvel a atrasos.<\/p>\n<p>Desde 2016, o festival tem sido alvo de cr\u00edticas p\u00fablicas sobre gest\u00e3o, com diversas cartas de autores e movimentos a exigir mudan\u00e7as. Entre den\u00fancias de sexismo, abusos e irregularidades laborais, o debate aumentou a press\u00e3o sobre a dire\u00e7\u00e3o do evento e a ADBDA.<\/p>\n","protected":false},"excerpt":{"rendered":"<ul>\n<li>Angoul\u00eame ficar\u00e1 entregue a um grupo independente da Morgane a partir de 2027, liderado por Marie Parisot e C\u00e9line Bagot, enquanto a 9e Art+ contesta a decis\u00e3o e diz manter contrato at\u00e9 ao pr\u00f3ximo ano.<\/li>\n<li>A edi\u00e7\u00e3o de 2026 do festival foi cancelada ap\u00f3s den\u00fancias de ass\u00e9dio, irregularidades laborais e m\u00e1 gest\u00e3o, intensificando a crise que levou \u00e0 mudan\u00e7a de organiza\u00e7\u00e3o.<\/li>\n<li>A Associa\u00e7\u00e3o para o Desenvolvimento da Banda Desenhada em Angoul\u00eame (ADBDA), criada em 2017, supervisiona o festival e decidiu afastar a 9e Art+ da gest\u00e3o.<\/li>\n<li>A 9e Art+ moveu uma a\u00e7\u00e3o civil contra a ADBDA, reclamando 300 mil euros por alegada \u201capropria\u00e7\u00e3o brutal\u201d do evento; a audi\u00eancia est\u00e1 marcada para 20 de maio.<\/li>\n<li>A prepara\u00e7\u00e3o da pr\u00f3xima edi\u00e7\u00e3o est\u00e1 comprometida pela redu\u00e7\u00e3o do tempo dispon\u00edvel para convidar autores e abrir candidaturas, numa altura em que o festival recebe cerca de 200 mil visitantes por ano.<\/li>\n<\/ul>\n","protected":false},"author":2,"featured_media":454172,"comment_status":"closed","ping_status":"closed","sticky":false,"template":"","format":"standard","meta":{"footnotes":""},"categories":[7375,1],"tags":[679,145,3674,2415,215,3667],"class_list":["post-454161","post","type-post","status-publish","format-standard","has-post-thumbnail","hentry","category-cultura","category-noticias","tag-associacoes","tag-cultura","tag-festival","tag-gestao","tag-investigacao","tag-processos"],"yoast_head":"<!-- This site is optimized with the Yoast SEO plugin v27.2 - https:\/\/yoast.com\/product\/yoast-seo-wordpress\/ -->\n<title>Festival de BD de Angoul\u00eame tem nova organiza\u00e7\u00e3o, 2027 continua em risco - Portal Tela Portugal<\/title>\n<meta name=\"robots\" content=\"index, follow, max-snippet:-1, max-image-preview:large, max-video-preview:-1\" \/>\n<meta property=\"og:locale\" content=\"pt_PT\" \/>\n<meta property=\"og:type\" content=\"article\" \/>\n<meta property=\"og:title\" content=\"Festival de BD de Angoul\u00eame tem nova organiza\u00e7\u00e3o, 2027 continua em risco - Portal Tela Portugal\" \/>\n<meta property=\"og:description\" content=\"Angoul\u00eame ficar\u00e1 entregue a um grupo independente da Morgane a partir de 2027, liderado por Marie Parisot e C\u00e9line Bagot, enquanto a 9e Art+ contesta a decis\u00e3o e diz manter contrato at\u00e9 ao pr\u00f3ximo ano. A edi\u00e7\u00e3o de 2026 do festival foi cancelada ap\u00f3s den\u00fancias de ass\u00e9dio, irregularidades laborais e m\u00e1 gest\u00e3o, intensificando a crise que levou \u00e0 mudan\u00e7a de organiza\u00e7\u00e3o. A Associa\u00e7\u00e3o para o Desenvolvimento da Banda Desenhada em Angoul\u00eame (ADBDA), criada em 2017, supervisiona o festival e decidiu afastar a 9e Art+ da gest\u00e3o. A 9e Art+ moveu uma a\u00e7\u00e3o civil contra a ADBDA, reclamando 300 mil euros por alegada \u201capropria\u00e7\u00e3o brutal\u201d do evento; a audi\u00eancia est\u00e1 marcada para 20 de maio. A prepara\u00e7\u00e3o da pr\u00f3xima edi\u00e7\u00e3o est\u00e1 comprometida pela redu\u00e7\u00e3o do tempo dispon\u00edvel para convidar autores e abrir candidaturas, numa altura em que o festival recebe cerca de 200 mil visitantes por ano.\" \/>\n<meta property=\"og:url\" content=\"https:\/\/portaltela.pt\/noticias\/2026\/04\/22\/festival-de-bd-de-angouleme-tem-nova-organizacao-2027-continua-em-risco\/\" \/>\n<meta property=\"og:site_name\" content=\"Portal Tela Portugal\" \/>\n<meta property=\"article:published_time\" content=\"2026-04-22T11:03:12+00:00\" \/>\n<meta name=\"author\" content=\"Telinha\" \/>\n<meta name=\"twitter:card\" content=\"summary_large_image\" \/>\n<meta name=\"twitter:label1\" content=\"Escrito por\" \/>\n\t<meta name=\"twitter:data1\" content=\"Telinha\" \/>\n\t<meta name=\"twitter:label2\" content=\"Tempo estimado de leitura\" \/>\n\t<meta name=\"twitter:data2\" content=\"2 minutos\" \/>\n<script type=\"application\/ld+json\" class=\"yoast-schema-graph\">{\"@context\":\"https:\/\/schema.org\",\"@graph\":[{\"@type\":\"Article\",\"@id\":\"https:\/\/portaltela.pt\/noticias\/2026\/04\/22\/festival-de-bd-de-angouleme-tem-nova-organizacao-2027-continua-em-risco\/#article\",\"isPartOf\":{\"@id\":\"https:\/\/portaltela.pt\/noticias\/2026\/04\/22\/festival-de-bd-de-angouleme-tem-nova-organizacao-2027-continua-em-risco\/\"},\"author\":{\"name\":\"Telinha\",\"@id\":\"https:\/\/portaltela.pt\/#\/schema\/person\/c4278d4a6028830caff9ee44b42d32ed\"},\"headline\":\"Festival de BD de Angoul\u00eame tem nova organiza\u00e7\u00e3o, 2027 continua em risco\",\"datePublished\":\"2026-04-22T11:03:12+00:00\",\"mainEntityOfPage\":{\"@id\":\"https:\/\/portaltela.pt\/noticias\/2026\/04\/22\/festival-de-bd-de-angouleme-tem-nova-organizacao-2027-continua-em-risco\/\"},\"wordCount\":374,\"image\":{\"@id\":\"https:\/\/portaltela.pt\/noticias\/2026\/04\/22\/festival-de-bd-de-angouleme-tem-nova-organizacao-2027-continua-em-risco\/#primaryimage\"},\"thumbnailUrl\":\"https:\/\/portaltela.pt\/s.01k8rhncp4jt1\/2026\/04\/2083074.jpg\",\"keywords\":[\"associa\u00e7\u00f5es\",\"cultura\",\"festival\",\"gest\u00e3o\",\"investiga\u00e7\u00e3o\",\"processos\"],\"articleSection\":[\"Cultura\",\"Not\u00edcias\"],\"inLanguage\":\"pt-PT\"},{\"@type\":\"WebPage\",\"@id\":\"https:\/\/portaltela.pt\/noticias\/2026\/04\/22\/festival-de-bd-de-angouleme-tem-nova-organizacao-2027-continua-em-risco\/\",\"url\":\"https:\/\/portaltela.pt\/noticias\/2026\/04\/22\/festival-de-bd-de-angouleme-tem-nova-organizacao-2027-continua-em-risco\/\",\"name\":\"Festival de BD de Angoul\u00eame tem nova organiza\u00e7\u00e3o, 2027 continua em risco - Portal Tela Portugal\",\"isPartOf\":{\"@id\":\"https:\/\/portaltela.pt\/#website\"},\"primaryImageOfPage\":{\"@id\":\"https:\/\/portaltela.pt\/noticias\/2026\/04\/22\/festival-de-bd-de-angouleme-tem-nova-organizacao-2027-continua-em-risco\/#primaryimage\"},\"image\":{\"@id\":\"https:\/\/portaltela.pt\/noticias\/2026\/04\/22\/festival-de-bd-de-angouleme-tem-nova-organizacao-2027-continua-em-risco\/#primaryimage\"},\"thumbnailUrl\":\"https:\/\/portaltela.pt\/s.01k8rhncp4jt1\/2026\/04\/2083074.jpg\",\"datePublished\":\"2026-04-22T11:03:12+00:00\",\"author\":{\"@id\":\"https:\/\/portaltela.pt\/#\/schema\/person\/c4278d4a6028830caff9ee44b42d32ed\"},\"breadcrumb\":{\"@id\":\"https:\/\/portaltela.pt\/noticias\/2026\/04\/22\/festival-de-bd-de-angouleme-tem-nova-organizacao-2027-continua-em-risco\/#breadcrumb\"},\"inLanguage\":\"pt-PT\",\"potentialAction\":[{\"@type\":\"ReadAction\",\"target\":[\"https:\/\/portaltela.pt\/noticias\/2026\/04\/22\/festival-de-bd-de-angouleme-tem-nova-organizacao-2027-continua-em-risco\/\"]}]},{\"@type\":\"ImageObject\",\"inLanguage\":\"pt-PT\",\"@id\":\"https:\/\/portaltela.pt\/noticias\/2026\/04\/22\/festival-de-bd-de-angouleme-tem-nova-organizacao-2027-continua-em-risco\/#primaryimage\",\"url\":\"https:\/\/portaltela.pt\/s.01k8rhncp4jt1\/2026\/04\/2083074.jpg\",\"contentUrl\":\"https:\/\/portaltela.pt\/s.01k8rhncp4jt1\/2026\/04\/2083074.jpg\",\"width\":796,\"height\":448,\"caption\":\"Considerado o maior do mundo, o Festival Internacional de Banda Desenhada de Angoul\u00eame recebe anualmente cerca de 200 mil visitantes\"},{\"@type\":\"BreadcrumbList\",\"@id\":\"https:\/\/portaltela.pt\/noticias\/2026\/04\/22\/festival-de-bd-de-angouleme-tem-nova-organizacao-2027-continua-em-risco\/#breadcrumb\",\"itemListElement\":[{\"@type\":\"ListItem\",\"position\":1,\"name\":\"In\u00edcio\",\"item\":\"https:\/\/portaltela.pt\/\"},{\"@type\":\"ListItem\",\"position\":2,\"name\":\"Festival de BD de Angoul\u00eame tem nova organiza\u00e7\u00e3o, 2027 continua em risco\"}]},{\"@type\":\"WebSite\",\"@id\":\"https:\/\/portaltela.pt\/#website\",\"url\":\"https:\/\/portaltela.pt\/\",\"name\":\"Portal Tela Portugal\",\"description\":\"\",\"potentialAction\":[{\"@type\":\"SearchAction\",\"target\":{\"@type\":\"EntryPoint\",\"urlTemplate\":\"https:\/\/portaltela.pt\/?s={search_term_string}\"},\"query-input\":{\"@type\":\"PropertyValueSpecification\",\"valueRequired\":true,\"valueName\":\"search_term_string\"}}],\"inLanguage\":\"pt-PT\"},{\"@type\":\"Person\",\"@id\":\"https:\/\/portaltela.pt\/#\/schema\/person\/c4278d4a6028830caff9ee44b42d32ed\",\"name\":\"Telinha\",\"image\":{\"@type\":\"ImageObject\",\"inLanguage\":\"pt-PT\",\"@id\":\"https:\/\/portaltela.pt\/s.01k8rhncp4jt1\/2025\/11\/talking-bot-125x125.png\",\"url\":\"https:\/\/portaltela.pt\/s.01k8rhncp4jt1\/2025\/11\/talking-bot-125x125.png\",\"contentUrl\":\"https:\/\/portaltela.pt\/s.01k8rhncp4jt1\/2025\/11\/talking-bot-125x125.png\",\"caption\":\"Telinha\"},\"sameAs\":[\"https:\/\/portaltela.pt\/\"],\"url\":\"https:\/\/portaltela.pt\/por\/367410592786\/\"}]}<\/script>\n<!-- \/ Yoast SEO plugin. -->","yoast_head_json":{"title":"Festival de BD de Angoul\u00eame tem nova organiza\u00e7\u00e3o, 2027 continua em risco - Portal Tela Portugal","robots":{"index":"index","follow":"follow","max-snippet":"max-snippet:-1","max-image-preview":"max-image-preview:large","max-video-preview":"max-video-preview:-1"},"og_locale":"pt_PT","og_type":"article","og_title":"Festival de BD de Angoul\u00eame tem nova organiza\u00e7\u00e3o, 2027 continua em risco - Portal Tela Portugal","og_description":"Angoul\u00eame ficar\u00e1 entregue a um grupo independente da Morgane a partir de 2027, liderado por Marie Parisot e C\u00e9line Bagot, enquanto a 9e Art+ contesta a decis\u00e3o e diz manter contrato at\u00e9 ao pr\u00f3ximo ano. A edi\u00e7\u00e3o de 2026 do festival foi cancelada ap\u00f3s den\u00fancias de ass\u00e9dio, irregularidades laborais e m\u00e1 gest\u00e3o, intensificando a crise que levou \u00e0 mudan\u00e7a de organiza\u00e7\u00e3o. A Associa\u00e7\u00e3o para o Desenvolvimento da Banda Desenhada em Angoul\u00eame (ADBDA), criada em 2017, supervisiona o festival e decidiu afastar a 9e Art+ da gest\u00e3o. A 9e Art+ moveu uma a\u00e7\u00e3o civil contra a ADBDA, reclamando 300 mil euros por alegada \u201capropria\u00e7\u00e3o brutal\u201d do evento; a audi\u00eancia est\u00e1 marcada para 20 de maio. A prepara\u00e7\u00e3o da pr\u00f3xima edi\u00e7\u00e3o est\u00e1 comprometida pela redu\u00e7\u00e3o do tempo dispon\u00edvel para convidar autores e abrir candidaturas, numa altura em que o festival recebe cerca de 200 mil visitantes por ano.","og_url":"https:\/\/portaltela.pt\/noticias\/2026\/04\/22\/festival-de-bd-de-angouleme-tem-nova-organizacao-2027-continua-em-risco\/","og_site_name":"Portal Tela Portugal","article_published_time":"2026-04-22T11:03:12+00:00","author":"Telinha","twitter_card":"summary_large_image","twitter_misc":{"Escrito por":"Telinha","Tempo estimado de leitura":"2 minutos"},"schema":{"@context":"https:\/\/schema.org","@graph":[{"@type":"Article","@id":"https:\/\/portaltela.pt\/noticias\/2026\/04\/22\/festival-de-bd-de-angouleme-tem-nova-organizacao-2027-continua-em-risco\/#article","isPartOf":{"@id":"https:\/\/portaltela.pt\/noticias\/2026\/04\/22\/festival-de-bd-de-angouleme-tem-nova-organizacao-2027-continua-em-risco\/"},"author":{"name":"Telinha","@id":"https:\/\/portaltela.pt\/#\/schema\/person\/c4278d4a6028830caff9ee44b42d32ed"},"headline":"Festival de BD de Angoul\u00eame tem nova organiza\u00e7\u00e3o, 2027 continua em risco","datePublished":"2026-04-22T11:03:12+00:00","mainEntityOfPage":{"@id":"https:\/\/portaltela.pt\/noticias\/2026\/04\/22\/festival-de-bd-de-angouleme-tem-nova-organizacao-2027-continua-em-risco\/"},"wordCount":374,"image":{"@id":"https:\/\/portaltela.pt\/noticias\/2026\/04\/22\/festival-de-bd-de-angouleme-tem-nova-organizacao-2027-continua-em-risco\/#primaryimage"},"thumbnailUrl":"https:\/\/portaltela.pt\/s.01k8rhncp4jt1\/2026\/04\/2083074.jpg","keywords":["associa\u00e7\u00f5es","cultura","festival","gest\u00e3o","investiga\u00e7\u00e3o","processos"],"articleSection":["Cultura","Not\u00edcias"],"inLanguage":"pt-PT"},{"@type":"WebPage","@id":"https:\/\/portaltela.pt\/noticias\/2026\/04\/22\/festival-de-bd-de-angouleme-tem-nova-organizacao-2027-continua-em-risco\/","url":"https:\/\/portaltela.pt\/noticias\/2026\/04\/22\/festival-de-bd-de-angouleme-tem-nova-organizacao-2027-continua-em-risco\/","name":"Festival de BD de Angoul\u00eame tem nova organiza\u00e7\u00e3o, 2027 continua em risco - Portal Tela Portugal","isPartOf":{"@id":"https:\/\/portaltela.pt\/#website"},"primaryImageOfPage":{"@id":"https:\/\/portaltela.pt\/noticias\/2026\/04\/22\/festival-de-bd-de-angouleme-tem-nova-organizacao-2027-continua-em-risco\/#primaryimage"},"image":{"@id":"https:\/\/portaltela.pt\/noticias\/2026\/04\/22\/festival-de-bd-de-angouleme-tem-nova-organizacao-2027-continua-em-risco\/#primaryimage"},"thumbnailUrl":"https:\/\/portaltela.pt\/s.01k8rhncp4jt1\/2026\/04\/2083074.jpg","datePublished":"2026-04-22T11:03:12+00:00","author":{"@id":"https:\/\/portaltela.pt\/#\/schema\/person\/c4278d4a6028830caff9ee44b42d32ed"},"breadcrumb":{"@id":"https:\/\/portaltela.pt\/noticias\/2026\/04\/22\/festival-de-bd-de-angouleme-tem-nova-organizacao-2027-continua-em-risco\/#breadcrumb"},"inLanguage":"pt-PT","potentialAction":[{"@type":"ReadAction","target":["https:\/\/portaltela.pt\/noticias\/2026\/04\/22\/festival-de-bd-de-angouleme-tem-nova-organizacao-2027-continua-em-risco\/"]}]},{"@type":"ImageObject","inLanguage":"pt-PT","@id":"https:\/\/portaltela.pt\/noticias\/2026\/04\/22\/festival-de-bd-de-angouleme-tem-nova-organizacao-2027-continua-em-risco\/#primaryimage","url":"https:\/\/portaltela.pt\/s.01k8rhncp4jt1\/2026\/04\/2083074.jpg","contentUrl":"https:\/\/portaltela.pt\/s.01k8rhncp4jt1\/2026\/04\/2083074.jpg","width":796,"height":448,"caption":"Considerado o maior do mundo, o Festival Internacional de Banda Desenhada de Angoul\u00eame recebe anualmente cerca de 200 mil visitantes"},{"@type":"BreadcrumbList","@id":"https:\/\/portaltela.pt\/noticias\/2026\/04\/22\/festival-de-bd-de-angouleme-tem-nova-organizacao-2027-continua-em-risco\/#breadcrumb","itemListElement":[{"@type":"ListItem","position":1,"name":"In\u00edcio","item":"https:\/\/portaltela.pt\/"},{"@type":"ListItem","position":2,"name":"Festival de BD de Angoul\u00eame tem nova organiza\u00e7\u00e3o, 2027 continua em risco"}]},{"@type":"WebSite","@id":"https:\/\/portaltela.pt\/#website","url":"https:\/\/portaltela.pt\/","name":"Portal Tela Portugal","description":"","potentialAction":[{"@type":"SearchAction","target":{"@type":"EntryPoint","urlTemplate":"https:\/\/portaltela.pt\/?s={search_term_string}"},"query-input":{"@type":"PropertyValueSpecification","valueRequired":true,"valueName":"search_term_string"}}],"inLanguage":"pt-PT"},{"@type":"Person","@id":"https:\/\/portaltela.pt\/#\/schema\/person\/c4278d4a6028830caff9ee44b42d32ed","name":"Telinha","image":{"@type":"ImageObject","inLanguage":"pt-PT","@id":"https:\/\/portaltela.pt\/s.01k8rhncp4jt1\/2025\/11\/talking-bot-125x125.png","url":"https:\/\/portaltela.pt\/s.01k8rhncp4jt1\/2025\/11\/talking-bot-125x125.png","contentUrl":"https:\/\/portaltela.pt\/s.01k8rhncp4jt1\/2025\/11\/talking-bot-125x125.png","caption":"Telinha"},"sameAs":["https:\/\/portaltela.pt\/"],"url":"https:\/\/portaltela.pt\/por\/367410592786\/"}]}},"_links":{"self":[{"href":"https:\/\/portaltela.pt\/api\/wp\/v2\/posts\/454161","targetHints":{"allow":["GET"]}}],"collection":[{"href":"https:\/\/portaltela.pt\/api\/wp\/v2\/posts"}],"about":[{"href":"https:\/\/portaltela.pt\/api\/wp\/v2\/types\/post"}],"author":[{"embeddable":true,"href":"https:\/\/portaltela.pt\/api\/wp\/v2\/users\/2"}],"replies":[{"embeddable":true,"href":"https:\/\/portaltela.pt\/api\/wp\/v2\/comments?post=454161"}],"version-history":[{"count":0,"href":"https:\/\/portaltela.pt\/api\/wp\/v2\/posts\/454161\/revisions"}],"wp:featuredmedia":[{"embeddable":true,"href":"https:\/\/portaltela.pt\/api\/wp\/v2\/media\/454172"}],"wp:attachment":[{"href":"https:\/\/portaltela.pt\/api\/wp\/v2\/media?parent=454161"}],"wp:term":[{"taxonomy":"category","embeddable":true,"href":"https:\/\/portaltela.pt\/api\/wp\/v2\/categories?post=454161"},{"taxonomy":"post_tag","embeddable":true,"href":"https:\/\/portaltela.pt\/api\/wp\/v2\/tags?post=454161"}],"curies":[{"name":"wp","href":"https:\/\/api.w.org\/{rel}","templated":true}]}}