{"id":454154,"date":"2026-04-22T08:03:07","date_gmt":"2026-04-22T11:03:07","guid":{"rendered":"https:\/\/portaltela.pt\/noticias\/2026\/04\/22\/michael-jackson-branqueamento-em-nome-do-capital\/"},"modified":"2026-04-22T08:03:07","modified_gmt":"2026-04-22T11:03:07","slug":"michael-jackson-branqueamento-em-nome-do-capital","status":"publish","type":"post","link":"https:\/\/portaltela.pt\/series-e-filmes\/2026\/04\/22\/michael-jackson-branqueamento-em-nome-do-capital\/","title":{"rendered":"Michael Jackson: branqueamento em nome do capital"},"content":{"rendered":"<p>O biopic Michael chega \u00e0s salas. Dirigido por Antoine Fuqua, \u00e9 gerido de perto pelos herdeiros de Michael Jackson, privilegiando a narrativa de um menino-prod\u00edgio em detrimento de uma vis\u00e3o mais complexa da carreira do artista.<\/p>\n<p>Cr\u00edticos questionam o funcionamento deste tipo de biografia, t\u00edpico de Hollywood, visto como uma fantasia que pode incluir imprecis\u00f5es, moldada por interesses comerciais e pela ind\u00fastria do cinema.<\/p>\n<p>O filme percorre 25 anos da vida e obra de Jackson, autor de Beat It e Billie Jean, com foco na ascens\u00e3o global e nas escolhas que moldaram a imagem p\u00fablica do artista ao longo do tempo.<\/p>\n<p>A produ\u00e7\u00e3o levanta debates sobre a narrativa autorizada, sugerindo que a vers\u00e3o apresentada pode divergir de aspectos menos glamorosos da trajet\u00f3ria, sem afirmar conclus\u00f5es.<\/p>\n","protected":false},"excerpt":{"rendered":"<ul>\n<li>O biopic Michael, dirigido por Antoine Fuqua, chega \u00e0s salas e cobre 25 anos de carreira de Michael Jackson.<\/li>\n<li>Os herdeiros do artista controlam o projeto com m\u00e3o de ferro.<\/li>\n<li>O filme privilegia o conto de fadas do menino-prod\u00edgio em detrimento da hist\u00f3ria mais complexa do artista.<\/li>\n<li>O realizador afirma que estes filmes biogr\u00e1ficos s\u00e3o uma fantasia de Hollywood, com imprecis\u00f5es e mentiras.<\/li>\n<\/ul>\n","protected":false},"author":2,"featured_media":454166,"comment_status":"closed","ping_status":"closed","sticky":false,"template":"","format":"standard","meta":{"footnotes":""},"categories":[12,7368],"tags":[76,112,7040,145,6598,122],"class_list":["post-454154","post","type-post","status-publish","format-standard","has-post-thumbnail","hentry","category-entretenimento","category-series-e-filmes","tag-celebridades","tag-cinema","tag-cinema-internacional","tag-cultura","tag-entretenimento","tag-musica"],"yoast_head":"<!-- This site is optimized with the Yoast SEO plugin v27.2 - https:\/\/yoast.com\/product\/yoast-seo-wordpress\/ -->\n<title>Michael Jackson: branqueamento em nome do capital - Portal Tela Portugal<\/title>\n<meta name=\"robots\" content=\"index, follow, max-snippet:-1, max-image-preview:large, max-video-preview:-1\" \/>\n<meta property=\"og:locale\" content=\"pt_PT\" \/>\n<meta property=\"og:type\" content=\"article\" \/>\n<meta property=\"og:title\" content=\"Michael Jackson: branqueamento em nome do capital - Portal Tela Portugal\" \/>\n<meta property=\"og:description\" content=\"O biopic Michael, dirigido por Antoine Fuqua, chega \u00e0s salas e cobre 25 anos de carreira de Michael Jackson. Os herdeiros do artista controlam o projeto com m\u00e3o de ferro. O filme privilegia o conto de fadas do menino-prod\u00edgio em detrimento da hist\u00f3ria mais complexa do artista. O realizador afirma que estes filmes biogr\u00e1ficos s\u00e3o uma fantasia de Hollywood, com imprecis\u00f5es e mentiras.\" \/>\n<meta property=\"og:url\" content=\"https:\/\/portaltela.pt\/noticias\/2026\/04\/22\/michael-jackson-branqueamento-em-nome-do-capital\/\" \/>\n<meta property=\"og:site_name\" content=\"Portal Tela Portugal\" \/>\n<meta property=\"article:published_time\" content=\"2026-04-22T11:03:07+00:00\" \/>\n<meta name=\"author\" content=\"Telinha\" \/>\n<meta name=\"twitter:card\" content=\"summary_large_image\" \/>\n<meta name=\"twitter:label1\" content=\"Escrito por\" \/>\n\t<meta name=\"twitter:data1\" content=\"Telinha\" \/>\n\t<meta name=\"twitter:label2\" content=\"Tempo estimado de leitura\" \/>\n\t<meta name=\"twitter:data2\" content=\"1 minuto\" \/>\n<script type=\"application\/ld+json\" class=\"yoast-schema-graph\">{\"@context\":\"https:\/\/schema.org\",\"@graph\":[{\"@type\":\"Article\",\"@id\":\"https:\/\/portaltela.pt\/noticias\/2026\/04\/22\/michael-jackson-branqueamento-em-nome-do-capital\/#article\",\"isPartOf\":{\"@id\":\"https:\/\/portaltela.pt\/noticias\/2026\/04\/22\/michael-jackson-branqueamento-em-nome-do-capital\/\"},\"author\":{\"name\":\"Telinha\",\"@id\":\"https:\/\/portaltela.pt\/#\/schema\/person\/c4278d4a6028830caff9ee44b42d32ed\"},\"headline\":\"Michael Jackson: branqueamento em nome do capital\",\"datePublished\":\"2026-04-22T11:03:07+00:00\",\"mainEntityOfPage\":{\"@id\":\"https:\/\/portaltela.pt\/noticias\/2026\/04\/22\/michael-jackson-branqueamento-em-nome-do-capital\/\"},\"wordCount\":142,\"image\":{\"@id\":\"https:\/\/portaltela.pt\/noticias\/2026\/04\/22\/michael-jackson-branqueamento-em-nome-do-capital\/#primaryimage\"},\"thumbnailUrl\":\"https:\/\/portaltela.pt\/s.01k8rhncp4jt1\/2026\/04\/2083065.jpg\",\"keywords\":[\"celebridades\",\"cinema\",\"cinema internacional\",\"cultura\",\"entretenimento\",\"m\u00fasica\"],\"articleSection\":[\"Entretenimento\",\"S\u00e9ries e filmes\"],\"inLanguage\":\"pt-PT\"},{\"@type\":\"WebPage\",\"@id\":\"https:\/\/portaltela.pt\/noticias\/2026\/04\/22\/michael-jackson-branqueamento-em-nome-do-capital\/\",\"url\":\"https:\/\/portaltela.pt\/noticias\/2026\/04\/22\/michael-jackson-branqueamento-em-nome-do-capital\/\",\"name\":\"Michael Jackson: branqueamento em nome do capital - Portal Tela Portugal\",\"isPartOf\":{\"@id\":\"https:\/\/portaltela.pt\/#website\"},\"primaryImageOfPage\":{\"@id\":\"https:\/\/portaltela.pt\/noticias\/2026\/04\/22\/michael-jackson-branqueamento-em-nome-do-capital\/#primaryimage\"},\"image\":{\"@id\":\"https:\/\/portaltela.pt\/noticias\/2026\/04\/22\/michael-jackson-branqueamento-em-nome-do-capital\/#primaryimage\"},\"thumbnailUrl\":\"https:\/\/portaltela.pt\/s.01k8rhncp4jt1\/2026\/04\/2083065.jpg\",\"datePublished\":\"2026-04-22T11:03:07+00:00\",\"author\":{\"@id\":\"https:\/\/portaltela.pt\/#\/schema\/person\/c4278d4a6028830caff9ee44b42d32ed\"},\"breadcrumb\":{\"@id\":\"https:\/\/portaltela.pt\/noticias\/2026\/04\/22\/michael-jackson-branqueamento-em-nome-do-capital\/#breadcrumb\"},\"inLanguage\":\"pt-PT\",\"potentialAction\":[{\"@type\":\"ReadAction\",\"target\":[\"https:\/\/portaltela.pt\/noticias\/2026\/04\/22\/michael-jackson-branqueamento-em-nome-do-capital\/\"]}]},{\"@type\":\"ImageObject\",\"inLanguage\":\"pt-PT\",\"@id\":\"https:\/\/portaltela.pt\/noticias\/2026\/04\/22\/michael-jackson-branqueamento-em-nome-do-capital\/#primaryimage\",\"url\":\"https:\/\/portaltela.pt\/s.01k8rhncp4jt1\/2026\/04\/2083065.jpg\",\"contentUrl\":\"https:\/\/portaltela.pt\/s.01k8rhncp4jt1\/2026\/04\/2083065.jpg\",\"width\":796,\"height\":448,\"caption\":\"Realizado por Antoine Fuqua, *Michael* abrange 25 anos de carreira do autor de *Beat* it e *Billie* Jean\"},{\"@type\":\"BreadcrumbList\",\"@id\":\"https:\/\/portaltela.pt\/noticias\/2026\/04\/22\/michael-jackson-branqueamento-em-nome-do-capital\/#breadcrumb\",\"itemListElement\":[{\"@type\":\"ListItem\",\"position\":1,\"name\":\"In\u00edcio\",\"item\":\"https:\/\/portaltela.pt\/\"},{\"@type\":\"ListItem\",\"position\":2,\"name\":\"Michael Jackson: branqueamento em nome do capital\"}]},{\"@type\":\"WebSite\",\"@id\":\"https:\/\/portaltela.pt\/#website\",\"url\":\"https:\/\/portaltela.pt\/\",\"name\":\"Portal Tela Portugal\",\"description\":\"\",\"potentialAction\":[{\"@type\":\"SearchAction\",\"target\":{\"@type\":\"EntryPoint\",\"urlTemplate\":\"https:\/\/portaltela.pt\/?s={search_term_string}\"},\"query-input\":{\"@type\":\"PropertyValueSpecification\",\"valueRequired\":true,\"valueName\":\"search_term_string\"}}],\"inLanguage\":\"pt-PT\"},{\"@type\":\"Person\",\"@id\":\"https:\/\/portaltela.pt\/#\/schema\/person\/c4278d4a6028830caff9ee44b42d32ed\",\"name\":\"Telinha\",\"image\":{\"@type\":\"ImageObject\",\"inLanguage\":\"pt-PT\",\"@id\":\"https:\/\/portaltela.pt\/s.01k8rhncp4jt1\/2025\/11\/talking-bot-125x125.png\",\"url\":\"https:\/\/portaltela.pt\/s.01k8rhncp4jt1\/2025\/11\/talking-bot-125x125.png\",\"contentUrl\":\"https:\/\/portaltela.pt\/s.01k8rhncp4jt1\/2025\/11\/talking-bot-125x125.png\",\"caption\":\"Telinha\"},\"sameAs\":[\"https:\/\/portaltela.pt\/\"],\"url\":\"https:\/\/portaltela.pt\/por\/367410592786\/\"}]}<\/script>\n<!-- \/ Yoast SEO plugin. -->","yoast_head_json":{"title":"Michael Jackson: branqueamento em nome do capital - Portal Tela Portugal","robots":{"index":"index","follow":"follow","max-snippet":"max-snippet:-1","max-image-preview":"max-image-preview:large","max-video-preview":"max-video-preview:-1"},"og_locale":"pt_PT","og_type":"article","og_title":"Michael Jackson: branqueamento em nome do capital - Portal Tela Portugal","og_description":"O biopic Michael, dirigido por Antoine Fuqua, chega \u00e0s salas e cobre 25 anos de carreira de Michael Jackson. Os herdeiros do artista controlam o projeto com m\u00e3o de ferro. O filme privilegia o conto de fadas do menino-prod\u00edgio em detrimento da hist\u00f3ria mais complexa do artista. O realizador afirma que estes filmes biogr\u00e1ficos s\u00e3o uma fantasia de Hollywood, com imprecis\u00f5es e mentiras.","og_url":"https:\/\/portaltela.pt\/noticias\/2026\/04\/22\/michael-jackson-branqueamento-em-nome-do-capital\/","og_site_name":"Portal Tela Portugal","article_published_time":"2026-04-22T11:03:07+00:00","author":"Telinha","twitter_card":"summary_large_image","twitter_misc":{"Escrito por":"Telinha","Tempo estimado de leitura":"1 minuto"},"schema":{"@context":"https:\/\/schema.org","@graph":[{"@type":"Article","@id":"https:\/\/portaltela.pt\/noticias\/2026\/04\/22\/michael-jackson-branqueamento-em-nome-do-capital\/#article","isPartOf":{"@id":"https:\/\/portaltela.pt\/noticias\/2026\/04\/22\/michael-jackson-branqueamento-em-nome-do-capital\/"},"author":{"name":"Telinha","@id":"https:\/\/portaltela.pt\/#\/schema\/person\/c4278d4a6028830caff9ee44b42d32ed"},"headline":"Michael Jackson: branqueamento em nome do capital","datePublished":"2026-04-22T11:03:07+00:00","mainEntityOfPage":{"@id":"https:\/\/portaltela.pt\/noticias\/2026\/04\/22\/michael-jackson-branqueamento-em-nome-do-capital\/"},"wordCount":142,"image":{"@id":"https:\/\/portaltela.pt\/noticias\/2026\/04\/22\/michael-jackson-branqueamento-em-nome-do-capital\/#primaryimage"},"thumbnailUrl":"https:\/\/portaltela.pt\/s.01k8rhncp4jt1\/2026\/04\/2083065.jpg","keywords":["celebridades","cinema","cinema internacional","cultura","entretenimento","m\u00fasica"],"articleSection":["Entretenimento","S\u00e9ries e filmes"],"inLanguage":"pt-PT"},{"@type":"WebPage","@id":"https:\/\/portaltela.pt\/noticias\/2026\/04\/22\/michael-jackson-branqueamento-em-nome-do-capital\/","url":"https:\/\/portaltela.pt\/noticias\/2026\/04\/22\/michael-jackson-branqueamento-em-nome-do-capital\/","name":"Michael Jackson: branqueamento em nome do capital - Portal Tela Portugal","isPartOf":{"@id":"https:\/\/portaltela.pt\/#website"},"primaryImageOfPage":{"@id":"https:\/\/portaltela.pt\/noticias\/2026\/04\/22\/michael-jackson-branqueamento-em-nome-do-capital\/#primaryimage"},"image":{"@id":"https:\/\/portaltela.pt\/noticias\/2026\/04\/22\/michael-jackson-branqueamento-em-nome-do-capital\/#primaryimage"},"thumbnailUrl":"https:\/\/portaltela.pt\/s.01k8rhncp4jt1\/2026\/04\/2083065.jpg","datePublished":"2026-04-22T11:03:07+00:00","author":{"@id":"https:\/\/portaltela.pt\/#\/schema\/person\/c4278d4a6028830caff9ee44b42d32ed"},"breadcrumb":{"@id":"https:\/\/portaltela.pt\/noticias\/2026\/04\/22\/michael-jackson-branqueamento-em-nome-do-capital\/#breadcrumb"},"inLanguage":"pt-PT","potentialAction":[{"@type":"ReadAction","target":["https:\/\/portaltela.pt\/noticias\/2026\/04\/22\/michael-jackson-branqueamento-em-nome-do-capital\/"]}]},{"@type":"ImageObject","inLanguage":"pt-PT","@id":"https:\/\/portaltela.pt\/noticias\/2026\/04\/22\/michael-jackson-branqueamento-em-nome-do-capital\/#primaryimage","url":"https:\/\/portaltela.pt\/s.01k8rhncp4jt1\/2026\/04\/2083065.jpg","contentUrl":"https:\/\/portaltela.pt\/s.01k8rhncp4jt1\/2026\/04\/2083065.jpg","width":796,"height":448,"caption":"Realizado por Antoine Fuqua, *Michael* abrange 25 anos de carreira do autor de *Beat* it e *Billie* Jean"},{"@type":"BreadcrumbList","@id":"https:\/\/portaltela.pt\/noticias\/2026\/04\/22\/michael-jackson-branqueamento-em-nome-do-capital\/#breadcrumb","itemListElement":[{"@type":"ListItem","position":1,"name":"In\u00edcio","item":"https:\/\/portaltela.pt\/"},{"@type":"ListItem","position":2,"name":"Michael Jackson: branqueamento em nome do capital"}]},{"@type":"WebSite","@id":"https:\/\/portaltela.pt\/#website","url":"https:\/\/portaltela.pt\/","name":"Portal Tela Portugal","description":"","potentialAction":[{"@type":"SearchAction","target":{"@type":"EntryPoint","urlTemplate":"https:\/\/portaltela.pt\/?s={search_term_string}"},"query-input":{"@type":"PropertyValueSpecification","valueRequired":true,"valueName":"search_term_string"}}],"inLanguage":"pt-PT"},{"@type":"Person","@id":"https:\/\/portaltela.pt\/#\/schema\/person\/c4278d4a6028830caff9ee44b42d32ed","name":"Telinha","image":{"@type":"ImageObject","inLanguage":"pt-PT","@id":"https:\/\/portaltela.pt\/s.01k8rhncp4jt1\/2025\/11\/talking-bot-125x125.png","url":"https:\/\/portaltela.pt\/s.01k8rhncp4jt1\/2025\/11\/talking-bot-125x125.png","contentUrl":"https:\/\/portaltela.pt\/s.01k8rhncp4jt1\/2025\/11\/talking-bot-125x125.png","caption":"Telinha"},"sameAs":["https:\/\/portaltela.pt\/"],"url":"https:\/\/portaltela.pt\/por\/367410592786\/"}]}},"_links":{"self":[{"href":"https:\/\/portaltela.pt\/api\/wp\/v2\/posts\/454154","targetHints":{"allow":["GET"]}}],"collection":[{"href":"https:\/\/portaltela.pt\/api\/wp\/v2\/posts"}],"about":[{"href":"https:\/\/portaltela.pt\/api\/wp\/v2\/types\/post"}],"author":[{"embeddable":true,"href":"https:\/\/portaltela.pt\/api\/wp\/v2\/users\/2"}],"replies":[{"embeddable":true,"href":"https:\/\/portaltela.pt\/api\/wp\/v2\/comments?post=454154"}],"version-history":[{"count":0,"href":"https:\/\/portaltela.pt\/api\/wp\/v2\/posts\/454154\/revisions"}],"wp:featuredmedia":[{"embeddable":true,"href":"https:\/\/portaltela.pt\/api\/wp\/v2\/media\/454166"}],"wp:attachment":[{"href":"https:\/\/portaltela.pt\/api\/wp\/v2\/media?parent=454154"}],"wp:term":[{"taxonomy":"category","embeddable":true,"href":"https:\/\/portaltela.pt\/api\/wp\/v2\/categories?post=454154"},{"taxonomy":"post_tag","embeddable":true,"href":"https:\/\/portaltela.pt\/api\/wp\/v2\/tags?post=454154"}],"curies":[{"name":"wp","href":"https:\/\/api.w.org\/{rel}","templated":true}]}}