{"id":454131,"date":"2026-04-22T07:48:22","date_gmt":"2026-04-22T10:48:22","guid":{"rendered":"https:\/\/portaltela.pt\/noticias\/2026\/04\/22\/teatro-real-dinamarques-estreia-se-em-astana-ponte-entre-europa-e-asia\/"},"modified":"2026-04-22T07:48:22","modified_gmt":"2026-04-22T10:48:22","slug":"teatro-real-dinamarques-estreia-se-em-astana-ponte-entre-europa-e-asia","status":"publish","type":"post","link":"https:\/\/portaltela.pt\/noticias\/2026\/04\/22\/teatro-real-dinamarques-estreia-se-em-astana-ponte-entre-europa-e-asia\/","title":{"rendered":"Teatro Real Dinamarqu\u00eas estreia-se em Astana, ponte entre Europa e \u00c1sia"},"content":{"rendered":"<p>O Teatro Real Dinamarqu\u00eas estreou-se pela primeira vez em Astana, marcando presen\u00e7a de uma das mais antigas institui\u00e7\u00f5es de artes performativas da Europa na capital do Cazaquist\u00e3o. A digress\u00e3o evidencia Astana como ponto de encontro cultural entre Europa e \u00c1sia.<\/p>\n<p>A apresenta\u00e7\u00e3o integrou o programa de gala do Astana Ballet, com um elenco que reuniu ballet cl\u00e1ssico e dan\u00e7a contempor\u00e2nea. O conjunto dinamarqu\u00eas trouxe obras hist\u00f3ricas ligadas a August Bournonville, core\u00f3grafo que moldou o ballet dinamarqu\u00eas no s\u00e9culo XIX.<\/p>\n<p>O destaque recaiu sobre a tradi\u00e7\u00e3o de Bournonville, com pe\u00e7as como The Jockey Dance e Premier danseur pas de deux. A digress\u00e3o incluiu ainda a pe\u00e7a The Kermesse in Bruges, refletindo a diversidade do repert\u00f3rio da companhia.<\/p>\n<p>Entre os valores da tourn\u00e9e estiveram o legado coreogr\u00e1fico e a parceria com a Astana Opera, que recebe a produ\u00e7\u00e3o como parte de uma ponte entre tradi\u00e7\u00f5es europeias e asi\u00e1ticas.<\/p>\n<p>A bailarina Beatriz Domingues descreveu a atua\u00e7\u00e3o como a apresenta\u00e7\u00e3o do patrim\u00f3nio cultural mais precioso da institui\u00e7\u00e3o, sublinhando a import\u00e2ncia de levar o legado a p\u00fablicos internacionais.<\/p>\n<p>A artista convidada Selene Mu\u00f1oz apresentou uma solo que combinou flamenco com movimento contempor\u00e2neo, transmitindo uma perspetiva pessoal e h\u00edbrida da dan\u00e7a.<\/p>\n<p>Meirambek Nazargozhayev, primeiro artista do Royal Danish Theatre nascido no Cazaquist\u00e3o, integrou a digress\u00e3o com um solo ao som da Sonata ao Luar de Beethoven, regressando aos palcos do pa\u00eds natal.<\/p>\n<h3>Masterclasses e aproxima\u00e7\u00e3o educativa<\/h3>\n<p>No eixo formativo, bailarinos do Royal Danish Theatre abriram ensaios na Academia Nacional de Coreografia do Cazaquist\u00e3o, promovendo masterclasses centradas em Bournonville.<\/p>\n<p>As sess\u00f5es contaram com a presen\u00e7a de Dinna Bjorn, especialista na tradi\u00e7\u00e3o, e do core\u00f3grafo Eric Viudes, que partilharam t\u00e9cnicas e repert\u00f3rio aos estudantes locais.<\/p>\n<p>Dinna Bjorn afirmou ter transmitido os fundamentos de Bournonville, real\u00e7ando a import\u00e2ncia de cruzar estilos mantendo a tradi\u00e7\u00e3o dinamarquesa.<\/p>\n<p>Eric Viudes destacou o valor de integrar elementos de outras escolas, como a russa, numa leitura contempor\u00e2nea do patrim\u00f3nio cl\u00e1ssico.<\/p>\n<p>A visita refor\u00e7a o papel de Astana na cria\u00e7\u00e3o de trocas art\u00edsticas, abrindo espa\u00e7o para que companhias internacionais acedam a p\u00fablicos diversos sem abandonar a ess\u00eancia das suas tradi\u00e7\u00f5es.<\/p>\n","protected":false},"excerpt":{"rendered":"<ul>\n<li>O Teatro Real Dinamarqu\u00eas estreou-se em Astana, primeira apresenta\u00e7\u00e3o da companhia na capital do Cazaquist\u00e3o, consolidando-a como ponte entre tradi\u00e7\u00f5es europeias e asi\u00e1ticas.<\/li>\n<li>Em Astana Ballet, a gala apresentou um programa de dez pe\u00e7as que funde legado cl\u00e1ssico com dan\u00e7a europeia contempor\u00e2nea.<\/li>\n<li>A tradi\u00e7\u00e3o de ballet dinamarqu\u00eas de August Bournonville esteve no centro, incluindo pe\u00e7as como The Jockey Dance, The Kermesse in Bruges e Premier danseur pas de deux.<\/li>\n<li>A bailarina Beatriz Domingues real\u00e7ou a import\u00e2ncia de partilhar o patrim\u00f3nio nacional com p\u00fablicos internacionais, enquanto a artista convidada Selene Mu\u00f1oz trouxe flamenco com movimento contempor\u00e2neo.<\/li>\n<li>Masterclasses na Academia Nacional de Coreografia de Astana, conduzidas por Dinna Bjorn e Eric Viudes, deram aos estudantes contactos com a tradi\u00e7\u00e3o de Bournonville e com possibilidades de fus\u00e3o de estilos.<\/li>\n<\/ul>\n","protected":false},"author":2,"featured_media":454136,"comment_status":"closed","ping_status":"closed","sticky":false,"template":"","format":"standard","meta":{"footnotes":""},"categories":[7375,1],"tags":[8036,7980,7756,8367,8004,2503],"class_list":["post-454131","post","type-post","status-publish","format-standard","has-post-thumbnail","hentry","category-cultura","category-noticias","tag-_arte","tag-_asia","tag-_cultura","tag-_danca","tag-_europa","tag-dinamarca"],"yoast_head":"<!-- This site is optimized with the Yoast SEO plugin v27.2 - https:\/\/yoast.com\/product\/yoast-seo-wordpress\/ -->\n<title>Teatro Real Dinamarqu\u00eas estreia-se em Astana, ponte entre Europa e \u00c1sia - Portal Tela Portugal<\/title>\n<meta name=\"robots\" content=\"index, follow, max-snippet:-1, max-image-preview:large, max-video-preview:-1\" \/>\n<meta property=\"og:locale\" content=\"pt_PT\" \/>\n<meta property=\"og:type\" content=\"article\" \/>\n<meta property=\"og:title\" content=\"Teatro Real Dinamarqu\u00eas estreia-se em Astana, ponte entre Europa e \u00c1sia - Portal Tela Portugal\" \/>\n<meta property=\"og:description\" content=\"O Teatro Real Dinamarqu\u00eas estreou-se em Astana, primeira apresenta\u00e7\u00e3o da companhia na capital do Cazaquist\u00e3o, consolidando-a como ponte entre tradi\u00e7\u00f5es europeias e asi\u00e1ticas. Em Astana Ballet, a gala apresentou um programa de dez pe\u00e7as que funde legado cl\u00e1ssico com dan\u00e7a europeia contempor\u00e2nea. A tradi\u00e7\u00e3o de ballet dinamarqu\u00eas de August Bournonville esteve no centro, incluindo pe\u00e7as como The Jockey Dance, The Kermesse in Bruges e Premier danseur pas de deux. A bailarina Beatriz Domingues real\u00e7ou a import\u00e2ncia de partilhar o patrim\u00f3nio nacional com p\u00fablicos internacionais, enquanto a artista convidada Selene Mu\u00f1oz trouxe flamenco com movimento contempor\u00e2neo. Masterclasses na Academia Nacional de Coreografia de Astana, conduzidas por Dinna Bjorn e Eric Viudes, deram aos estudantes contactos com a tradi\u00e7\u00e3o de Bournonville e com possibilidades de fus\u00e3o de estilos.\" \/>\n<meta property=\"og:url\" content=\"https:\/\/portaltela.pt\/noticias\/2026\/04\/22\/teatro-real-dinamarques-estreia-se-em-astana-ponte-entre-europa-e-asia\/\" \/>\n<meta property=\"og:site_name\" content=\"Portal Tela Portugal\" \/>\n<meta property=\"article:published_time\" content=\"2026-04-22T10:48:22+00:00\" \/>\n<meta name=\"author\" content=\"Telinha\" \/>\n<meta name=\"twitter:card\" content=\"summary_large_image\" \/>\n<meta name=\"twitter:label1\" content=\"Escrito por\" \/>\n\t<meta name=\"twitter:data1\" content=\"Telinha\" \/>\n\t<meta name=\"twitter:label2\" content=\"Tempo estimado de leitura\" \/>\n\t<meta name=\"twitter:data2\" content=\"2 minutos\" \/>\n<script type=\"application\/ld+json\" class=\"yoast-schema-graph\">{\"@context\":\"https:\/\/schema.org\",\"@graph\":[{\"@type\":\"Article\",\"@id\":\"https:\/\/portaltela.pt\/noticias\/2026\/04\/22\/teatro-real-dinamarques-estreia-se-em-astana-ponte-entre-europa-e-asia\/#article\",\"isPartOf\":{\"@id\":\"https:\/\/portaltela.pt\/noticias\/2026\/04\/22\/teatro-real-dinamarques-estreia-se-em-astana-ponte-entre-europa-e-asia\/\"},\"author\":{\"name\":\"Telinha\",\"@id\":\"https:\/\/portaltela.pt\/#\/schema\/person\/c4278d4a6028830caff9ee44b42d32ed\"},\"headline\":\"Teatro Real Dinamarqu\u00eas estreia-se em Astana, ponte entre Europa e \u00c1sia\",\"datePublished\":\"2026-04-22T10:48:22+00:00\",\"mainEntityOfPage\":{\"@id\":\"https:\/\/portaltela.pt\/noticias\/2026\/04\/22\/teatro-real-dinamarques-estreia-se-em-astana-ponte-entre-europa-e-asia\/\"},\"wordCount\":415,\"image\":{\"@id\":\"https:\/\/portaltela.pt\/noticias\/2026\/04\/22\/teatro-real-dinamarques-estreia-se-em-astana-ponte-entre-europa-e-asia\/#primaryimage\"},\"thumbnailUrl\":\"https:\/\/portaltela.pt\/s.01k8rhncp4jt1\/2026\/04\/1536x864_cmsv2_3ab386a5-6e23-5577-b49b-3873cc53257c-9713510.jpg\",\"keywords\":[\"_arte\",\"_\u00c1sia\",\"_cultura\",\"_dan\u00e7a\",\"_Europa\",\"Dinamarca\"],\"articleSection\":[\"Cultura\",\"Not\u00edcias\"],\"inLanguage\":\"pt-PT\"},{\"@type\":\"WebPage\",\"@id\":\"https:\/\/portaltela.pt\/noticias\/2026\/04\/22\/teatro-real-dinamarques-estreia-se-em-astana-ponte-entre-europa-e-asia\/\",\"url\":\"https:\/\/portaltela.pt\/noticias\/2026\/04\/22\/teatro-real-dinamarques-estreia-se-em-astana-ponte-entre-europa-e-asia\/\",\"name\":\"Teatro Real Dinamarqu\u00eas estreia-se em Astana, ponte entre Europa e \u00c1sia - Portal Tela Portugal\",\"isPartOf\":{\"@id\":\"https:\/\/portaltela.pt\/#website\"},\"primaryImageOfPage\":{\"@id\":\"https:\/\/portaltela.pt\/noticias\/2026\/04\/22\/teatro-real-dinamarques-estreia-se-em-astana-ponte-entre-europa-e-asia\/#primaryimage\"},\"image\":{\"@id\":\"https:\/\/portaltela.pt\/noticias\/2026\/04\/22\/teatro-real-dinamarques-estreia-se-em-astana-ponte-entre-europa-e-asia\/#primaryimage\"},\"thumbnailUrl\":\"https:\/\/portaltela.pt\/s.01k8rhncp4jt1\/2026\/04\/1536x864_cmsv2_3ab386a5-6e23-5577-b49b-3873cc53257c-9713510.jpg\",\"datePublished\":\"2026-04-22T10:48:22+00:00\",\"author\":{\"@id\":\"https:\/\/portaltela.pt\/#\/schema\/person\/c4278d4a6028830caff9ee44b42d32ed\"},\"breadcrumb\":{\"@id\":\"https:\/\/portaltela.pt\/noticias\/2026\/04\/22\/teatro-real-dinamarques-estreia-se-em-astana-ponte-entre-europa-e-asia\/#breadcrumb\"},\"inLanguage\":\"pt-PT\",\"potentialAction\":[{\"@type\":\"ReadAction\",\"target\":[\"https:\/\/portaltela.pt\/noticias\/2026\/04\/22\/teatro-real-dinamarques-estreia-se-em-astana-ponte-entre-europa-e-asia\/\"]}]},{\"@type\":\"ImageObject\",\"inLanguage\":\"pt-PT\",\"@id\":\"https:\/\/portaltela.pt\/noticias\/2026\/04\/22\/teatro-real-dinamarques-estreia-se-em-astana-ponte-entre-europa-e-asia\/#primaryimage\",\"url\":\"https:\/\/portaltela.pt\/s.01k8rhncp4jt1\/2026\/04\/1536x864_cmsv2_3ab386a5-6e23-5577-b49b-3873cc53257c-9713510.jpg\",\"contentUrl\":\"https:\/\/portaltela.pt\/s.01k8rhncp4jt1\/2026\/04\/1536x864_cmsv2_3ab386a5-6e23-5577-b49b-3873cc53257c-9713510.jpg\",\"width\":1536,\"height\":864,\"caption\":\"Gala concerto do Teatro Real Dinamarqu\u00eas realizou-se em Astana (Cazaquist\u00e3o)\"},{\"@type\":\"BreadcrumbList\",\"@id\":\"https:\/\/portaltela.pt\/noticias\/2026\/04\/22\/teatro-real-dinamarques-estreia-se-em-astana-ponte-entre-europa-e-asia\/#breadcrumb\",\"itemListElement\":[{\"@type\":\"ListItem\",\"position\":1,\"name\":\"In\u00edcio\",\"item\":\"https:\/\/portaltela.pt\/\"},{\"@type\":\"ListItem\",\"position\":2,\"name\":\"Teatro Real Dinamarqu\u00eas estreia-se em Astana, ponte entre Europa e \u00c1sia\"}]},{\"@type\":\"WebSite\",\"@id\":\"https:\/\/portaltela.pt\/#website\",\"url\":\"https:\/\/portaltela.pt\/\",\"name\":\"Portal Tela Portugal\",\"description\":\"\",\"potentialAction\":[{\"@type\":\"SearchAction\",\"target\":{\"@type\":\"EntryPoint\",\"urlTemplate\":\"https:\/\/portaltela.pt\/?s={search_term_string}\"},\"query-input\":{\"@type\":\"PropertyValueSpecification\",\"valueRequired\":true,\"valueName\":\"search_term_string\"}}],\"inLanguage\":\"pt-PT\"},{\"@type\":\"Person\",\"@id\":\"https:\/\/portaltela.pt\/#\/schema\/person\/c4278d4a6028830caff9ee44b42d32ed\",\"name\":\"Telinha\",\"image\":{\"@type\":\"ImageObject\",\"inLanguage\":\"pt-PT\",\"@id\":\"https:\/\/portaltela.pt\/s.01k8rhncp4jt1\/2025\/11\/talking-bot-125x125.png\",\"url\":\"https:\/\/portaltela.pt\/s.01k8rhncp4jt1\/2025\/11\/talking-bot-125x125.png\",\"contentUrl\":\"https:\/\/portaltela.pt\/s.01k8rhncp4jt1\/2025\/11\/talking-bot-125x125.png\",\"caption\":\"Telinha\"},\"sameAs\":[\"https:\/\/portaltela.pt\/\"],\"url\":\"https:\/\/portaltela.pt\/por\/367410592786\/\"}]}<\/script>\n<!-- \/ Yoast SEO plugin. -->","yoast_head_json":{"title":"Teatro Real Dinamarqu\u00eas estreia-se em Astana, ponte entre Europa e \u00c1sia - Portal Tela Portugal","robots":{"index":"index","follow":"follow","max-snippet":"max-snippet:-1","max-image-preview":"max-image-preview:large","max-video-preview":"max-video-preview:-1"},"og_locale":"pt_PT","og_type":"article","og_title":"Teatro Real Dinamarqu\u00eas estreia-se em Astana, ponte entre Europa e \u00c1sia - Portal Tela Portugal","og_description":"O Teatro Real Dinamarqu\u00eas estreou-se em Astana, primeira apresenta\u00e7\u00e3o da companhia na capital do Cazaquist\u00e3o, consolidando-a como ponte entre tradi\u00e7\u00f5es europeias e asi\u00e1ticas. Em Astana Ballet, a gala apresentou um programa de dez pe\u00e7as que funde legado cl\u00e1ssico com dan\u00e7a europeia contempor\u00e2nea. A tradi\u00e7\u00e3o de ballet dinamarqu\u00eas de August Bournonville esteve no centro, incluindo pe\u00e7as como The Jockey Dance, The Kermesse in Bruges e Premier danseur pas de deux. A bailarina Beatriz Domingues real\u00e7ou a import\u00e2ncia de partilhar o patrim\u00f3nio nacional com p\u00fablicos internacionais, enquanto a artista convidada Selene Mu\u00f1oz trouxe flamenco com movimento contempor\u00e2neo. Masterclasses na Academia Nacional de Coreografia de Astana, conduzidas por Dinna Bjorn e Eric Viudes, deram aos estudantes contactos com a tradi\u00e7\u00e3o de Bournonville e com possibilidades de fus\u00e3o de estilos.","og_url":"https:\/\/portaltela.pt\/noticias\/2026\/04\/22\/teatro-real-dinamarques-estreia-se-em-astana-ponte-entre-europa-e-asia\/","og_site_name":"Portal Tela Portugal","article_published_time":"2026-04-22T10:48:22+00:00","author":"Telinha","twitter_card":"summary_large_image","twitter_misc":{"Escrito por":"Telinha","Tempo estimado de leitura":"2 minutos"},"schema":{"@context":"https:\/\/schema.org","@graph":[{"@type":"Article","@id":"https:\/\/portaltela.pt\/noticias\/2026\/04\/22\/teatro-real-dinamarques-estreia-se-em-astana-ponte-entre-europa-e-asia\/#article","isPartOf":{"@id":"https:\/\/portaltela.pt\/noticias\/2026\/04\/22\/teatro-real-dinamarques-estreia-se-em-astana-ponte-entre-europa-e-asia\/"},"author":{"name":"Telinha","@id":"https:\/\/portaltela.pt\/#\/schema\/person\/c4278d4a6028830caff9ee44b42d32ed"},"headline":"Teatro Real Dinamarqu\u00eas estreia-se em Astana, ponte entre Europa e \u00c1sia","datePublished":"2026-04-22T10:48:22+00:00","mainEntityOfPage":{"@id":"https:\/\/portaltela.pt\/noticias\/2026\/04\/22\/teatro-real-dinamarques-estreia-se-em-astana-ponte-entre-europa-e-asia\/"},"wordCount":415,"image":{"@id":"https:\/\/portaltela.pt\/noticias\/2026\/04\/22\/teatro-real-dinamarques-estreia-se-em-astana-ponte-entre-europa-e-asia\/#primaryimage"},"thumbnailUrl":"https:\/\/portaltela.pt\/s.01k8rhncp4jt1\/2026\/04\/1536x864_cmsv2_3ab386a5-6e23-5577-b49b-3873cc53257c-9713510.jpg","keywords":["_arte","_\u00c1sia","_cultura","_dan\u00e7a","_Europa","Dinamarca"],"articleSection":["Cultura","Not\u00edcias"],"inLanguage":"pt-PT"},{"@type":"WebPage","@id":"https:\/\/portaltela.pt\/noticias\/2026\/04\/22\/teatro-real-dinamarques-estreia-se-em-astana-ponte-entre-europa-e-asia\/","url":"https:\/\/portaltela.pt\/noticias\/2026\/04\/22\/teatro-real-dinamarques-estreia-se-em-astana-ponte-entre-europa-e-asia\/","name":"Teatro Real Dinamarqu\u00eas estreia-se em Astana, ponte entre Europa e \u00c1sia - Portal Tela Portugal","isPartOf":{"@id":"https:\/\/portaltela.pt\/#website"},"primaryImageOfPage":{"@id":"https:\/\/portaltela.pt\/noticias\/2026\/04\/22\/teatro-real-dinamarques-estreia-se-em-astana-ponte-entre-europa-e-asia\/#primaryimage"},"image":{"@id":"https:\/\/portaltela.pt\/noticias\/2026\/04\/22\/teatro-real-dinamarques-estreia-se-em-astana-ponte-entre-europa-e-asia\/#primaryimage"},"thumbnailUrl":"https:\/\/portaltela.pt\/s.01k8rhncp4jt1\/2026\/04\/1536x864_cmsv2_3ab386a5-6e23-5577-b49b-3873cc53257c-9713510.jpg","datePublished":"2026-04-22T10:48:22+00:00","author":{"@id":"https:\/\/portaltela.pt\/#\/schema\/person\/c4278d4a6028830caff9ee44b42d32ed"},"breadcrumb":{"@id":"https:\/\/portaltela.pt\/noticias\/2026\/04\/22\/teatro-real-dinamarques-estreia-se-em-astana-ponte-entre-europa-e-asia\/#breadcrumb"},"inLanguage":"pt-PT","potentialAction":[{"@type":"ReadAction","target":["https:\/\/portaltela.pt\/noticias\/2026\/04\/22\/teatro-real-dinamarques-estreia-se-em-astana-ponte-entre-europa-e-asia\/"]}]},{"@type":"ImageObject","inLanguage":"pt-PT","@id":"https:\/\/portaltela.pt\/noticias\/2026\/04\/22\/teatro-real-dinamarques-estreia-se-em-astana-ponte-entre-europa-e-asia\/#primaryimage","url":"https:\/\/portaltela.pt\/s.01k8rhncp4jt1\/2026\/04\/1536x864_cmsv2_3ab386a5-6e23-5577-b49b-3873cc53257c-9713510.jpg","contentUrl":"https:\/\/portaltela.pt\/s.01k8rhncp4jt1\/2026\/04\/1536x864_cmsv2_3ab386a5-6e23-5577-b49b-3873cc53257c-9713510.jpg","width":1536,"height":864,"caption":"Gala concerto do Teatro Real Dinamarqu\u00eas realizou-se em Astana (Cazaquist\u00e3o)"},{"@type":"BreadcrumbList","@id":"https:\/\/portaltela.pt\/noticias\/2026\/04\/22\/teatro-real-dinamarques-estreia-se-em-astana-ponte-entre-europa-e-asia\/#breadcrumb","itemListElement":[{"@type":"ListItem","position":1,"name":"In\u00edcio","item":"https:\/\/portaltela.pt\/"},{"@type":"ListItem","position":2,"name":"Teatro Real Dinamarqu\u00eas estreia-se em Astana, ponte entre Europa e \u00c1sia"}]},{"@type":"WebSite","@id":"https:\/\/portaltela.pt\/#website","url":"https:\/\/portaltela.pt\/","name":"Portal Tela Portugal","description":"","potentialAction":[{"@type":"SearchAction","target":{"@type":"EntryPoint","urlTemplate":"https:\/\/portaltela.pt\/?s={search_term_string}"},"query-input":{"@type":"PropertyValueSpecification","valueRequired":true,"valueName":"search_term_string"}}],"inLanguage":"pt-PT"},{"@type":"Person","@id":"https:\/\/portaltela.pt\/#\/schema\/person\/c4278d4a6028830caff9ee44b42d32ed","name":"Telinha","image":{"@type":"ImageObject","inLanguage":"pt-PT","@id":"https:\/\/portaltela.pt\/s.01k8rhncp4jt1\/2025\/11\/talking-bot-125x125.png","url":"https:\/\/portaltela.pt\/s.01k8rhncp4jt1\/2025\/11\/talking-bot-125x125.png","contentUrl":"https:\/\/portaltela.pt\/s.01k8rhncp4jt1\/2025\/11\/talking-bot-125x125.png","caption":"Telinha"},"sameAs":["https:\/\/portaltela.pt\/"],"url":"https:\/\/portaltela.pt\/por\/367410592786\/"}]}},"_links":{"self":[{"href":"https:\/\/portaltela.pt\/api\/wp\/v2\/posts\/454131","targetHints":{"allow":["GET"]}}],"collection":[{"href":"https:\/\/portaltela.pt\/api\/wp\/v2\/posts"}],"about":[{"href":"https:\/\/portaltela.pt\/api\/wp\/v2\/types\/post"}],"author":[{"embeddable":true,"href":"https:\/\/portaltela.pt\/api\/wp\/v2\/users\/2"}],"replies":[{"embeddable":true,"href":"https:\/\/portaltela.pt\/api\/wp\/v2\/comments?post=454131"}],"version-history":[{"count":0,"href":"https:\/\/portaltela.pt\/api\/wp\/v2\/posts\/454131\/revisions"}],"wp:featuredmedia":[{"embeddable":true,"href":"https:\/\/portaltela.pt\/api\/wp\/v2\/media\/454136"}],"wp:attachment":[{"href":"https:\/\/portaltela.pt\/api\/wp\/v2\/media?parent=454131"}],"wp:term":[{"taxonomy":"category","embeddable":true,"href":"https:\/\/portaltela.pt\/api\/wp\/v2\/categories?post=454131"},{"taxonomy":"post_tag","embeddable":true,"href":"https:\/\/portaltela.pt\/api\/wp\/v2\/tags?post=454131"}],"curies":[{"name":"wp","href":"https:\/\/api.w.org\/{rel}","templated":true}]}}